{"id":1822,"date":"2022-11-01T17:56:49","date_gmt":"2022-11-01T20:56:49","guid":{"rendered":"http:\/\/blog.ninamartinelli.com.br\/?p=1822"},"modified":"2024-12-04T09:14:39","modified_gmt":"2024-12-04T12:14:39","slug":"borda-verano-nina-martinelli-piscina-e-lazer-como-celebracao-a-vida-em-sao-jose-do-rio-pardo-sp","status":"publish","type":"post","link":"https:\/\/ninamartinelli.com.br\/blog2\/borda-verano-nina-martinelli-piscina-e-lazer-como-celebracao-a-vida-em-sao-jose-do-rio-pardo-sp\/","title":{"rendered":"Borda Verano Nina Martinelli: piscina e lazer como celebra\u00e7\u00e3o \u00e0 vida em S\u00e3o Jos\u00e9 do Rio Pardo\/SP"},"content":{"rendered":"<p><strong><em>Borda Verano modelo universal foi escolhida pela arquiteta Aline Flaminio, para trazer conforto, beleza e personalidade a um espa\u00e7o muito especial para os clientes<\/em><\/strong><\/p>\n<p>Borda Verano \u00e9 do tipo das utilizadas em todo o mundo, nos projetos mais qualificados, para assegurar conforto t\u00e9rmico, ergonomia, qualidade, durabilidade e beleza ao entorno de piscinas.<\/p>\n<p>A <a href=\"https:\/\/www.ninamartinelli.com.br\/#!\/pt\/produtos\/0047-borda-universal\">Borda Verano Universal<\/a>, da Nina Martinelli Pisos e Revestimentos, foi a escolha da arquiteta <a href=\"https:\/\/www.instagram.com\/alineflaminio_arquiteta\/\">Aline Flaminio<\/a>, de S\u00e3o Jos\u00e9 do Rio Pardo, respons\u00e1vel pelo escrit\u00f3rio que leva seu nome, para atender \u00e0s necessidades e materializar os desejos de um casal contempor\u00e2neo, que construiu sua casa dos sonhos, na mesma cidade, no Condom\u00ednio Residencial Maca\u00fabas.<\/p>\n<p>Erguida num terreno de 412,5m\u00b2, com dois pavimentos, totalizando 321,8 m\u00b2 de \u00e1rea constru\u00edda, a casa \u00e9 composta por salas, lavabo, garagem com duas vagas, cozinha, lavanderia, quaradouro, escrit\u00f3rio superior, tr\u00eas quartos sendo uma su\u00edte, dois dormit\u00f3rios estilo americano, home-office, escrit\u00f3rio inferior, dep\u00f3sito, despensa, \u00e1rea gourmet e \u00e1rea de lazer, com vesti\u00e1rios e sala inferior.<\/p>\n<p>Na \u00e1rea de lazer, uma bela piscina foi projetada para os clientes possam praticar nata\u00e7\u00e3o, esporte favorito de um deles. O projeto arquitet\u00f4nico \u00e9 assinado por Daniel Garcia Cobra Monteiro, e Aline foi respons\u00e1vel por toda a parte de interiores, acabamento e especifica\u00e7\u00e3o de materiais, j\u00e1 na maquete eletr\u00f4nica.<\/p>\n<p><strong>Borda Verano, encaixe perfeito no conceito do projeto<\/strong><\/p>\n<p>A arquiteta conta que apresentou a Borda Verano Universal da Nina Martinelli aos clientes, explicando as vantagens do produto aos clientes. \u201c<em>Al\u00e9m de oferecer uma boa est\u00e9tica para o ambiente, a Borda Verano \u00e9 um produto antiderrapante, com boa durabilidade e tem como principal caracter\u00edstica o conforto t\u00e9rmico, j\u00e1 que as pe\u00e7as\u00a0 absorvem menos calor, mesmo sob o sol intenso. Houve um encantamento pelo material<\/em>\u201d, conta ela, que utilizou 74 pe\u00e7as para executar o trabalho.<\/p>\n<p>Integrante da Linha Cemento, que inclui desde revestimentos para parede, bordas, pisos e acabamentos t\u00e9rmicos para piscinas, at\u00e9 pisos exclusivos drenantes, esse produto feito em concreto arquitet\u00f4nico mede 50x20x1,5cm e confere um estilo \u00fanico aos projetos. Est\u00e1 dispon\u00edvel nas cores Beige, Marrone, Paglia, Bianco e Grigio, esta \u00faltima a escolhida por Aline.<\/p>\n<p>Detalhista e criativa, Aline conta como estabeleceu o di\u00e1logo da Borda Verano com outros elementos do projeto. \u201c<em>Fiz uma composi\u00e7\u00e3o com porcelanato amadeirado, denominado Parquet D\u2019Olivier, com o Arizona Gris, que \u00e9 um tipo de cimento queimado, tudo na \u00e1rea externa que rodeia a borda<\/em>\u201d, explica a profissional.<\/p>\n<p>O processo de aplica\u00e7\u00e3o, segundo Aline, foi bastante minucioso. \u201c<em>Solicitamos \u00e0 loja <a href=\"http:\/\/brutalacabamentos.com.br\/site\/\">Brutal Acabamentos<\/a>, de S\u00e3o Jo\u00e3o da Boa Vista, o manual de assentamento, e fizemos rigorosamente o orientado pelo fabricante<\/em>\u201d, diz ela.<\/p>\n<p>O resultado, conforme Aline, n\u00e3o poderia ser melhor. \u201c<em>Especificamos esse produto porque est\u00e1 <\/em><em>associado a caracter\u00edsticas como design, estilo, sofistica\u00e7\u00e3o e qualidade, deixando meu projeto super contempor\u00e2neo e criando um espa\u00e7o \u00fanico e cheio de personalidade.<\/em> <em>Procurei idealizar um ambiente sem que os detalhes tivessem um significado especial e contribu\u00edssem para enriquecer o dia a dia deste casal.<\/em> <em>Clientes est\u00e3o muito satisfeitos com o material de excelente qualidade da Nina Martinelli e aliado ao requintado gosto da minha querida cliente ambos fizerem sucesso nessa obra<\/em>\u201d, relata ela, com toda a paix\u00e3o que nutre pela profiss\u00e3o.<\/p>\n<p>\u201c<em>Escolhi a arquitetura porque percebi que, al\u00e9m de trabalhar com o sonho das pessoas, executaria minhas habilidades, eu me coloco no lugar do pr\u00f3ximo, entendo o seu ponto de vista, capto suas necessidades e desenvolvo projetos que atendam \u00e0s suas necessidades, podendo realizar os sonhos e dando mais qualidade de vida\u201d, diz. \u201c<\/em><em>O arquiteto se torna sonhador que sonha junto com o cliente e cria a ferramenta com a qual ele vai transformar o projeto em realidade. Deve existir rela\u00e7\u00e3o de confian\u00e7a e intimidade entre o arquiteto e o cliente para que tudo seja bem interpretado e, ao final, a casa seja a \u2018cara\u2019 do dono<\/em>\u201d, conclui.<\/p>\n<p><strong>Servi\u00e7o:<\/strong><\/p>\n<p><strong>Piscina em resid\u00eancia de alto padr\u00e3o em S\u00e3o Jos\u00e9 do Rio Pardo\/SP<\/strong><\/p>\n<p><strong>Projeto arquitet\u00f4nico:<\/strong> Daniel Garcia Cobra Monteiro<\/p>\n<p><strong>Projeto de interiores\/acabamento e especifica\u00e7\u00e3o de materiais em maquete eletr\u00f4nica:<\/strong> Aline Flam\u00ednio<\/p>\n<p><strong>Produto:<\/strong> Borda Verano Universal Nina Martinelli 50x20x1,5cm, na cor Grigio<\/p>\n<p><strong>Loja Revendedora<\/strong>: Brutal Acabamentos \u2013 S\u00e3o Jo\u00e3o da Boa Vista<\/p>\n<p><strong>Contato:<\/strong><\/p>\n<p><strong>Aline Flam\u00ednio<\/strong> \u2013 WhatsApp +55 19 99947-9901<\/p>\n<p><strong>Instagram: @<\/strong> <strong>alineflaminio_arquiteta<\/strong><\/p>\n<p><strong>Fotos:<\/strong> Aline Flam\u00ednio<\/p>\n<p>&nbsp;<\/p>\n<p>&nbsp;<\/p>\n<p>,<\/p>\n","protected":false},"excerpt":{"rendered":"<p>Borda Verano modelo universal foi escolhida pela arquiteta Aline Flaminio, para trazer conforto, beleza e<\/p>\n","protected":false},"author":2,"featured_media":1824,"comment_status":"open","ping_status":"open","sticky":false,"template":"","format":"standard","meta":{"footnotes":""},"categories":[60,8],"tags":[62,39,150,29],"class_list":["post-1822","post","type-post","status-publish","format-standard","has-post-thumbnail","hentry","category-cimento","category-colezione-cemento","tag-area-de-lazer","tag-area-externa","tag-bordas-atermicas","tag-piscina"],"yoast_head":"<!-- This site is optimized with the Yoast SEO plugin v26.8 - https:\/\/yoast.com\/product\/yoast-seo-wordpress\/ -->\n<title>Borda Verano Universal Nina Martinelli: piscina e lazer como celebra\u00e7\u00e3o \u00e0 vida em S\u00e3o Jos\u00e9 do Rio Pardo\/SP<\/title>\n<meta name=\"description\" content=\"Borda Verano modelo universal foi escolhida pela arquiteta Aline Flaminio, para trazer conforto, beleza e personalidade a um espa\u00e7o muito especial\" \/>\n<meta name=\"robots\" content=\"index, follow, max-snippet:-1, max-image-preview:large, max-video-preview:-1\" \/>\n<link rel=\"canonical\" href=\"https:\/\/ninamartinelli.com.br\/blog2\/borda-verano-nina-martinelli-piscina-e-lazer-como-celebracao-a-vida-em-sao-jose-do-rio-pardo-sp\/\" \/>\n<meta property=\"og:locale\" content=\"pt_BR\" \/>\n<meta property=\"og:type\" content=\"article\" \/>\n<meta property=\"og:title\" content=\"Borda Verano Universal Nina Martinelli: piscina e lazer como celebra\u00e7\u00e3o \u00e0 vida em S\u00e3o Jos\u00e9 do Rio Pardo\/SP\" \/>\n<meta property=\"og:description\" content=\"Borda Verano modelo universal foi escolhida pela arquiteta Aline Flaminio, para trazer conforto, beleza e personalidade a um espa\u00e7o muito especial\" \/>\n<meta property=\"og:url\" content=\"https:\/\/ninamartinelli.com.br\/blog2\/borda-verano-nina-martinelli-piscina-e-lazer-como-celebracao-a-vida-em-sao-jose-do-rio-pardo-sp\/\" \/>\n<meta property=\"og:site_name\" content=\"Blog Nina\" \/>\n<meta property=\"article:published_time\" content=\"2022-11-01T20:56:49+00:00\" \/>\n<meta property=\"article:modified_time\" content=\"2024-12-04T12:14:39+00:00\" \/>\n<meta property=\"og:image\" content=\"https:\/\/ninamartinelli.com.br\/blog2\/wp-content\/uploads\/2022\/11\/IMG_7026.jpeg\" \/>\n\t<meta property=\"og:image:width\" content=\"1000\" \/>\n\t<meta property=\"og:image:height\" content=\"1333\" \/>\n\t<meta property=\"og:image:type\" content=\"image\/jpeg\" \/>\n<meta name=\"author\" content=\"Ana Maria Devides\" \/>\n<meta name=\"twitter:card\" content=\"summary_large_image\" \/>\n<meta name=\"twitter:label1\" content=\"Escrito por\" \/>\n\t<meta name=\"twitter:data1\" content=\"Ana Maria Devides\" \/>\n\t<meta name=\"twitter:label2\" content=\"Est. tempo de leitura\" \/>\n\t<meta name=\"twitter:data2\" content=\"4 minutos\" \/>\n<script type=\"application\/ld+json\" class=\"yoast-schema-graph\">{\"@context\":\"https:\/\/schema.org\",\"@graph\":[{\"@type\":\"Article\",\"@id\":\"https:\/\/ninamartinelli.com.br\/blog2\/borda-verano-nina-martinelli-piscina-e-lazer-como-celebracao-a-vida-em-sao-jose-do-rio-pardo-sp\/#article\",\"isPartOf\":{\"@id\":\"https:\/\/ninamartinelli.com.br\/blog2\/borda-verano-nina-martinelli-piscina-e-lazer-como-celebracao-a-vida-em-sao-jose-do-rio-pardo-sp\/\"},\"author\":{\"name\":\"Ana Maria Devides\",\"@id\":\"https:\/\/ninamartinelli.com.br\/blog2\/#\/schema\/person\/43fbfb1d4cbe3b472995206b2bb06df5\"},\"headline\":\"Borda Verano Nina Martinelli: piscina e lazer como celebra\u00e7\u00e3o \u00e0 vida em S\u00e3o Jos\u00e9 do Rio Pardo\/SP\",\"datePublished\":\"2022-11-01T20:56:49+00:00\",\"dateModified\":\"2024-12-04T12:14:39+00:00\",\"mainEntityOfPage\":{\"@id\":\"https:\/\/ninamartinelli.com.br\/blog2\/borda-verano-nina-martinelli-piscina-e-lazer-como-celebracao-a-vida-em-sao-jose-do-rio-pardo-sp\/\"},\"wordCount\":770,\"commentCount\":0,\"publisher\":{\"@id\":\"https:\/\/ninamartinelli.com.br\/blog2\/#organization\"},\"image\":{\"@id\":\"https:\/\/ninamartinelli.com.br\/blog2\/borda-verano-nina-martinelli-piscina-e-lazer-como-celebracao-a-vida-em-sao-jose-do-rio-pardo-sp\/#primaryimage\"},\"thumbnailUrl\":\"https:\/\/ninamartinelli.com.br\/blog2\/wp-content\/uploads\/2022\/11\/IMG_7026.jpeg\",\"keywords\":[\"area de lazer\",\"area externa\",\"bordas at\u00e9rmicas\",\"piscina\"],\"articleSection\":[\"Cimento\",\"Colezione Cemento\"],\"inLanguage\":\"pt-BR\",\"potentialAction\":[{\"@type\":\"CommentAction\",\"name\":\"Comment\",\"target\":[\"https:\/\/ninamartinelli.com.br\/blog2\/borda-verano-nina-martinelli-piscina-e-lazer-como-celebracao-a-vida-em-sao-jose-do-rio-pardo-sp\/#respond\"]}]},{\"@type\":\"WebPage\",\"@id\":\"https:\/\/ninamartinelli.com.br\/blog2\/borda-verano-nina-martinelli-piscina-e-lazer-como-celebracao-a-vida-em-sao-jose-do-rio-pardo-sp\/\",\"url\":\"https:\/\/ninamartinelli.com.br\/blog2\/borda-verano-nina-martinelli-piscina-e-lazer-como-celebracao-a-vida-em-sao-jose-do-rio-pardo-sp\/\",\"name\":\"Borda Verano Universal Nina Martinelli: piscina e lazer como celebra\u00e7\u00e3o \u00e0 vida em S\u00e3o Jos\u00e9 do Rio Pardo\/SP\",\"isPartOf\":{\"@id\":\"https:\/\/ninamartinelli.com.br\/blog2\/#website\"},\"primaryImageOfPage\":{\"@id\":\"https:\/\/ninamartinelli.com.br\/blog2\/borda-verano-nina-martinelli-piscina-e-lazer-como-celebracao-a-vida-em-sao-jose-do-rio-pardo-sp\/#primaryimage\"},\"image\":{\"@id\":\"https:\/\/ninamartinelli.com.br\/blog2\/borda-verano-nina-martinelli-piscina-e-lazer-como-celebracao-a-vida-em-sao-jose-do-rio-pardo-sp\/#primaryimage\"},\"thumbnailUrl\":\"https:\/\/ninamartinelli.com.br\/blog2\/wp-content\/uploads\/2022\/11\/IMG_7026.jpeg\",\"datePublished\":\"2022-11-01T20:56:49+00:00\",\"dateModified\":\"2024-12-04T12:14:39+00:00\",\"description\":\"Borda Verano modelo universal foi escolhida pela arquiteta Aline Flaminio, para trazer conforto, beleza e personalidade a um espa\u00e7o muito especial\",\"breadcrumb\":{\"@id\":\"https:\/\/ninamartinelli.com.br\/blog2\/borda-verano-nina-martinelli-piscina-e-lazer-como-celebracao-a-vida-em-sao-jose-do-rio-pardo-sp\/#breadcrumb\"},\"inLanguage\":\"pt-BR\",\"potentialAction\":[{\"@type\":\"ReadAction\",\"target\":[\"https:\/\/ninamartinelli.com.br\/blog2\/borda-verano-nina-martinelli-piscina-e-lazer-como-celebracao-a-vida-em-sao-jose-do-rio-pardo-sp\/\"]}]},{\"@type\":\"ImageObject\",\"inLanguage\":\"pt-BR\",\"@id\":\"https:\/\/ninamartinelli.com.br\/blog2\/borda-verano-nina-martinelli-piscina-e-lazer-como-celebracao-a-vida-em-sao-jose-do-rio-pardo-sp\/#primaryimage\",\"url\":\"https:\/\/ninamartinelli.com.br\/blog2\/wp-content\/uploads\/2022\/11\/IMG_7026.jpeg\",\"contentUrl\":\"https:\/\/ninamartinelli.com.br\/blog2\/wp-content\/uploads\/2022\/11\/IMG_7026.jpeg\",\"width\":1000,\"height\":1333},{\"@type\":\"BreadcrumbList\",\"@id\":\"https:\/\/ninamartinelli.com.br\/blog2\/borda-verano-nina-martinelli-piscina-e-lazer-como-celebracao-a-vida-em-sao-jose-do-rio-pardo-sp\/#breadcrumb\",\"itemListElement\":[{\"@type\":\"ListItem\",\"position\":1,\"name\":\"In\u00edcio\",\"item\":\"https:\/\/ninamartinelli.com.br\/blog2\/\"},{\"@type\":\"ListItem\",\"position\":2,\"name\":\"Borda Verano Nina Martinelli: piscina e lazer como celebra\u00e7\u00e3o \u00e0 vida em S\u00e3o Jos\u00e9 do Rio Pardo\/SP\"}]},{\"@type\":\"WebSite\",\"@id\":\"https:\/\/ninamartinelli.com.br\/blog2\/#website\",\"url\":\"https:\/\/ninamartinelli.com.br\/blog2\/\",\"name\":\"Nina Martinelli\",\"description\":\"#Nina_Martinelli\",\"publisher\":{\"@id\":\"https:\/\/ninamartinelli.com.br\/blog2\/#organization\"},\"potentialAction\":[{\"@type\":\"SearchAction\",\"target\":{\"@type\":\"EntryPoint\",\"urlTemplate\":\"https:\/\/ninamartinelli.com.br\/blog2\/?s={search_term_string}\"},\"query-input\":{\"@type\":\"PropertyValueSpecification\",\"valueRequired\":true,\"valueName\":\"search_term_string\"}}],\"inLanguage\":\"pt-BR\"},{\"@type\":\"Organization\",\"@id\":\"https:\/\/ninamartinelli.com.br\/blog2\/#organization\",\"name\":\"Blog Novidades\",\"url\":\"https:\/\/ninamartinelli.com.br\/blog2\/\",\"logo\":{\"@type\":\"ImageObject\",\"inLanguage\":\"pt-BR\",\"@id\":\"https:\/\/ninamartinelli.com.br\/blog2\/#\/schema\/logo\/image\/\",\"url\":\"http:\/\/blog.ninamartinelli.com.br\/wp-content\/uploads\/2022\/03\/logo_nina_blog.png\",\"contentUrl\":\"http:\/\/blog.ninamartinelli.com.br\/wp-content\/uploads\/2022\/03\/logo_nina_blog.png\",\"width\":500,\"height\":104,\"caption\":\"Blog Novidades\"},\"image\":{\"@id\":\"https:\/\/ninamartinelli.com.br\/blog2\/#\/schema\/logo\/image\/\"}},{\"@type\":\"Person\",\"@id\":\"https:\/\/ninamartinelli.com.br\/blog2\/#\/schema\/person\/43fbfb1d4cbe3b472995206b2bb06df5\",\"name\":\"Ana Maria Devides\",\"image\":{\"@type\":\"ImageObject\",\"inLanguage\":\"pt-BR\",\"@id\":\"https:\/\/ninamartinelli.com.br\/blog2\/#\/schema\/person\/image\/\",\"url\":\"https:\/\/secure.gravatar.com\/avatar\/a03a82675d8bb3da8e5c5a6872db97be?s=96&d=mm&r=g\",\"contentUrl\":\"https:\/\/secure.gravatar.com\/avatar\/a03a82675d8bb3da8e5c5a6872db97be?s=96&d=mm&r=g\",\"caption\":\"Ana Maria Devides\"},\"url\":\"https:\/\/ninamartinelli.com.br\/blog2\/author\/assessoria-nina-martinelli\/\"}]}<\/script>\n<!-- \/ Yoast SEO plugin. -->","yoast_head_json":{"title":"Borda Verano Universal Nina Martinelli: piscina e lazer como celebra\u00e7\u00e3o \u00e0 vida em S\u00e3o Jos\u00e9 do Rio Pardo\/SP","description":"Borda Verano modelo universal foi escolhida pela arquiteta Aline Flaminio, para trazer conforto, beleza e personalidade a um espa\u00e7o muito especial","robots":{"index":"index","follow":"follow","max-snippet":"max-snippet:-1","max-image-preview":"max-image-preview:large","max-video-preview":"max-video-preview:-1"},"canonical":"https:\/\/ninamartinelli.com.br\/blog2\/borda-verano-nina-martinelli-piscina-e-lazer-como-celebracao-a-vida-em-sao-jose-do-rio-pardo-sp\/","og_locale":"pt_BR","og_type":"article","og_title":"Borda Verano Universal Nina Martinelli: piscina e lazer como celebra\u00e7\u00e3o \u00e0 vida em S\u00e3o Jos\u00e9 do Rio Pardo\/SP","og_description":"Borda Verano modelo universal foi escolhida pela arquiteta Aline Flaminio, para trazer conforto, beleza e personalidade a um espa\u00e7o muito especial","og_url":"https:\/\/ninamartinelli.com.br\/blog2\/borda-verano-nina-martinelli-piscina-e-lazer-como-celebracao-a-vida-em-sao-jose-do-rio-pardo-sp\/","og_site_name":"Blog Nina","article_published_time":"2022-11-01T20:56:49+00:00","article_modified_time":"2024-12-04T12:14:39+00:00","og_image":[{"width":1000,"height":1333,"url":"https:\/\/ninamartinelli.com.br\/blog2\/wp-content\/uploads\/2022\/11\/IMG_7026.jpeg","type":"image\/jpeg"}],"author":"Ana Maria Devides","twitter_card":"summary_large_image","twitter_misc":{"Escrito por":"Ana Maria Devides","Est. tempo de leitura":"4 minutos"},"schema":{"@context":"https:\/\/schema.org","@graph":[{"@type":"Article","@id":"https:\/\/ninamartinelli.com.br\/blog2\/borda-verano-nina-martinelli-piscina-e-lazer-como-celebracao-a-vida-em-sao-jose-do-rio-pardo-sp\/#article","isPartOf":{"@id":"https:\/\/ninamartinelli.com.br\/blog2\/borda-verano-nina-martinelli-piscina-e-lazer-como-celebracao-a-vida-em-sao-jose-do-rio-pardo-sp\/"},"author":{"name":"Ana Maria Devides","@id":"https:\/\/ninamartinelli.com.br\/blog2\/#\/schema\/person\/43fbfb1d4cbe3b472995206b2bb06df5"},"headline":"Borda Verano Nina Martinelli: piscina e lazer como celebra\u00e7\u00e3o \u00e0 vida em S\u00e3o Jos\u00e9 do Rio Pardo\/SP","datePublished":"2022-11-01T20:56:49+00:00","dateModified":"2024-12-04T12:14:39+00:00","mainEntityOfPage":{"@id":"https:\/\/ninamartinelli.com.br\/blog2\/borda-verano-nina-martinelli-piscina-e-lazer-como-celebracao-a-vida-em-sao-jose-do-rio-pardo-sp\/"},"wordCount":770,"commentCount":0,"publisher":{"@id":"https:\/\/ninamartinelli.com.br\/blog2\/#organization"},"image":{"@id":"https:\/\/ninamartinelli.com.br\/blog2\/borda-verano-nina-martinelli-piscina-e-lazer-como-celebracao-a-vida-em-sao-jose-do-rio-pardo-sp\/#primaryimage"},"thumbnailUrl":"https:\/\/ninamartinelli.com.br\/blog2\/wp-content\/uploads\/2022\/11\/IMG_7026.jpeg","keywords":["area de lazer","area externa","bordas at\u00e9rmicas","piscina"],"articleSection":["Cimento","Colezione Cemento"],"inLanguage":"pt-BR","potentialAction":[{"@type":"CommentAction","name":"Comment","target":["https:\/\/ninamartinelli.com.br\/blog2\/borda-verano-nina-martinelli-piscina-e-lazer-como-celebracao-a-vida-em-sao-jose-do-rio-pardo-sp\/#respond"]}]},{"@type":"WebPage","@id":"https:\/\/ninamartinelli.com.br\/blog2\/borda-verano-nina-martinelli-piscina-e-lazer-como-celebracao-a-vida-em-sao-jose-do-rio-pardo-sp\/","url":"https:\/\/ninamartinelli.com.br\/blog2\/borda-verano-nina-martinelli-piscina-e-lazer-como-celebracao-a-vida-em-sao-jose-do-rio-pardo-sp\/","name":"Borda Verano Universal Nina Martinelli: piscina e lazer como celebra\u00e7\u00e3o \u00e0 vida em S\u00e3o Jos\u00e9 do Rio Pardo\/SP","isPartOf":{"@id":"https:\/\/ninamartinelli.com.br\/blog2\/#website"},"primaryImageOfPage":{"@id":"https:\/\/ninamartinelli.com.br\/blog2\/borda-verano-nina-martinelli-piscina-e-lazer-como-celebracao-a-vida-em-sao-jose-do-rio-pardo-sp\/#primaryimage"},"image":{"@id":"https:\/\/ninamartinelli.com.br\/blog2\/borda-verano-nina-martinelli-piscina-e-lazer-como-celebracao-a-vida-em-sao-jose-do-rio-pardo-sp\/#primaryimage"},"thumbnailUrl":"https:\/\/ninamartinelli.com.br\/blog2\/wp-content\/uploads\/2022\/11\/IMG_7026.jpeg","datePublished":"2022-11-01T20:56:49+00:00","dateModified":"2024-12-04T12:14:39+00:00","description":"Borda Verano modelo universal foi escolhida pela arquiteta Aline Flaminio, para trazer conforto, beleza e personalidade a um espa\u00e7o muito especial","breadcrumb":{"@id":"https:\/\/ninamartinelli.com.br\/blog2\/borda-verano-nina-martinelli-piscina-e-lazer-como-celebracao-a-vida-em-sao-jose-do-rio-pardo-sp\/#breadcrumb"},"inLanguage":"pt-BR","potentialAction":[{"@type":"ReadAction","target":["https:\/\/ninamartinelli.com.br\/blog2\/borda-verano-nina-martinelli-piscina-e-lazer-como-celebracao-a-vida-em-sao-jose-do-rio-pardo-sp\/"]}]},{"@type":"ImageObject","inLanguage":"pt-BR","@id":"https:\/\/ninamartinelli.com.br\/blog2\/borda-verano-nina-martinelli-piscina-e-lazer-como-celebracao-a-vida-em-sao-jose-do-rio-pardo-sp\/#primaryimage","url":"https:\/\/ninamartinelli.com.br\/blog2\/wp-content\/uploads\/2022\/11\/IMG_7026.jpeg","contentUrl":"https:\/\/ninamartinelli.com.br\/blog2\/wp-content\/uploads\/2022\/11\/IMG_7026.jpeg","width":1000,"height":1333},{"@type":"BreadcrumbList","@id":"https:\/\/ninamartinelli.com.br\/blog2\/borda-verano-nina-martinelli-piscina-e-lazer-como-celebracao-a-vida-em-sao-jose-do-rio-pardo-sp\/#breadcrumb","itemListElement":[{"@type":"ListItem","position":1,"name":"In\u00edcio","item":"https:\/\/ninamartinelli.com.br\/blog2\/"},{"@type":"ListItem","position":2,"name":"Borda Verano Nina Martinelli: piscina e lazer como celebra\u00e7\u00e3o \u00e0 vida em S\u00e3o Jos\u00e9 do Rio Pardo\/SP"}]},{"@type":"WebSite","@id":"https:\/\/ninamartinelli.com.br\/blog2\/#website","url":"https:\/\/ninamartinelli.com.br\/blog2\/","name":"Nina Martinelli","description":"#Nina_Martinelli","publisher":{"@id":"https:\/\/ninamartinelli.com.br\/blog2\/#organization"},"potentialAction":[{"@type":"SearchAction","target":{"@type":"EntryPoint","urlTemplate":"https:\/\/ninamartinelli.com.br\/blog2\/?s={search_term_string}"},"query-input":{"@type":"PropertyValueSpecification","valueRequired":true,"valueName":"search_term_string"}}],"inLanguage":"pt-BR"},{"@type":"Organization","@id":"https:\/\/ninamartinelli.com.br\/blog2\/#organization","name":"Blog Novidades","url":"https:\/\/ninamartinelli.com.br\/blog2\/","logo":{"@type":"ImageObject","inLanguage":"pt-BR","@id":"https:\/\/ninamartinelli.com.br\/blog2\/#\/schema\/logo\/image\/","url":"http:\/\/blog.ninamartinelli.com.br\/wp-content\/uploads\/2022\/03\/logo_nina_blog.png","contentUrl":"http:\/\/blog.ninamartinelli.com.br\/wp-content\/uploads\/2022\/03\/logo_nina_blog.png","width":500,"height":104,"caption":"Blog Novidades"},"image":{"@id":"https:\/\/ninamartinelli.com.br\/blog2\/#\/schema\/logo\/image\/"}},{"@type":"Person","@id":"https:\/\/ninamartinelli.com.br\/blog2\/#\/schema\/person\/43fbfb1d4cbe3b472995206b2bb06df5","name":"Ana Maria Devides","image":{"@type":"ImageObject","inLanguage":"pt-BR","@id":"https:\/\/ninamartinelli.com.br\/blog2\/#\/schema\/person\/image\/","url":"https:\/\/secure.gravatar.com\/avatar\/a03a82675d8bb3da8e5c5a6872db97be?s=96&d=mm&r=g","contentUrl":"https:\/\/secure.gravatar.com\/avatar\/a03a82675d8bb3da8e5c5a6872db97be?s=96&d=mm&r=g","caption":"Ana Maria Devides"},"url":"https:\/\/ninamartinelli.com.br\/blog2\/author\/assessoria-nina-martinelli\/"}]}},"_links":{"self":[{"href":"https:\/\/ninamartinelli.com.br\/blog2\/wp-json\/wp\/v2\/posts\/1822","targetHints":{"allow":["GET"]}}],"collection":[{"href":"https:\/\/ninamartinelli.com.br\/blog2\/wp-json\/wp\/v2\/posts"}],"about":[{"href":"https:\/\/ninamartinelli.com.br\/blog2\/wp-json\/wp\/v2\/types\/post"}],"author":[{"embeddable":true,"href":"https:\/\/ninamartinelli.com.br\/blog2\/wp-json\/wp\/v2\/users\/2"}],"replies":[{"embeddable":true,"href":"https:\/\/ninamartinelli.com.br\/blog2\/wp-json\/wp\/v2\/comments?post=1822"}],"version-history":[{"count":2,"href":"https:\/\/ninamartinelli.com.br\/blog2\/wp-json\/wp\/v2\/posts\/1822\/revisions"}],"predecessor-version":[{"id":1826,"href":"https:\/\/ninamartinelli.com.br\/blog2\/wp-json\/wp\/v2\/posts\/1822\/revisions\/1826"}],"wp:featuredmedia":[{"embeddable":true,"href":"https:\/\/ninamartinelli.com.br\/blog2\/wp-json\/wp\/v2\/media\/1824"}],"wp:attachment":[{"href":"https:\/\/ninamartinelli.com.br\/blog2\/wp-json\/wp\/v2\/media?parent=1822"}],"wp:term":[{"taxonomy":"category","embeddable":true,"href":"https:\/\/ninamartinelli.com.br\/blog2\/wp-json\/wp\/v2\/categories?post=1822"},{"taxonomy":"post_tag","embeddable":true,"href":"https:\/\/ninamartinelli.com.br\/blog2\/wp-json\/wp\/v2\/tags?post=1822"}],"curies":[{"name":"wp","href":"https:\/\/api.w.org\/{rel}","templated":true}]}}