{"id":1809,"date":"2022-10-26T11:04:26","date_gmt":"2022-10-26T14:04:26","guid":{"rendered":"http:\/\/blog.ninamartinelli.com.br\/?p=1809"},"modified":"2024-12-04T09:17:44","modified_gmt":"2024-12-04T12:17:44","slug":"fachada-com-estilo-brick-vecchio-nero-blinda-area-externa-em-residencia-em-piracicaba","status":"publish","type":"post","link":"https:\/\/ninamartinelli.com.br\/blog2\/fachada-com-estilo-brick-vecchio-nero-blinda-area-externa-em-residencia-em-piracicaba\/","title":{"rendered":"Fachada com estilo \u2013 Brick Vecchio Nero \u2018blinda\u2019 \u00e1rea externa em resid\u00eancia em Piracicaba"},"content":{"rendered":"<p><strong><em>Fachada com estilo \u2013 Im\u00f3vel tem linhas modernas e se destaca com o revestimento da Nina Martinelli, em projeto de F\u00e1bio Simoni<\/em><\/strong><\/p>\n<p>Uma fachada que combina estilo, personalidade, sobriedade e, ao mesmo tempo, gera impacto. Assim o arquiteto <a href=\"https:\/\/www.instagram.com\/fabiosimoni.arq\/\">F\u00e1bio Simoni<\/a>, de Piracicaba\/SP, projetou o aspecto externo de uma bel\u00edssima casa, constru\u00edda na mesma cidade.<\/p>\n<p>O im\u00f3vel, que fica num terreno de 512 m\u00b2, com 315 m\u00b2 de \u00e1rea constru\u00edda, tem linhas modernas e conta com tr\u00eas su\u00edtes e \u00e9 todo voltado para a \u00e1rea de lazer.<\/p>\n<p>O arquiteto conta que para dar personalidade ao projeto, escolheu para revestir grande parte da fachada com o <a href=\"https:\/\/www.ninamartinelli.com.br\/#!\/pt\/produtos\/0175-brick-vecchio-nero\">Brick Vecchio<\/a>, da Nina Martinelli, no tom Nero.<\/p>\n<p>Integrante da Colezione Brick, que tem mais de 60 modelos, \u00e9 feito em cer\u00e2mica e mede 7,5&#215;23,5cm.<\/p>\n<h4>Veja mais projetos com outros modelos de Brick clicando <a href=\"http:\/\/blog.ninamartinelli.com.br\/wp-admin\/post.php?post=1622&amp;action=edit\">aqui<\/a><\/h4>\n<p>Possui um toque r\u00fastico e original, com muita sofistica\u00e7\u00e3o, pelas varia\u00e7\u00f5es de tons e nuances criadas durante a cuidadosa queima, e porque leva material reciclado em sua composi\u00e7\u00e3o. A produ\u00e7\u00e3o \u00e9 totalmente artesanal, pe\u00e7a por pe\u00e7a, com extremo cuidado e capricho.<\/p>\n<p><strong>Fachada com estilo \u2013 outras cores dispon\u00edveis<\/strong><\/p>\n<p>O produto \u00e9 oferecido tamb\u00e9m nas cores Prata, Giallo, Mescolare e Cer\u00e2mica. As superf\u00edcies revestidas com o Brick Vecchio se diferenciam ao primeiro olhar.<\/p>\n<p>Para F\u00e1bio, o produto se encaixou perfeitamente no conceito criado por ele para os clientes, um jovem casal com uma filha. \u201c<em>Criamos uma fachada que foi toda \u2018blindada\u2019 com o revestimento. Usamos aproximadamente 150 m\u00b2 do produto\u201d<\/em>, detalha.<\/p>\n<p>O arquiteto garante que al\u00e9m de ele e os clientes terem aprovado plenamente o resultado, o processo de aplica\u00e7\u00e3o foi muito assertivo. <em>\u201cMuito simples, r\u00e1pido e limpo, sem qualquer problema\u201d,<\/em> assegura.<\/p>\n<p><strong>Bordas com conforto t\u00e9rmico<\/strong><\/p>\n<p>Outro produto Nina foi especificado por F\u00e1bio para a \u00e1rea de lazer. Trata-se da borda com conforto t\u00e9rmico para piscinas <a href=\"https:\/\/www.ninamartinelli.com.br\/#!\/pt\/produtos\/0045-borda-petto-carenatto\">Verano Petto Carenatto,<\/a> que ele escolheu no tom Beige.<\/p>\n<p>Com diferentes dimens\u00f5es e formatos ideais para contornos de piscina perfeitos e customizados, as pe\u00e7as s\u00e3o feitas em concreto arquitet\u00f4nico que absorvem bem menos calor e garantem conforto t\u00e9rmico para o ambiente.<\/p>\n<p>Oferecem durabilidade e facilidade de manuten\u00e7\u00e3o, e fazem conjunto com outros produtos da linha de conforto t\u00e9rmico da Nina Martinelli. E est\u00e3o dispon\u00edveis tamb\u00e9m nas cores Bianco, Paglia, Marrone e Grigio. <em>\u201cEscolhemos esse produto por conta de suas caracter\u00edsticas e resist\u00eancia \u00e0s intemp\u00e9ries e a\u00e7\u00e3o do tempo\u201d<\/em>, comenta F\u00e1bio. \u201c<em>Ficamos plenamente satisfeitos\u201d<\/em>, conclui.<\/p>\n<p><strong>Servi\u00e7o:<\/strong><\/p>\n<p><strong>Fachada residencial em Piracicaba\/SP<\/strong><\/p>\n<p><strong>\u00c1rea de lazer \u2013 borda de piscina<\/strong><\/p>\n<p><strong>Produto: <\/strong>Revestimento Brick Vecchio Nero 7,5&#215;23,5<\/p>\n<p><strong>Produto:<\/strong> Borda Petto Carenatto Beige<\/p>\n<p><strong>Projeto:<\/strong> F\u00e1bio Simoni<\/p>\n<p><strong>Instagram<\/strong>: @ fabiosimoni.arq<\/p>\n<p><strong>Telefone\/WhatsApp:<\/strong> +55 19 99706-7805<\/p>\n<p><strong>Youtube: <\/strong>https:\/\/www.youtube.com\/channel\/UCgpxWFVyMOB0kflBaDBm3-Q<\/p>\n<p><strong>Fotos<\/strong>: F\u00e1bio Simoni<\/p>\n","protected":false},"excerpt":{"rendered":"<p>Fachada com estilo \u2013 Im\u00f3vel tem linhas modernas e se destaca com o revestimento da<\/p>\n","protected":false},"author":2,"featured_media":1821,"comment_status":"open","ping_status":"open","sticky":false,"template":"","format":"standard","meta":{"footnotes":""},"categories":[59,16,26,129],"tags":[39,50,66,29,46],"class_list":["post-1809","post","type-post","status-publish","format-standard","has-post-thumbnail","hentry","category-ceramica","category-colezione-brick","category-revestimentos","category-sustentabilidade","tag-area-externa","tag-bricks","tag-fachada","tag-piscina","tag-revestimento"],"yoast_head":"<!-- This site is optimized with the Yoast SEO plugin v26.8 - https:\/\/yoast.com\/product\/yoast-seo-wordpress\/ -->\n<title>Fachada com estilo \u2013 Brick Vecchio Nero \u2018blinda\u2019 \u00e1rea externa em resid\u00eancia em Piracicaba<\/title>\n<meta name=\"description\" content=\"Fachada com estilo, sobriedade e rusticidade garantidas pelo Brick Vecchio Nero, e na \u00e1rea de lazer, a piscina recebeu bordas at\u00e9rmicas Nina Martinelli\" \/>\n<meta name=\"robots\" content=\"index, follow, max-snippet:-1, max-image-preview:large, max-video-preview:-1\" \/>\n<link rel=\"canonical\" href=\"https:\/\/ninamartinelli.com.br\/blog2\/fachada-com-estilo-brick-vecchio-nero-blinda-area-externa-em-residencia-em-piracicaba\/\" \/>\n<meta property=\"og:locale\" content=\"pt_BR\" \/>\n<meta property=\"og:type\" content=\"article\" \/>\n<meta property=\"og:title\" content=\"Fachada com estilo \u2013 Brick Vecchio Nero \u2018blinda\u2019 \u00e1rea externa em resid\u00eancia em Piracicaba\" \/>\n<meta property=\"og:description\" content=\"Fachada com estilo, sobriedade e rusticidade garantidas pelo Brick Vecchio Nero, e na \u00e1rea de lazer, a piscina recebeu bordas at\u00e9rmicas Nina Martinelli\" \/>\n<meta property=\"og:url\" content=\"https:\/\/ninamartinelli.com.br\/blog2\/fachada-com-estilo-brick-vecchio-nero-blinda-area-externa-em-residencia-em-piracicaba\/\" \/>\n<meta property=\"og:site_name\" content=\"Blog Nina\" \/>\n<meta property=\"article:published_time\" content=\"2022-10-26T14:04:26+00:00\" \/>\n<meta property=\"article:modified_time\" content=\"2024-12-04T12:17:44+00:00\" \/>\n<meta property=\"og:image\" content=\"https:\/\/ninamartinelli.com.br\/blog2\/wp-content\/uploads\/2022\/10\/fabio-simoni2.jpg\" \/>\n\t<meta property=\"og:image:width\" content=\"1000\" \/>\n\t<meta property=\"og:image:height\" content=\"820\" \/>\n\t<meta property=\"og:image:type\" content=\"image\/jpeg\" \/>\n<meta name=\"author\" content=\"Ana Maria Devides\" \/>\n<meta name=\"twitter:card\" content=\"summary_large_image\" \/>\n<meta name=\"twitter:label1\" content=\"Escrito por\" \/>\n\t<meta name=\"twitter:data1\" content=\"Ana Maria Devides\" \/>\n\t<meta name=\"twitter:label2\" content=\"Est. tempo de leitura\" \/>\n\t<meta name=\"twitter:data2\" content=\"3 minutos\" \/>\n<script type=\"application\/ld+json\" class=\"yoast-schema-graph\">{\"@context\":\"https:\/\/schema.org\",\"@graph\":[{\"@type\":\"Article\",\"@id\":\"https:\/\/ninamartinelli.com.br\/blog2\/fachada-com-estilo-brick-vecchio-nero-blinda-area-externa-em-residencia-em-piracicaba\/#article\",\"isPartOf\":{\"@id\":\"https:\/\/ninamartinelli.com.br\/blog2\/fachada-com-estilo-brick-vecchio-nero-blinda-area-externa-em-residencia-em-piracicaba\/\"},\"author\":{\"name\":\"Ana Maria Devides\",\"@id\":\"https:\/\/ninamartinelli.com.br\/blog2\/#\/schema\/person\/43fbfb1d4cbe3b472995206b2bb06df5\"},\"headline\":\"Fachada com estilo \u2013 Brick Vecchio Nero \u2018blinda\u2019 \u00e1rea externa em resid\u00eancia em Piracicaba\",\"datePublished\":\"2022-10-26T14:04:26+00:00\",\"dateModified\":\"2024-12-04T12:17:44+00:00\",\"mainEntityOfPage\":{\"@id\":\"https:\/\/ninamartinelli.com.br\/blog2\/fachada-com-estilo-brick-vecchio-nero-blinda-area-externa-em-residencia-em-piracicaba\/\"},\"wordCount\":494,\"commentCount\":0,\"publisher\":{\"@id\":\"https:\/\/ninamartinelli.com.br\/blog2\/#organization\"},\"image\":{\"@id\":\"https:\/\/ninamartinelli.com.br\/blog2\/fachada-com-estilo-brick-vecchio-nero-blinda-area-externa-em-residencia-em-piracicaba\/#primaryimage\"},\"thumbnailUrl\":\"https:\/\/ninamartinelli.com.br\/blog2\/wp-content\/uploads\/2022\/10\/fabio-simoni2.jpg\",\"keywords\":[\"area externa\",\"bricks\",\"fachada\",\"piscina\",\"revestimento\"],\"articleSection\":[\"Cer\u00e2mica\",\"Colezione Brick\",\"Revestimentos\",\"Sustentabilidade\"],\"inLanguage\":\"pt-BR\",\"potentialAction\":[{\"@type\":\"CommentAction\",\"name\":\"Comment\",\"target\":[\"https:\/\/ninamartinelli.com.br\/blog2\/fachada-com-estilo-brick-vecchio-nero-blinda-area-externa-em-residencia-em-piracicaba\/#respond\"]}]},{\"@type\":\"WebPage\",\"@id\":\"https:\/\/ninamartinelli.com.br\/blog2\/fachada-com-estilo-brick-vecchio-nero-blinda-area-externa-em-residencia-em-piracicaba\/\",\"url\":\"https:\/\/ninamartinelli.com.br\/blog2\/fachada-com-estilo-brick-vecchio-nero-blinda-area-externa-em-residencia-em-piracicaba\/\",\"name\":\"Fachada com estilo \u2013 Brick Vecchio Nero \u2018blinda\u2019 \u00e1rea externa em resid\u00eancia em Piracicaba\",\"isPartOf\":{\"@id\":\"https:\/\/ninamartinelli.com.br\/blog2\/#website\"},\"primaryImageOfPage\":{\"@id\":\"https:\/\/ninamartinelli.com.br\/blog2\/fachada-com-estilo-brick-vecchio-nero-blinda-area-externa-em-residencia-em-piracicaba\/#primaryimage\"},\"image\":{\"@id\":\"https:\/\/ninamartinelli.com.br\/blog2\/fachada-com-estilo-brick-vecchio-nero-blinda-area-externa-em-residencia-em-piracicaba\/#primaryimage\"},\"thumbnailUrl\":\"https:\/\/ninamartinelli.com.br\/blog2\/wp-content\/uploads\/2022\/10\/fabio-simoni2.jpg\",\"datePublished\":\"2022-10-26T14:04:26+00:00\",\"dateModified\":\"2024-12-04T12:17:44+00:00\",\"description\":\"Fachada com estilo, sobriedade e rusticidade garantidas pelo Brick Vecchio Nero, e na \u00e1rea de lazer, a piscina recebeu bordas at\u00e9rmicas Nina Martinelli\",\"breadcrumb\":{\"@id\":\"https:\/\/ninamartinelli.com.br\/blog2\/fachada-com-estilo-brick-vecchio-nero-blinda-area-externa-em-residencia-em-piracicaba\/#breadcrumb\"},\"inLanguage\":\"pt-BR\",\"potentialAction\":[{\"@type\":\"ReadAction\",\"target\":[\"https:\/\/ninamartinelli.com.br\/blog2\/fachada-com-estilo-brick-vecchio-nero-blinda-area-externa-em-residencia-em-piracicaba\/\"]}]},{\"@type\":\"ImageObject\",\"inLanguage\":\"pt-BR\",\"@id\":\"https:\/\/ninamartinelli.com.br\/blog2\/fachada-com-estilo-brick-vecchio-nero-blinda-area-externa-em-residencia-em-piracicaba\/#primaryimage\",\"url\":\"https:\/\/ninamartinelli.com.br\/blog2\/wp-content\/uploads\/2022\/10\/fabio-simoni2.jpg\",\"contentUrl\":\"https:\/\/ninamartinelli.com.br\/blog2\/wp-content\/uploads\/2022\/10\/fabio-simoni2.jpg\",\"width\":1000,\"height\":820},{\"@type\":\"BreadcrumbList\",\"@id\":\"https:\/\/ninamartinelli.com.br\/blog2\/fachada-com-estilo-brick-vecchio-nero-blinda-area-externa-em-residencia-em-piracicaba\/#breadcrumb\",\"itemListElement\":[{\"@type\":\"ListItem\",\"position\":1,\"name\":\"In\u00edcio\",\"item\":\"https:\/\/ninamartinelli.com.br\/blog2\/\"},{\"@type\":\"ListItem\",\"position\":2,\"name\":\"Fachada com estilo \u2013 Brick Vecchio Nero \u2018blinda\u2019 \u00e1rea externa em resid\u00eancia em Piracicaba\"}]},{\"@type\":\"WebSite\",\"@id\":\"https:\/\/ninamartinelli.com.br\/blog2\/#website\",\"url\":\"https:\/\/ninamartinelli.com.br\/blog2\/\",\"name\":\"Nina Martinelli\",\"description\":\"#Nina_Martinelli\",\"publisher\":{\"@id\":\"https:\/\/ninamartinelli.com.br\/blog2\/#organization\"},\"potentialAction\":[{\"@type\":\"SearchAction\",\"target\":{\"@type\":\"EntryPoint\",\"urlTemplate\":\"https:\/\/ninamartinelli.com.br\/blog2\/?s={search_term_string}\"},\"query-input\":{\"@type\":\"PropertyValueSpecification\",\"valueRequired\":true,\"valueName\":\"search_term_string\"}}],\"inLanguage\":\"pt-BR\"},{\"@type\":\"Organization\",\"@id\":\"https:\/\/ninamartinelli.com.br\/blog2\/#organization\",\"name\":\"Blog Novidades\",\"url\":\"https:\/\/ninamartinelli.com.br\/blog2\/\",\"logo\":{\"@type\":\"ImageObject\",\"inLanguage\":\"pt-BR\",\"@id\":\"https:\/\/ninamartinelli.com.br\/blog2\/#\/schema\/logo\/image\/\",\"url\":\"http:\/\/blog.ninamartinelli.com.br\/wp-content\/uploads\/2022\/03\/logo_nina_blog.png\",\"contentUrl\":\"http:\/\/blog.ninamartinelli.com.br\/wp-content\/uploads\/2022\/03\/logo_nina_blog.png\",\"width\":500,\"height\":104,\"caption\":\"Blog Novidades\"},\"image\":{\"@id\":\"https:\/\/ninamartinelli.com.br\/blog2\/#\/schema\/logo\/image\/\"}},{\"@type\":\"Person\",\"@id\":\"https:\/\/ninamartinelli.com.br\/blog2\/#\/schema\/person\/43fbfb1d4cbe3b472995206b2bb06df5\",\"name\":\"Ana Maria Devides\",\"image\":{\"@type\":\"ImageObject\",\"inLanguage\":\"pt-BR\",\"@id\":\"https:\/\/ninamartinelli.com.br\/blog2\/#\/schema\/person\/image\/\",\"url\":\"https:\/\/secure.gravatar.com\/avatar\/a03a82675d8bb3da8e5c5a6872db97be?s=96&d=mm&r=g\",\"contentUrl\":\"https:\/\/secure.gravatar.com\/avatar\/a03a82675d8bb3da8e5c5a6872db97be?s=96&d=mm&r=g\",\"caption\":\"Ana Maria Devides\"},\"url\":\"https:\/\/ninamartinelli.com.br\/blog2\/author\/assessoria-nina-martinelli\/\"}]}<\/script>\n<!-- \/ Yoast SEO plugin. -->","yoast_head_json":{"title":"Fachada com estilo \u2013 Brick Vecchio Nero \u2018blinda\u2019 \u00e1rea externa em resid\u00eancia em Piracicaba","description":"Fachada com estilo, sobriedade e rusticidade garantidas pelo Brick Vecchio Nero, e na \u00e1rea de lazer, a piscina recebeu bordas at\u00e9rmicas Nina Martinelli","robots":{"index":"index","follow":"follow","max-snippet":"max-snippet:-1","max-image-preview":"max-image-preview:large","max-video-preview":"max-video-preview:-1"},"canonical":"https:\/\/ninamartinelli.com.br\/blog2\/fachada-com-estilo-brick-vecchio-nero-blinda-area-externa-em-residencia-em-piracicaba\/","og_locale":"pt_BR","og_type":"article","og_title":"Fachada com estilo \u2013 Brick Vecchio Nero \u2018blinda\u2019 \u00e1rea externa em resid\u00eancia em Piracicaba","og_description":"Fachada com estilo, sobriedade e rusticidade garantidas pelo Brick Vecchio Nero, e na \u00e1rea de lazer, a piscina recebeu bordas at\u00e9rmicas Nina Martinelli","og_url":"https:\/\/ninamartinelli.com.br\/blog2\/fachada-com-estilo-brick-vecchio-nero-blinda-area-externa-em-residencia-em-piracicaba\/","og_site_name":"Blog Nina","article_published_time":"2022-10-26T14:04:26+00:00","article_modified_time":"2024-12-04T12:17:44+00:00","og_image":[{"width":1000,"height":820,"url":"https:\/\/ninamartinelli.com.br\/blog2\/wp-content\/uploads\/2022\/10\/fabio-simoni2.jpg","type":"image\/jpeg"}],"author":"Ana Maria Devides","twitter_card":"summary_large_image","twitter_misc":{"Escrito por":"Ana Maria Devides","Est. tempo de leitura":"3 minutos"},"schema":{"@context":"https:\/\/schema.org","@graph":[{"@type":"Article","@id":"https:\/\/ninamartinelli.com.br\/blog2\/fachada-com-estilo-brick-vecchio-nero-blinda-area-externa-em-residencia-em-piracicaba\/#article","isPartOf":{"@id":"https:\/\/ninamartinelli.com.br\/blog2\/fachada-com-estilo-brick-vecchio-nero-blinda-area-externa-em-residencia-em-piracicaba\/"},"author":{"name":"Ana Maria Devides","@id":"https:\/\/ninamartinelli.com.br\/blog2\/#\/schema\/person\/43fbfb1d4cbe3b472995206b2bb06df5"},"headline":"Fachada com estilo \u2013 Brick Vecchio Nero \u2018blinda\u2019 \u00e1rea externa em resid\u00eancia em Piracicaba","datePublished":"2022-10-26T14:04:26+00:00","dateModified":"2024-12-04T12:17:44+00:00","mainEntityOfPage":{"@id":"https:\/\/ninamartinelli.com.br\/blog2\/fachada-com-estilo-brick-vecchio-nero-blinda-area-externa-em-residencia-em-piracicaba\/"},"wordCount":494,"commentCount":0,"publisher":{"@id":"https:\/\/ninamartinelli.com.br\/blog2\/#organization"},"image":{"@id":"https:\/\/ninamartinelli.com.br\/blog2\/fachada-com-estilo-brick-vecchio-nero-blinda-area-externa-em-residencia-em-piracicaba\/#primaryimage"},"thumbnailUrl":"https:\/\/ninamartinelli.com.br\/blog2\/wp-content\/uploads\/2022\/10\/fabio-simoni2.jpg","keywords":["area externa","bricks","fachada","piscina","revestimento"],"articleSection":["Cer\u00e2mica","Colezione Brick","Revestimentos","Sustentabilidade"],"inLanguage":"pt-BR","potentialAction":[{"@type":"CommentAction","name":"Comment","target":["https:\/\/ninamartinelli.com.br\/blog2\/fachada-com-estilo-brick-vecchio-nero-blinda-area-externa-em-residencia-em-piracicaba\/#respond"]}]},{"@type":"WebPage","@id":"https:\/\/ninamartinelli.com.br\/blog2\/fachada-com-estilo-brick-vecchio-nero-blinda-area-externa-em-residencia-em-piracicaba\/","url":"https:\/\/ninamartinelli.com.br\/blog2\/fachada-com-estilo-brick-vecchio-nero-blinda-area-externa-em-residencia-em-piracicaba\/","name":"Fachada com estilo \u2013 Brick Vecchio Nero \u2018blinda\u2019 \u00e1rea externa em resid\u00eancia em Piracicaba","isPartOf":{"@id":"https:\/\/ninamartinelli.com.br\/blog2\/#website"},"primaryImageOfPage":{"@id":"https:\/\/ninamartinelli.com.br\/blog2\/fachada-com-estilo-brick-vecchio-nero-blinda-area-externa-em-residencia-em-piracicaba\/#primaryimage"},"image":{"@id":"https:\/\/ninamartinelli.com.br\/blog2\/fachada-com-estilo-brick-vecchio-nero-blinda-area-externa-em-residencia-em-piracicaba\/#primaryimage"},"thumbnailUrl":"https:\/\/ninamartinelli.com.br\/blog2\/wp-content\/uploads\/2022\/10\/fabio-simoni2.jpg","datePublished":"2022-10-26T14:04:26+00:00","dateModified":"2024-12-04T12:17:44+00:00","description":"Fachada com estilo, sobriedade e rusticidade garantidas pelo Brick Vecchio Nero, e na \u00e1rea de lazer, a piscina recebeu bordas at\u00e9rmicas Nina Martinelli","breadcrumb":{"@id":"https:\/\/ninamartinelli.com.br\/blog2\/fachada-com-estilo-brick-vecchio-nero-blinda-area-externa-em-residencia-em-piracicaba\/#breadcrumb"},"inLanguage":"pt-BR","potentialAction":[{"@type":"ReadAction","target":["https:\/\/ninamartinelli.com.br\/blog2\/fachada-com-estilo-brick-vecchio-nero-blinda-area-externa-em-residencia-em-piracicaba\/"]}]},{"@type":"ImageObject","inLanguage":"pt-BR","@id":"https:\/\/ninamartinelli.com.br\/blog2\/fachada-com-estilo-brick-vecchio-nero-blinda-area-externa-em-residencia-em-piracicaba\/#primaryimage","url":"https:\/\/ninamartinelli.com.br\/blog2\/wp-content\/uploads\/2022\/10\/fabio-simoni2.jpg","contentUrl":"https:\/\/ninamartinelli.com.br\/blog2\/wp-content\/uploads\/2022\/10\/fabio-simoni2.jpg","width":1000,"height":820},{"@type":"BreadcrumbList","@id":"https:\/\/ninamartinelli.com.br\/blog2\/fachada-com-estilo-brick-vecchio-nero-blinda-area-externa-em-residencia-em-piracicaba\/#breadcrumb","itemListElement":[{"@type":"ListItem","position":1,"name":"In\u00edcio","item":"https:\/\/ninamartinelli.com.br\/blog2\/"},{"@type":"ListItem","position":2,"name":"Fachada com estilo \u2013 Brick Vecchio Nero \u2018blinda\u2019 \u00e1rea externa em resid\u00eancia em Piracicaba"}]},{"@type":"WebSite","@id":"https:\/\/ninamartinelli.com.br\/blog2\/#website","url":"https:\/\/ninamartinelli.com.br\/blog2\/","name":"Nina Martinelli","description":"#Nina_Martinelli","publisher":{"@id":"https:\/\/ninamartinelli.com.br\/blog2\/#organization"},"potentialAction":[{"@type":"SearchAction","target":{"@type":"EntryPoint","urlTemplate":"https:\/\/ninamartinelli.com.br\/blog2\/?s={search_term_string}"},"query-input":{"@type":"PropertyValueSpecification","valueRequired":true,"valueName":"search_term_string"}}],"inLanguage":"pt-BR"},{"@type":"Organization","@id":"https:\/\/ninamartinelli.com.br\/blog2\/#organization","name":"Blog Novidades","url":"https:\/\/ninamartinelli.com.br\/blog2\/","logo":{"@type":"ImageObject","inLanguage":"pt-BR","@id":"https:\/\/ninamartinelli.com.br\/blog2\/#\/schema\/logo\/image\/","url":"http:\/\/blog.ninamartinelli.com.br\/wp-content\/uploads\/2022\/03\/logo_nina_blog.png","contentUrl":"http:\/\/blog.ninamartinelli.com.br\/wp-content\/uploads\/2022\/03\/logo_nina_blog.png","width":500,"height":104,"caption":"Blog Novidades"},"image":{"@id":"https:\/\/ninamartinelli.com.br\/blog2\/#\/schema\/logo\/image\/"}},{"@type":"Person","@id":"https:\/\/ninamartinelli.com.br\/blog2\/#\/schema\/person\/43fbfb1d4cbe3b472995206b2bb06df5","name":"Ana Maria Devides","image":{"@type":"ImageObject","inLanguage":"pt-BR","@id":"https:\/\/ninamartinelli.com.br\/blog2\/#\/schema\/person\/image\/","url":"https:\/\/secure.gravatar.com\/avatar\/a03a82675d8bb3da8e5c5a6872db97be?s=96&d=mm&r=g","contentUrl":"https:\/\/secure.gravatar.com\/avatar\/a03a82675d8bb3da8e5c5a6872db97be?s=96&d=mm&r=g","caption":"Ana Maria Devides"},"url":"https:\/\/ninamartinelli.com.br\/blog2\/author\/assessoria-nina-martinelli\/"}]}},"_links":{"self":[{"href":"https:\/\/ninamartinelli.com.br\/blog2\/wp-json\/wp\/v2\/posts\/1809","targetHints":{"allow":["GET"]}}],"collection":[{"href":"https:\/\/ninamartinelli.com.br\/blog2\/wp-json\/wp\/v2\/posts"}],"about":[{"href":"https:\/\/ninamartinelli.com.br\/blog2\/wp-json\/wp\/v2\/types\/post"}],"author":[{"embeddable":true,"href":"https:\/\/ninamartinelli.com.br\/blog2\/wp-json\/wp\/v2\/users\/2"}],"replies":[{"embeddable":true,"href":"https:\/\/ninamartinelli.com.br\/blog2\/wp-json\/wp\/v2\/comments?post=1809"}],"version-history":[{"count":9,"href":"https:\/\/ninamartinelli.com.br\/blog2\/wp-json\/wp\/v2\/posts\/1809\/revisions"}],"predecessor-version":[{"id":2566,"href":"https:\/\/ninamartinelli.com.br\/blog2\/wp-json\/wp\/v2\/posts\/1809\/revisions\/2566"}],"wp:featuredmedia":[{"embeddable":true,"href":"https:\/\/ninamartinelli.com.br\/blog2\/wp-json\/wp\/v2\/media\/1821"}],"wp:attachment":[{"href":"https:\/\/ninamartinelli.com.br\/blog2\/wp-json\/wp\/v2\/media?parent=1809"}],"wp:term":[{"taxonomy":"category","embeddable":true,"href":"https:\/\/ninamartinelli.com.br\/blog2\/wp-json\/wp\/v2\/categories?post=1809"},{"taxonomy":"post_tag","embeddable":true,"href":"https:\/\/ninamartinelli.com.br\/blog2\/wp-json\/wp\/v2\/tags?post=1809"}],"curies":[{"name":"wp","href":"https:\/\/api.w.org\/{rel}","templated":true}]}}