{"id":1804,"date":"2022-10-19T11:11:20","date_gmt":"2022-10-19T14:11:20","guid":{"rendered":"http:\/\/blog.ninamartinelli.com.br\/?p=1804"},"modified":"2022-10-19T11:11:20","modified_gmt":"2022-10-19T14:11:20","slug":"beleza-e-aconchego-bellini-cennere-e-destaque-em-novo-escritorio-de-arquitetura-em-campinas-sp","status":"publish","type":"post","link":"https:\/\/ninamartinelli.com.br\/blog2\/beleza-e-aconchego-bellini-cennere-e-destaque-em-novo-escritorio-de-arquitetura-em-campinas-sp\/","title":{"rendered":"Beleza e aconchego \u2013 Bellini Cennere \u00e9 destaque em novo escrit\u00f3rio de arquitetura em Campinas\/SP"},"content":{"rendered":"<h3>Beleza e aconchego, dois atributos que a arquiteta <a href=\"https:\/\/www.gabriellebonganha.com.br\/\">Gabrielle Bonganha<\/a>, de Campinas\/SP procurava nos acabamentos de seu novo escrit\u00f3rio, no charmoso bairro do Cambu\u00ed, em Campinas\/SP<\/h3>\n<p>Beleza e aconchego. Foi justamente isso, mais a qualidade e, nas palavras da pr\u00f3pria profissional, muita organicidade, que ela encontrou no <a href=\"https:\/\/www.ninamartinelli.com.br\/#!\/pt\/produtos\/1.36.000.239-revestimento-bellini\">revestimento Bellini<\/a>, da Nina Martinelli, escolhido como um dos destaques do ambiente onde ela recebe seus clientes e parceiros.<\/p>\n<p>Al\u00e9m do Bellini Cennere, Gabrielle tamb\u00e9m incrementou uma parede de seu home-office, onde ela j\u00e1 trabalhou muito, com o Brick Stone, um dos mais de 60 modelos dos consagrados \u2018tijolinhos\u2019 da Nina Martinelli.<\/p>\n<p>A hist\u00f3ria de Gabrielle com a Nina Martinelli \u00e9 antiga e muito positiva para ambas as partes. <em>\u201cA Nina faz parte da minha hist\u00f3ria. Esteve e est\u00e1 presente em todas as etapas de crescimento do nosso escrit\u00f3rio, desde o in\u00edcio at\u00e9 hoje\u201d<\/em>, diz ela.<\/p>\n<h3><strong>Beleza e aconchego, tons e textura<\/strong><\/h3>\n<p>A escolha do Bellini, no tom Cennere, segundo a arquiteta, se deu realmente porque ele trouxe acolhimento e personalidade ao seu novo espa\u00e7o de trabalho. <em>\u201cA gente queria tirar um pouco a frieza do cinza. E o Bellini nesse tom tem cinza, mas tem marrom tamb\u00e9m. Ent\u00e3o ele aquece, traz o aconchego e \u00e9 lindo. Al\u00e9m disso, tem os relevos, e \u00e9 super org\u00e2nico, porque na queima, ele ganha nuances diferentes, \u00e9 um processo que na Nina d\u00e1 essa personalidade ao acabamento cer\u00e2mico\u201d,<\/em> argumenta ela.<\/p>\n<p>Gabrielle enfatiza o quanto o revestimento dialoga bem com projetos luminot\u00e9cnicos mais cuidadosos. <em>\u201cO Bellini fica lindo quando a gente joga ilumina\u00e7\u00e3o de cima, ou de frente\u201d,<\/em> comenta ela.<\/p>\n<p>Em seu projeto, Gabrielle utilizou marcenaria caprichada e clean em tons claros, com prateleiras iluminadas com fitas de LED e combinou o Bellini com uma parede verde acinzentado, um elegante tom catalogado como Tomilho Seco, da Sherwin Williams. O teto branco e o piso, em porcelanato claro.<\/p>\n<p>Al\u00e9m do tom Cennere, o revestimento Bellini \u00e9 disponibilizado pela Nina Martinelli tamb\u00e9m nos tons Scuro, Rossastro e Bianchi.<\/p>\n<p>Mede 15,5&#215;30,5cm, e \u00e9 composto por um mosaico em cer\u00e2mica r\u00fastica organizado em placas teladas, mais precisamente em filetes dispostos no atemporal formato Chevron.<\/p>\n<p>Pode ser utilizado tanto em \u00e1reas internas quanto externas, com assentamento pr\u00e1tico e f\u00e1cil.<\/p>\n<h4>Veja mais projetos com o Bellini Cennere clicando<a href=\"http:\/\/blog.ninamartinelli.com.br\/wp-admin\/post.php?post=743&amp;action=edit\"> aqui<\/a><\/h4>\n<p>J\u00e1 o Brick Stone mede 6,1x23cm, \u00e9 feito artesanalmente, leva material reciclado em sua composi\u00e7\u00e3o e a cuidadosa queima deixa o produto com um ar delicadamente r\u00fastico, em tom claro, mesclado por pontilhados em tons que v\u00e3o do branco ao marrom. As bordas irregulares d\u00e3o ainda mais organicidade ao produto. <em>\u201cEle valorizou muito o ambiente, trouxe aconchego e me ajudou a criar um belo cen\u00e1rio para reuni\u00f5es online\u201d<\/em>, comenta.<\/p>\n<p>O novo escrit\u00f3rio de Gabrielle ficou extremamente sofisticado e despojado, ao mesmo tempo.<\/p>\n<p><strong>Servi\u00e7o:<\/strong><\/p>\n<p><strong>Novo escrit\u00f3rio Ga.Bo Arquitetura \u2013 Campinas \/SP<\/strong><\/p>\n<p><strong>Produto: <\/strong>Revestimento Bellini Cennere 15,5&#215;30,5 cm<\/p>\n<p><strong>Produto:<\/strong> Brick Stone \u2013 6\u00aa1x23cm<\/p>\n<p><strong>Projeto:<\/strong> Gabrielle Bonganha<\/p>\n<p><strong>Instagram<\/strong>: @ ga.bo_arquitetura<\/p>\n<p><strong>Telefone\/WhatsApp:<\/strong> \u00a0+55 19 98172-8057<\/p>\n<p><strong>E-mail:<\/strong>\u00a0<a href=\"mailto:contato@gabriellebonganha.com.br\">contato@gabriellebonganha.com.br<\/a><\/p>\n<p><strong>Site:<\/strong>\u00a0<a href=\"http:\/\/www.gabriellebonganha.com.br\/\">www.gabriellebonganha.com.br<\/a><\/p>\n<p><strong>Fotos<\/strong>: Ana Bastos<\/p>\n","protected":false},"excerpt":{"rendered":"<p>Beleza e aconchego, dois atributos que a arquiteta Gabrielle Bonganha, de Campinas\/SP procurava nos acabamentos<\/p>\n","protected":false},"author":2,"featured_media":1806,"comment_status":"open","ping_status":"open","sticky":false,"template":"","format":"standard","meta":{"footnotes":""},"categories":[59,16,26],"tags":[40,50,149],"class_list":["post-1804","post","type-post","status-publish","format-standard","has-post-thumbnail","hentry","category-ceramica","category-colezione-brick","category-revestimentos","tag-area-interna","tag-bricks","tag-escolha-do-arquiteto-r"],"yoast_head":"<!-- This site is optimized with the Yoast SEO plugin v26.8 - https:\/\/yoast.com\/product\/yoast-seo-wordpress\/ -->\n<title>Beleza e aconchego \u2013 Bellini Cennere \u00e9 destaque em novo escrit\u00f3rio de arquitetura em Campinas\/SP<\/title>\n<meta name=\"description\" content=\"Beleza e aconchego, dois atributos que a arquiteta Gabrielle Bonganha, de Campinas, buscava nos acabamentos para seu novo espa\u00e7o para receber clientes\" \/>\n<meta name=\"robots\" content=\"index, follow, max-snippet:-1, max-image-preview:large, max-video-preview:-1\" \/>\n<link rel=\"canonical\" href=\"https:\/\/ninamartinelli.com.br\/blog2\/beleza-e-aconchego-bellini-cennere-e-destaque-em-novo-escritorio-de-arquitetura-em-campinas-sp\/\" \/>\n<meta property=\"og:locale\" content=\"pt_BR\" \/>\n<meta property=\"og:type\" content=\"article\" \/>\n<meta property=\"og:title\" content=\"Beleza e aconchego \u2013 Bellini Cennere \u00e9 destaque em novo escrit\u00f3rio de arquitetura em Campinas\/SP\" \/>\n<meta property=\"og:description\" content=\"Beleza e aconchego, dois atributos que a arquiteta Gabrielle Bonganha, de Campinas, buscava nos acabamentos para seu novo espa\u00e7o para receber clientes\" \/>\n<meta property=\"og:url\" content=\"https:\/\/ninamartinelli.com.br\/blog2\/beleza-e-aconchego-bellini-cennere-e-destaque-em-novo-escritorio-de-arquitetura-em-campinas-sp\/\" \/>\n<meta property=\"og:site_name\" content=\"Blog Nina\" \/>\n<meta property=\"article:published_time\" content=\"2022-10-19T14:11:20+00:00\" \/>\n<meta property=\"og:image\" content=\"https:\/\/ninamartinelli.com.br\/blog2\/wp-content\/uploads\/2022\/10\/gabo2-destacada-edit.jpg\" \/>\n\t<meta property=\"og:image:width\" content=\"1000\" \/>\n\t<meta property=\"og:image:height\" content=\"666\" \/>\n\t<meta property=\"og:image:type\" content=\"image\/jpeg\" \/>\n<meta name=\"author\" content=\"Ana Maria Devides\" \/>\n<meta name=\"twitter:card\" content=\"summary_large_image\" \/>\n<meta name=\"twitter:label1\" content=\"Escrito por\" \/>\n\t<meta name=\"twitter:data1\" content=\"Ana Maria Devides\" \/>\n\t<meta name=\"twitter:label2\" content=\"Est. tempo de leitura\" \/>\n\t<meta name=\"twitter:data2\" content=\"3 minutos\" \/>\n<script type=\"application\/ld+json\" class=\"yoast-schema-graph\">{\"@context\":\"https:\/\/schema.org\",\"@graph\":[{\"@type\":\"Article\",\"@id\":\"https:\/\/ninamartinelli.com.br\/blog2\/beleza-e-aconchego-bellini-cennere-e-destaque-em-novo-escritorio-de-arquitetura-em-campinas-sp\/#article\",\"isPartOf\":{\"@id\":\"https:\/\/ninamartinelli.com.br\/blog2\/beleza-e-aconchego-bellini-cennere-e-destaque-em-novo-escritorio-de-arquitetura-em-campinas-sp\/\"},\"author\":{\"name\":\"Ana Maria Devides\",\"@id\":\"https:\/\/ninamartinelli.com.br\/blog2\/#\/schema\/person\/43fbfb1d4cbe3b472995206b2bb06df5\"},\"headline\":\"Beleza e aconchego \u2013 Bellini Cennere \u00e9 destaque em novo escrit\u00f3rio de arquitetura em Campinas\/SP\",\"datePublished\":\"2022-10-19T14:11:20+00:00\",\"mainEntityOfPage\":{\"@id\":\"https:\/\/ninamartinelli.com.br\/blog2\/beleza-e-aconchego-bellini-cennere-e-destaque-em-novo-escritorio-de-arquitetura-em-campinas-sp\/\"},\"wordCount\":542,\"commentCount\":0,\"publisher\":{\"@id\":\"https:\/\/ninamartinelli.com.br\/blog2\/#organization\"},\"image\":{\"@id\":\"https:\/\/ninamartinelli.com.br\/blog2\/beleza-e-aconchego-bellini-cennere-e-destaque-em-novo-escritorio-de-arquitetura-em-campinas-sp\/#primaryimage\"},\"thumbnailUrl\":\"https:\/\/ninamartinelli.com.br\/blog2\/wp-content\/uploads\/2022\/10\/gabo2-destacada-edit.jpg\",\"keywords\":[\"area interna\",\"bricks\",\"Escolha do arquiteto; r\"],\"articleSection\":[\"Cer\u00e2mica\",\"Colezione Brick\",\"Revestimentos\"],\"inLanguage\":\"pt-BR\",\"potentialAction\":[{\"@type\":\"CommentAction\",\"name\":\"Comment\",\"target\":[\"https:\/\/ninamartinelli.com.br\/blog2\/beleza-e-aconchego-bellini-cennere-e-destaque-em-novo-escritorio-de-arquitetura-em-campinas-sp\/#respond\"]}]},{\"@type\":\"WebPage\",\"@id\":\"https:\/\/ninamartinelli.com.br\/blog2\/beleza-e-aconchego-bellini-cennere-e-destaque-em-novo-escritorio-de-arquitetura-em-campinas-sp\/\",\"url\":\"https:\/\/ninamartinelli.com.br\/blog2\/beleza-e-aconchego-bellini-cennere-e-destaque-em-novo-escritorio-de-arquitetura-em-campinas-sp\/\",\"name\":\"Beleza e aconchego \u2013 Bellini Cennere \u00e9 destaque em novo escrit\u00f3rio de arquitetura em Campinas\/SP\",\"isPartOf\":{\"@id\":\"https:\/\/ninamartinelli.com.br\/blog2\/#website\"},\"primaryImageOfPage\":{\"@id\":\"https:\/\/ninamartinelli.com.br\/blog2\/beleza-e-aconchego-bellini-cennere-e-destaque-em-novo-escritorio-de-arquitetura-em-campinas-sp\/#primaryimage\"},\"image\":{\"@id\":\"https:\/\/ninamartinelli.com.br\/blog2\/beleza-e-aconchego-bellini-cennere-e-destaque-em-novo-escritorio-de-arquitetura-em-campinas-sp\/#primaryimage\"},\"thumbnailUrl\":\"https:\/\/ninamartinelli.com.br\/blog2\/wp-content\/uploads\/2022\/10\/gabo2-destacada-edit.jpg\",\"datePublished\":\"2022-10-19T14:11:20+00:00\",\"description\":\"Beleza e aconchego, dois atributos que a arquiteta Gabrielle Bonganha, de Campinas, buscava nos acabamentos para seu novo espa\u00e7o para receber clientes\",\"breadcrumb\":{\"@id\":\"https:\/\/ninamartinelli.com.br\/blog2\/beleza-e-aconchego-bellini-cennere-e-destaque-em-novo-escritorio-de-arquitetura-em-campinas-sp\/#breadcrumb\"},\"inLanguage\":\"pt-BR\",\"potentialAction\":[{\"@type\":\"ReadAction\",\"target\":[\"https:\/\/ninamartinelli.com.br\/blog2\/beleza-e-aconchego-bellini-cennere-e-destaque-em-novo-escritorio-de-arquitetura-em-campinas-sp\/\"]}]},{\"@type\":\"ImageObject\",\"inLanguage\":\"pt-BR\",\"@id\":\"https:\/\/ninamartinelli.com.br\/blog2\/beleza-e-aconchego-bellini-cennere-e-destaque-em-novo-escritorio-de-arquitetura-em-campinas-sp\/#primaryimage\",\"url\":\"https:\/\/ninamartinelli.com.br\/blog2\/wp-content\/uploads\/2022\/10\/gabo2-destacada-edit.jpg\",\"contentUrl\":\"https:\/\/ninamartinelli.com.br\/blog2\/wp-content\/uploads\/2022\/10\/gabo2-destacada-edit.jpg\",\"width\":1000,\"height\":666},{\"@type\":\"BreadcrumbList\",\"@id\":\"https:\/\/ninamartinelli.com.br\/blog2\/beleza-e-aconchego-bellini-cennere-e-destaque-em-novo-escritorio-de-arquitetura-em-campinas-sp\/#breadcrumb\",\"itemListElement\":[{\"@type\":\"ListItem\",\"position\":1,\"name\":\"In\u00edcio\",\"item\":\"https:\/\/ninamartinelli.com.br\/blog2\/\"},{\"@type\":\"ListItem\",\"position\":2,\"name\":\"Beleza e aconchego \u2013 Bellini Cennere \u00e9 destaque em novo escrit\u00f3rio de arquitetura em Campinas\/SP\"}]},{\"@type\":\"WebSite\",\"@id\":\"https:\/\/ninamartinelli.com.br\/blog2\/#website\",\"url\":\"https:\/\/ninamartinelli.com.br\/blog2\/\",\"name\":\"Nina Martinelli\",\"description\":\"#Nina_Martinelli\",\"publisher\":{\"@id\":\"https:\/\/ninamartinelli.com.br\/blog2\/#organization\"},\"potentialAction\":[{\"@type\":\"SearchAction\",\"target\":{\"@type\":\"EntryPoint\",\"urlTemplate\":\"https:\/\/ninamartinelli.com.br\/blog2\/?s={search_term_string}\"},\"query-input\":{\"@type\":\"PropertyValueSpecification\",\"valueRequired\":true,\"valueName\":\"search_term_string\"}}],\"inLanguage\":\"pt-BR\"},{\"@type\":\"Organization\",\"@id\":\"https:\/\/ninamartinelli.com.br\/blog2\/#organization\",\"name\":\"Blog Novidades\",\"url\":\"https:\/\/ninamartinelli.com.br\/blog2\/\",\"logo\":{\"@type\":\"ImageObject\",\"inLanguage\":\"pt-BR\",\"@id\":\"https:\/\/ninamartinelli.com.br\/blog2\/#\/schema\/logo\/image\/\",\"url\":\"http:\/\/blog.ninamartinelli.com.br\/wp-content\/uploads\/2022\/03\/logo_nina_blog.png\",\"contentUrl\":\"http:\/\/blog.ninamartinelli.com.br\/wp-content\/uploads\/2022\/03\/logo_nina_blog.png\",\"width\":500,\"height\":104,\"caption\":\"Blog Novidades\"},\"image\":{\"@id\":\"https:\/\/ninamartinelli.com.br\/blog2\/#\/schema\/logo\/image\/\"}},{\"@type\":\"Person\",\"@id\":\"https:\/\/ninamartinelli.com.br\/blog2\/#\/schema\/person\/43fbfb1d4cbe3b472995206b2bb06df5\",\"name\":\"Ana Maria Devides\",\"image\":{\"@type\":\"ImageObject\",\"inLanguage\":\"pt-BR\",\"@id\":\"https:\/\/ninamartinelli.com.br\/blog2\/#\/schema\/person\/image\/\",\"url\":\"https:\/\/secure.gravatar.com\/avatar\/a03a82675d8bb3da8e5c5a6872db97be?s=96&d=mm&r=g\",\"contentUrl\":\"https:\/\/secure.gravatar.com\/avatar\/a03a82675d8bb3da8e5c5a6872db97be?s=96&d=mm&r=g\",\"caption\":\"Ana Maria Devides\"},\"url\":\"https:\/\/ninamartinelli.com.br\/blog2\/author\/assessoria-nina-martinelli\/\"}]}<\/script>\n<!-- \/ Yoast SEO plugin. -->","yoast_head_json":{"title":"Beleza e aconchego \u2013 Bellini Cennere \u00e9 destaque em novo escrit\u00f3rio de arquitetura em Campinas\/SP","description":"Beleza e aconchego, dois atributos que a arquiteta Gabrielle Bonganha, de Campinas, buscava nos acabamentos para seu novo espa\u00e7o para receber clientes","robots":{"index":"index","follow":"follow","max-snippet":"max-snippet:-1","max-image-preview":"max-image-preview:large","max-video-preview":"max-video-preview:-1"},"canonical":"https:\/\/ninamartinelli.com.br\/blog2\/beleza-e-aconchego-bellini-cennere-e-destaque-em-novo-escritorio-de-arquitetura-em-campinas-sp\/","og_locale":"pt_BR","og_type":"article","og_title":"Beleza e aconchego \u2013 Bellini Cennere \u00e9 destaque em novo escrit\u00f3rio de arquitetura em Campinas\/SP","og_description":"Beleza e aconchego, dois atributos que a arquiteta Gabrielle Bonganha, de Campinas, buscava nos acabamentos para seu novo espa\u00e7o para receber clientes","og_url":"https:\/\/ninamartinelli.com.br\/blog2\/beleza-e-aconchego-bellini-cennere-e-destaque-em-novo-escritorio-de-arquitetura-em-campinas-sp\/","og_site_name":"Blog Nina","article_published_time":"2022-10-19T14:11:20+00:00","og_image":[{"width":1000,"height":666,"url":"https:\/\/ninamartinelli.com.br\/blog2\/wp-content\/uploads\/2022\/10\/gabo2-destacada-edit.jpg","type":"image\/jpeg"}],"author":"Ana Maria Devides","twitter_card":"summary_large_image","twitter_misc":{"Escrito por":"Ana Maria Devides","Est. tempo de leitura":"3 minutos"},"schema":{"@context":"https:\/\/schema.org","@graph":[{"@type":"Article","@id":"https:\/\/ninamartinelli.com.br\/blog2\/beleza-e-aconchego-bellini-cennere-e-destaque-em-novo-escritorio-de-arquitetura-em-campinas-sp\/#article","isPartOf":{"@id":"https:\/\/ninamartinelli.com.br\/blog2\/beleza-e-aconchego-bellini-cennere-e-destaque-em-novo-escritorio-de-arquitetura-em-campinas-sp\/"},"author":{"name":"Ana Maria Devides","@id":"https:\/\/ninamartinelli.com.br\/blog2\/#\/schema\/person\/43fbfb1d4cbe3b472995206b2bb06df5"},"headline":"Beleza e aconchego \u2013 Bellini Cennere \u00e9 destaque em novo escrit\u00f3rio de arquitetura em Campinas\/SP","datePublished":"2022-10-19T14:11:20+00:00","mainEntityOfPage":{"@id":"https:\/\/ninamartinelli.com.br\/blog2\/beleza-e-aconchego-bellini-cennere-e-destaque-em-novo-escritorio-de-arquitetura-em-campinas-sp\/"},"wordCount":542,"commentCount":0,"publisher":{"@id":"https:\/\/ninamartinelli.com.br\/blog2\/#organization"},"image":{"@id":"https:\/\/ninamartinelli.com.br\/blog2\/beleza-e-aconchego-bellini-cennere-e-destaque-em-novo-escritorio-de-arquitetura-em-campinas-sp\/#primaryimage"},"thumbnailUrl":"https:\/\/ninamartinelli.com.br\/blog2\/wp-content\/uploads\/2022\/10\/gabo2-destacada-edit.jpg","keywords":["area interna","bricks","Escolha do arquiteto; r"],"articleSection":["Cer\u00e2mica","Colezione Brick","Revestimentos"],"inLanguage":"pt-BR","potentialAction":[{"@type":"CommentAction","name":"Comment","target":["https:\/\/ninamartinelli.com.br\/blog2\/beleza-e-aconchego-bellini-cennere-e-destaque-em-novo-escritorio-de-arquitetura-em-campinas-sp\/#respond"]}]},{"@type":"WebPage","@id":"https:\/\/ninamartinelli.com.br\/blog2\/beleza-e-aconchego-bellini-cennere-e-destaque-em-novo-escritorio-de-arquitetura-em-campinas-sp\/","url":"https:\/\/ninamartinelli.com.br\/blog2\/beleza-e-aconchego-bellini-cennere-e-destaque-em-novo-escritorio-de-arquitetura-em-campinas-sp\/","name":"Beleza e aconchego \u2013 Bellini Cennere \u00e9 destaque em novo escrit\u00f3rio de arquitetura em Campinas\/SP","isPartOf":{"@id":"https:\/\/ninamartinelli.com.br\/blog2\/#website"},"primaryImageOfPage":{"@id":"https:\/\/ninamartinelli.com.br\/blog2\/beleza-e-aconchego-bellini-cennere-e-destaque-em-novo-escritorio-de-arquitetura-em-campinas-sp\/#primaryimage"},"image":{"@id":"https:\/\/ninamartinelli.com.br\/blog2\/beleza-e-aconchego-bellini-cennere-e-destaque-em-novo-escritorio-de-arquitetura-em-campinas-sp\/#primaryimage"},"thumbnailUrl":"https:\/\/ninamartinelli.com.br\/blog2\/wp-content\/uploads\/2022\/10\/gabo2-destacada-edit.jpg","datePublished":"2022-10-19T14:11:20+00:00","description":"Beleza e aconchego, dois atributos que a arquiteta Gabrielle Bonganha, de Campinas, buscava nos acabamentos para seu novo espa\u00e7o para receber clientes","breadcrumb":{"@id":"https:\/\/ninamartinelli.com.br\/blog2\/beleza-e-aconchego-bellini-cennere-e-destaque-em-novo-escritorio-de-arquitetura-em-campinas-sp\/#breadcrumb"},"inLanguage":"pt-BR","potentialAction":[{"@type":"ReadAction","target":["https:\/\/ninamartinelli.com.br\/blog2\/beleza-e-aconchego-bellini-cennere-e-destaque-em-novo-escritorio-de-arquitetura-em-campinas-sp\/"]}]},{"@type":"ImageObject","inLanguage":"pt-BR","@id":"https:\/\/ninamartinelli.com.br\/blog2\/beleza-e-aconchego-bellini-cennere-e-destaque-em-novo-escritorio-de-arquitetura-em-campinas-sp\/#primaryimage","url":"https:\/\/ninamartinelli.com.br\/blog2\/wp-content\/uploads\/2022\/10\/gabo2-destacada-edit.jpg","contentUrl":"https:\/\/ninamartinelli.com.br\/blog2\/wp-content\/uploads\/2022\/10\/gabo2-destacada-edit.jpg","width":1000,"height":666},{"@type":"BreadcrumbList","@id":"https:\/\/ninamartinelli.com.br\/blog2\/beleza-e-aconchego-bellini-cennere-e-destaque-em-novo-escritorio-de-arquitetura-em-campinas-sp\/#breadcrumb","itemListElement":[{"@type":"ListItem","position":1,"name":"In\u00edcio","item":"https:\/\/ninamartinelli.com.br\/blog2\/"},{"@type":"ListItem","position":2,"name":"Beleza e aconchego \u2013 Bellini Cennere \u00e9 destaque em novo escrit\u00f3rio de arquitetura em Campinas\/SP"}]},{"@type":"WebSite","@id":"https:\/\/ninamartinelli.com.br\/blog2\/#website","url":"https:\/\/ninamartinelli.com.br\/blog2\/","name":"Nina Martinelli","description":"#Nina_Martinelli","publisher":{"@id":"https:\/\/ninamartinelli.com.br\/blog2\/#organization"},"potentialAction":[{"@type":"SearchAction","target":{"@type":"EntryPoint","urlTemplate":"https:\/\/ninamartinelli.com.br\/blog2\/?s={search_term_string}"},"query-input":{"@type":"PropertyValueSpecification","valueRequired":true,"valueName":"search_term_string"}}],"inLanguage":"pt-BR"},{"@type":"Organization","@id":"https:\/\/ninamartinelli.com.br\/blog2\/#organization","name":"Blog Novidades","url":"https:\/\/ninamartinelli.com.br\/blog2\/","logo":{"@type":"ImageObject","inLanguage":"pt-BR","@id":"https:\/\/ninamartinelli.com.br\/blog2\/#\/schema\/logo\/image\/","url":"http:\/\/blog.ninamartinelli.com.br\/wp-content\/uploads\/2022\/03\/logo_nina_blog.png","contentUrl":"http:\/\/blog.ninamartinelli.com.br\/wp-content\/uploads\/2022\/03\/logo_nina_blog.png","width":500,"height":104,"caption":"Blog Novidades"},"image":{"@id":"https:\/\/ninamartinelli.com.br\/blog2\/#\/schema\/logo\/image\/"}},{"@type":"Person","@id":"https:\/\/ninamartinelli.com.br\/blog2\/#\/schema\/person\/43fbfb1d4cbe3b472995206b2bb06df5","name":"Ana Maria Devides","image":{"@type":"ImageObject","inLanguage":"pt-BR","@id":"https:\/\/ninamartinelli.com.br\/blog2\/#\/schema\/person\/image\/","url":"https:\/\/secure.gravatar.com\/avatar\/a03a82675d8bb3da8e5c5a6872db97be?s=96&d=mm&r=g","contentUrl":"https:\/\/secure.gravatar.com\/avatar\/a03a82675d8bb3da8e5c5a6872db97be?s=96&d=mm&r=g","caption":"Ana Maria Devides"},"url":"https:\/\/ninamartinelli.com.br\/blog2\/author\/assessoria-nina-martinelli\/"}]}},"_links":{"self":[{"href":"https:\/\/ninamartinelli.com.br\/blog2\/wp-json\/wp\/v2\/posts\/1804","targetHints":{"allow":["GET"]}}],"collection":[{"href":"https:\/\/ninamartinelli.com.br\/blog2\/wp-json\/wp\/v2\/posts"}],"about":[{"href":"https:\/\/ninamartinelli.com.br\/blog2\/wp-json\/wp\/v2\/types\/post"}],"author":[{"embeddable":true,"href":"https:\/\/ninamartinelli.com.br\/blog2\/wp-json\/wp\/v2\/users\/2"}],"replies":[{"embeddable":true,"href":"https:\/\/ninamartinelli.com.br\/blog2\/wp-json\/wp\/v2\/comments?post=1804"}],"version-history":[{"count":1,"href":"https:\/\/ninamartinelli.com.br\/blog2\/wp-json\/wp\/v2\/posts\/1804\/revisions"}],"predecessor-version":[{"id":1807,"href":"https:\/\/ninamartinelli.com.br\/blog2\/wp-json\/wp\/v2\/posts\/1804\/revisions\/1807"}],"wp:featuredmedia":[{"embeddable":true,"href":"https:\/\/ninamartinelli.com.br\/blog2\/wp-json\/wp\/v2\/media\/1806"}],"wp:attachment":[{"href":"https:\/\/ninamartinelli.com.br\/blog2\/wp-json\/wp\/v2\/media?parent=1804"}],"wp:term":[{"taxonomy":"category","embeddable":true,"href":"https:\/\/ninamartinelli.com.br\/blog2\/wp-json\/wp\/v2\/categories?post=1804"},{"taxonomy":"post_tag","embeddable":true,"href":"https:\/\/ninamartinelli.com.br\/blog2\/wp-json\/wp\/v2\/tags?post=1804"}],"curies":[{"name":"wp","href":"https:\/\/api.w.org\/{rel}","templated":true}]}}