{"id":179,"date":"2017-03-27T09:47:07","date_gmt":"2017-03-27T12:47:07","guid":{"rendered":"http:\/\/ninamartinelli.com.br\/imprensa\/?p=179"},"modified":"2019-09-12T09:38:52","modified_gmt":"2019-09-12T12:38:52","slug":"lancamentos-expo-revestir-2017","status":"publish","type":"post","link":"https:\/\/ninamartinelli.com.br\/blog2\/lancamentos-expo-revestir-2017\/","title":{"rendered":"LAN\u00c7AMENTOS EXPO REVESTIR 2017"},"content":{"rendered":"<section class=\"av_textblock_section\">\n<div class=\"avia_textblock \">\n<p>Em sua 15\u00aa edi\u00e7\u00e3o, a Expo revestir continua a surpreender os visitantes. Considerada a mais importante feira de solu\u00e7\u00f5es em acabamentos para a constru\u00e7\u00e3o civil da Am\u00e9rica Latina, o evento, que aconteceu entre os dias 7 e 10 de mar\u00e7o, apresentou as tend\u00eancias do setor. Os grandes destaques foram os geom\u00e9tricos, com preto e branco, os 3Ds, as linhas assinadas, e os tropicais, em cores e materiais.<\/p>\n<p>De acordo com o presidente do F\u00f3rum Internacional de Arquitetura e Constru\u00e7\u00e3o e da Expo Revestir, Ant\u00f4nio Carlos Kieling, a ind\u00fastria brasileira de acabamentos atingiu o estado da arte em termos tecnol\u00f3gicos, com design atualizado e alta produtividade, uma das mais elevadas do mundo. \u201cA cada ano, aumenta o n\u00famero de empresas que lan\u00e7am cole\u00e7\u00f5es assinadas por profissionais que s\u00e3o refer\u00eancia do design brasileiro. S\u00e3o not\u00f3rios tamb\u00e9m os avan\u00e7os tecnol\u00f3gicos que permitem a customiza\u00e7\u00e3o de produtos\u201d, destaca.<\/p>\n<p>Confira abaixo as marcas que se destacaram:<\/p>\n<\/div>\n<\/section>\n<div id=\"av-masonry-1\" class=\"av-masonry noHover av-flex-size av-large-gap av-hover-overlay-active av-masonry-col-flexible av-caption-always av-masonry-gallery avia_sortable_active\">\n<div class=\"av-masonry-container isotope\">\n<div class=\"av-masonry-entry isotope-item av-masonry-item-no-image av-masonry-item-loaded\"><\/div>\n<div class=\"av-inner-masonry-sizer\"><\/div>\n<figure class=\"av-inner-masonry main_color\">\n<div class=\"av-masonry-outerimage-container\">\n<div class=\"av-masonry-image-container\"><img decoding=\"async\" title=\"Decortiles \u2013 linha Laca Black\" src=\"http:\/\/revistaplace.com.br\/wp-content\/uploads\/2017\/03\/1.-Decortiles-linha-Laca-Black-705x467.jpg\" alt=\"\" \/><\/div>\n<\/div><figcaption class=\"av-inner-masonry-content site-background\">\n<div class=\"av-inner-masonry-content-pos\">\n<div class=\"avia-arrow\"><\/div>\n<h3 class=\"av-masonry-entry-title entry-title\">Decortiles \u2013 linha Laca Black<\/h3>\n<div class=\"av-masonry-entry-content entry-content\">A cole\u00e7\u00e3o Laca Black, da Decortiles, do Grupo Eliane, recebeu o Pr\u00eamio &#8220;Best in Show &#8211; Ceramics of Brazil&#8221;, que elege os melhores produtos apresentados na feira. Um material muito utilizado nos mobili\u00e1rios orientais, com uma cor minimalista, por\u00e9m com bastante textura, o revestimento traz os tra\u00e7os do tempo sobre as superf\u00edcies com aplica\u00e7\u00e3o que se parece com a Laca. O efeito arranhado deixa a superf\u00edcie brilhante da laca com aspecto fosco.<\/div>\n<\/div>\n<\/figcaption><\/figure>\n<div class=\"av-inner-masonry-sizer\"><\/div>\n<figure class=\"av-inner-masonry main_color\">\n<div class=\"av-masonry-outerimage-container\">\n<div class=\"av-masonry-image-container\"><img decoding=\"async\" title=\"Roca \u2013 linha Inspira Square\" src=\"http:\/\/revistaplace.com.br\/wp-content\/uploads\/2017\/03\/2.-Roca-linha-Inspira-Square-1-705x498.jpg\" alt=\"\" \/><\/div>\n<\/div><figcaption class=\"av-inner-masonry-content site-background\">\n<div class=\"av-inner-masonry-content-pos\">\n<div class=\"avia-arrow\"><\/div>\n<h3 class=\"av-masonry-entry-title entry-title\">Roca \u2013 linha Inspira Square<\/h3>\n<div class=\"av-masonry-entry-content entry-content\">Seguindo uma tend\u00eancia mundial a Roca traz para a feira o mais completo portf\u00f3lio de bacias suspensas do mercado brasileiro, com destaque para a linha Square. Sucesso na Europa e Estados Unidos, este perfil de produto tem se destacado pela beleza, resist\u00eancia, in\u00fameras op\u00e7\u00f5es de modelos e praticidade de limpeza do ambiente.<\/div>\n<\/div>\n<\/figcaption><\/figure>\n<div class=\"av-inner-masonry-sizer\"><\/div>\n<figure class=\"av-inner-masonry main_color\">\n<div class=\"av-masonry-outerimage-container\">\n<div class=\"av-masonry-image-container\"><img decoding=\"async\" title=\"Portobello \u2013 linha Azuleja Flora Indigo\" src=\"http:\/\/revistaplace.com.br\/wp-content\/uploads\/2017\/03\/3.-Portobello-linha-Azuleja-Flora-Indigo-444x705.jpg\" alt=\"\" \/><\/div>\n<\/div><figcaption class=\"av-inner-masonry-content site-background\">\n<div class=\"av-inner-masonry-content-pos\">\n<div class=\"avia-arrow\"><\/div>\n<h3 class=\"av-masonry-entry-title entry-title\">Portobello \u2013 linha Azuleja Flora Indigo<\/h3>\n<div class=\"av-masonry-entry-content entry-content\">Ideal para a casa toda, a linha Azuleja possui quatro modelos, com destaque para a Flora que estiliza delicados desenhos a partir de padr\u00f5es de jardins ornamentais em tons modernos.<\/div>\n<\/div>\n<\/figcaption><\/figure>\n<div class=\"av-inner-masonry-sizer\"><\/div>\n<figure class=\"av-inner-masonry main_color\">\n<div class=\"av-masonry-outerimage-container\">\n<div class=\"av-masonry-image-container\"><img decoding=\"async\" title=\"Eliane Revestimentos \u2013 linha Munari Shadow Mix Blue\" src=\"http:\/\/revistaplace.com.br\/wp-content\/uploads\/2017\/03\/4.-Eliane-linha-Munari-Shadow-Mix-Blue-705x504.jpg\" alt=\"\" \/><\/div>\n<\/div><figcaption class=\"av-inner-masonry-content site-background\">\n<div class=\"av-inner-masonry-content-pos\">\n<div class=\"avia-arrow\"><\/div>\n<h3 class=\"av-masonry-entry-title entry-title\">Eliane Revestimentos \u2013 linha Munari Shadow Mix Blue<\/h3>\n<div class=\"av-masonry-entry-content entry-content\">Em uma releitura do tradicional ladrilho hidr\u00e1ulico, o porcelanato Munari Mix Blue nasce atemporal, neutro e vers\u00e1til, criando um mood s\u00f3brio com geometria assim\u00e9trica que prima pelo minimalismo.<\/div>\n<\/div>\n<\/figcaption><\/figure>\n<div class=\"av-inner-masonry-sizer\"><\/div>\n<figure class=\"av-inner-masonry main_color\">\n<div class=\"av-masonry-outerimage-container\">\n<div class=\"av-masonry-image-container\"><img decoding=\"async\" title=\"ViaRosa \u2013 linha Natura Chevron\" src=\"http:\/\/revistaplace.com.br\/wp-content\/uploads\/2017\/03\/5.-ViaRosa-linha-Natura-Chevron-705x412.jpg\" alt=\"\" \/><\/div>\n<\/div><figcaption class=\"av-inner-masonry-content site-background\">\n<div class=\"av-inner-masonry-content-pos\">\n<div class=\"avia-arrow\"><\/div>\n<h3 class=\"av-masonry-entry-title entry-title\">ViaRosa \u2013 linha Natura Chevron<\/h3>\n<div class=\"av-masonry-entry-content entry-content\">A estampa chevron, tend\u00eancias nas passarelas, agora aparece tamb\u00e9m na decora\u00e7\u00e3o. Pensando na uni\u00e3o da geometria com a sofistica\u00e7\u00e3o da madeira a ViaRosa lan\u00e7a o Natural Chevron. O produto com superf\u00edcie plana e textura acetinada \u00e9 indicado para \u00e1reas internas.<\/div>\n<\/div>\n<\/figcaption><\/figure>\n<div class=\"av-inner-masonry-sizer\"><\/div>\n<figure class=\"av-inner-masonry main_color\">\n<div class=\"av-masonry-outerimage-container\">\n<div class=\"av-masonry-image-container\"><img decoding=\"async\" title=\"ZEN Design \u2013 linha Break Wood\" src=\"http:\/\/revistaplace.com.br\/wp-content\/uploads\/2017\/03\/6.-ZEN-Design-linha-Break-Wood.jpg\" alt=\"\" \/><\/div>\n<\/div><figcaption class=\"av-inner-masonry-content site-background\">\n<div class=\"av-inner-masonry-content-pos\">\n<div class=\"avia-arrow\"><\/div>\n<h3 class=\"av-masonry-entry-title entry-title\">ZEN Design \u2013 linha Break Wood<\/h3>\n<div class=\"av-masonry-entry-content entry-content\">De linhas minimalistas, esta ma\u00e7aneta vers\u00e1til combina com diversos estilos de ambientes. Dispon\u00edvel em diversas vers\u00f5es, da mais clean \u00e0s mais rebuscadas, com pe\u00e7as revestidas por madeira Pinus autoclavado (resistente \u00e0 \u00e1gua), pedra revestida por granitos naturais ou cristais Swarovsky, este produto atende a uma diversidade de temas e conceitos do home decor.<\/div>\n<\/div>\n<\/figcaption><\/figure>\n<div class=\"av-inner-masonry-sizer\"><\/div>\n<figure class=\"av-inner-masonry main_color\">\n<div class=\"av-masonry-outerimage-container\">\n<div class=\"av-masonry-image-container\"><img decoding=\"async\" title=\"Nina Martinelli \u2013 linha Rendas by Laura Gransotto\" src=\"http:\/\/revistaplace.com.br\/wp-content\/uploads\/2017\/03\/7.-Nina-Martinelli-Rendas-by-Laura-Gransotto-705x698.jpg\" alt=\"\" \/><\/div>\n<\/div><figcaption class=\"av-inner-masonry-content site-background\">\n<div class=\"av-inner-masonry-content-pos\">\n<div class=\"avia-arrow\"><\/div>\n<h3 class=\"av-masonry-entry-title entry-title\">Nina Martinelli \u2013 linha Rendas by Laura Gransotto<\/h3>\n<div class=\"av-masonry-entry-content entry-content\">A cole\u00e7\u00e3o Rendas by Laura Gransoto explora os sentidos, a vis\u00e3o e o tato&#8230; Um revestimento sensorial indicado para fachadas externas e paredes internas<\/div>\n<\/div>\n<\/figcaption><\/figure>\n<div class=\"av-inner-masonry-sizer\"><\/div>\n<figure class=\"av-inner-masonry main_color\">\n<div class=\"av-masonry-outerimage-container\">\n<div class=\"av-masonry-image-container\"><img decoding=\"async\" title=\"Astra \u2013 Cuba Basalto\" src=\"http:\/\/revistaplace.com.br\/wp-content\/uploads\/2017\/03\/8.-Astra-Cuba-Basalto-705x286.jpg\" alt=\"\" \/><\/div>\n<\/div><figcaption class=\"av-inner-masonry-content site-background\">\n<div class=\"av-inner-masonry-content-pos\">\n<div class=\"avia-arrow\"><\/div>\n<h3 class=\"av-masonry-entry-title entry-title\">Astra \u2013 Cuba Basalto<\/h3>\n<div class=\"av-masonry-entry-content entry-content\">A cuba de basalto \u00e9 diferenciada por seu design e sofistica\u00e7\u00e3o. A sobriedade do item \u00e9 exposta por sua cor cinza escuro e acabamento r\u00fastico. O basalto \u00e9 uma rocha vulc\u00e2nica com textura de gr\u00e3os e alta durabilidade. Uma verdadeira pe\u00e7a da natureza em seu banheiro.<\/div>\n<\/div>\n<\/figcaption><\/figure>\n<div class=\"av-inner-masonry-sizer\"><\/div>\n<figure class=\"av-inner-masonry main_color\">\n<div class=\"av-masonry-outerimage-container\">\n<div class=\"av-masonry-image-container\"><img decoding=\"async\" title=\"Eucatex \u2013 linha Gran Elegance London\" src=\"http:\/\/revistaplace.com.br\/wp-content\/uploads\/2017\/03\/9.-Eucatex-linha-Gran-Elegance-London-1-705x423.jpg\" alt=\"\" \/><\/div>\n<\/div><figcaption class=\"av-inner-masonry-content site-background\">\n<div class=\"av-inner-masonry-content-pos\">\n<div class=\"avia-arrow\"><\/div>\n<h3 class=\"av-masonry-entry-title entry-title\">Eucatex \u2013 linha Gran Elegance London<\/h3>\n<div class=\"av-masonry-entry-content entry-content\">Inova\u00e7\u00e3o, tecnologia e muito charme marcam a nova linha dos pisos laminados Eucafloor, a Gran Elegance. Com r\u00e9guas de 45 cm de largura, a maior do segmento dispon\u00edvel no mercado, a novidade \u00e9 apresentada no padr\u00e3o London, que traz o desenho espinha de peixe.<\/div>\n<\/div>\n<\/figcaption><\/figure>\n<div class=\"av-inner-masonry-sizer\"><\/div>\n<figure class=\"av-inner-masonry main_color\">\n<div class=\"av-masonry-outerimage-container\">\n<div class=\"av-masonry-image-container\"><img decoding=\"async\" title=\"Cer\u00e2mica Portinari \u2013 linha Onice\" src=\"http:\/\/revistaplace.com.br\/wp-content\/uploads\/2017\/03\/10.-Cer%C3%A2mica-Portinari--705x336.jpg\" alt=\"\" \/><\/div>\n<\/div><figcaption class=\"av-inner-masonry-content site-background\">\n<div class=\"av-inner-masonry-content-pos\">\n<div class=\"avia-arrow\"><\/div>\n<h3 class=\"av-masonry-entry-title entry-title\">Cer\u00e2mica Portinari \u2013 linha Onice<\/h3>\n<div class=\"av-masonry-entry-content entry-content\">Uma das novas cole\u00e7\u00f5es da Cer\u00e2micas Portinari \u00e9 a Onice, inspirada no visual exuberante da pedra preciosa \u00f4nix, uma verdadeira joia, rara e exuberante. O porcelanato reproduz camadas da estrutura cristalina da pedra, com profundidade e efeitos causados pelos diferentes tons. Um verdadeiro tesouro descoberto, que, assim como toda pedra preciosa, guarda a lembran\u00e7a de momentos especiais e irradia exuber\u00e2ncia.<\/div>\n<\/div>\n<\/figcaption><\/figure>\n<div class=\"av-inner-masonry-sizer\"><\/div>\n<figure class=\"av-inner-masonry main_color\">\n<div class=\"av-masonry-outerimage-container\">\n<div class=\"av-masonry-image-container\"><img decoding=\"async\" title=\"Docol \u2013 linha DocolVitalis Oz\u00f4nio\" src=\"http:\/\/revistaplace.com.br\/wp-content\/uploads\/2017\/03\/11.-Docol-linha-Oz%C3%B4nio-1-705x705.jpg\" alt=\"\" \/><\/div>\n<\/div><figcaption class=\"av-inner-masonry-content site-background\">\n<div class=\"av-inner-masonry-content-pos\">\n<div class=\"avia-arrow\"><\/div>\n<h3 class=\"av-masonry-entry-title entry-title\">Docol \u2013 linha DocolVitalis Oz\u00f4nio<\/h3>\n<div class=\"av-masonry-entry-content entry-content\">Imagine um mundo livre das bact\u00e9rias que amea\u00e7am a nossa sa\u00fade e livre de agrot\u00f3xicos, onde frutas, legumes e verduras podem ser consumidos sem preocupa\u00e7\u00e3o. Roteiro de fic\u00e7\u00e3o cient\u00edfica? Pode at\u00e9 parecer, mas s\u00e3o esses os benef\u00edcios que a linha DocolVitalis Oz\u00f4nio oferece. Resultado de anos de pesquisas, a linha est\u00e1 baseada nas propriedades esterilizadoras do oz\u00f4nio (O\u00b3).<\/div>\n<\/div>\n<\/figcaption><\/figure>\n<div class=\"av-inner-masonry-sizer\"><\/div>\n<figure class=\"av-inner-masonry main_color\">\n<div class=\"av-masonry-outerimage-container\">\n<div class=\"av-masonry-image-container\"><img decoding=\"async\" title=\"Oca Brasil \u2013 linha Tropic\u00e1lia\" src=\"http:\/\/revistaplace.com.br\/wp-content\/uploads\/2017\/03\/12.-Oca-Brasil-Tropic%C3%A1lia-3.jpg\" alt=\"\" \/><\/div>\n<\/div><figcaption class=\"av-inner-masonry-content site-background\">\n<div class=\"av-inner-masonry-content-pos\">\n<div class=\"avia-arrow\"><\/div>\n<h3 class=\"av-masonry-entry-title entry-title\">Oca Brasil \u2013 linha Tropic\u00e1lia<\/h3>\n<div class=\"av-masonry-entry-content entry-content\">Uma cole\u00e7\u00e3o inspirada na fauna e na flora brasileira, com tucanos, palmeiras, costelas-de-ad\u00e3o, frutas e flores colorem o espa\u00e7o da Oca Brasil na Revestir. Laura Ahrons, imersa no clima da Bahia \u2013 estado onde mora atualmente -, em parceria com a designer de superf\u00edcie Renata Rubim, criou os revestimentos art\u00edsticos Tropic\u00e1lia com base de madeira de eucalipto e acabamento em laca. Greenery, definida pela Pantone como a cor de 2017, d\u00e1 vida aos produtos e sustenta o tom de novidade, juntamente com outros tons ocres, como laranja e mostarda.<\/div>\n<\/div>\n<\/figcaption><\/figure>\n<div class=\"av-inner-masonry-sizer\"><\/div>\n<figure class=\"av-inner-masonry main_color\">\n<div class=\"av-masonry-outerimage-container\">\n<div class=\"av-masonry-image-container\"><img decoding=\"async\" title=\"Colormix \u2013 Buxton\" src=\"http:\/\/revistaplace.com.br\/wp-content\/uploads\/2017\/03\/13.-Colormix-Buxton-498x705.jpg\" alt=\"\" \/><\/div>\n<\/div><figcaption class=\"av-inner-masonry-content site-background\">\n<div class=\"av-inner-masonry-content-pos\">\n<div class=\"avia-arrow\"><\/div>\n<h3 class=\"av-masonry-entry-title entry-title\">Colormix \u2013 Buxton<\/h3>\n<div class=\"av-masonry-entry-content entry-content\">O ladrilho Buxton possui inspira\u00e7\u00e3o na arquitetura do in\u00edcio do s\u00e9culo XX e influ\u00eancia proven\u00e7al. Com 20x20cm, as pe\u00e7as chegam dispon\u00edveis em tr\u00eas cores (arena, gris e neve) e possuem grande diferen\u00e7a de tonalidade, contribuindo para um aspecto mais natural e aconchegante. A novidade \u00e9 indicada para revestimentos de piso e parede.<\/div>\n<\/div>\n<\/figcaption><\/figure>\n<div class=\"av-inner-masonry-sizer\"><\/div>\n<figure class=\"av-inner-masonry main_color\">\n<div class=\"av-masonry-outerimage-container\">\n<div class=\"av-masonry-image-container\"><img decoding=\"async\" title=\"Formica \u2013 linha FX03 Forest\" src=\"http:\/\/revistaplace.com.br\/wp-content\/uploads\/2017\/03\/14.-Formica-FX03-Forest-1-472x705.jpg\" alt=\"\" \/><\/div>\n<\/div><figcaption class=\"av-inner-masonry-content site-background\">\n<div class=\"av-inner-masonry-content-pos\">\n<div class=\"avia-arrow\"><\/div>\n<h3 class=\"av-masonry-entry-title entry-title\">Formica \u2013 linha FX03 Forest<\/h3>\n<div class=\"av-masonry-entry-content entry-content\">A beleza das cores da flora brasileira em sintonia com as formas geom\u00e9tricas. Assim se comporta o lan\u00e7amento, que proporciona movimento e re\u00fane em seu conceito um mix de aspectos que remetem \u00e0 arte modernista do nosso pa\u00eds.<\/div>\n<\/div>\n<\/figcaption><\/figure>\n<div class=\"av-inner-masonry-sizer\"><\/div>\n<figure class=\"av-inner-masonry main_color\">\n<div class=\"av-masonry-outerimage-container\">\n<div class=\"av-masonry-image-container\"><img decoding=\"async\" title=\"Doka Bath Works \u2013 Barcelona Ros\u00e9 Gold\" src=\"http:\/\/revistaplace.com.br\/wp-content\/uploads\/2017\/03\/15.-Doka-Barcelona-Ros%C3%A9-Gold-705x529.jpg\" alt=\"\" \/><\/div>\n<\/div><figcaption class=\"av-inner-masonry-content site-background\">\n<div class=\"av-inner-masonry-content-pos\">\n<div class=\"avia-arrow\"><\/div>\n<h3 class=\"av-masonry-entry-title entry-title\">Doka Bath Works \u2013 Barcelona Ros\u00e9 Gold<\/h3>\n<div class=\"av-masonry-entry-content entry-content\">Apostando sempre em design, inova\u00e7\u00e3o e conforto, a Doka Bath Works apresenta ao mercado as vers\u00f5es de suas banheiras coloridas diretamente da f\u00e1brica. S\u00e3o sete tonalidades que podem proporcionar uma decora\u00e7\u00e3o moderna e diferenciada a qualquer tipo de banheiro e sala de banho, como a cor Ros\u00e9 Gold, que possui textura acetinada, pigmenta\u00e7\u00e3o metalizada e acabamento semi-fosco, tornando-se uma excelente alternativa para quem deseja compor ambientes requintados e com pe\u00e7as exclusivas de alto padr\u00e3o.<\/div>\n<\/div>\n<\/figcaption><\/figure>\n<\/div>\n<\/div>\n","protected":false},"excerpt":{"rendered":"<p>Em sua 15\u00aa edi\u00e7\u00e3o, a Expo revestir continua a surpreender os visitantes. Considerada a mais<\/p>\n","protected":false},"author":1,"featured_media":180,"comment_status":"open","ping_status":"open","sticky":false,"template":"","format":"standard","meta":{"footnotes":""},"categories":[8,48,19,26],"tags":[],"class_list":["post-179","post","type-post","status-publish","format-standard","has-post-thumbnail","hentry","category-colezione-cemento","category-expo-revestir","category-mostras-e-eventos","category-revestimentos"],"yoast_head":"<!-- This site is optimized with the Yoast SEO plugin v26.8 - https:\/\/yoast.com\/product\/yoast-seo-wordpress\/ -->\n<title>LAN\u00c7AMENTOS EXPO REVESTIR 2017 - Blog Nina<\/title>\n<meta name=\"robots\" content=\"index, follow, max-snippet:-1, max-image-preview:large, max-video-preview:-1\" \/>\n<link rel=\"canonical\" href=\"https:\/\/ninamartinelli.com.br\/blog2\/lancamentos-expo-revestir-2017\/\" \/>\n<meta property=\"og:locale\" content=\"pt_BR\" \/>\n<meta property=\"og:type\" content=\"article\" \/>\n<meta property=\"og:title\" content=\"LAN\u00c7AMENTOS EXPO REVESTIR 2017 - Blog Nina\" \/>\n<meta property=\"og:description\" content=\"Em sua 15\u00aa edi\u00e7\u00e3o, a Expo revestir continua a surpreender os visitantes. Considerada a mais\" \/>\n<meta property=\"og:url\" content=\"https:\/\/ninamartinelli.com.br\/blog2\/lancamentos-expo-revestir-2017\/\" \/>\n<meta property=\"og:site_name\" content=\"Blog Nina\" \/>\n<meta property=\"article:author\" content=\"http:\/\/facebook.com.br\/ninamartinellioficial\" \/>\n<meta property=\"article:published_time\" content=\"2017-03-27T12:47:07+00:00\" \/>\n<meta property=\"article:modified_time\" content=\"2019-09-12T12:38:52+00:00\" \/>\n<meta property=\"og:image\" content=\"https:\/\/ninamartinelli.com.br\/blog2\/wp-content\/uploads\/2017\/03\/7.-Nina-Martinelli-Rendas-by-Laura-Gransotto-705x698.jpg\" \/>\n\t<meta property=\"og:image:width\" content=\"705\" \/>\n\t<meta property=\"og:image:height\" content=\"698\" \/>\n\t<meta property=\"og:image:type\" content=\"image\/jpeg\" \/>\n<meta name=\"author\" content=\"Comunica\u00e7\u00e3o Nina\" \/>\n<meta name=\"twitter:card\" content=\"summary_large_image\" \/>\n<meta name=\"twitter:label1\" content=\"Escrito por\" \/>\n\t<meta name=\"twitter:data1\" content=\"Comunica\u00e7\u00e3o Nina\" \/>\n\t<meta name=\"twitter:label2\" content=\"Est. tempo de leitura\" \/>\n\t<meta name=\"twitter:data2\" content=\"5 minutos\" \/>\n<script type=\"application\/ld+json\" class=\"yoast-schema-graph\">{\"@context\":\"https:\/\/schema.org\",\"@graph\":[{\"@type\":\"Article\",\"@id\":\"https:\/\/ninamartinelli.com.br\/blog2\/lancamentos-expo-revestir-2017\/#article\",\"isPartOf\":{\"@id\":\"https:\/\/ninamartinelli.com.br\/blog2\/lancamentos-expo-revestir-2017\/\"},\"author\":{\"name\":\"Comunica\u00e7\u00e3o Nina\",\"@id\":\"https:\/\/ninamartinelli.com.br\/blog2\/#\/schema\/person\/880a2cdee0a047e9b55254085d24f922\"},\"headline\":\"LAN\u00c7AMENTOS EXPO REVESTIR 2017\",\"datePublished\":\"2017-03-27T12:47:07+00:00\",\"dateModified\":\"2019-09-12T12:38:52+00:00\",\"mainEntityOfPage\":{\"@id\":\"https:\/\/ninamartinelli.com.br\/blog2\/lancamentos-expo-revestir-2017\/\"},\"wordCount\":1078,\"commentCount\":0,\"publisher\":{\"@id\":\"https:\/\/ninamartinelli.com.br\/blog2\/#organization\"},\"image\":{\"@id\":\"https:\/\/ninamartinelli.com.br\/blog2\/lancamentos-expo-revestir-2017\/#primaryimage\"},\"thumbnailUrl\":\"https:\/\/ninamartinelli.com.br\/blog2\/wp-content\/uploads\/2017\/03\/7.-Nina-Martinelli-Rendas-by-Laura-Gransotto-705x698.jpg\",\"articleSection\":[\"Colezione Cemento\",\"EXPO Revestir\",\"Mostras e Eventos\",\"Revestimentos\"],\"inLanguage\":\"pt-BR\",\"potentialAction\":[{\"@type\":\"CommentAction\",\"name\":\"Comment\",\"target\":[\"https:\/\/ninamartinelli.com.br\/blog2\/lancamentos-expo-revestir-2017\/#respond\"]}]},{\"@type\":\"WebPage\",\"@id\":\"https:\/\/ninamartinelli.com.br\/blog2\/lancamentos-expo-revestir-2017\/\",\"url\":\"https:\/\/ninamartinelli.com.br\/blog2\/lancamentos-expo-revestir-2017\/\",\"name\":\"LAN\u00c7AMENTOS EXPO REVESTIR 2017 - Blog Nina\",\"isPartOf\":{\"@id\":\"https:\/\/ninamartinelli.com.br\/blog2\/#website\"},\"primaryImageOfPage\":{\"@id\":\"https:\/\/ninamartinelli.com.br\/blog2\/lancamentos-expo-revestir-2017\/#primaryimage\"},\"image\":{\"@id\":\"https:\/\/ninamartinelli.com.br\/blog2\/lancamentos-expo-revestir-2017\/#primaryimage\"},\"thumbnailUrl\":\"https:\/\/ninamartinelli.com.br\/blog2\/wp-content\/uploads\/2017\/03\/7.-Nina-Martinelli-Rendas-by-Laura-Gransotto-705x698.jpg\",\"datePublished\":\"2017-03-27T12:47:07+00:00\",\"dateModified\":\"2019-09-12T12:38:52+00:00\",\"breadcrumb\":{\"@id\":\"https:\/\/ninamartinelli.com.br\/blog2\/lancamentos-expo-revestir-2017\/#breadcrumb\"},\"inLanguage\":\"pt-BR\",\"potentialAction\":[{\"@type\":\"ReadAction\",\"target\":[\"https:\/\/ninamartinelli.com.br\/blog2\/lancamentos-expo-revestir-2017\/\"]}]},{\"@type\":\"ImageObject\",\"inLanguage\":\"pt-BR\",\"@id\":\"https:\/\/ninamartinelli.com.br\/blog2\/lancamentos-expo-revestir-2017\/#primaryimage\",\"url\":\"https:\/\/ninamartinelli.com.br\/blog2\/wp-content\/uploads\/2017\/03\/7.-Nina-Martinelli-Rendas-by-Laura-Gransotto-705x698.jpg\",\"contentUrl\":\"https:\/\/ninamartinelli.com.br\/blog2\/wp-content\/uploads\/2017\/03\/7.-Nina-Martinelli-Rendas-by-Laura-Gransotto-705x698.jpg\",\"width\":705,\"height\":698},{\"@type\":\"BreadcrumbList\",\"@id\":\"https:\/\/ninamartinelli.com.br\/blog2\/lancamentos-expo-revestir-2017\/#breadcrumb\",\"itemListElement\":[{\"@type\":\"ListItem\",\"position\":1,\"name\":\"In\u00edcio\",\"item\":\"https:\/\/ninamartinelli.com.br\/blog2\/\"},{\"@type\":\"ListItem\",\"position\":2,\"name\":\"LAN\u00c7AMENTOS EXPO REVESTIR 2017\"}]},{\"@type\":\"WebSite\",\"@id\":\"https:\/\/ninamartinelli.com.br\/blog2\/#website\",\"url\":\"https:\/\/ninamartinelli.com.br\/blog2\/\",\"name\":\"Nina Martinelli\",\"description\":\"#Nina_Martinelli\",\"publisher\":{\"@id\":\"https:\/\/ninamartinelli.com.br\/blog2\/#organization\"},\"potentialAction\":[{\"@type\":\"SearchAction\",\"target\":{\"@type\":\"EntryPoint\",\"urlTemplate\":\"https:\/\/ninamartinelli.com.br\/blog2\/?s={search_term_string}\"},\"query-input\":{\"@type\":\"PropertyValueSpecification\",\"valueRequired\":true,\"valueName\":\"search_term_string\"}}],\"inLanguage\":\"pt-BR\"},{\"@type\":\"Organization\",\"@id\":\"https:\/\/ninamartinelli.com.br\/blog2\/#organization\",\"name\":\"Blog Novidades\",\"url\":\"https:\/\/ninamartinelli.com.br\/blog2\/\",\"logo\":{\"@type\":\"ImageObject\",\"inLanguage\":\"pt-BR\",\"@id\":\"https:\/\/ninamartinelli.com.br\/blog2\/#\/schema\/logo\/image\/\",\"url\":\"http:\/\/blog.ninamartinelli.com.br\/wp-content\/uploads\/2022\/03\/logo_nina_blog.png\",\"contentUrl\":\"http:\/\/blog.ninamartinelli.com.br\/wp-content\/uploads\/2022\/03\/logo_nina_blog.png\",\"width\":500,\"height\":104,\"caption\":\"Blog Novidades\"},\"image\":{\"@id\":\"https:\/\/ninamartinelli.com.br\/blog2\/#\/schema\/logo\/image\/\"}},{\"@type\":\"Person\",\"@id\":\"https:\/\/ninamartinelli.com.br\/blog2\/#\/schema\/person\/880a2cdee0a047e9b55254085d24f922\",\"name\":\"Comunica\u00e7\u00e3o Nina\",\"image\":{\"@type\":\"ImageObject\",\"inLanguage\":\"pt-BR\",\"@id\":\"https:\/\/ninamartinelli.com.br\/blog2\/#\/schema\/person\/image\/\",\"url\":\"https:\/\/secure.gravatar.com\/avatar\/0d3d763fb83768dd001497d074d4c4f6?s=96&d=mm&r=g\",\"contentUrl\":\"https:\/\/secure.gravatar.com\/avatar\/0d3d763fb83768dd001497d074d4c4f6?s=96&d=mm&r=g\",\"caption\":\"Comunica\u00e7\u00e3o Nina\"},\"sameAs\":[\"http:\/\/ninamartinelli.com.br\",\"http:\/\/facebook.com.br\/ninamartinellioficial\",\"http:\/\/instagram.com\/ninamartinellioficial\"],\"url\":\"https:\/\/ninamartinelli.com.br\/blog2\/author\/nina\/\"}]}<\/script>\n<!-- \/ Yoast SEO plugin. -->","yoast_head_json":{"title":"LAN\u00c7AMENTOS EXPO REVESTIR 2017 - Blog Nina","robots":{"index":"index","follow":"follow","max-snippet":"max-snippet:-1","max-image-preview":"max-image-preview:large","max-video-preview":"max-video-preview:-1"},"canonical":"https:\/\/ninamartinelli.com.br\/blog2\/lancamentos-expo-revestir-2017\/","og_locale":"pt_BR","og_type":"article","og_title":"LAN\u00c7AMENTOS EXPO REVESTIR 2017 - Blog Nina","og_description":"Em sua 15\u00aa edi\u00e7\u00e3o, a Expo revestir continua a surpreender os visitantes. Considerada a mais","og_url":"https:\/\/ninamartinelli.com.br\/blog2\/lancamentos-expo-revestir-2017\/","og_site_name":"Blog Nina","article_author":"http:\/\/facebook.com.br\/ninamartinellioficial","article_published_time":"2017-03-27T12:47:07+00:00","article_modified_time":"2019-09-12T12:38:52+00:00","og_image":[{"width":705,"height":698,"url":"https:\/\/ninamartinelli.com.br\/blog2\/wp-content\/uploads\/2017\/03\/7.-Nina-Martinelli-Rendas-by-Laura-Gransotto-705x698.jpg","type":"image\/jpeg"}],"author":"Comunica\u00e7\u00e3o Nina","twitter_card":"summary_large_image","twitter_misc":{"Escrito por":"Comunica\u00e7\u00e3o Nina","Est. tempo de leitura":"5 minutos"},"schema":{"@context":"https:\/\/schema.org","@graph":[{"@type":"Article","@id":"https:\/\/ninamartinelli.com.br\/blog2\/lancamentos-expo-revestir-2017\/#article","isPartOf":{"@id":"https:\/\/ninamartinelli.com.br\/blog2\/lancamentos-expo-revestir-2017\/"},"author":{"name":"Comunica\u00e7\u00e3o Nina","@id":"https:\/\/ninamartinelli.com.br\/blog2\/#\/schema\/person\/880a2cdee0a047e9b55254085d24f922"},"headline":"LAN\u00c7AMENTOS EXPO REVESTIR 2017","datePublished":"2017-03-27T12:47:07+00:00","dateModified":"2019-09-12T12:38:52+00:00","mainEntityOfPage":{"@id":"https:\/\/ninamartinelli.com.br\/blog2\/lancamentos-expo-revestir-2017\/"},"wordCount":1078,"commentCount":0,"publisher":{"@id":"https:\/\/ninamartinelli.com.br\/blog2\/#organization"},"image":{"@id":"https:\/\/ninamartinelli.com.br\/blog2\/lancamentos-expo-revestir-2017\/#primaryimage"},"thumbnailUrl":"https:\/\/ninamartinelli.com.br\/blog2\/wp-content\/uploads\/2017\/03\/7.-Nina-Martinelli-Rendas-by-Laura-Gransotto-705x698.jpg","articleSection":["Colezione Cemento","EXPO Revestir","Mostras e Eventos","Revestimentos"],"inLanguage":"pt-BR","potentialAction":[{"@type":"CommentAction","name":"Comment","target":["https:\/\/ninamartinelli.com.br\/blog2\/lancamentos-expo-revestir-2017\/#respond"]}]},{"@type":"WebPage","@id":"https:\/\/ninamartinelli.com.br\/blog2\/lancamentos-expo-revestir-2017\/","url":"https:\/\/ninamartinelli.com.br\/blog2\/lancamentos-expo-revestir-2017\/","name":"LAN\u00c7AMENTOS EXPO REVESTIR 2017 - Blog Nina","isPartOf":{"@id":"https:\/\/ninamartinelli.com.br\/blog2\/#website"},"primaryImageOfPage":{"@id":"https:\/\/ninamartinelli.com.br\/blog2\/lancamentos-expo-revestir-2017\/#primaryimage"},"image":{"@id":"https:\/\/ninamartinelli.com.br\/blog2\/lancamentos-expo-revestir-2017\/#primaryimage"},"thumbnailUrl":"https:\/\/ninamartinelli.com.br\/blog2\/wp-content\/uploads\/2017\/03\/7.-Nina-Martinelli-Rendas-by-Laura-Gransotto-705x698.jpg","datePublished":"2017-03-27T12:47:07+00:00","dateModified":"2019-09-12T12:38:52+00:00","breadcrumb":{"@id":"https:\/\/ninamartinelli.com.br\/blog2\/lancamentos-expo-revestir-2017\/#breadcrumb"},"inLanguage":"pt-BR","potentialAction":[{"@type":"ReadAction","target":["https:\/\/ninamartinelli.com.br\/blog2\/lancamentos-expo-revestir-2017\/"]}]},{"@type":"ImageObject","inLanguage":"pt-BR","@id":"https:\/\/ninamartinelli.com.br\/blog2\/lancamentos-expo-revestir-2017\/#primaryimage","url":"https:\/\/ninamartinelli.com.br\/blog2\/wp-content\/uploads\/2017\/03\/7.-Nina-Martinelli-Rendas-by-Laura-Gransotto-705x698.jpg","contentUrl":"https:\/\/ninamartinelli.com.br\/blog2\/wp-content\/uploads\/2017\/03\/7.-Nina-Martinelli-Rendas-by-Laura-Gransotto-705x698.jpg","width":705,"height":698},{"@type":"BreadcrumbList","@id":"https:\/\/ninamartinelli.com.br\/blog2\/lancamentos-expo-revestir-2017\/#breadcrumb","itemListElement":[{"@type":"ListItem","position":1,"name":"In\u00edcio","item":"https:\/\/ninamartinelli.com.br\/blog2\/"},{"@type":"ListItem","position":2,"name":"LAN\u00c7AMENTOS EXPO REVESTIR 2017"}]},{"@type":"WebSite","@id":"https:\/\/ninamartinelli.com.br\/blog2\/#website","url":"https:\/\/ninamartinelli.com.br\/blog2\/","name":"Nina Martinelli","description":"#Nina_Martinelli","publisher":{"@id":"https:\/\/ninamartinelli.com.br\/blog2\/#organization"},"potentialAction":[{"@type":"SearchAction","target":{"@type":"EntryPoint","urlTemplate":"https:\/\/ninamartinelli.com.br\/blog2\/?s={search_term_string}"},"query-input":{"@type":"PropertyValueSpecification","valueRequired":true,"valueName":"search_term_string"}}],"inLanguage":"pt-BR"},{"@type":"Organization","@id":"https:\/\/ninamartinelli.com.br\/blog2\/#organization","name":"Blog Novidades","url":"https:\/\/ninamartinelli.com.br\/blog2\/","logo":{"@type":"ImageObject","inLanguage":"pt-BR","@id":"https:\/\/ninamartinelli.com.br\/blog2\/#\/schema\/logo\/image\/","url":"http:\/\/blog.ninamartinelli.com.br\/wp-content\/uploads\/2022\/03\/logo_nina_blog.png","contentUrl":"http:\/\/blog.ninamartinelli.com.br\/wp-content\/uploads\/2022\/03\/logo_nina_blog.png","width":500,"height":104,"caption":"Blog Novidades"},"image":{"@id":"https:\/\/ninamartinelli.com.br\/blog2\/#\/schema\/logo\/image\/"}},{"@type":"Person","@id":"https:\/\/ninamartinelli.com.br\/blog2\/#\/schema\/person\/880a2cdee0a047e9b55254085d24f922","name":"Comunica\u00e7\u00e3o Nina","image":{"@type":"ImageObject","inLanguage":"pt-BR","@id":"https:\/\/ninamartinelli.com.br\/blog2\/#\/schema\/person\/image\/","url":"https:\/\/secure.gravatar.com\/avatar\/0d3d763fb83768dd001497d074d4c4f6?s=96&d=mm&r=g","contentUrl":"https:\/\/secure.gravatar.com\/avatar\/0d3d763fb83768dd001497d074d4c4f6?s=96&d=mm&r=g","caption":"Comunica\u00e7\u00e3o Nina"},"sameAs":["http:\/\/ninamartinelli.com.br","http:\/\/facebook.com.br\/ninamartinellioficial","http:\/\/instagram.com\/ninamartinellioficial"],"url":"https:\/\/ninamartinelli.com.br\/blog2\/author\/nina\/"}]}},"_links":{"self":[{"href":"https:\/\/ninamartinelli.com.br\/blog2\/wp-json\/wp\/v2\/posts\/179","targetHints":{"allow":["GET"]}}],"collection":[{"href":"https:\/\/ninamartinelli.com.br\/blog2\/wp-json\/wp\/v2\/posts"}],"about":[{"href":"https:\/\/ninamartinelli.com.br\/blog2\/wp-json\/wp\/v2\/types\/post"}],"author":[{"embeddable":true,"href":"https:\/\/ninamartinelli.com.br\/blog2\/wp-json\/wp\/v2\/users\/1"}],"replies":[{"embeddable":true,"href":"https:\/\/ninamartinelli.com.br\/blog2\/wp-json\/wp\/v2\/comments?post=179"}],"version-history":[{"count":2,"href":"https:\/\/ninamartinelli.com.br\/blog2\/wp-json\/wp\/v2\/posts\/179\/revisions"}],"predecessor-version":[{"id":650,"href":"https:\/\/ninamartinelli.com.br\/blog2\/wp-json\/wp\/v2\/posts\/179\/revisions\/650"}],"wp:featuredmedia":[{"embeddable":true,"href":"https:\/\/ninamartinelli.com.br\/blog2\/wp-json\/wp\/v2\/media\/180"}],"wp:attachment":[{"href":"https:\/\/ninamartinelli.com.br\/blog2\/wp-json\/wp\/v2\/media?parent=179"}],"wp:term":[{"taxonomy":"category","embeddable":true,"href":"https:\/\/ninamartinelli.com.br\/blog2\/wp-json\/wp\/v2\/categories?post=179"},{"taxonomy":"post_tag","embeddable":true,"href":"https:\/\/ninamartinelli.com.br\/blog2\/wp-json\/wp\/v2\/tags?post=179"}],"curies":[{"name":"wp","href":"https:\/\/api.w.org\/{rel}","templated":true}]}}