{"id":1789,"date":"2022-10-13T17:41:43","date_gmt":"2022-10-13T20:41:43","guid":{"rendered":"http:\/\/blog.ninamartinelli.com.br\/?p=1789"},"modified":"2022-10-13T17:48:38","modified_gmt":"2022-10-13T20:48:38","slug":"casa-com-personalidade-cotto-vecchio-da-destaque-e-charme-a-casa-em-balneario-camboriu","status":"publish","type":"post","link":"https:\/\/ninamartinelli.com.br\/blog2\/casa-com-personalidade-cotto-vecchio-da-destaque-e-charme-a-casa-em-balneario-camboriu\/","title":{"rendered":"Casa com personalidade \u2013 Cotto Vecchio d\u00e1 destaque e charme a casa em Balne\u00e1rio Cambori\u00fa"},"content":{"rendered":"<p><strong><em>Casa com personalidade \u2013 revestimento que lembra tijolinhos \u00e0 vista traz um estilo norte-americano para resid\u00eancia em condom\u00ednio de alto padr\u00e3o em SC<\/em><\/strong><\/p>\n<p>Uma Casa com personalidade, que se destacasse, com charme e eleg\u00e2ncia, em meio a regi\u00f5es onde, seja por modismos ou por prefer\u00eancias mesmo, os im\u00f3veis foram ficando quase que padronizados.<\/p>\n<p>Uma constru\u00e7\u00e3o em que os telhados, ao inv\u00e9s de escondidos, fossem evidenciados. Uma resid\u00eancia com ar acolhedor, como aquelas de charmosos sub\u00farbios norte-americanos.<\/p>\n<p>Esses foram alguns dos principais desejos que uma fam\u00edlia de Balne\u00e1rio Cambori\u00fa, badalado destino de Santa Catarina, apresentaram \u00e0 arquiteta Natalia Gasparoto.<\/p>\n<p>O im\u00f3vel, de 375m<sup>2<\/sup>, fica num terreno plano de 770 m<sup>2<\/sup>, no Condom\u00ednio Haras Rio do Ouro, pr\u00f3ximo \u00e0s praias Central, Brava e do C\u00f4co. Uma regi\u00e3o bel\u00edssima.<\/p>\n<p>Nat\u00e1lia conta que os clientes trouxeram essa inspira\u00e7\u00e3o de uma outra resid\u00eancia, de tijolinhos aparentes, que viram num outro condom\u00ednio da regi\u00e3o.<\/p>\n<p><em>\u201cEles ficaram apaixonados. A partir da\u00ed n\u00f3s fizemos uma verdadeira investiga\u00e7\u00e3o\u201d<\/em>, conta ela, referindo-se ao esfor\u00e7o para identificar o produto utilizado, chegando \u00e0 informa\u00e7\u00e3o de que os tijolinhos eram, na verdade, o Cotto Vecchio Rosso 5,2x24cm, da Nina Martinelli Pisos e Revestimentos.<\/p>\n<p><img loading=\"lazy\" decoding=\"async\" class=\"wp-image-1793 alignright\" src=\"http:\/\/blog.ninamartinelli.com.br\/wp-content\/uploads\/2022\/10\/NATALIAGASPAROTO2-300x147.jpg\" alt=\"\" width=\"539\" height=\"264\" srcset=\"https:\/\/ninamartinelli.com.br\/blog2\/wp-content\/uploads\/2022\/10\/NATALIAGASPAROTO2-300x147.jpg 300w, https:\/\/ninamartinelli.com.br\/blog2\/wp-content\/uploads\/2022\/10\/NATALIAGASPAROTO2-768x376.jpg 768w, https:\/\/ninamartinelli.com.br\/blog2\/wp-content\/uploads\/2022\/10\/NATALIAGASPAROTO2.jpg 1000w\" sizes=\"auto, (max-width: 539px) 100vw, 539px\" \/><\/p>\n<p>Feito em cer\u00e2mica natural, com varia\u00e7\u00f5es t\u00edpicas de tonalidade e superf\u00edcie envelhecida, com arestas levemente desgastadas, o Cotto Vecchio \u00e9 disponibilizado em diversas outras medidas: 5,2x5x2 cm, 5,2&#215;11,5cm, 11,5&#215;11,5cm e, ainda, 24x24cm.<\/p>\n<p>Veja mais ambientes com Cotto Vecchio clicando <a href=\"http:\/\/blog.ninamartinelli.com.br\/wp-admin\/post.php?post=1607&amp;action=edit\">aqui<\/a><\/p>\n<p>Al\u00e9m do Rosso, tamb\u00e9m \u00e9 fabricado nos tons Paglia, Nero e Sfumato, e podem, inclusive ser em dimens\u00f5es combinadas, o que permite formar belas e exclusivas pagina\u00e7\u00f5es.<\/p>\n<h2><strong>Casa com personalidade \u2013 pedras e cer\u00e2mica<\/strong><\/h2>\n<p>Nat\u00e1lia optou por utilizar 360m<sup>2<\/sup> do produto, em pagina\u00e7\u00e3o de meia amarra\u00e7\u00e3o, 50\/50, recobrindo a casa quase por completo. Com exce\u00e7\u00e3o de alguns volumes, onde a arquiteta combinou o revestimento cer\u00e2mico com lascas de pedra Ar\u00e9, brancas, e esquadrias de PVC e gradis de serralheria art\u00edstica pintados em preto.<\/p>\n<p><img loading=\"lazy\" decoding=\"async\" class=\"size-medium wp-image-1792 alignleft\" src=\"http:\/\/blog.ninamartinelli.com.br\/wp-content\/uploads\/2022\/10\/NATALIAGASPAROTO4-300x200.jpg\" alt=\"\" width=\"300\" height=\"200\" srcset=\"https:\/\/ninamartinelli.com.br\/blog2\/wp-content\/uploads\/2022\/10\/NATALIAGASPAROTO4-300x200.jpg 300w, https:\/\/ninamartinelli.com.br\/blog2\/wp-content\/uploads\/2022\/10\/NATALIAGASPAROTO4-768x511.jpg 768w, https:\/\/ninamartinelli.com.br\/blog2\/wp-content\/uploads\/2022\/10\/NATALIAGASPAROTO4.jpg 1000w\" sizes=\"auto, (max-width: 300px) 100vw, 300px\" \/><\/p>\n<p>Um paisagismo delicado, leve e bem cuidado e ilumina\u00e7\u00e3o bem planejada conferiram muita delicadeza e harmonia ao projeto, cujo resultado agradou em cheio. \u201c<em>Tanto os clientes, quanto a gente, quanto tamb\u00e9m as pessoas que passam em frente \u00e0 casa. Todos amam e se admiram. Ela j\u00e1 \u00e9 conhecida no condom\u00ednio como \u2018a casa de tijolinhos\u2019<\/em>. Acabou ganhando realmente um destaque e virando refer\u00eancia\u201d, conclui a arquiteta.<\/p>\n<p>O resultado do trabalho chamou at\u00e9 mesmo a aten\u00e7\u00e3o da revista Destaque Decor, de grande relev\u00e2ncia no setor.<\/p>\n<p><strong>\u00a0<\/strong><\/p>\n<p><strong>Servi\u00e7o:<\/strong><\/p>\n<p><strong>Casa com personalidade \u2013 resid\u00eancia em Balne\u00e1rio Cambori\u00fa\/SC<\/strong><\/p>\n<p><strong>Produto: <\/strong>Cotto Vecchio Rosso \u2013 5,2x24cm<\/p>\n<p><strong>Projeto:<\/strong> Nat\u00e1lia Gasparoto \u2013 Nat\u00e1lia Gasparoto Arquitetura<\/p>\n<p><strong>Instagram<\/strong>: @nataliagasparotoarquitetura<\/p>\n<p><strong>Telefone\/WhatsApp:<\/strong> +55 47-9 9133-3313<\/p>\n<p><strong>Fotos<\/strong>: Nat\u00e1lia Gasparoto<\/p>\n","protected":false},"excerpt":{"rendered":"<p>Casa com personalidade \u2013 revestimento que lembra tijolinhos \u00e0 vista traz um estilo norte-americano para<\/p>\n","protected":false},"author":2,"featured_media":1790,"comment_status":"open","ping_status":"open","sticky":false,"template":"","format":"standard","meta":{"footnotes":""},"categories":[59,26],"tags":[39,148,69,38,66,63],"class_list":["post-1789","post","type-post","status-publish","format-standard","has-post-thumbnail","hentry","category-ceramica","category-revestimentos","tag-area-externa","tag-camboriu","tag-condominio","tag-cotto-vecchio","tag-fachada","tag-tijolinho"],"yoast_head":"<!-- This site is optimized with the Yoast SEO plugin v26.8 - https:\/\/yoast.com\/product\/yoast-seo-wordpress\/ -->\n<title>Casa com personalidade \u2013 Cotto Vecchio d\u00e1 destaque e charme a casa em Balne\u00e1rio Cambori\u00fa - Blog Nina<\/title>\n<meta name=\"description\" content=\"Uma Casa com personalidade, que se destaca, em meio a regi\u00f5es onde, seja por modismos ou por prefer\u00eancias, os im\u00f3veis foram ficando quase que padronizados.\" \/>\n<meta name=\"robots\" content=\"index, follow, max-snippet:-1, max-image-preview:large, max-video-preview:-1\" \/>\n<link rel=\"canonical\" href=\"https:\/\/ninamartinelli.com.br\/blog2\/casa-com-personalidade-cotto-vecchio-da-destaque-e-charme-a-casa-em-balneario-camboriu\/\" \/>\n<meta property=\"og:locale\" content=\"pt_BR\" \/>\n<meta property=\"og:type\" content=\"article\" \/>\n<meta property=\"og:title\" content=\"Casa com personalidade \u2013 Cotto Vecchio d\u00e1 destaque e charme a casa em Balne\u00e1rio Cambori\u00fa - Blog Nina\" \/>\n<meta property=\"og:description\" content=\"Uma Casa com personalidade, que se destaca, em meio a regi\u00f5es onde, seja por modismos ou por prefer\u00eancias, os im\u00f3veis foram ficando quase que padronizados.\" \/>\n<meta property=\"og:url\" content=\"https:\/\/ninamartinelli.com.br\/blog2\/casa-com-personalidade-cotto-vecchio-da-destaque-e-charme-a-casa-em-balneario-camboriu\/\" \/>\n<meta property=\"og:site_name\" content=\"Blog Nina\" \/>\n<meta property=\"article:published_time\" content=\"2022-10-13T20:41:43+00:00\" \/>\n<meta property=\"article:modified_time\" content=\"2022-10-13T20:48:38+00:00\" \/>\n<meta property=\"og:image\" content=\"https:\/\/ninamartinelli.com.br\/blog2\/wp-content\/uploads\/2022\/10\/NATALIAGASPAROTO1.jpg\" \/>\n\t<meta property=\"og:image:width\" content=\"1000\" \/>\n\t<meta property=\"og:image:height\" content=\"666\" \/>\n\t<meta property=\"og:image:type\" content=\"image\/jpeg\" \/>\n<meta name=\"author\" content=\"Ana Maria Devides\" \/>\n<meta name=\"twitter:card\" content=\"summary_large_image\" \/>\n<meta name=\"twitter:label1\" content=\"Escrito por\" \/>\n\t<meta name=\"twitter:data1\" content=\"Ana Maria Devides\" \/>\n\t<meta name=\"twitter:label2\" content=\"Est. tempo de leitura\" \/>\n\t<meta name=\"twitter:data2\" content=\"2 minutos\" \/>\n<script type=\"application\/ld+json\" class=\"yoast-schema-graph\">{\"@context\":\"https:\/\/schema.org\",\"@graph\":[{\"@type\":\"Article\",\"@id\":\"https:\/\/ninamartinelli.com.br\/blog2\/casa-com-personalidade-cotto-vecchio-da-destaque-e-charme-a-casa-em-balneario-camboriu\/#article\",\"isPartOf\":{\"@id\":\"https:\/\/ninamartinelli.com.br\/blog2\/casa-com-personalidade-cotto-vecchio-da-destaque-e-charme-a-casa-em-balneario-camboriu\/\"},\"author\":{\"name\":\"Ana Maria Devides\",\"@id\":\"https:\/\/ninamartinelli.com.br\/blog2\/#\/schema\/person\/43fbfb1d4cbe3b472995206b2bb06df5\"},\"headline\":\"Casa com personalidade \u2013 Cotto Vecchio d\u00e1 destaque e charme a casa em Balne\u00e1rio Cambori\u00fa\",\"datePublished\":\"2022-10-13T20:41:43+00:00\",\"dateModified\":\"2022-10-13T20:48:38+00:00\",\"mainEntityOfPage\":{\"@id\":\"https:\/\/ninamartinelli.com.br\/blog2\/casa-com-personalidade-cotto-vecchio-da-destaque-e-charme-a-casa-em-balneario-camboriu\/\"},\"wordCount\":491,\"commentCount\":0,\"publisher\":{\"@id\":\"https:\/\/ninamartinelli.com.br\/blog2\/#organization\"},\"image\":{\"@id\":\"https:\/\/ninamartinelli.com.br\/blog2\/casa-com-personalidade-cotto-vecchio-da-destaque-e-charme-a-casa-em-balneario-camboriu\/#primaryimage\"},\"thumbnailUrl\":\"https:\/\/ninamartinelli.com.br\/blog2\/wp-content\/uploads\/2022\/10\/NATALIAGASPAROTO1.jpg\",\"keywords\":[\"area externa\",\"Cambori\u00fa\",\"condominio\",\"cotto vecchio\",\"fachada\",\"tijolinho\"],\"articleSection\":[\"Cer\u00e2mica\",\"Revestimentos\"],\"inLanguage\":\"pt-BR\",\"potentialAction\":[{\"@type\":\"CommentAction\",\"name\":\"Comment\",\"target\":[\"https:\/\/ninamartinelli.com.br\/blog2\/casa-com-personalidade-cotto-vecchio-da-destaque-e-charme-a-casa-em-balneario-camboriu\/#respond\"]}]},{\"@type\":\"WebPage\",\"@id\":\"https:\/\/ninamartinelli.com.br\/blog2\/casa-com-personalidade-cotto-vecchio-da-destaque-e-charme-a-casa-em-balneario-camboriu\/\",\"url\":\"https:\/\/ninamartinelli.com.br\/blog2\/casa-com-personalidade-cotto-vecchio-da-destaque-e-charme-a-casa-em-balneario-camboriu\/\",\"name\":\"Casa com personalidade \u2013 Cotto Vecchio d\u00e1 destaque e charme a casa em Balne\u00e1rio Cambori\u00fa - Blog Nina\",\"isPartOf\":{\"@id\":\"https:\/\/ninamartinelli.com.br\/blog2\/#website\"},\"primaryImageOfPage\":{\"@id\":\"https:\/\/ninamartinelli.com.br\/blog2\/casa-com-personalidade-cotto-vecchio-da-destaque-e-charme-a-casa-em-balneario-camboriu\/#primaryimage\"},\"image\":{\"@id\":\"https:\/\/ninamartinelli.com.br\/blog2\/casa-com-personalidade-cotto-vecchio-da-destaque-e-charme-a-casa-em-balneario-camboriu\/#primaryimage\"},\"thumbnailUrl\":\"https:\/\/ninamartinelli.com.br\/blog2\/wp-content\/uploads\/2022\/10\/NATALIAGASPAROTO1.jpg\",\"datePublished\":\"2022-10-13T20:41:43+00:00\",\"dateModified\":\"2022-10-13T20:48:38+00:00\",\"description\":\"Uma Casa com personalidade, que se destaca, em meio a regi\u00f5es onde, seja por modismos ou por prefer\u00eancias, os im\u00f3veis foram ficando quase que padronizados.\",\"breadcrumb\":{\"@id\":\"https:\/\/ninamartinelli.com.br\/blog2\/casa-com-personalidade-cotto-vecchio-da-destaque-e-charme-a-casa-em-balneario-camboriu\/#breadcrumb\"},\"inLanguage\":\"pt-BR\",\"potentialAction\":[{\"@type\":\"ReadAction\",\"target\":[\"https:\/\/ninamartinelli.com.br\/blog2\/casa-com-personalidade-cotto-vecchio-da-destaque-e-charme-a-casa-em-balneario-camboriu\/\"]}]},{\"@type\":\"ImageObject\",\"inLanguage\":\"pt-BR\",\"@id\":\"https:\/\/ninamartinelli.com.br\/blog2\/casa-com-personalidade-cotto-vecchio-da-destaque-e-charme-a-casa-em-balneario-camboriu\/#primaryimage\",\"url\":\"https:\/\/ninamartinelli.com.br\/blog2\/wp-content\/uploads\/2022\/10\/NATALIAGASPAROTO1.jpg\",\"contentUrl\":\"https:\/\/ninamartinelli.com.br\/blog2\/wp-content\/uploads\/2022\/10\/NATALIAGASPAROTO1.jpg\",\"width\":1000,\"height\":666},{\"@type\":\"BreadcrumbList\",\"@id\":\"https:\/\/ninamartinelli.com.br\/blog2\/casa-com-personalidade-cotto-vecchio-da-destaque-e-charme-a-casa-em-balneario-camboriu\/#breadcrumb\",\"itemListElement\":[{\"@type\":\"ListItem\",\"position\":1,\"name\":\"In\u00edcio\",\"item\":\"https:\/\/ninamartinelli.com.br\/blog2\/\"},{\"@type\":\"ListItem\",\"position\":2,\"name\":\"Casa com personalidade \u2013 Cotto Vecchio d\u00e1 destaque e charme a casa em Balne\u00e1rio Cambori\u00fa\"}]},{\"@type\":\"WebSite\",\"@id\":\"https:\/\/ninamartinelli.com.br\/blog2\/#website\",\"url\":\"https:\/\/ninamartinelli.com.br\/blog2\/\",\"name\":\"Nina Martinelli\",\"description\":\"#Nina_Martinelli\",\"publisher\":{\"@id\":\"https:\/\/ninamartinelli.com.br\/blog2\/#organization\"},\"potentialAction\":[{\"@type\":\"SearchAction\",\"target\":{\"@type\":\"EntryPoint\",\"urlTemplate\":\"https:\/\/ninamartinelli.com.br\/blog2\/?s={search_term_string}\"},\"query-input\":{\"@type\":\"PropertyValueSpecification\",\"valueRequired\":true,\"valueName\":\"search_term_string\"}}],\"inLanguage\":\"pt-BR\"},{\"@type\":\"Organization\",\"@id\":\"https:\/\/ninamartinelli.com.br\/blog2\/#organization\",\"name\":\"Blog Novidades\",\"url\":\"https:\/\/ninamartinelli.com.br\/blog2\/\",\"logo\":{\"@type\":\"ImageObject\",\"inLanguage\":\"pt-BR\",\"@id\":\"https:\/\/ninamartinelli.com.br\/blog2\/#\/schema\/logo\/image\/\",\"url\":\"http:\/\/blog.ninamartinelli.com.br\/wp-content\/uploads\/2022\/03\/logo_nina_blog.png\",\"contentUrl\":\"http:\/\/blog.ninamartinelli.com.br\/wp-content\/uploads\/2022\/03\/logo_nina_blog.png\",\"width\":500,\"height\":104,\"caption\":\"Blog Novidades\"},\"image\":{\"@id\":\"https:\/\/ninamartinelli.com.br\/blog2\/#\/schema\/logo\/image\/\"}},{\"@type\":\"Person\",\"@id\":\"https:\/\/ninamartinelli.com.br\/blog2\/#\/schema\/person\/43fbfb1d4cbe3b472995206b2bb06df5\",\"name\":\"Ana Maria Devides\",\"image\":{\"@type\":\"ImageObject\",\"inLanguage\":\"pt-BR\",\"@id\":\"https:\/\/ninamartinelli.com.br\/blog2\/#\/schema\/person\/image\/\",\"url\":\"https:\/\/secure.gravatar.com\/avatar\/a03a82675d8bb3da8e5c5a6872db97be?s=96&d=mm&r=g\",\"contentUrl\":\"https:\/\/secure.gravatar.com\/avatar\/a03a82675d8bb3da8e5c5a6872db97be?s=96&d=mm&r=g\",\"caption\":\"Ana Maria Devides\"},\"url\":\"https:\/\/ninamartinelli.com.br\/blog2\/author\/assessoria-nina-martinelli\/\"}]}<\/script>\n<!-- \/ Yoast SEO plugin. -->","yoast_head_json":{"title":"Casa com personalidade \u2013 Cotto Vecchio d\u00e1 destaque e charme a casa em Balne\u00e1rio Cambori\u00fa - Blog Nina","description":"Uma Casa com personalidade, que se destaca, em meio a regi\u00f5es onde, seja por modismos ou por prefer\u00eancias, os im\u00f3veis foram ficando quase que padronizados.","robots":{"index":"index","follow":"follow","max-snippet":"max-snippet:-1","max-image-preview":"max-image-preview:large","max-video-preview":"max-video-preview:-1"},"canonical":"https:\/\/ninamartinelli.com.br\/blog2\/casa-com-personalidade-cotto-vecchio-da-destaque-e-charme-a-casa-em-balneario-camboriu\/","og_locale":"pt_BR","og_type":"article","og_title":"Casa com personalidade \u2013 Cotto Vecchio d\u00e1 destaque e charme a casa em Balne\u00e1rio Cambori\u00fa - Blog Nina","og_description":"Uma Casa com personalidade, que se destaca, em meio a regi\u00f5es onde, seja por modismos ou por prefer\u00eancias, os im\u00f3veis foram ficando quase que padronizados.","og_url":"https:\/\/ninamartinelli.com.br\/blog2\/casa-com-personalidade-cotto-vecchio-da-destaque-e-charme-a-casa-em-balneario-camboriu\/","og_site_name":"Blog Nina","article_published_time":"2022-10-13T20:41:43+00:00","article_modified_time":"2022-10-13T20:48:38+00:00","og_image":[{"width":1000,"height":666,"url":"https:\/\/ninamartinelli.com.br\/blog2\/wp-content\/uploads\/2022\/10\/NATALIAGASPAROTO1.jpg","type":"image\/jpeg"}],"author":"Ana Maria Devides","twitter_card":"summary_large_image","twitter_misc":{"Escrito por":"Ana Maria Devides","Est. tempo de leitura":"2 minutos"},"schema":{"@context":"https:\/\/schema.org","@graph":[{"@type":"Article","@id":"https:\/\/ninamartinelli.com.br\/blog2\/casa-com-personalidade-cotto-vecchio-da-destaque-e-charme-a-casa-em-balneario-camboriu\/#article","isPartOf":{"@id":"https:\/\/ninamartinelli.com.br\/blog2\/casa-com-personalidade-cotto-vecchio-da-destaque-e-charme-a-casa-em-balneario-camboriu\/"},"author":{"name":"Ana Maria Devides","@id":"https:\/\/ninamartinelli.com.br\/blog2\/#\/schema\/person\/43fbfb1d4cbe3b472995206b2bb06df5"},"headline":"Casa com personalidade \u2013 Cotto Vecchio d\u00e1 destaque e charme a casa em Balne\u00e1rio Cambori\u00fa","datePublished":"2022-10-13T20:41:43+00:00","dateModified":"2022-10-13T20:48:38+00:00","mainEntityOfPage":{"@id":"https:\/\/ninamartinelli.com.br\/blog2\/casa-com-personalidade-cotto-vecchio-da-destaque-e-charme-a-casa-em-balneario-camboriu\/"},"wordCount":491,"commentCount":0,"publisher":{"@id":"https:\/\/ninamartinelli.com.br\/blog2\/#organization"},"image":{"@id":"https:\/\/ninamartinelli.com.br\/blog2\/casa-com-personalidade-cotto-vecchio-da-destaque-e-charme-a-casa-em-balneario-camboriu\/#primaryimage"},"thumbnailUrl":"https:\/\/ninamartinelli.com.br\/blog2\/wp-content\/uploads\/2022\/10\/NATALIAGASPAROTO1.jpg","keywords":["area externa","Cambori\u00fa","condominio","cotto vecchio","fachada","tijolinho"],"articleSection":["Cer\u00e2mica","Revestimentos"],"inLanguage":"pt-BR","potentialAction":[{"@type":"CommentAction","name":"Comment","target":["https:\/\/ninamartinelli.com.br\/blog2\/casa-com-personalidade-cotto-vecchio-da-destaque-e-charme-a-casa-em-balneario-camboriu\/#respond"]}]},{"@type":"WebPage","@id":"https:\/\/ninamartinelli.com.br\/blog2\/casa-com-personalidade-cotto-vecchio-da-destaque-e-charme-a-casa-em-balneario-camboriu\/","url":"https:\/\/ninamartinelli.com.br\/blog2\/casa-com-personalidade-cotto-vecchio-da-destaque-e-charme-a-casa-em-balneario-camboriu\/","name":"Casa com personalidade \u2013 Cotto Vecchio d\u00e1 destaque e charme a casa em Balne\u00e1rio Cambori\u00fa - Blog Nina","isPartOf":{"@id":"https:\/\/ninamartinelli.com.br\/blog2\/#website"},"primaryImageOfPage":{"@id":"https:\/\/ninamartinelli.com.br\/blog2\/casa-com-personalidade-cotto-vecchio-da-destaque-e-charme-a-casa-em-balneario-camboriu\/#primaryimage"},"image":{"@id":"https:\/\/ninamartinelli.com.br\/blog2\/casa-com-personalidade-cotto-vecchio-da-destaque-e-charme-a-casa-em-balneario-camboriu\/#primaryimage"},"thumbnailUrl":"https:\/\/ninamartinelli.com.br\/blog2\/wp-content\/uploads\/2022\/10\/NATALIAGASPAROTO1.jpg","datePublished":"2022-10-13T20:41:43+00:00","dateModified":"2022-10-13T20:48:38+00:00","description":"Uma Casa com personalidade, que se destaca, em meio a regi\u00f5es onde, seja por modismos ou por prefer\u00eancias, os im\u00f3veis foram ficando quase que padronizados.","breadcrumb":{"@id":"https:\/\/ninamartinelli.com.br\/blog2\/casa-com-personalidade-cotto-vecchio-da-destaque-e-charme-a-casa-em-balneario-camboriu\/#breadcrumb"},"inLanguage":"pt-BR","potentialAction":[{"@type":"ReadAction","target":["https:\/\/ninamartinelli.com.br\/blog2\/casa-com-personalidade-cotto-vecchio-da-destaque-e-charme-a-casa-em-balneario-camboriu\/"]}]},{"@type":"ImageObject","inLanguage":"pt-BR","@id":"https:\/\/ninamartinelli.com.br\/blog2\/casa-com-personalidade-cotto-vecchio-da-destaque-e-charme-a-casa-em-balneario-camboriu\/#primaryimage","url":"https:\/\/ninamartinelli.com.br\/blog2\/wp-content\/uploads\/2022\/10\/NATALIAGASPAROTO1.jpg","contentUrl":"https:\/\/ninamartinelli.com.br\/blog2\/wp-content\/uploads\/2022\/10\/NATALIAGASPAROTO1.jpg","width":1000,"height":666},{"@type":"BreadcrumbList","@id":"https:\/\/ninamartinelli.com.br\/blog2\/casa-com-personalidade-cotto-vecchio-da-destaque-e-charme-a-casa-em-balneario-camboriu\/#breadcrumb","itemListElement":[{"@type":"ListItem","position":1,"name":"In\u00edcio","item":"https:\/\/ninamartinelli.com.br\/blog2\/"},{"@type":"ListItem","position":2,"name":"Casa com personalidade \u2013 Cotto Vecchio d\u00e1 destaque e charme a casa em Balne\u00e1rio Cambori\u00fa"}]},{"@type":"WebSite","@id":"https:\/\/ninamartinelli.com.br\/blog2\/#website","url":"https:\/\/ninamartinelli.com.br\/blog2\/","name":"Nina Martinelli","description":"#Nina_Martinelli","publisher":{"@id":"https:\/\/ninamartinelli.com.br\/blog2\/#organization"},"potentialAction":[{"@type":"SearchAction","target":{"@type":"EntryPoint","urlTemplate":"https:\/\/ninamartinelli.com.br\/blog2\/?s={search_term_string}"},"query-input":{"@type":"PropertyValueSpecification","valueRequired":true,"valueName":"search_term_string"}}],"inLanguage":"pt-BR"},{"@type":"Organization","@id":"https:\/\/ninamartinelli.com.br\/blog2\/#organization","name":"Blog Novidades","url":"https:\/\/ninamartinelli.com.br\/blog2\/","logo":{"@type":"ImageObject","inLanguage":"pt-BR","@id":"https:\/\/ninamartinelli.com.br\/blog2\/#\/schema\/logo\/image\/","url":"http:\/\/blog.ninamartinelli.com.br\/wp-content\/uploads\/2022\/03\/logo_nina_blog.png","contentUrl":"http:\/\/blog.ninamartinelli.com.br\/wp-content\/uploads\/2022\/03\/logo_nina_blog.png","width":500,"height":104,"caption":"Blog Novidades"},"image":{"@id":"https:\/\/ninamartinelli.com.br\/blog2\/#\/schema\/logo\/image\/"}},{"@type":"Person","@id":"https:\/\/ninamartinelli.com.br\/blog2\/#\/schema\/person\/43fbfb1d4cbe3b472995206b2bb06df5","name":"Ana Maria Devides","image":{"@type":"ImageObject","inLanguage":"pt-BR","@id":"https:\/\/ninamartinelli.com.br\/blog2\/#\/schema\/person\/image\/","url":"https:\/\/secure.gravatar.com\/avatar\/a03a82675d8bb3da8e5c5a6872db97be?s=96&d=mm&r=g","contentUrl":"https:\/\/secure.gravatar.com\/avatar\/a03a82675d8bb3da8e5c5a6872db97be?s=96&d=mm&r=g","caption":"Ana Maria Devides"},"url":"https:\/\/ninamartinelli.com.br\/blog2\/author\/assessoria-nina-martinelli\/"}]}},"_links":{"self":[{"href":"https:\/\/ninamartinelli.com.br\/blog2\/wp-json\/wp\/v2\/posts\/1789","targetHints":{"allow":["GET"]}}],"collection":[{"href":"https:\/\/ninamartinelli.com.br\/blog2\/wp-json\/wp\/v2\/posts"}],"about":[{"href":"https:\/\/ninamartinelli.com.br\/blog2\/wp-json\/wp\/v2\/types\/post"}],"author":[{"embeddable":true,"href":"https:\/\/ninamartinelli.com.br\/blog2\/wp-json\/wp\/v2\/users\/2"}],"replies":[{"embeddable":true,"href":"https:\/\/ninamartinelli.com.br\/blog2\/wp-json\/wp\/v2\/comments?post=1789"}],"version-history":[{"count":5,"href":"https:\/\/ninamartinelli.com.br\/blog2\/wp-json\/wp\/v2\/posts\/1789\/revisions"}],"predecessor-version":[{"id":1802,"href":"https:\/\/ninamartinelli.com.br\/blog2\/wp-json\/wp\/v2\/posts\/1789\/revisions\/1802"}],"wp:featuredmedia":[{"embeddable":true,"href":"https:\/\/ninamartinelli.com.br\/blog2\/wp-json\/wp\/v2\/media\/1790"}],"wp:attachment":[{"href":"https:\/\/ninamartinelli.com.br\/blog2\/wp-json\/wp\/v2\/media?parent=1789"}],"wp:term":[{"taxonomy":"category","embeddable":true,"href":"https:\/\/ninamartinelli.com.br\/blog2\/wp-json\/wp\/v2\/categories?post=1789"},{"taxonomy":"post_tag","embeddable":true,"href":"https:\/\/ninamartinelli.com.br\/blog2\/wp-json\/wp\/v2\/tags?post=1789"}],"curies":[{"name":"wp","href":"https:\/\/api.w.org\/{rel}","templated":true}]}}