{"id":176,"date":"2017-03-27T09:45:16","date_gmt":"2017-03-27T12:45:16","guid":{"rendered":"http:\/\/ninamartinelli.com.br\/imprensa\/?p=176"},"modified":"2019-09-12T09:39:11","modified_gmt":"2019-09-12T12:39:11","slug":"expo-revestir-2017-o-que-vimos-por-la","status":"publish","type":"post","link":"https:\/\/ninamartinelli.com.br\/blog2\/expo-revestir-2017-o-que-vimos-por-la\/","title":{"rendered":"EXPO REVESTIR 2017 \u2013 O que vimos por l\u00e1?"},"content":{"rendered":"<p>Quem a\u00ed ama\u00a0metalizados, cobog\u00f3s e pe\u00e7as em 3d?<\/p>\n<p>Esse ano foi poss\u00edvel observar que eles est\u00e3o em alta e cada vez mais as marcas investem em acabamentos e design de pe\u00e7as. Passeando pelos estandes da <strong>Expo Revestir 2017<\/strong>\u00a0foi poss\u00edvel ver a diversidade de materiais\u00a0dispon\u00edveis no mercado.<\/p>\n<p><strong>Met\u00e1licos:\u00a0<\/strong>O metal sempre foi um elemento valioso e n\u00e3o s\u00f3 por causa do brilho especial que fornece a qualquer espa\u00e7o mas tamb\u00e9m devido \u00e0 sua capacidade em\u00a0refletir a luz. \u00c9 tamb\u00e9m muito vers\u00e1til e se adapta e se mistura com qualquer estilo de decora\u00e7\u00e3o.<\/p>\n<p>&nbsp;<\/p>\n<p><strong>Revestimento 3D:\u00a0<\/strong>Para dar mais personalidade e sofistica\u00e7\u00e3o \u00e0 decora\u00e7\u00e3o e trazer novas texturas e sensa\u00e7\u00f5es aos ambientes os revestimentos 3D v\u00eam ganhando cada vez mais destaque. A tend\u00eancia cresce tamb\u00e9m pela facilidade de aplica\u00e7\u00e3o dos produtos e pela variedade de materiais, formas e tamanhos.<\/p>\n<p>&nbsp;<\/p>\n<p><strong>Porcelanosa<\/strong><img loading=\"lazy\" decoding=\"async\" class=\"alignleft size-full wp-image-1247\" src=\"http:\/\/www.indicadecor.com.br\/wp-content\/uploads\/2017\/03\/revestimento-cobog%C3%B3-dourado-ros%C3%AA-rosenbaum-divis%C3%B3ria-luxo-arquitetura-decora%C3%A7%C3%A3o-1.jpg\" sizes=\"auto, (max-width: 750px) 100vw, 750px\" srcset=\"http:\/\/www.indicadecor.com.br\/wp-content\/uploads\/2017\/03\/revestimento-cobog\u00f3-dourado-ros\u00ea-rosenbaum-divis\u00f3ria-luxo-arquitetura-decora\u00e7\u00e3o-1.jpg 750w, http:\/\/www.indicadecor.com.br\/wp-content\/uploads\/2017\/03\/revestimento-cobog\u00f3-dourado-ros\u00ea-rosenbaum-divis\u00f3ria-luxo-arquitetura-decora\u00e7\u00e3o-1-150x150.jpg 150w, http:\/\/www.indicadecor.com.br\/wp-content\/uploads\/2017\/03\/revestimento-cobog\u00f3-dourado-ros\u00ea-rosenbaum-divis\u00f3ria-luxo-arquitetura-decora\u00e7\u00e3o-1-300x300.jpg 300w, http:\/\/www.indicadecor.com.br\/wp-content\/uploads\/2017\/03\/revestimento-cobog\u00f3-dourado-ros\u00ea-rosenbaum-divis\u00f3ria-luxo-arquitetura-decora\u00e7\u00e3o-1-50x50.jpg 50w\" alt=\"\" width=\"750\" height=\"750\" \/><br \/>\n<img loading=\"lazy\" decoding=\"async\" class=\"size-full wp-image-1249 alignnone\" src=\"http:\/\/www.indicadecor.com.br\/wp-content\/uploads\/2017\/03\/revestimento-cobog%C3%B3-dourado-ros%C3%AA-rosenbaum-divis%C3%B3ria-luxo-arquitetura-decora%C3%A7%C3%A3o-2.jpg\" sizes=\"auto, (max-width: 1000px) 100vw, 1000px\" srcset=\"http:\/\/www.indicadecor.com.br\/wp-content\/uploads\/2017\/03\/revestimento-cobog\u00f3-dourado-ros\u00ea-rosenbaum-divis\u00f3ria-luxo-arquitetura-decora\u00e7\u00e3o-2.jpg 1000w, http:\/\/www.indicadecor.com.br\/wp-content\/uploads\/2017\/03\/revestimento-cobog\u00f3-dourado-ros\u00ea-rosenbaum-divis\u00f3ria-luxo-arquitetura-decora\u00e7\u00e3o-2-300x225.jpg 300w, http:\/\/www.indicadecor.com.br\/wp-content\/uploads\/2017\/03\/revestimento-cobog\u00f3-dourado-ros\u00ea-rosenbaum-divis\u00f3ria-luxo-arquitetura-decora\u00e7\u00e3o-2-768x576.jpg 768w\" alt=\"\" width=\"1000\" height=\"750\" \/>Tanto a alta qualidade como a resist\u00eancia dos materiais cer\u00e2micos da porcelanosa tornam poss\u00edveis os projetos em bronze e ros\u00e9. Al\u00e9m de ultrapassar o estilo convencional podem ser introduzidos nas paredes de espa\u00e7os exigentes como cozinhas ou banheiros<\/p>\n<p>&nbsp;<\/p>\n<p><strong>Santa Luzia<\/strong><img loading=\"lazy\" decoding=\"async\" class=\"size-full wp-image-1250 alignleft\" src=\"http:\/\/www.indicadecor.com.br\/wp-content\/uploads\/2017\/03\/revestimento-cobog%C3%B3-dourado-ros%C3%AA-rosenbaum-divis%C3%B3ria-luxo-arquitetura-decora%C3%A7%C3%A3o-3.jpg\" sizes=\"auto, (max-width: 720px) 100vw, 720px\" srcset=\"http:\/\/www.indicadecor.com.br\/wp-content\/uploads\/2017\/03\/revestimento-cobog\u00f3-dourado-ros\u00ea-rosenbaum-divis\u00f3ria-luxo-arquitetura-decora\u00e7\u00e3o-3.jpg 720w, http:\/\/www.indicadecor.com.br\/wp-content\/uploads\/2017\/03\/revestimento-cobog\u00f3-dourado-ros\u00ea-rosenbaum-divis\u00f3ria-luxo-arquitetura-decora\u00e7\u00e3o-3-300x255.jpg 300w\" alt=\"\" width=\"720\" height=\"613\" \/><\/p>\n<p>Revestimento produzido em poliuretano reciclado, leve e de f\u00e1cil instala\u00e7\u00e3o. Est\u00e1 dispon\u00edvel nas cores Preto, Branco, Ouro e Ouro Ros\u00ea<\/p>\n<p>&nbsp;<\/p>\n<p><strong>Cobog\u00f3s:\u00a0<\/strong>Nos tr\u00f3picos a luz do sol incide de forma generosa. Os elementos vazados desenham a sombra nos pisos e paredes e causa um efeito que transforma todo o ambiente para quem o v\u00ea desde o exterior e interior. Durante as esta\u00e7\u00f5es e ao longo dos dias essa luz natural\u00a0surge de diferentes formas como um componente\u00a0que sobrev\u00e9m na Arquitetura. No decorrer da noite,\u00a0a luz artificial\u00a0atravessa os pequenos v\u00e3os do interior para o exterior, tornando a arquitetura uma esp\u00e9cie de lumin\u00e1ria urbana\u00a0que interage com as sombras de seus usu\u00e1rios e mobili\u00e1rio.<\/p>\n<p>&nbsp;<\/p>\n<p><strong>Manufatti<\/strong><img loading=\"lazy\" decoding=\"async\" class=\"size-full wp-image-1248 alignleft\" src=\"http:\/\/www.indicadecor.com.br\/wp-content\/uploads\/2017\/03\/revestimento-cobog%C3%B3-dourado-ros%C3%AA-rosenbaum-divis%C3%B3ria-luxo-arquitetura-decora%C3%A7%C3%A3o-1.png\" sizes=\"auto, (max-width: 640px) 100vw, 640px\" srcset=\"http:\/\/www.indicadecor.com.br\/wp-content\/uploads\/2017\/03\/revestimento-cobog\u00f3-dourado-ros\u00ea-rosenbaum-divis\u00f3ria-luxo-arquitetura-decora\u00e7\u00e3o-1.png 640w, http:\/\/www.indicadecor.com.br\/wp-content\/uploads\/2017\/03\/revestimento-cobog\u00f3-dourado-ros\u00ea-rosenbaum-divis\u00f3ria-luxo-arquitetura-decora\u00e7\u00e3o-1-264x300.png 264w\" alt=\"\" width=\"640\" height=\"726\" \/><\/p>\n<p>A linha Argilla, grande novidade da marca, vem com uma pegada r\u00fastica e marcante criada a partir da argila na sua composi\u00e7\u00e3o pura e dispon\u00edvel nas cores Natural, Off White e Carbono. J\u00e1 a cole\u00e7\u00e3o Porcellana tem como principal caracter\u00edstica seu design inusitado com quinze op\u00e7\u00f5es diferentes de pe\u00e7as em in\u00fameras varia\u00e7\u00f5es de cores especiais que variam de tons fortes como cobalto, jeans, petr\u00f3leo ou nas cores metalizadas que surgem nas vers\u00f5es de p\u00e9rola, grafite, furta cor e bronze, entre outros.<img loading=\"lazy\" decoding=\"async\" class=\"size-full wp-image-1251 alignleft\" src=\"http:\/\/www.indicadecor.com.br\/wp-content\/uploads\/2017\/03\/revestimento-cobog%C3%B3-dourado-ros%C3%AA-rosenbaum-divis%C3%B3ria-luxo-arquitetura-decora%C3%A7%C3%A3o-4.jpg\" sizes=\"auto, (max-width: 1056px) 100vw, 1056px\" srcset=\"http:\/\/www.indicadecor.com.br\/wp-content\/uploads\/2017\/03\/revestimento-cobog\u00f3-dourado-ros\u00ea-rosenbaum-divis\u00f3ria-luxo-arquitetura-decora\u00e7\u00e3o-4.jpg 1056w, http:\/\/www.indicadecor.com.br\/wp-content\/uploads\/2017\/03\/revestimento-cobog\u00f3-dourado-ros\u00ea-rosenbaum-divis\u00f3ria-luxo-arquitetura-decora\u00e7\u00e3o-4-300x135.jpg 300w, http:\/\/www.indicadecor.com.br\/wp-content\/uploads\/2017\/03\/revestimento-cobog\u00f3-dourado-ros\u00ea-rosenbaum-divis\u00f3ria-luxo-arquitetura-decora\u00e7\u00e3o-4-768x346.jpg 768w, http:\/\/www.indicadecor.com.br\/wp-content\/uploads\/2017\/03\/revestimento-cobog\u00f3-dourado-ros\u00ea-rosenbaum-divis\u00f3ria-luxo-arquitetura-decora\u00e7\u00e3o-4-1024x462.jpg 1024w\" alt=\"\" width=\"1056\" height=\"476\" \/><\/p>\n<p>Os revestimentos 3D da manufatti est\u00e3o um arraso. Reparem que s\u00e3o iluminados.<\/p>\n<p><img loading=\"lazy\" decoding=\"async\" class=\"alignleft size-full wp-image-1252\" src=\"http:\/\/www.indicadecor.com.br\/wp-content\/uploads\/2017\/03\/revestimento-cobog%C3%B3-dourado-ros%C3%AA-rosenbaum-divis%C3%B3ria-luxo-arquitetura-decora%C3%A7%C3%A3o-5.jpg\" sizes=\"auto, (max-width: 640px) 100vw, 640px\" srcset=\"http:\/\/www.indicadecor.com.br\/wp-content\/uploads\/2017\/03\/revestimento-cobog\u00f3-dourado-ros\u00ea-rosenbaum-divis\u00f3ria-luxo-arquitetura-decora\u00e7\u00e3o-5.jpg 640w, http:\/\/www.indicadecor.com.br\/wp-content\/uploads\/2017\/03\/revestimento-cobog\u00f3-dourado-ros\u00ea-rosenbaum-divis\u00f3ria-luxo-arquitetura-decora\u00e7\u00e3o-5-150x150.jpg 150w, http:\/\/www.indicadecor.com.br\/wp-content\/uploads\/2017\/03\/revestimento-cobog\u00f3-dourado-ros\u00ea-rosenbaum-divis\u00f3ria-luxo-arquitetura-decora\u00e7\u00e3o-5-300x300.jpg 300w, http:\/\/www.indicadecor.com.br\/wp-content\/uploads\/2017\/03\/revestimento-cobog\u00f3-dourado-ros\u00ea-rosenbaum-divis\u00f3ria-luxo-arquitetura-decora\u00e7\u00e3o-5-50x50.jpg 50w\" alt=\"\" width=\"640\" height=\"640\" \/><\/p>\n<p><strong>\u00a0<\/strong><\/p>\n<p>&nbsp;<\/p>\n<p><strong>Decortiles<\/strong><img loading=\"lazy\" decoding=\"async\" class=\"size-full wp-image-1253 alignleft\" src=\"http:\/\/www.indicadecor.com.br\/wp-content\/uploads\/2017\/03\/revestimento-cobog%C3%B3-dourado-ros%C3%AA-rosenbaum-divis%C3%B3ria-luxo-arquitetura-decora%C3%A7%C3%A3o-6.jpg\" sizes=\"auto, (max-width: 972px) 100vw, 972px\" srcset=\"http:\/\/www.indicadecor.com.br\/wp-content\/uploads\/2017\/03\/revestimento-cobog\u00f3-dourado-ros\u00ea-rosenbaum-divis\u00f3ria-luxo-arquitetura-decora\u00e7\u00e3o-6.jpg 972w, http:\/\/www.indicadecor.com.br\/wp-content\/uploads\/2017\/03\/revestimento-cobog\u00f3-dourado-ros\u00ea-rosenbaum-divis\u00f3ria-luxo-arquitetura-decora\u00e7\u00e3o-6-300x149.jpg 300w, http:\/\/www.indicadecor.com.br\/wp-content\/uploads\/2017\/03\/revestimento-cobog\u00f3-dourado-ros\u00ea-rosenbaum-divis\u00f3ria-luxo-arquitetura-decora\u00e7\u00e3o-6-768x381.jpg 768w\" alt=\"\" width=\"972\" height=\"482\" \/><\/p>\n<p>Revestimento 3D na cor figo.<\/p>\n<p><img loading=\"lazy\" decoding=\"async\" class=\"alignleft size-full wp-image-1254\" src=\"http:\/\/www.indicadecor.com.br\/wp-content\/uploads\/2017\/03\/revestimento-cobog%C3%B3-dourado-ros%C3%AA-rosenbaum-divis%C3%B3ria-luxo-arquitetura-decora%C3%A7%C3%A3o-7.jpg\" sizes=\"auto, (max-width: 620px) 100vw, 620px\" srcset=\"http:\/\/www.indicadecor.com.br\/wp-content\/uploads\/2017\/03\/revestimento-cobog\u00f3-dourado-ros\u00ea-rosenbaum-divis\u00f3ria-luxo-arquitetura-decora\u00e7\u00e3o-7.jpg 620w, http:\/\/www.indicadecor.com.br\/wp-content\/uploads\/2017\/03\/revestimento-cobog\u00f3-dourado-ros\u00ea-rosenbaum-divis\u00f3ria-luxo-arquitetura-decora\u00e7\u00e3o-7-150x150.jpg 150w, http:\/\/www.indicadecor.com.br\/wp-content\/uploads\/2017\/03\/revestimento-cobog\u00f3-dourado-ros\u00ea-rosenbaum-divis\u00f3ria-luxo-arquitetura-decora\u00e7\u00e3o-7-300x300.jpg 300w, http:\/\/www.indicadecor.com.br\/wp-content\/uploads\/2017\/03\/revestimento-cobog\u00f3-dourado-ros\u00ea-rosenbaum-divis\u00f3ria-luxo-arquitetura-decora\u00e7\u00e3o-7-50x50.jpg 50w\" alt=\"\" width=\"620\" height=\"620\" \/><\/p>\n<p>O cobog\u00f3 assinado pela designer Calu Fontes para a Decortiles.<\/p>\n<p>&nbsp;<\/p>\n<p><strong>Santa Luzia<\/strong><img loading=\"lazy\" decoding=\"async\" class=\"size-full wp-image-1255 alignleft\" src=\"http:\/\/www.indicadecor.com.br\/wp-content\/uploads\/2017\/03\/revestimento-cobog%C3%B3-dourado-ros%C3%AA-rosenbaum-divis%C3%B3ria-luxo-arquitetura-decora%C3%A7%C3%A3o-8.jpg\" sizes=\"auto, (max-width: 620px) 100vw, 620px\" srcset=\"http:\/\/www.indicadecor.com.br\/wp-content\/uploads\/2017\/03\/revestimento-cobog\u00f3-dourado-ros\u00ea-rosenbaum-divis\u00f3ria-luxo-arquitetura-decora\u00e7\u00e3o-8.jpg 620w, http:\/\/www.indicadecor.com.br\/wp-content\/uploads\/2017\/03\/revestimento-cobog\u00f3-dourado-ros\u00ea-rosenbaum-divis\u00f3ria-luxo-arquitetura-decora\u00e7\u00e3o-8-225x300.jpg 225w\" alt=\"\" width=\"620\" height=\"827\" \/><\/p>\n<p>Santa Luzia trouxe uma linha de revestimento inspirada nas escamas de peixes brasileiros. O produto reutiliza o poliuretano e foi criado por Marcelo Rosenbaum e o Fetiche.<\/p>\n<p>&nbsp;<\/p>\n<p><strong>Solarium<\/strong><img loading=\"lazy\" decoding=\"async\" class=\"size-full wp-image-1256 alignleft\" src=\"http:\/\/www.indicadecor.com.br\/wp-content\/uploads\/2017\/03\/revestimento-cobog%C3%B3-dourado-ros%C3%AA-rosenbaum-divis%C3%B3ria-luxo-arquitetura-decora%C3%A7%C3%A3o-9.jpg\" sizes=\"auto, (max-width: 870px) 100vw, 870px\" srcset=\"http:\/\/www.indicadecor.com.br\/wp-content\/uploads\/2017\/03\/revestimento-cobog\u00f3-dourado-ros\u00ea-rosenbaum-divis\u00f3ria-luxo-arquitetura-decora\u00e7\u00e3o-9.jpg 870w, http:\/\/www.indicadecor.com.br\/wp-content\/uploads\/2017\/03\/revestimento-cobog\u00f3-dourado-ros\u00ea-rosenbaum-divis\u00f3ria-luxo-arquitetura-decora\u00e7\u00e3o-9-300x169.jpg 300w, http:\/\/www.indicadecor.com.br\/wp-content\/uploads\/2017\/03\/revestimento-cobog\u00f3-dourado-ros\u00ea-rosenbaum-divis\u00f3ria-luxo-arquitetura-decora\u00e7\u00e3o-9-768x433.jpg 768w\" alt=\"\" width=\"870\" height=\"490\" \/><\/p>\n<p>Para a Solarium, o designer Zanini de Zanine desenhou a linha losangular Jo\u00e1 e o cobog\u00f3 Leno, na foto, que receberam grande influ\u00eancia da linha de racioc\u00ednio de Athos Bulc\u00e3o.<\/p>\n<p>&nbsp;<\/p>\n<p><strong>Nina Martinelli:<\/strong><strong>\u00a0<\/strong>A cole\u00e7\u00e3o Cemento de cobog\u00f3s \u00e9 fabricada em concreto arquitet\u00f4nico.<img loading=\"lazy\" decoding=\"async\" class=\"size-full wp-image-1257 alignnone\" src=\"http:\/\/www.indicadecor.com.br\/wp-content\/uploads\/2017\/03\/revestimento-cobog%C3%B3-dourado-ros%C3%AA-rosenbaum-divis%C3%B3ria-luxo-arquitetura-decora%C3%A7%C3%A3o-10.jpg\" sizes=\"auto, (max-width: 928px) 100vw, 928px\" srcset=\"http:\/\/www.indicadecor.com.br\/wp-content\/uploads\/2017\/03\/revestimento-cobog\u00f3-dourado-ros\u00ea-rosenbaum-divis\u00f3ria-luxo-arquitetura-decora\u00e7\u00e3o-10.jpg 928w, http:\/\/www.indicadecor.com.br\/wp-content\/uploads\/2017\/03\/revestimento-cobog\u00f3-dourado-ros\u00ea-rosenbaum-divis\u00f3ria-luxo-arquitetura-decora\u00e7\u00e3o-10-300x169.jpg 300w, http:\/\/www.indicadecor.com.br\/wp-content\/uploads\/2017\/03\/revestimento-cobog\u00f3-dourado-ros\u00ea-rosenbaum-divis\u00f3ria-luxo-arquitetura-decora\u00e7\u00e3o-10-768x432.jpg 768w\" alt=\"\" width=\"928\" height=\"522\" \/><\/p>\n<p>&nbsp;<\/p>\n<p><strong>Passeio<\/strong><img loading=\"lazy\" decoding=\"async\" class=\"size-full wp-image-1258 alignleft\" src=\"http:\/\/www.indicadecor.com.br\/wp-content\/uploads\/2017\/03\/revestimento-cobog%C3%B3-dourado-ros%C3%AA-rosenbaum-divis%C3%B3ria-luxo-arquitetura-decora%C3%A7%C3%A3o-11.jpg\" sizes=\"auto, (max-width: 768px) 100vw, 768px\" srcset=\"http:\/\/www.indicadecor.com.br\/wp-content\/uploads\/2017\/03\/revestimento-cobog\u00f3-dourado-ros\u00ea-rosenbaum-divis\u00f3ria-luxo-arquitetura-decora\u00e7\u00e3o-11.jpg 768w, http:\/\/www.indicadecor.com.br\/wp-content\/uploads\/2017\/03\/revestimento-cobog\u00f3-dourado-ros\u00ea-rosenbaum-divis\u00f3ria-luxo-arquitetura-decora\u00e7\u00e3o-11-241x300.jpg 241w\" alt=\"\" width=\"768\" height=\"957\" \/><\/p>\n<p>O cobog\u00f3 <strong>Itacoa, <\/strong>pode ser utilizado tanto em ambientes externos quanto internos. Pode servir de base para jardins verticais \u2013 veja mais sobre eles <a href=\"http:\/\/www.indicadecor.com.br\/jardim-vertical-como-ter-o-seu\/\" target=\"_blank\" rel=\"noopener noreferrer\">aqui<\/a>\u00a0\u2013 ou simplesmente como parte da veda\u00e7\u00e3o externa de casas baixas. Em ambientes internos, pode fazer belos biombos em halls de entrada, com ou sem vegeta\u00e7\u00e3o e ainda integrar, sem abrir completamente, ambientes cont\u00edguos como livings e jantares, cozinhas e \u00e1reas de servi\u00e7o, entre tantas outras ideias.<\/p>\n<p>FONTE:\u00a0http:\/\/www.indicadecor.com.br\/1240-2\/<\/p>\n","protected":false},"excerpt":{"rendered":"<p>Quem a\u00ed ama\u00a0metalizados, cobog\u00f3s e pe\u00e7as em 3d? Esse ano foi poss\u00edvel observar que eles<\/p>\n","protected":false},"author":1,"featured_media":177,"comment_status":"open","ping_status":"open","sticky":false,"template":"","format":"standard","meta":{"footnotes":""},"categories":[48,19],"tags":[],"class_list":["post-176","post","type-post","status-publish","format-standard","has-post-thumbnail","hentry","category-expo-revestir","category-mostras-e-eventos"],"yoast_head":"<!-- This site is optimized with the Yoast SEO plugin v26.8 - https:\/\/yoast.com\/product\/yoast-seo-wordpress\/ -->\n<title>EXPO REVESTIR 2017 \u2013 O que vimos por l\u00e1? - Blog Nina<\/title>\n<meta name=\"robots\" content=\"index, follow, max-snippet:-1, max-image-preview:large, max-video-preview:-1\" \/>\n<link rel=\"canonical\" href=\"https:\/\/ninamartinelli.com.br\/blog2\/expo-revestir-2017-o-que-vimos-por-la\/\" \/>\n<meta property=\"og:locale\" content=\"pt_BR\" \/>\n<meta property=\"og:type\" content=\"article\" \/>\n<meta property=\"og:title\" content=\"EXPO REVESTIR 2017 \u2013 O que vimos por l\u00e1? - Blog Nina\" \/>\n<meta property=\"og:description\" content=\"Quem a\u00ed ama\u00a0metalizados, cobog\u00f3s e pe\u00e7as em 3d? Esse ano foi poss\u00edvel observar que eles\" \/>\n<meta property=\"og:url\" content=\"https:\/\/ninamartinelli.com.br\/blog2\/expo-revestir-2017-o-que-vimos-por-la\/\" \/>\n<meta property=\"og:site_name\" content=\"Blog Nina\" \/>\n<meta property=\"article:author\" content=\"http:\/\/facebook.com.br\/ninamartinellioficial\" \/>\n<meta property=\"article:published_time\" content=\"2017-03-27T12:45:16+00:00\" \/>\n<meta property=\"article:modified_time\" content=\"2019-09-12T12:39:11+00:00\" \/>\n<meta property=\"og:image\" content=\"https:\/\/ninamartinelli.com.br\/blog2\/wp-content\/uploads\/2017\/03\/revestimento-cobog\u00f3-dourado-ros\u00ea-rosenbaum-divis\u00f3ria-luxo-arquitetura-decora\u00e7\u00e3o-10.jpg\" \/>\n\t<meta property=\"og:image:width\" content=\"928\" \/>\n\t<meta property=\"og:image:height\" content=\"522\" \/>\n\t<meta property=\"og:image:type\" content=\"image\/jpeg\" \/>\n<meta name=\"author\" content=\"Comunica\u00e7\u00e3o Nina\" \/>\n<meta name=\"twitter:card\" content=\"summary_large_image\" \/>\n<meta name=\"twitter:label1\" content=\"Escrito por\" \/>\n\t<meta name=\"twitter:data1\" content=\"Comunica\u00e7\u00e3o Nina\" \/>\n\t<meta name=\"twitter:label2\" content=\"Est. tempo de leitura\" \/>\n\t<meta name=\"twitter:data2\" content=\"3 minutos\" \/>\n<script type=\"application\/ld+json\" class=\"yoast-schema-graph\">{\"@context\":\"https:\/\/schema.org\",\"@graph\":[{\"@type\":\"Article\",\"@id\":\"https:\/\/ninamartinelli.com.br\/blog2\/expo-revestir-2017-o-que-vimos-por-la\/#article\",\"isPartOf\":{\"@id\":\"https:\/\/ninamartinelli.com.br\/blog2\/expo-revestir-2017-o-que-vimos-por-la\/\"},\"author\":{\"name\":\"Comunica\u00e7\u00e3o Nina\",\"@id\":\"https:\/\/ninamartinelli.com.br\/blog2\/#\/schema\/person\/880a2cdee0a047e9b55254085d24f922\"},\"headline\":\"EXPO REVESTIR 2017 \u2013 O que vimos por l\u00e1?\",\"datePublished\":\"2017-03-27T12:45:16+00:00\",\"dateModified\":\"2019-09-12T12:39:11+00:00\",\"mainEntityOfPage\":{\"@id\":\"https:\/\/ninamartinelli.com.br\/blog2\/expo-revestir-2017-o-que-vimos-por-la\/\"},\"wordCount\":630,\"commentCount\":0,\"publisher\":{\"@id\":\"https:\/\/ninamartinelli.com.br\/blog2\/#organization\"},\"image\":{\"@id\":\"https:\/\/ninamartinelli.com.br\/blog2\/expo-revestir-2017-o-que-vimos-por-la\/#primaryimage\"},\"thumbnailUrl\":\"https:\/\/ninamartinelli.com.br\/blog2\/wp-content\/uploads\/2017\/03\/revestimento-cobog\u00f3-dourado-ros\u00ea-rosenbaum-divis\u00f3ria-luxo-arquitetura-decora\u00e7\u00e3o-10.jpg\",\"articleSection\":[\"EXPO Revestir\",\"Mostras e Eventos\"],\"inLanguage\":\"pt-BR\",\"potentialAction\":[{\"@type\":\"CommentAction\",\"name\":\"Comment\",\"target\":[\"https:\/\/ninamartinelli.com.br\/blog2\/expo-revestir-2017-o-que-vimos-por-la\/#respond\"]}]},{\"@type\":\"WebPage\",\"@id\":\"https:\/\/ninamartinelli.com.br\/blog2\/expo-revestir-2017-o-que-vimos-por-la\/\",\"url\":\"https:\/\/ninamartinelli.com.br\/blog2\/expo-revestir-2017-o-que-vimos-por-la\/\",\"name\":\"EXPO REVESTIR 2017 \u2013 O que vimos por l\u00e1? - Blog Nina\",\"isPartOf\":{\"@id\":\"https:\/\/ninamartinelli.com.br\/blog2\/#website\"},\"primaryImageOfPage\":{\"@id\":\"https:\/\/ninamartinelli.com.br\/blog2\/expo-revestir-2017-o-que-vimos-por-la\/#primaryimage\"},\"image\":{\"@id\":\"https:\/\/ninamartinelli.com.br\/blog2\/expo-revestir-2017-o-que-vimos-por-la\/#primaryimage\"},\"thumbnailUrl\":\"https:\/\/ninamartinelli.com.br\/blog2\/wp-content\/uploads\/2017\/03\/revestimento-cobog\u00f3-dourado-ros\u00ea-rosenbaum-divis\u00f3ria-luxo-arquitetura-decora\u00e7\u00e3o-10.jpg\",\"datePublished\":\"2017-03-27T12:45:16+00:00\",\"dateModified\":\"2019-09-12T12:39:11+00:00\",\"breadcrumb\":{\"@id\":\"https:\/\/ninamartinelli.com.br\/blog2\/expo-revestir-2017-o-que-vimos-por-la\/#breadcrumb\"},\"inLanguage\":\"pt-BR\",\"potentialAction\":[{\"@type\":\"ReadAction\",\"target\":[\"https:\/\/ninamartinelli.com.br\/blog2\/expo-revestir-2017-o-que-vimos-por-la\/\"]}]},{\"@type\":\"ImageObject\",\"inLanguage\":\"pt-BR\",\"@id\":\"https:\/\/ninamartinelli.com.br\/blog2\/expo-revestir-2017-o-que-vimos-por-la\/#primaryimage\",\"url\":\"https:\/\/ninamartinelli.com.br\/blog2\/wp-content\/uploads\/2017\/03\/revestimento-cobog\u00f3-dourado-ros\u00ea-rosenbaum-divis\u00f3ria-luxo-arquitetura-decora\u00e7\u00e3o-10.jpg\",\"contentUrl\":\"https:\/\/ninamartinelli.com.br\/blog2\/wp-content\/uploads\/2017\/03\/revestimento-cobog\u00f3-dourado-ros\u00ea-rosenbaum-divis\u00f3ria-luxo-arquitetura-decora\u00e7\u00e3o-10.jpg\",\"width\":928,\"height\":522},{\"@type\":\"BreadcrumbList\",\"@id\":\"https:\/\/ninamartinelli.com.br\/blog2\/expo-revestir-2017-o-que-vimos-por-la\/#breadcrumb\",\"itemListElement\":[{\"@type\":\"ListItem\",\"position\":1,\"name\":\"In\u00edcio\",\"item\":\"https:\/\/ninamartinelli.com.br\/blog2\/\"},{\"@type\":\"ListItem\",\"position\":2,\"name\":\"EXPO REVESTIR 2017 \u2013 O que vimos por l\u00e1?\"}]},{\"@type\":\"WebSite\",\"@id\":\"https:\/\/ninamartinelli.com.br\/blog2\/#website\",\"url\":\"https:\/\/ninamartinelli.com.br\/blog2\/\",\"name\":\"Nina Martinelli\",\"description\":\"#Nina_Martinelli\",\"publisher\":{\"@id\":\"https:\/\/ninamartinelli.com.br\/blog2\/#organization\"},\"potentialAction\":[{\"@type\":\"SearchAction\",\"target\":{\"@type\":\"EntryPoint\",\"urlTemplate\":\"https:\/\/ninamartinelli.com.br\/blog2\/?s={search_term_string}\"},\"query-input\":{\"@type\":\"PropertyValueSpecification\",\"valueRequired\":true,\"valueName\":\"search_term_string\"}}],\"inLanguage\":\"pt-BR\"},{\"@type\":\"Organization\",\"@id\":\"https:\/\/ninamartinelli.com.br\/blog2\/#organization\",\"name\":\"Blog Novidades\",\"url\":\"https:\/\/ninamartinelli.com.br\/blog2\/\",\"logo\":{\"@type\":\"ImageObject\",\"inLanguage\":\"pt-BR\",\"@id\":\"https:\/\/ninamartinelli.com.br\/blog2\/#\/schema\/logo\/image\/\",\"url\":\"http:\/\/blog.ninamartinelli.com.br\/wp-content\/uploads\/2022\/03\/logo_nina_blog.png\",\"contentUrl\":\"http:\/\/blog.ninamartinelli.com.br\/wp-content\/uploads\/2022\/03\/logo_nina_blog.png\",\"width\":500,\"height\":104,\"caption\":\"Blog Novidades\"},\"image\":{\"@id\":\"https:\/\/ninamartinelli.com.br\/blog2\/#\/schema\/logo\/image\/\"}},{\"@type\":\"Person\",\"@id\":\"https:\/\/ninamartinelli.com.br\/blog2\/#\/schema\/person\/880a2cdee0a047e9b55254085d24f922\",\"name\":\"Comunica\u00e7\u00e3o Nina\",\"image\":{\"@type\":\"ImageObject\",\"inLanguage\":\"pt-BR\",\"@id\":\"https:\/\/ninamartinelli.com.br\/blog2\/#\/schema\/person\/image\/\",\"url\":\"https:\/\/secure.gravatar.com\/avatar\/0d3d763fb83768dd001497d074d4c4f6?s=96&d=mm&r=g\",\"contentUrl\":\"https:\/\/secure.gravatar.com\/avatar\/0d3d763fb83768dd001497d074d4c4f6?s=96&d=mm&r=g\",\"caption\":\"Comunica\u00e7\u00e3o Nina\"},\"sameAs\":[\"http:\/\/ninamartinelli.com.br\",\"http:\/\/facebook.com.br\/ninamartinellioficial\",\"http:\/\/instagram.com\/ninamartinellioficial\"],\"url\":\"https:\/\/ninamartinelli.com.br\/blog2\/author\/nina\/\"}]}<\/script>\n<!-- \/ Yoast SEO plugin. -->","yoast_head_json":{"title":"EXPO REVESTIR 2017 \u2013 O que vimos por l\u00e1? - Blog Nina","robots":{"index":"index","follow":"follow","max-snippet":"max-snippet:-1","max-image-preview":"max-image-preview:large","max-video-preview":"max-video-preview:-1"},"canonical":"https:\/\/ninamartinelli.com.br\/blog2\/expo-revestir-2017-o-que-vimos-por-la\/","og_locale":"pt_BR","og_type":"article","og_title":"EXPO REVESTIR 2017 \u2013 O que vimos por l\u00e1? - Blog Nina","og_description":"Quem a\u00ed ama\u00a0metalizados, cobog\u00f3s e pe\u00e7as em 3d? Esse ano foi poss\u00edvel observar que eles","og_url":"https:\/\/ninamartinelli.com.br\/blog2\/expo-revestir-2017-o-que-vimos-por-la\/","og_site_name":"Blog Nina","article_author":"http:\/\/facebook.com.br\/ninamartinellioficial","article_published_time":"2017-03-27T12:45:16+00:00","article_modified_time":"2019-09-12T12:39:11+00:00","og_image":[{"width":928,"height":522,"url":"https:\/\/ninamartinelli.com.br\/blog2\/wp-content\/uploads\/2017\/03\/revestimento-cobog\u00f3-dourado-ros\u00ea-rosenbaum-divis\u00f3ria-luxo-arquitetura-decora\u00e7\u00e3o-10.jpg","type":"image\/jpeg"}],"author":"Comunica\u00e7\u00e3o Nina","twitter_card":"summary_large_image","twitter_misc":{"Escrito por":"Comunica\u00e7\u00e3o Nina","Est. tempo de leitura":"3 minutos"},"schema":{"@context":"https:\/\/schema.org","@graph":[{"@type":"Article","@id":"https:\/\/ninamartinelli.com.br\/blog2\/expo-revestir-2017-o-que-vimos-por-la\/#article","isPartOf":{"@id":"https:\/\/ninamartinelli.com.br\/blog2\/expo-revestir-2017-o-que-vimos-por-la\/"},"author":{"name":"Comunica\u00e7\u00e3o Nina","@id":"https:\/\/ninamartinelli.com.br\/blog2\/#\/schema\/person\/880a2cdee0a047e9b55254085d24f922"},"headline":"EXPO REVESTIR 2017 \u2013 O que vimos por l\u00e1?","datePublished":"2017-03-27T12:45:16+00:00","dateModified":"2019-09-12T12:39:11+00:00","mainEntityOfPage":{"@id":"https:\/\/ninamartinelli.com.br\/blog2\/expo-revestir-2017-o-que-vimos-por-la\/"},"wordCount":630,"commentCount":0,"publisher":{"@id":"https:\/\/ninamartinelli.com.br\/blog2\/#organization"},"image":{"@id":"https:\/\/ninamartinelli.com.br\/blog2\/expo-revestir-2017-o-que-vimos-por-la\/#primaryimage"},"thumbnailUrl":"https:\/\/ninamartinelli.com.br\/blog2\/wp-content\/uploads\/2017\/03\/revestimento-cobog\u00f3-dourado-ros\u00ea-rosenbaum-divis\u00f3ria-luxo-arquitetura-decora\u00e7\u00e3o-10.jpg","articleSection":["EXPO Revestir","Mostras e Eventos"],"inLanguage":"pt-BR","potentialAction":[{"@type":"CommentAction","name":"Comment","target":["https:\/\/ninamartinelli.com.br\/blog2\/expo-revestir-2017-o-que-vimos-por-la\/#respond"]}]},{"@type":"WebPage","@id":"https:\/\/ninamartinelli.com.br\/blog2\/expo-revestir-2017-o-que-vimos-por-la\/","url":"https:\/\/ninamartinelli.com.br\/blog2\/expo-revestir-2017-o-que-vimos-por-la\/","name":"EXPO REVESTIR 2017 \u2013 O que vimos por l\u00e1? - Blog Nina","isPartOf":{"@id":"https:\/\/ninamartinelli.com.br\/blog2\/#website"},"primaryImageOfPage":{"@id":"https:\/\/ninamartinelli.com.br\/blog2\/expo-revestir-2017-o-que-vimos-por-la\/#primaryimage"},"image":{"@id":"https:\/\/ninamartinelli.com.br\/blog2\/expo-revestir-2017-o-que-vimos-por-la\/#primaryimage"},"thumbnailUrl":"https:\/\/ninamartinelli.com.br\/blog2\/wp-content\/uploads\/2017\/03\/revestimento-cobog\u00f3-dourado-ros\u00ea-rosenbaum-divis\u00f3ria-luxo-arquitetura-decora\u00e7\u00e3o-10.jpg","datePublished":"2017-03-27T12:45:16+00:00","dateModified":"2019-09-12T12:39:11+00:00","breadcrumb":{"@id":"https:\/\/ninamartinelli.com.br\/blog2\/expo-revestir-2017-o-que-vimos-por-la\/#breadcrumb"},"inLanguage":"pt-BR","potentialAction":[{"@type":"ReadAction","target":["https:\/\/ninamartinelli.com.br\/blog2\/expo-revestir-2017-o-que-vimos-por-la\/"]}]},{"@type":"ImageObject","inLanguage":"pt-BR","@id":"https:\/\/ninamartinelli.com.br\/blog2\/expo-revestir-2017-o-que-vimos-por-la\/#primaryimage","url":"https:\/\/ninamartinelli.com.br\/blog2\/wp-content\/uploads\/2017\/03\/revestimento-cobog\u00f3-dourado-ros\u00ea-rosenbaum-divis\u00f3ria-luxo-arquitetura-decora\u00e7\u00e3o-10.jpg","contentUrl":"https:\/\/ninamartinelli.com.br\/blog2\/wp-content\/uploads\/2017\/03\/revestimento-cobog\u00f3-dourado-ros\u00ea-rosenbaum-divis\u00f3ria-luxo-arquitetura-decora\u00e7\u00e3o-10.jpg","width":928,"height":522},{"@type":"BreadcrumbList","@id":"https:\/\/ninamartinelli.com.br\/blog2\/expo-revestir-2017-o-que-vimos-por-la\/#breadcrumb","itemListElement":[{"@type":"ListItem","position":1,"name":"In\u00edcio","item":"https:\/\/ninamartinelli.com.br\/blog2\/"},{"@type":"ListItem","position":2,"name":"EXPO REVESTIR 2017 \u2013 O que vimos por l\u00e1?"}]},{"@type":"WebSite","@id":"https:\/\/ninamartinelli.com.br\/blog2\/#website","url":"https:\/\/ninamartinelli.com.br\/blog2\/","name":"Nina Martinelli","description":"#Nina_Martinelli","publisher":{"@id":"https:\/\/ninamartinelli.com.br\/blog2\/#organization"},"potentialAction":[{"@type":"SearchAction","target":{"@type":"EntryPoint","urlTemplate":"https:\/\/ninamartinelli.com.br\/blog2\/?s={search_term_string}"},"query-input":{"@type":"PropertyValueSpecification","valueRequired":true,"valueName":"search_term_string"}}],"inLanguage":"pt-BR"},{"@type":"Organization","@id":"https:\/\/ninamartinelli.com.br\/blog2\/#organization","name":"Blog Novidades","url":"https:\/\/ninamartinelli.com.br\/blog2\/","logo":{"@type":"ImageObject","inLanguage":"pt-BR","@id":"https:\/\/ninamartinelli.com.br\/blog2\/#\/schema\/logo\/image\/","url":"http:\/\/blog.ninamartinelli.com.br\/wp-content\/uploads\/2022\/03\/logo_nina_blog.png","contentUrl":"http:\/\/blog.ninamartinelli.com.br\/wp-content\/uploads\/2022\/03\/logo_nina_blog.png","width":500,"height":104,"caption":"Blog Novidades"},"image":{"@id":"https:\/\/ninamartinelli.com.br\/blog2\/#\/schema\/logo\/image\/"}},{"@type":"Person","@id":"https:\/\/ninamartinelli.com.br\/blog2\/#\/schema\/person\/880a2cdee0a047e9b55254085d24f922","name":"Comunica\u00e7\u00e3o Nina","image":{"@type":"ImageObject","inLanguage":"pt-BR","@id":"https:\/\/ninamartinelli.com.br\/blog2\/#\/schema\/person\/image\/","url":"https:\/\/secure.gravatar.com\/avatar\/0d3d763fb83768dd001497d074d4c4f6?s=96&d=mm&r=g","contentUrl":"https:\/\/secure.gravatar.com\/avatar\/0d3d763fb83768dd001497d074d4c4f6?s=96&d=mm&r=g","caption":"Comunica\u00e7\u00e3o Nina"},"sameAs":["http:\/\/ninamartinelli.com.br","http:\/\/facebook.com.br\/ninamartinellioficial","http:\/\/instagram.com\/ninamartinellioficial"],"url":"https:\/\/ninamartinelli.com.br\/blog2\/author\/nina\/"}]}},"_links":{"self":[{"href":"https:\/\/ninamartinelli.com.br\/blog2\/wp-json\/wp\/v2\/posts\/176","targetHints":{"allow":["GET"]}}],"collection":[{"href":"https:\/\/ninamartinelli.com.br\/blog2\/wp-json\/wp\/v2\/posts"}],"about":[{"href":"https:\/\/ninamartinelli.com.br\/blog2\/wp-json\/wp\/v2\/types\/post"}],"author":[{"embeddable":true,"href":"https:\/\/ninamartinelli.com.br\/blog2\/wp-json\/wp\/v2\/users\/1"}],"replies":[{"embeddable":true,"href":"https:\/\/ninamartinelli.com.br\/blog2\/wp-json\/wp\/v2\/comments?post=176"}],"version-history":[{"count":2,"href":"https:\/\/ninamartinelli.com.br\/blog2\/wp-json\/wp\/v2\/posts\/176\/revisions"}],"predecessor-version":[{"id":651,"href":"https:\/\/ninamartinelli.com.br\/blog2\/wp-json\/wp\/v2\/posts\/176\/revisions\/651"}],"wp:featuredmedia":[{"embeddable":true,"href":"https:\/\/ninamartinelli.com.br\/blog2\/wp-json\/wp\/v2\/media\/177"}],"wp:attachment":[{"href":"https:\/\/ninamartinelli.com.br\/blog2\/wp-json\/wp\/v2\/media?parent=176"}],"wp:term":[{"taxonomy":"category","embeddable":true,"href":"https:\/\/ninamartinelli.com.br\/blog2\/wp-json\/wp\/v2\/categories?post=176"},{"taxonomy":"post_tag","embeddable":true,"href":"https:\/\/ninamartinelli.com.br\/blog2\/wp-json\/wp\/v2\/tags?post=176"}],"curies":[{"name":"wp","href":"https:\/\/api.w.org\/{rel}","templated":true}]}}