{"id":1735,"date":"2022-09-16T16:14:11","date_gmt":"2022-09-16T19:14:11","guid":{"rendered":"http:\/\/blog.ninamartinelli.com.br\/?p=1735"},"modified":"2022-09-16T16:24:16","modified_gmt":"2022-09-16T19:24:16","slug":"contemporanea-e-atemporal-uma-fachada-possivel-com-brick-terracota","status":"publish","type":"post","link":"https:\/\/ninamartinelli.com.br\/blog2\/contemporanea-e-atemporal-uma-fachada-possivel-com-brick-terracota\/","title":{"rendered":"Contempor\u00e2nea e atemporal? Uma fachada poss\u00edvel, com Brick Terracota!"},"content":{"rendered":"<p><strong><em>O \u2018tijolinho\u2019 que comp\u00f4s uma fachada Contempor\u00e2nea e atemporal, ao mesmo tempo, refletindo a jovialidade de empres\u00e1ria da beleza, em Limeira<\/em><\/strong><\/p>\n<p>Contempor\u00e2nea e atemporal. S\u00e3o dois adjetivos que, em princ\u00edpio, parecem n\u00e3o caber numa mesma frase, quanto mais numa mesma obra, no caso, a fachada de um tradicional estabelecimento de beleza.<\/p>\n<p><img loading=\"lazy\" decoding=\"async\" class=\"alignleft wp-image-928 size-medium\" src=\"http:\/\/blog.ninamartinelli.com.br\/wp-content\/uploads\/2020\/02\/brick-terracota_4-300x300.jpg\" alt=\"\" width=\"300\" height=\"300\" srcset=\"https:\/\/ninamartinelli.com.br\/blog2\/wp-content\/uploads\/2020\/02\/brick-terracota_4-300x300.jpg 300w, https:\/\/ninamartinelli.com.br\/blog2\/wp-content\/uploads\/2020\/02\/brick-terracota_4-150x150.jpg 150w, https:\/\/ninamartinelli.com.br\/blog2\/wp-content\/uploads\/2020\/02\/brick-terracota_4-50x50.jpg 50w, https:\/\/ninamartinelli.com.br\/blog2\/wp-content\/uploads\/2020\/02\/brick-terracota_4.jpg 500w\" sizes=\"auto, (max-width: 300px) 100vw, 300px\" \/>Pois, em Limeira\/SP, com o <a href=\"https:\/\/www.ninamartinelli.com.br\/#!\/pt\/produtos\/0148-brick\">Brick Terracota, da Nina Martinelli Pisos e Revestimentos<\/a>, esses dois atributos n\u00e3o s\u00f3 se combinaram.<\/p>\n<p>Foram materializados e, com os famosos \u2018tijolinhos\u2019, conferiram ao sal\u00e3o Spazio di Bellezza In\u00eaz um estilo moderno, r\u00fastico e jovial.<\/p>\n<p>Como o de sua propriet\u00e1ria, que detalhou esses desejos ao arquiteto Caio Pellegrino, da <a href=\"https:\/\/www.instagram.com\/cmp_arquiteturaengenharia\/?hl=en\">CMP Arquitetura e Engenharia<\/a>, empresa da pr\u00f3pria cidade.<\/p>\n<p>Localizado num bairro conhecido e predominantemente residencial, o im\u00f3vel passou por uma reforma em duas fases.<\/p>\n<p>A primeira compreendeu a fachada mais o lounge e a segunda, abrangeu as depend\u00eancias internas.<\/p>\n<p>Segundo a CMP, a cliente de fato tem um estilo bem contempor\u00e2neo e atemporal, e optou por tons mais neutros na fachada, deixando para ousar nos detalhes.<\/p>\n<h3>Contempor\u00e2nea, atemporal e acess\u00edvel<\/h3>\n<p>Usando e abusando de desn\u00edveis estrat\u00e9gicos e dotados de confort\u00e1veis rampas para perfeita acessibilidade, o projeto de Pellegrino combinou pedras, granito, ferragens modernas, estrutura met\u00e1lica \u2013 isso mesmo \u2013 e revestimentos org\u00e2nicos e r\u00fasticos.<\/p>\n<p>O resultado, muito harmonioso, deu simultaneamente leveza, sofistica\u00e7\u00e3o e funcionalidade ao im\u00f3vel, o que era absolutamente necess\u00e1rio para tornar ainda mais confort\u00e1vel a rotina do estabelecimento.<\/p>\n<p>O Brick Terracota serviu muito bem a essa finalidade. Integrante da Colezione Brick, que tem mais de 60 diferentes modelos, tem suas pe\u00e7as feitas uma a uma, artesanalmente e em modo sustent\u00e1vel.<\/p>\n<p>Medindo 7x26cm, em sua composi\u00e7\u00e3o, \u00e9 usado material reciclado, o que confere ao revestimento um toque diferenciado e \u00fanico.<\/p>\n<hr \/>\n<h4><a href=\"http:\/\/blog.ninamartinelli.com.br\/category\/colezione-brick\/\" target=\"_blank\" rel=\"noopener noreferrer\">Veja aqui mais projetos com o Brick Terracota<\/a><\/h4>\n<hr \/>\n<p>O Brick Terracota foi aplicado em amarra\u00e7\u00e3o, numa grande coluna lateral que acomoda o padr\u00e3o de energia el\u00e9trica do pr\u00e9dio e tamb\u00e9m um conjunto de numera\u00e7\u00e3o arrojado.<\/p>\n<p>O \u2018tijolinho\u2019 tamb\u00e9m contorna toda a floreira, e dialoga perfeitamente com outro revestimento escolhido para uma faixa frontal que acomoda o letreiro do sal\u00e3o.<\/p>\n<p>Para a CMP, <em>\u201co resultado ficou incr\u00edvel. O produto trouxe rusticidade e modernidade para a fachada. J\u00e1 na apresenta\u00e7\u00e3o do projeto a cliente tinha gostado muito\u201d,<\/em> conclui a empresa.<\/p>\n<p>O produto foi adquirido em Limeira mesmo, na loja <a href=\"https:\/\/loja.tonettoetrova.com.br\/?gclid=CjwKCAjwiJqWBhBdEiwAtESPaCDAFI2dee4Ki-L-toZK-6TFIuGEQRJ26soeHphwUdhmuMUUBul4RBoCN88QAvD_BwE\">Tonetto &amp; Trova<\/a>, especializada em acabamentos dos mais variados estilos.<\/p>\n<hr \/>\n<p style=\"text-align: center;\"><img loading=\"lazy\" decoding=\"async\" class=\"size-full wp-image-1777 aligncenter\" src=\"http:\/\/blog.ninamartinelli.com.br\/wp-content\/uploads\/2022\/07\/BRICK_TERRACOTA_2.png\" alt=\"\" width=\"1000\" height=\"500\" srcset=\"https:\/\/ninamartinelli.com.br\/blog2\/wp-content\/uploads\/2022\/07\/BRICK_TERRACOTA_2.png 1000w, https:\/\/ninamartinelli.com.br\/blog2\/wp-content\/uploads\/2022\/07\/BRICK_TERRACOTA_2-300x150.png 300w, https:\/\/ninamartinelli.com.br\/blog2\/wp-content\/uploads\/2022\/07\/BRICK_TERRACOTA_2-768x384.png 768w\" sizes=\"auto, (max-width: 1000px) 100vw, 1000px\" \/><\/p>\n<hr \/>\n<h4>Sal\u00e3o Spazio di Bellezza In\u00eaz \u2013 Limeira \/SP &#8211; fachada<br \/>\nProduto: Brick Terracota \u2013 7&#215;26 cm<br \/>\nProjeto: Caio Pellegrino \u2013 CMP Arquitetura e Engenharia | <a href=\"https:\/\/www.instagram.com\/cmp_arquiteturaengenharia\/\" target=\"_blank\" rel=\"noopener noreferrer\">@cmp_arquiteturaengenharia<\/a><br \/>\nFotos: Julio Buccier | <a href=\"https:\/\/www.instagram.com\/juliobuccier.fotoarq\/\" target=\"_blank\" rel=\"noopener noreferrer\">@juliobuccier_fotoarq<\/a><\/h4>\n<p>&nbsp;<\/p>\n<p>&nbsp;<\/p>\n","protected":false},"excerpt":{"rendered":"<p>O \u2018tijolinho\u2019 que comp\u00f4s uma fachada Contempor\u00e2nea e atemporal, ao mesmo tempo, refletindo a jovialidade<\/p>\n","protected":false},"author":2,"featured_media":1776,"comment_status":"open","ping_status":"open","sticky":false,"template":"","format":"standard","meta":{"footnotes":""},"categories":[59,16,26],"tags":[66,144,143],"class_list":["post-1735","post","type-post","status-publish","format-standard","has-post-thumbnail","hentry","category-ceramica","category-colezione-brick","category-revestimentos","tag-fachada","tag-limeira","tag-loja"],"yoast_head":"<!-- This site is optimized with the Yoast SEO plugin v26.8 - https:\/\/yoast.com\/product\/yoast-seo-wordpress\/ -->\n<title>Contempor\u00e2nea e atemporal? Uma fachada poss\u00edvel, com Brick Terracota!<\/title>\n<meta name=\"description\" content=\"O \u2018tijolinho\u2019 que comp\u00f4s uma fachada Contempor\u00e2nea e atemporal, ao mesmo tempo, refletindo a jovialidade de empres\u00e1ria da beleza, em Limeira\" \/>\n<meta name=\"robots\" content=\"index, follow, max-snippet:-1, max-image-preview:large, max-video-preview:-1\" \/>\n<link rel=\"canonical\" href=\"https:\/\/ninamartinelli.com.br\/blog2\/contemporanea-e-atemporal-uma-fachada-possivel-com-brick-terracota\/\" \/>\n<meta property=\"og:locale\" content=\"pt_BR\" \/>\n<meta property=\"og:type\" content=\"article\" \/>\n<meta property=\"og:title\" content=\"Contempor\u00e2nea e atemporal? Uma fachada poss\u00edvel, com Brick Terracota!\" \/>\n<meta property=\"og:description\" content=\"O \u2018tijolinho\u2019 que comp\u00f4s uma fachada Contempor\u00e2nea e atemporal, ao mesmo tempo, refletindo a jovialidade de empres\u00e1ria da beleza, em Limeira\" \/>\n<meta property=\"og:url\" content=\"https:\/\/ninamartinelli.com.br\/blog2\/contemporanea-e-atemporal-uma-fachada-possivel-com-brick-terracota\/\" \/>\n<meta property=\"og:site_name\" content=\"Blog Nina\" \/>\n<meta property=\"article:published_time\" content=\"2022-09-16T19:14:11+00:00\" \/>\n<meta property=\"article:modified_time\" content=\"2022-09-16T19:24:16+00:00\" \/>\n<meta property=\"og:image\" content=\"https:\/\/ninamartinelli.com.br\/blog2\/wp-content\/uploads\/2022\/07\/BRICK_TERRACOTA_1.png\" \/>\n\t<meta property=\"og:image:width\" content=\"900\" \/>\n\t<meta property=\"og:image:height\" content=\"900\" \/>\n\t<meta property=\"og:image:type\" content=\"image\/png\" \/>\n<meta name=\"author\" content=\"Ana Maria Devides\" \/>\n<meta name=\"twitter:card\" content=\"summary_large_image\" \/>\n<meta name=\"twitter:label1\" content=\"Escrito por\" \/>\n\t<meta name=\"twitter:data1\" content=\"Ana Maria Devides\" \/>\n\t<meta name=\"twitter:label2\" content=\"Est. tempo de leitura\" \/>\n\t<meta name=\"twitter:data2\" content=\"2 minutos\" \/>\n<script type=\"application\/ld+json\" class=\"yoast-schema-graph\">{\"@context\":\"https:\/\/schema.org\",\"@graph\":[{\"@type\":\"Article\",\"@id\":\"https:\/\/ninamartinelli.com.br\/blog2\/contemporanea-e-atemporal-uma-fachada-possivel-com-brick-terracota\/#article\",\"isPartOf\":{\"@id\":\"https:\/\/ninamartinelli.com.br\/blog2\/contemporanea-e-atemporal-uma-fachada-possivel-com-brick-terracota\/\"},\"author\":{\"name\":\"Ana Maria Devides\",\"@id\":\"https:\/\/ninamartinelli.com.br\/blog2\/#\/schema\/person\/43fbfb1d4cbe3b472995206b2bb06df5\"},\"headline\":\"Contempor\u00e2nea e atemporal? Uma fachada poss\u00edvel, com Brick Terracota!\",\"datePublished\":\"2022-09-16T19:14:11+00:00\",\"dateModified\":\"2022-09-16T19:24:16+00:00\",\"mainEntityOfPage\":{\"@id\":\"https:\/\/ninamartinelli.com.br\/blog2\/contemporanea-e-atemporal-uma-fachada-possivel-com-brick-terracota\/\"},\"wordCount\":475,\"commentCount\":0,\"publisher\":{\"@id\":\"https:\/\/ninamartinelli.com.br\/blog2\/#organization\"},\"image\":{\"@id\":\"https:\/\/ninamartinelli.com.br\/blog2\/contemporanea-e-atemporal-uma-fachada-possivel-com-brick-terracota\/#primaryimage\"},\"thumbnailUrl\":\"https:\/\/ninamartinelli.com.br\/blog2\/wp-content\/uploads\/2022\/07\/BRICK_TERRACOTA_1.png\",\"keywords\":[\"fachada\",\"limeira\",\"loja\"],\"articleSection\":[\"Cer\u00e2mica\",\"Colezione Brick\",\"Revestimentos\"],\"inLanguage\":\"pt-BR\",\"potentialAction\":[{\"@type\":\"CommentAction\",\"name\":\"Comment\",\"target\":[\"https:\/\/ninamartinelli.com.br\/blog2\/contemporanea-e-atemporal-uma-fachada-possivel-com-brick-terracota\/#respond\"]}]},{\"@type\":\"WebPage\",\"@id\":\"https:\/\/ninamartinelli.com.br\/blog2\/contemporanea-e-atemporal-uma-fachada-possivel-com-brick-terracota\/\",\"url\":\"https:\/\/ninamartinelli.com.br\/blog2\/contemporanea-e-atemporal-uma-fachada-possivel-com-brick-terracota\/\",\"name\":\"Contempor\u00e2nea e atemporal? Uma fachada poss\u00edvel, com Brick Terracota!\",\"isPartOf\":{\"@id\":\"https:\/\/ninamartinelli.com.br\/blog2\/#website\"},\"primaryImageOfPage\":{\"@id\":\"https:\/\/ninamartinelli.com.br\/blog2\/contemporanea-e-atemporal-uma-fachada-possivel-com-brick-terracota\/#primaryimage\"},\"image\":{\"@id\":\"https:\/\/ninamartinelli.com.br\/blog2\/contemporanea-e-atemporal-uma-fachada-possivel-com-brick-terracota\/#primaryimage\"},\"thumbnailUrl\":\"https:\/\/ninamartinelli.com.br\/blog2\/wp-content\/uploads\/2022\/07\/BRICK_TERRACOTA_1.png\",\"datePublished\":\"2022-09-16T19:14:11+00:00\",\"dateModified\":\"2022-09-16T19:24:16+00:00\",\"description\":\"O \u2018tijolinho\u2019 que comp\u00f4s uma fachada Contempor\u00e2nea e atemporal, ao mesmo tempo, refletindo a jovialidade de empres\u00e1ria da beleza, em Limeira\",\"breadcrumb\":{\"@id\":\"https:\/\/ninamartinelli.com.br\/blog2\/contemporanea-e-atemporal-uma-fachada-possivel-com-brick-terracota\/#breadcrumb\"},\"inLanguage\":\"pt-BR\",\"potentialAction\":[{\"@type\":\"ReadAction\",\"target\":[\"https:\/\/ninamartinelli.com.br\/blog2\/contemporanea-e-atemporal-uma-fachada-possivel-com-brick-terracota\/\"]}]},{\"@type\":\"ImageObject\",\"inLanguage\":\"pt-BR\",\"@id\":\"https:\/\/ninamartinelli.com.br\/blog2\/contemporanea-e-atemporal-uma-fachada-possivel-com-brick-terracota\/#primaryimage\",\"url\":\"https:\/\/ninamartinelli.com.br\/blog2\/wp-content\/uploads\/2022\/07\/BRICK_TERRACOTA_1.png\",\"contentUrl\":\"https:\/\/ninamartinelli.com.br\/blog2\/wp-content\/uploads\/2022\/07\/BRICK_TERRACOTA_1.png\",\"width\":900,\"height\":900},{\"@type\":\"BreadcrumbList\",\"@id\":\"https:\/\/ninamartinelli.com.br\/blog2\/contemporanea-e-atemporal-uma-fachada-possivel-com-brick-terracota\/#breadcrumb\",\"itemListElement\":[{\"@type\":\"ListItem\",\"position\":1,\"name\":\"In\u00edcio\",\"item\":\"https:\/\/ninamartinelli.com.br\/blog2\/\"},{\"@type\":\"ListItem\",\"position\":2,\"name\":\"Contempor\u00e2nea e atemporal? Uma fachada poss\u00edvel, com Brick Terracota!\"}]},{\"@type\":\"WebSite\",\"@id\":\"https:\/\/ninamartinelli.com.br\/blog2\/#website\",\"url\":\"https:\/\/ninamartinelli.com.br\/blog2\/\",\"name\":\"Nina Martinelli\",\"description\":\"#Nina_Martinelli\",\"publisher\":{\"@id\":\"https:\/\/ninamartinelli.com.br\/blog2\/#organization\"},\"potentialAction\":[{\"@type\":\"SearchAction\",\"target\":{\"@type\":\"EntryPoint\",\"urlTemplate\":\"https:\/\/ninamartinelli.com.br\/blog2\/?s={search_term_string}\"},\"query-input\":{\"@type\":\"PropertyValueSpecification\",\"valueRequired\":true,\"valueName\":\"search_term_string\"}}],\"inLanguage\":\"pt-BR\"},{\"@type\":\"Organization\",\"@id\":\"https:\/\/ninamartinelli.com.br\/blog2\/#organization\",\"name\":\"Blog Novidades\",\"url\":\"https:\/\/ninamartinelli.com.br\/blog2\/\",\"logo\":{\"@type\":\"ImageObject\",\"inLanguage\":\"pt-BR\",\"@id\":\"https:\/\/ninamartinelli.com.br\/blog2\/#\/schema\/logo\/image\/\",\"url\":\"http:\/\/blog.ninamartinelli.com.br\/wp-content\/uploads\/2022\/03\/logo_nina_blog.png\",\"contentUrl\":\"http:\/\/blog.ninamartinelli.com.br\/wp-content\/uploads\/2022\/03\/logo_nina_blog.png\",\"width\":500,\"height\":104,\"caption\":\"Blog Novidades\"},\"image\":{\"@id\":\"https:\/\/ninamartinelli.com.br\/blog2\/#\/schema\/logo\/image\/\"}},{\"@type\":\"Person\",\"@id\":\"https:\/\/ninamartinelli.com.br\/blog2\/#\/schema\/person\/43fbfb1d4cbe3b472995206b2bb06df5\",\"name\":\"Ana Maria Devides\",\"image\":{\"@type\":\"ImageObject\",\"inLanguage\":\"pt-BR\",\"@id\":\"https:\/\/ninamartinelli.com.br\/blog2\/#\/schema\/person\/image\/\",\"url\":\"https:\/\/secure.gravatar.com\/avatar\/a03a82675d8bb3da8e5c5a6872db97be?s=96&d=mm&r=g\",\"contentUrl\":\"https:\/\/secure.gravatar.com\/avatar\/a03a82675d8bb3da8e5c5a6872db97be?s=96&d=mm&r=g\",\"caption\":\"Ana Maria Devides\"},\"url\":\"https:\/\/ninamartinelli.com.br\/blog2\/author\/assessoria-nina-martinelli\/\"}]}<\/script>\n<!-- \/ Yoast SEO plugin. -->","yoast_head_json":{"title":"Contempor\u00e2nea e atemporal? Uma fachada poss\u00edvel, com Brick Terracota!","description":"O \u2018tijolinho\u2019 que comp\u00f4s uma fachada Contempor\u00e2nea e atemporal, ao mesmo tempo, refletindo a jovialidade de empres\u00e1ria da beleza, em Limeira","robots":{"index":"index","follow":"follow","max-snippet":"max-snippet:-1","max-image-preview":"max-image-preview:large","max-video-preview":"max-video-preview:-1"},"canonical":"https:\/\/ninamartinelli.com.br\/blog2\/contemporanea-e-atemporal-uma-fachada-possivel-com-brick-terracota\/","og_locale":"pt_BR","og_type":"article","og_title":"Contempor\u00e2nea e atemporal? Uma fachada poss\u00edvel, com Brick Terracota!","og_description":"O \u2018tijolinho\u2019 que comp\u00f4s uma fachada Contempor\u00e2nea e atemporal, ao mesmo tempo, refletindo a jovialidade de empres\u00e1ria da beleza, em Limeira","og_url":"https:\/\/ninamartinelli.com.br\/blog2\/contemporanea-e-atemporal-uma-fachada-possivel-com-brick-terracota\/","og_site_name":"Blog Nina","article_published_time":"2022-09-16T19:14:11+00:00","article_modified_time":"2022-09-16T19:24:16+00:00","og_image":[{"width":900,"height":900,"url":"https:\/\/ninamartinelli.com.br\/blog2\/wp-content\/uploads\/2022\/07\/BRICK_TERRACOTA_1.png","type":"image\/png"}],"author":"Ana Maria Devides","twitter_card":"summary_large_image","twitter_misc":{"Escrito por":"Ana Maria Devides","Est. tempo de leitura":"2 minutos"},"schema":{"@context":"https:\/\/schema.org","@graph":[{"@type":"Article","@id":"https:\/\/ninamartinelli.com.br\/blog2\/contemporanea-e-atemporal-uma-fachada-possivel-com-brick-terracota\/#article","isPartOf":{"@id":"https:\/\/ninamartinelli.com.br\/blog2\/contemporanea-e-atemporal-uma-fachada-possivel-com-brick-terracota\/"},"author":{"name":"Ana Maria Devides","@id":"https:\/\/ninamartinelli.com.br\/blog2\/#\/schema\/person\/43fbfb1d4cbe3b472995206b2bb06df5"},"headline":"Contempor\u00e2nea e atemporal? Uma fachada poss\u00edvel, com Brick Terracota!","datePublished":"2022-09-16T19:14:11+00:00","dateModified":"2022-09-16T19:24:16+00:00","mainEntityOfPage":{"@id":"https:\/\/ninamartinelli.com.br\/blog2\/contemporanea-e-atemporal-uma-fachada-possivel-com-brick-terracota\/"},"wordCount":475,"commentCount":0,"publisher":{"@id":"https:\/\/ninamartinelli.com.br\/blog2\/#organization"},"image":{"@id":"https:\/\/ninamartinelli.com.br\/blog2\/contemporanea-e-atemporal-uma-fachada-possivel-com-brick-terracota\/#primaryimage"},"thumbnailUrl":"https:\/\/ninamartinelli.com.br\/blog2\/wp-content\/uploads\/2022\/07\/BRICK_TERRACOTA_1.png","keywords":["fachada","limeira","loja"],"articleSection":["Cer\u00e2mica","Colezione Brick","Revestimentos"],"inLanguage":"pt-BR","potentialAction":[{"@type":"CommentAction","name":"Comment","target":["https:\/\/ninamartinelli.com.br\/blog2\/contemporanea-e-atemporal-uma-fachada-possivel-com-brick-terracota\/#respond"]}]},{"@type":"WebPage","@id":"https:\/\/ninamartinelli.com.br\/blog2\/contemporanea-e-atemporal-uma-fachada-possivel-com-brick-terracota\/","url":"https:\/\/ninamartinelli.com.br\/blog2\/contemporanea-e-atemporal-uma-fachada-possivel-com-brick-terracota\/","name":"Contempor\u00e2nea e atemporal? Uma fachada poss\u00edvel, com Brick Terracota!","isPartOf":{"@id":"https:\/\/ninamartinelli.com.br\/blog2\/#website"},"primaryImageOfPage":{"@id":"https:\/\/ninamartinelli.com.br\/blog2\/contemporanea-e-atemporal-uma-fachada-possivel-com-brick-terracota\/#primaryimage"},"image":{"@id":"https:\/\/ninamartinelli.com.br\/blog2\/contemporanea-e-atemporal-uma-fachada-possivel-com-brick-terracota\/#primaryimage"},"thumbnailUrl":"https:\/\/ninamartinelli.com.br\/blog2\/wp-content\/uploads\/2022\/07\/BRICK_TERRACOTA_1.png","datePublished":"2022-09-16T19:14:11+00:00","dateModified":"2022-09-16T19:24:16+00:00","description":"O \u2018tijolinho\u2019 que comp\u00f4s uma fachada Contempor\u00e2nea e atemporal, ao mesmo tempo, refletindo a jovialidade de empres\u00e1ria da beleza, em Limeira","breadcrumb":{"@id":"https:\/\/ninamartinelli.com.br\/blog2\/contemporanea-e-atemporal-uma-fachada-possivel-com-brick-terracota\/#breadcrumb"},"inLanguage":"pt-BR","potentialAction":[{"@type":"ReadAction","target":["https:\/\/ninamartinelli.com.br\/blog2\/contemporanea-e-atemporal-uma-fachada-possivel-com-brick-terracota\/"]}]},{"@type":"ImageObject","inLanguage":"pt-BR","@id":"https:\/\/ninamartinelli.com.br\/blog2\/contemporanea-e-atemporal-uma-fachada-possivel-com-brick-terracota\/#primaryimage","url":"https:\/\/ninamartinelli.com.br\/blog2\/wp-content\/uploads\/2022\/07\/BRICK_TERRACOTA_1.png","contentUrl":"https:\/\/ninamartinelli.com.br\/blog2\/wp-content\/uploads\/2022\/07\/BRICK_TERRACOTA_1.png","width":900,"height":900},{"@type":"BreadcrumbList","@id":"https:\/\/ninamartinelli.com.br\/blog2\/contemporanea-e-atemporal-uma-fachada-possivel-com-brick-terracota\/#breadcrumb","itemListElement":[{"@type":"ListItem","position":1,"name":"In\u00edcio","item":"https:\/\/ninamartinelli.com.br\/blog2\/"},{"@type":"ListItem","position":2,"name":"Contempor\u00e2nea e atemporal? Uma fachada poss\u00edvel, com Brick Terracota!"}]},{"@type":"WebSite","@id":"https:\/\/ninamartinelli.com.br\/blog2\/#website","url":"https:\/\/ninamartinelli.com.br\/blog2\/","name":"Nina Martinelli","description":"#Nina_Martinelli","publisher":{"@id":"https:\/\/ninamartinelli.com.br\/blog2\/#organization"},"potentialAction":[{"@type":"SearchAction","target":{"@type":"EntryPoint","urlTemplate":"https:\/\/ninamartinelli.com.br\/blog2\/?s={search_term_string}"},"query-input":{"@type":"PropertyValueSpecification","valueRequired":true,"valueName":"search_term_string"}}],"inLanguage":"pt-BR"},{"@type":"Organization","@id":"https:\/\/ninamartinelli.com.br\/blog2\/#organization","name":"Blog Novidades","url":"https:\/\/ninamartinelli.com.br\/blog2\/","logo":{"@type":"ImageObject","inLanguage":"pt-BR","@id":"https:\/\/ninamartinelli.com.br\/blog2\/#\/schema\/logo\/image\/","url":"http:\/\/blog.ninamartinelli.com.br\/wp-content\/uploads\/2022\/03\/logo_nina_blog.png","contentUrl":"http:\/\/blog.ninamartinelli.com.br\/wp-content\/uploads\/2022\/03\/logo_nina_blog.png","width":500,"height":104,"caption":"Blog Novidades"},"image":{"@id":"https:\/\/ninamartinelli.com.br\/blog2\/#\/schema\/logo\/image\/"}},{"@type":"Person","@id":"https:\/\/ninamartinelli.com.br\/blog2\/#\/schema\/person\/43fbfb1d4cbe3b472995206b2bb06df5","name":"Ana Maria Devides","image":{"@type":"ImageObject","inLanguage":"pt-BR","@id":"https:\/\/ninamartinelli.com.br\/blog2\/#\/schema\/person\/image\/","url":"https:\/\/secure.gravatar.com\/avatar\/a03a82675d8bb3da8e5c5a6872db97be?s=96&d=mm&r=g","contentUrl":"https:\/\/secure.gravatar.com\/avatar\/a03a82675d8bb3da8e5c5a6872db97be?s=96&d=mm&r=g","caption":"Ana Maria Devides"},"url":"https:\/\/ninamartinelli.com.br\/blog2\/author\/assessoria-nina-martinelli\/"}]}},"_links":{"self":[{"href":"https:\/\/ninamartinelli.com.br\/blog2\/wp-json\/wp\/v2\/posts\/1735","targetHints":{"allow":["GET"]}}],"collection":[{"href":"https:\/\/ninamartinelli.com.br\/blog2\/wp-json\/wp\/v2\/posts"}],"about":[{"href":"https:\/\/ninamartinelli.com.br\/blog2\/wp-json\/wp\/v2\/types\/post"}],"author":[{"embeddable":true,"href":"https:\/\/ninamartinelli.com.br\/blog2\/wp-json\/wp\/v2\/users\/2"}],"replies":[{"embeddable":true,"href":"https:\/\/ninamartinelli.com.br\/blog2\/wp-json\/wp\/v2\/comments?post=1735"}],"version-history":[{"count":4,"href":"https:\/\/ninamartinelli.com.br\/blog2\/wp-json\/wp\/v2\/posts\/1735\/revisions"}],"predecessor-version":[{"id":1779,"href":"https:\/\/ninamartinelli.com.br\/blog2\/wp-json\/wp\/v2\/posts\/1735\/revisions\/1779"}],"wp:featuredmedia":[{"embeddable":true,"href":"https:\/\/ninamartinelli.com.br\/blog2\/wp-json\/wp\/v2\/media\/1776"}],"wp:attachment":[{"href":"https:\/\/ninamartinelli.com.br\/blog2\/wp-json\/wp\/v2\/media?parent=1735"}],"wp:term":[{"taxonomy":"category","embeddable":true,"href":"https:\/\/ninamartinelli.com.br\/blog2\/wp-json\/wp\/v2\/categories?post=1735"},{"taxonomy":"post_tag","embeddable":true,"href":"https:\/\/ninamartinelli.com.br\/blog2\/wp-json\/wp\/v2\/tags?post=1735"}],"curies":[{"name":"wp","href":"https:\/\/api.w.org\/{rel}","templated":true}]}}