{"id":1721,"date":"2022-07-08T08:51:12","date_gmt":"2022-07-08T11:51:12","guid":{"rendered":"http:\/\/blog.ninamartinelli.com.br\/?p=1721"},"modified":"2022-07-08T08:51:12","modified_gmt":"2022-07-08T11:51:12","slug":"revestimento-floratto-traz-beleza-e-leveza-a-capela-no-distrito-federal","status":"publish","type":"post","link":"https:\/\/ninamartinelli.com.br\/blog2\/revestimento-floratto-traz-beleza-e-leveza-a-capela-no-distrito-federal\/","title":{"rendered":"Revestimento Floratto traz beleza e leveza \u00e0 capela no Distrito Federal"},"content":{"rendered":"<p><strong><em>Revestimento Floratto Bianco foi o escolhido para embelezar e evidenciar delicadeza do altar do templo, localizado em um amplo espa\u00e7o de retiro espiritual<\/em><\/strong><\/p>\n<p>Revestimento \u00e9 um material que tem o poder de transformar por completo os ambientes, e isso n\u00e3o \u00e9 segredo para os que entendem a import\u00e2ncia dos acabamentos numa obra.<\/p>\n<p>Em Bras\u00edlia, no Distrito Federal, o Revestimento Floratto, da Nina Martinelli Pisos e Revestimentos, foi escolhido para impactar, de uma forma muito especial, a atmosfera de uma edifica\u00e7\u00e3o mais especial ainda: uma capela, encravada numa ampla propriedade destinada ao acolhimento de pessoas em retiro espiritual.<\/p>\n<p>A respons\u00e1vel pelo projeto foi a arquiteta <strong>Thaynara Garcez,<\/strong> propriet\u00e1ria do escrit\u00f3rio <a href=\"https:\/\/thaygarcez.wixsite.com\/garcezarquitetura\">Garcez Arquitetura e Interiores<\/a>, em Bauru, na regi\u00e3o central do estado de S\u00e3o Paulo.<\/p>\n<p>J\u00e1 de cara, a profissional d\u00e1 a ideia do qu\u00e3o desafiador foi o trabalho, que envolveu diferentes interven\u00e7\u00f5es em pr\u00e9dios numa \u00e1rea de mais de 7 hectares. <em>\u201cDentre os desafios que eu j\u00e1 tive durante a minha carreira, esse foi o maior e mais gratificante projeto realizado\u201d, <\/em>afirma ela.<\/p>\n<p>Entre as instala\u00e7\u00f5es do vasto complexo, h\u00e1, al\u00e9m da capela, salas de reuni\u00f5es, de atendimento, audit\u00f3rio, dep\u00f3sitos, sacristia e at\u00e9 mesmo dormit\u00f3rios de apoio, entre outras depend\u00eancias<strong>.<\/strong><\/p>\n<p><em>\u201cNa capela, onde acontecem as missas dos eventos, seu interior foi refeito por completo\u201d,<\/em> explica Thaynara.<\/p>\n<h3>Espa\u00e7os para contempla\u00e7\u00e3o<\/h3>\n<p>A arquiteta conta que quando foi procurada pelos clientes, mantenedores da institui\u00e7\u00e3o, existia a vontade de revitalizar o espa\u00e7o j\u00e1 existente, e adequ\u00e1-lo para que pudesse receber um maior n\u00famero de pessoas em seus eventos.<\/p>\n<p>Queriam tamb\u00e9m, e principalmente, que houvesse espa\u00e7os em que os indiv\u00edduos pudessem ter contato com a natureza, e assim ter contato com sua espiritualidade.<\/p>\n<p><em>\u201cAmpliamos a \u00e1rea de alojamento e refeit\u00f3rio, criamos um quiosque com churrasqueira que pudesse atender um grande n\u00famero de pessoas, integrando o alojamento e o refeit\u00f3rio temos um espa\u00e7o de conviv\u00eancia com bastante vegeta\u00e7\u00e3o&#8221;<\/em> descreve Thaynara.<\/p>\n<p><em>&#8220;E trabalhamos tamb\u00e9m com madeira, para trazer todo o ar de aconchego que esse material proporciona. Cada canto desse projeto foi pensado para que os indiv\u00edduos possam ter um lugar de contempla\u00e7\u00e3o da natureza, um espa\u00e7o para aproveitar aquele momento do retiro e se conectarem\u201d<\/em><strong>, <\/strong>acrescenta\u00a0ela<strong>.<\/strong><\/p>\n<h3>Revestimento Floratto no altar renovado<\/h3>\n<p><img loading=\"lazy\" decoding=\"async\" class=\"alignleft wp-image-1739 size-medium\" src=\"http:\/\/blog.ninamartinelli.com.br\/wp-content\/uploads\/2022\/07\/FLORATTO_NINA-MARTINELLI-300x300.png\" alt=\"\" width=\"300\" height=\"300\" srcset=\"https:\/\/ninamartinelli.com.br\/blog2\/wp-content\/uploads\/2022\/07\/FLORATTO_NINA-MARTINELLI-300x300.png 300w, https:\/\/ninamartinelli.com.br\/blog2\/wp-content\/uploads\/2022\/07\/FLORATTO_NINA-MARTINELLI-150x150.png 150w, https:\/\/ninamartinelli.com.br\/blog2\/wp-content\/uploads\/2022\/07\/FLORATTO_NINA-MARTINELLI-50x50.png 50w, https:\/\/ninamartinelli.com.br\/blog2\/wp-content\/uploads\/2022\/07\/FLORATTO_NINA-MARTINELLI.png 500w\" sizes=\"auto, (max-width: 300px) 100vw, 300px\" \/>Para a obra da capela, Thaynara relata que buscava por algo que completasse a vis\u00e3o do altar, espa\u00e7o nobre do ambiente religioso. <em>\u201cQueria algo que ao mesmo tempo trouxesse tamb\u00e9m leveza e ainda mais beleza para aquele espa\u00e7o\u201d.<\/em><\/p>\n<p>Duas paredes ao lado de uma enorme e emocionante pintura sacra, com a figura de Jesus, mereciam um acabamento de impacto, mas que dialogasse harmonicamente com os demais elementos do ambiente.<\/p>\n<p><em>\u201cO produto escolhido, o Revestimento Floratto, na cor Bianco, nos permitiu tornar o interior da capela ainda mais delicado\u201d<\/em>, afirma.<\/p>\n<p>Estrela da Colezione Cemento, o Revestimento Floratto \u00e9 inspirado na natureza, com um jogo de relevos altos e baixos que simulam uma bela composi\u00e7\u00e3o floral.<\/p>\n<hr \/>\n<h4><span style=\"color: #945d33;\"><a style=\"color: #945d33;\" href=\"http:\/\/blog.ninamartinelli.com.br\/category\/colezione-cemento\/\" target=\"_blank\" rel=\"noopener noreferrer\">Veja aqui mais projetos com o Revestimentos Ciment\u00edcios<\/a><\/span><\/h4>\n<hr \/>\n<p>\u00c9 indicado para fachadas e paredes de destaque tanto internas quanto externas, e confere um efeito surpreendente. As pe\u00e7as medem 27,5&#215;27,5cm e recebem tratamento hidrofugado, o que confere impermeabilidade ao produto.<\/p>\n<p>O <strong>Revestimento Floratto<\/strong>, que para este projeto foi adquirido em Bauru, na <a href=\"https:\/\/www.instagram.com\/kasadesignacabamentos\/?hl=en\">Kasa Design Acabamentos<\/a>, loja especializada, \u00e9 disponibilizado pela Nina Martinelli tamb\u00e9m nas cores Beige, Concreto e Grigio.<\/p>\n<p>Thaynara relata o resultado. \u201c<em>A obra foi executada fielmente ao projeto, mas ao ver o interior da capela se entende e percebe o tamanho do cuidado e do zelo que tivemos ao projetar esse espa\u00e7o&#8221;, diz.<\/em><\/p>\n<p>E conclui<em>: Para os clientes o projeto atendeu completamente sua necessidade, al\u00e9m de ter feito uma integra\u00e7\u00e3o maior entre os pr\u00e9dios e seu entorno<\/em>\u201d.<\/p>\n<hr \/>\n<p><img loading=\"lazy\" decoding=\"async\" class=\"size-full wp-image-1742 aligncenter\" src=\"http:\/\/blog.ninamartinelli.com.br\/wp-content\/uploads\/2022\/07\/floratto-ninamartinelli_2.jpg\" alt=\"\" width=\"1000\" height=\"500\" srcset=\"https:\/\/ninamartinelli.com.br\/blog2\/wp-content\/uploads\/2022\/07\/floratto-ninamartinelli_2.jpg 1000w, https:\/\/ninamartinelli.com.br\/blog2\/wp-content\/uploads\/2022\/07\/floratto-ninamartinelli_2-300x150.jpg 300w, https:\/\/ninamartinelli.com.br\/blog2\/wp-content\/uploads\/2022\/07\/floratto-ninamartinelli_2-768x384.jpg 768w\" sizes=\"auto, (max-width: 1000px) 100vw, 1000px\" \/><\/p>\n<p>&nbsp;<\/p>\n<hr \/>\n<h3>Capela em retiro espiritual em Bras\u00edlia\/DF \u2013 Renova\u00e7\u00e3o do altar<\/h3>\n<h3>Produto: Revestimento Floratto, cor Bianco \u2013 27,5&#215;27,5cm<br \/>\nProjeto: Thaynara Garcez \u2013 Garcez Arquitetura &amp; Interiores | <a href=\"https:\/\/www.instagram.com\/thaynaragarcez.arq\/\" target=\"_blank\" rel=\"noopener noreferrer\">@thaynaragarcez.arq<\/a><br \/>\nFotos: Acervo profissional da arquiteta<\/h3>\n<h4><\/h4>\n<p>&nbsp;<\/p>\n<p>&nbsp;<\/p>\n<p>&nbsp;<\/p>\n","protected":false},"excerpt":{"rendered":"<p>Revestimento Floratto Bianco foi o escolhido para embelezar e evidenciar delicadeza do altar do templo,<\/p>\n","protected":false},"author":2,"featured_media":1740,"comment_status":"open","ping_status":"open","sticky":false,"template":"","format":"standard","meta":{"footnotes":""},"categories":[60,8,26],"tags":[40,54,46,67,9],"class_list":["post-1721","post","type-post","status-publish","format-standard","has-post-thumbnail","hentry","category-cimento","category-colezione-cemento","category-revestimentos","tag-area-interna","tag-cimenticio","tag-revestimento","tag-revestimento-3d","tag-revestimento-floratto"],"yoast_head":"<!-- This site is optimized with the Yoast SEO plugin v26.8 - https:\/\/yoast.com\/product\/yoast-seo-wordpress\/ -->\n<title>Revestimento Floratto traz beleza e leveza \u00e0 capela no Distrito Federal<\/title>\n<meta name=\"description\" content=\"Revestimento Floratto Bianco foi escolhido para renovar a beleza e acrescentar delicadeza ao altar do templo, que fica num amplo espa\u00e7o de retiro espiritual\" \/>\n<meta name=\"robots\" content=\"index, follow, max-snippet:-1, max-image-preview:large, max-video-preview:-1\" \/>\n<link rel=\"canonical\" href=\"https:\/\/ninamartinelli.com.br\/blog2\/revestimento-floratto-traz-beleza-e-leveza-a-capela-no-distrito-federal\/\" \/>\n<meta property=\"og:locale\" content=\"pt_BR\" \/>\n<meta property=\"og:type\" content=\"article\" \/>\n<meta property=\"og:title\" content=\"Revestimento Floratto traz beleza e leveza \u00e0 capela no Distrito Federal\" \/>\n<meta property=\"og:description\" content=\"Revestimento Floratto Bianco foi escolhido para renovar a beleza e acrescentar delicadeza ao altar do templo, que fica num amplo espa\u00e7o de retiro espiritual\" \/>\n<meta property=\"og:url\" content=\"https:\/\/ninamartinelli.com.br\/blog2\/revestimento-floratto-traz-beleza-e-leveza-a-capela-no-distrito-federal\/\" \/>\n<meta property=\"og:site_name\" content=\"Blog Nina\" \/>\n<meta property=\"article:published_time\" content=\"2022-07-08T11:51:12+00:00\" \/>\n<meta property=\"og:image\" content=\"https:\/\/ninamartinelli.com.br\/blog2\/wp-content\/uploads\/2022\/07\/floratto-ninamartinelli_1.jpg\" \/>\n\t<meta property=\"og:image:width\" content=\"900\" \/>\n\t<meta property=\"og:image:height\" content=\"900\" \/>\n\t<meta property=\"og:image:type\" content=\"image\/jpeg\" \/>\n<meta name=\"author\" content=\"Ana Maria Devides\" \/>\n<meta name=\"twitter:card\" content=\"summary_large_image\" \/>\n<meta name=\"twitter:label1\" content=\"Escrito por\" \/>\n\t<meta name=\"twitter:data1\" content=\"Ana Maria Devides\" \/>\n\t<meta name=\"twitter:label2\" content=\"Est. tempo de leitura\" \/>\n\t<meta name=\"twitter:data2\" content=\"3 minutos\" \/>\n<script type=\"application\/ld+json\" class=\"yoast-schema-graph\">{\"@context\":\"https:\/\/schema.org\",\"@graph\":[{\"@type\":\"Article\",\"@id\":\"https:\/\/ninamartinelli.com.br\/blog2\/revestimento-floratto-traz-beleza-e-leveza-a-capela-no-distrito-federal\/#article\",\"isPartOf\":{\"@id\":\"https:\/\/ninamartinelli.com.br\/blog2\/revestimento-floratto-traz-beleza-e-leveza-a-capela-no-distrito-federal\/\"},\"author\":{\"name\":\"Ana Maria Devides\",\"@id\":\"https:\/\/ninamartinelli.com.br\/blog2\/#\/schema\/person\/43fbfb1d4cbe3b472995206b2bb06df5\"},\"headline\":\"Revestimento Floratto traz beleza e leveza \u00e0 capela no Distrito Federal\",\"datePublished\":\"2022-07-08T11:51:12+00:00\",\"mainEntityOfPage\":{\"@id\":\"https:\/\/ninamartinelli.com.br\/blog2\/revestimento-floratto-traz-beleza-e-leveza-a-capela-no-distrito-federal\/\"},\"wordCount\":700,\"commentCount\":0,\"publisher\":{\"@id\":\"https:\/\/ninamartinelli.com.br\/blog2\/#organization\"},\"image\":{\"@id\":\"https:\/\/ninamartinelli.com.br\/blog2\/revestimento-floratto-traz-beleza-e-leveza-a-capela-no-distrito-federal\/#primaryimage\"},\"thumbnailUrl\":\"https:\/\/ninamartinelli.com.br\/blog2\/wp-content\/uploads\/2022\/07\/floratto-ninamartinelli_1.jpg\",\"keywords\":[\"area interna\",\"cimenticio\",\"revestimento\",\"revestimento 3D\",\"Revestimento Floratto\"],\"articleSection\":[\"Cimento\",\"Colezione Cemento\",\"Revestimentos\"],\"inLanguage\":\"pt-BR\",\"potentialAction\":[{\"@type\":\"CommentAction\",\"name\":\"Comment\",\"target\":[\"https:\/\/ninamartinelli.com.br\/blog2\/revestimento-floratto-traz-beleza-e-leveza-a-capela-no-distrito-federal\/#respond\"]}]},{\"@type\":\"WebPage\",\"@id\":\"https:\/\/ninamartinelli.com.br\/blog2\/revestimento-floratto-traz-beleza-e-leveza-a-capela-no-distrito-federal\/\",\"url\":\"https:\/\/ninamartinelli.com.br\/blog2\/revestimento-floratto-traz-beleza-e-leveza-a-capela-no-distrito-federal\/\",\"name\":\"Revestimento Floratto traz beleza e leveza \u00e0 capela no Distrito Federal\",\"isPartOf\":{\"@id\":\"https:\/\/ninamartinelli.com.br\/blog2\/#website\"},\"primaryImageOfPage\":{\"@id\":\"https:\/\/ninamartinelli.com.br\/blog2\/revestimento-floratto-traz-beleza-e-leveza-a-capela-no-distrito-federal\/#primaryimage\"},\"image\":{\"@id\":\"https:\/\/ninamartinelli.com.br\/blog2\/revestimento-floratto-traz-beleza-e-leveza-a-capela-no-distrito-federal\/#primaryimage\"},\"thumbnailUrl\":\"https:\/\/ninamartinelli.com.br\/blog2\/wp-content\/uploads\/2022\/07\/floratto-ninamartinelli_1.jpg\",\"datePublished\":\"2022-07-08T11:51:12+00:00\",\"description\":\"Revestimento Floratto Bianco foi escolhido para renovar a beleza e acrescentar delicadeza ao altar do templo, que fica num amplo espa\u00e7o de retiro espiritual\",\"breadcrumb\":{\"@id\":\"https:\/\/ninamartinelli.com.br\/blog2\/revestimento-floratto-traz-beleza-e-leveza-a-capela-no-distrito-federal\/#breadcrumb\"},\"inLanguage\":\"pt-BR\",\"potentialAction\":[{\"@type\":\"ReadAction\",\"target\":[\"https:\/\/ninamartinelli.com.br\/blog2\/revestimento-floratto-traz-beleza-e-leveza-a-capela-no-distrito-federal\/\"]}]},{\"@type\":\"ImageObject\",\"inLanguage\":\"pt-BR\",\"@id\":\"https:\/\/ninamartinelli.com.br\/blog2\/revestimento-floratto-traz-beleza-e-leveza-a-capela-no-distrito-federal\/#primaryimage\",\"url\":\"https:\/\/ninamartinelli.com.br\/blog2\/wp-content\/uploads\/2022\/07\/floratto-ninamartinelli_1.jpg\",\"contentUrl\":\"https:\/\/ninamartinelli.com.br\/blog2\/wp-content\/uploads\/2022\/07\/floratto-ninamartinelli_1.jpg\",\"width\":900,\"height\":900},{\"@type\":\"BreadcrumbList\",\"@id\":\"https:\/\/ninamartinelli.com.br\/blog2\/revestimento-floratto-traz-beleza-e-leveza-a-capela-no-distrito-federal\/#breadcrumb\",\"itemListElement\":[{\"@type\":\"ListItem\",\"position\":1,\"name\":\"In\u00edcio\",\"item\":\"https:\/\/ninamartinelli.com.br\/blog2\/\"},{\"@type\":\"ListItem\",\"position\":2,\"name\":\"Revestimento Floratto traz beleza e leveza \u00e0 capela no Distrito Federal\"}]},{\"@type\":\"WebSite\",\"@id\":\"https:\/\/ninamartinelli.com.br\/blog2\/#website\",\"url\":\"https:\/\/ninamartinelli.com.br\/blog2\/\",\"name\":\"Nina Martinelli\",\"description\":\"#Nina_Martinelli\",\"publisher\":{\"@id\":\"https:\/\/ninamartinelli.com.br\/blog2\/#organization\"},\"potentialAction\":[{\"@type\":\"SearchAction\",\"target\":{\"@type\":\"EntryPoint\",\"urlTemplate\":\"https:\/\/ninamartinelli.com.br\/blog2\/?s={search_term_string}\"},\"query-input\":{\"@type\":\"PropertyValueSpecification\",\"valueRequired\":true,\"valueName\":\"search_term_string\"}}],\"inLanguage\":\"pt-BR\"},{\"@type\":\"Organization\",\"@id\":\"https:\/\/ninamartinelli.com.br\/blog2\/#organization\",\"name\":\"Blog Novidades\",\"url\":\"https:\/\/ninamartinelli.com.br\/blog2\/\",\"logo\":{\"@type\":\"ImageObject\",\"inLanguage\":\"pt-BR\",\"@id\":\"https:\/\/ninamartinelli.com.br\/blog2\/#\/schema\/logo\/image\/\",\"url\":\"http:\/\/blog.ninamartinelli.com.br\/wp-content\/uploads\/2022\/03\/logo_nina_blog.png\",\"contentUrl\":\"http:\/\/blog.ninamartinelli.com.br\/wp-content\/uploads\/2022\/03\/logo_nina_blog.png\",\"width\":500,\"height\":104,\"caption\":\"Blog Novidades\"},\"image\":{\"@id\":\"https:\/\/ninamartinelli.com.br\/blog2\/#\/schema\/logo\/image\/\"}},{\"@type\":\"Person\",\"@id\":\"https:\/\/ninamartinelli.com.br\/blog2\/#\/schema\/person\/43fbfb1d4cbe3b472995206b2bb06df5\",\"name\":\"Ana Maria Devides\",\"image\":{\"@type\":\"ImageObject\",\"inLanguage\":\"pt-BR\",\"@id\":\"https:\/\/ninamartinelli.com.br\/blog2\/#\/schema\/person\/image\/\",\"url\":\"https:\/\/secure.gravatar.com\/avatar\/a03a82675d8bb3da8e5c5a6872db97be?s=96&d=mm&r=g\",\"contentUrl\":\"https:\/\/secure.gravatar.com\/avatar\/a03a82675d8bb3da8e5c5a6872db97be?s=96&d=mm&r=g\",\"caption\":\"Ana Maria Devides\"},\"url\":\"https:\/\/ninamartinelli.com.br\/blog2\/author\/assessoria-nina-martinelli\/\"}]}<\/script>\n<!-- \/ Yoast SEO plugin. -->","yoast_head_json":{"title":"Revestimento Floratto traz beleza e leveza \u00e0 capela no Distrito Federal","description":"Revestimento Floratto Bianco foi escolhido para renovar a beleza e acrescentar delicadeza ao altar do templo, que fica num amplo espa\u00e7o de retiro espiritual","robots":{"index":"index","follow":"follow","max-snippet":"max-snippet:-1","max-image-preview":"max-image-preview:large","max-video-preview":"max-video-preview:-1"},"canonical":"https:\/\/ninamartinelli.com.br\/blog2\/revestimento-floratto-traz-beleza-e-leveza-a-capela-no-distrito-federal\/","og_locale":"pt_BR","og_type":"article","og_title":"Revestimento Floratto traz beleza e leveza \u00e0 capela no Distrito Federal","og_description":"Revestimento Floratto Bianco foi escolhido para renovar a beleza e acrescentar delicadeza ao altar do templo, que fica num amplo espa\u00e7o de retiro espiritual","og_url":"https:\/\/ninamartinelli.com.br\/blog2\/revestimento-floratto-traz-beleza-e-leveza-a-capela-no-distrito-federal\/","og_site_name":"Blog Nina","article_published_time":"2022-07-08T11:51:12+00:00","og_image":[{"width":900,"height":900,"url":"https:\/\/ninamartinelli.com.br\/blog2\/wp-content\/uploads\/2022\/07\/floratto-ninamartinelli_1.jpg","type":"image\/jpeg"}],"author":"Ana Maria Devides","twitter_card":"summary_large_image","twitter_misc":{"Escrito por":"Ana Maria Devides","Est. tempo de leitura":"3 minutos"},"schema":{"@context":"https:\/\/schema.org","@graph":[{"@type":"Article","@id":"https:\/\/ninamartinelli.com.br\/blog2\/revestimento-floratto-traz-beleza-e-leveza-a-capela-no-distrito-federal\/#article","isPartOf":{"@id":"https:\/\/ninamartinelli.com.br\/blog2\/revestimento-floratto-traz-beleza-e-leveza-a-capela-no-distrito-federal\/"},"author":{"name":"Ana Maria Devides","@id":"https:\/\/ninamartinelli.com.br\/blog2\/#\/schema\/person\/43fbfb1d4cbe3b472995206b2bb06df5"},"headline":"Revestimento Floratto traz beleza e leveza \u00e0 capela no Distrito Federal","datePublished":"2022-07-08T11:51:12+00:00","mainEntityOfPage":{"@id":"https:\/\/ninamartinelli.com.br\/blog2\/revestimento-floratto-traz-beleza-e-leveza-a-capela-no-distrito-federal\/"},"wordCount":700,"commentCount":0,"publisher":{"@id":"https:\/\/ninamartinelli.com.br\/blog2\/#organization"},"image":{"@id":"https:\/\/ninamartinelli.com.br\/blog2\/revestimento-floratto-traz-beleza-e-leveza-a-capela-no-distrito-federal\/#primaryimage"},"thumbnailUrl":"https:\/\/ninamartinelli.com.br\/blog2\/wp-content\/uploads\/2022\/07\/floratto-ninamartinelli_1.jpg","keywords":["area interna","cimenticio","revestimento","revestimento 3D","Revestimento Floratto"],"articleSection":["Cimento","Colezione Cemento","Revestimentos"],"inLanguage":"pt-BR","potentialAction":[{"@type":"CommentAction","name":"Comment","target":["https:\/\/ninamartinelli.com.br\/blog2\/revestimento-floratto-traz-beleza-e-leveza-a-capela-no-distrito-federal\/#respond"]}]},{"@type":"WebPage","@id":"https:\/\/ninamartinelli.com.br\/blog2\/revestimento-floratto-traz-beleza-e-leveza-a-capela-no-distrito-federal\/","url":"https:\/\/ninamartinelli.com.br\/blog2\/revestimento-floratto-traz-beleza-e-leveza-a-capela-no-distrito-federal\/","name":"Revestimento Floratto traz beleza e leveza \u00e0 capela no Distrito Federal","isPartOf":{"@id":"https:\/\/ninamartinelli.com.br\/blog2\/#website"},"primaryImageOfPage":{"@id":"https:\/\/ninamartinelli.com.br\/blog2\/revestimento-floratto-traz-beleza-e-leveza-a-capela-no-distrito-federal\/#primaryimage"},"image":{"@id":"https:\/\/ninamartinelli.com.br\/blog2\/revestimento-floratto-traz-beleza-e-leveza-a-capela-no-distrito-federal\/#primaryimage"},"thumbnailUrl":"https:\/\/ninamartinelli.com.br\/blog2\/wp-content\/uploads\/2022\/07\/floratto-ninamartinelli_1.jpg","datePublished":"2022-07-08T11:51:12+00:00","description":"Revestimento Floratto Bianco foi escolhido para renovar a beleza e acrescentar delicadeza ao altar do templo, que fica num amplo espa\u00e7o de retiro espiritual","breadcrumb":{"@id":"https:\/\/ninamartinelli.com.br\/blog2\/revestimento-floratto-traz-beleza-e-leveza-a-capela-no-distrito-federal\/#breadcrumb"},"inLanguage":"pt-BR","potentialAction":[{"@type":"ReadAction","target":["https:\/\/ninamartinelli.com.br\/blog2\/revestimento-floratto-traz-beleza-e-leveza-a-capela-no-distrito-federal\/"]}]},{"@type":"ImageObject","inLanguage":"pt-BR","@id":"https:\/\/ninamartinelli.com.br\/blog2\/revestimento-floratto-traz-beleza-e-leveza-a-capela-no-distrito-federal\/#primaryimage","url":"https:\/\/ninamartinelli.com.br\/blog2\/wp-content\/uploads\/2022\/07\/floratto-ninamartinelli_1.jpg","contentUrl":"https:\/\/ninamartinelli.com.br\/blog2\/wp-content\/uploads\/2022\/07\/floratto-ninamartinelli_1.jpg","width":900,"height":900},{"@type":"BreadcrumbList","@id":"https:\/\/ninamartinelli.com.br\/blog2\/revestimento-floratto-traz-beleza-e-leveza-a-capela-no-distrito-federal\/#breadcrumb","itemListElement":[{"@type":"ListItem","position":1,"name":"In\u00edcio","item":"https:\/\/ninamartinelli.com.br\/blog2\/"},{"@type":"ListItem","position":2,"name":"Revestimento Floratto traz beleza e leveza \u00e0 capela no Distrito Federal"}]},{"@type":"WebSite","@id":"https:\/\/ninamartinelli.com.br\/blog2\/#website","url":"https:\/\/ninamartinelli.com.br\/blog2\/","name":"Nina Martinelli","description":"#Nina_Martinelli","publisher":{"@id":"https:\/\/ninamartinelli.com.br\/blog2\/#organization"},"potentialAction":[{"@type":"SearchAction","target":{"@type":"EntryPoint","urlTemplate":"https:\/\/ninamartinelli.com.br\/blog2\/?s={search_term_string}"},"query-input":{"@type":"PropertyValueSpecification","valueRequired":true,"valueName":"search_term_string"}}],"inLanguage":"pt-BR"},{"@type":"Organization","@id":"https:\/\/ninamartinelli.com.br\/blog2\/#organization","name":"Blog Novidades","url":"https:\/\/ninamartinelli.com.br\/blog2\/","logo":{"@type":"ImageObject","inLanguage":"pt-BR","@id":"https:\/\/ninamartinelli.com.br\/blog2\/#\/schema\/logo\/image\/","url":"http:\/\/blog.ninamartinelli.com.br\/wp-content\/uploads\/2022\/03\/logo_nina_blog.png","contentUrl":"http:\/\/blog.ninamartinelli.com.br\/wp-content\/uploads\/2022\/03\/logo_nina_blog.png","width":500,"height":104,"caption":"Blog Novidades"},"image":{"@id":"https:\/\/ninamartinelli.com.br\/blog2\/#\/schema\/logo\/image\/"}},{"@type":"Person","@id":"https:\/\/ninamartinelli.com.br\/blog2\/#\/schema\/person\/43fbfb1d4cbe3b472995206b2bb06df5","name":"Ana Maria Devides","image":{"@type":"ImageObject","inLanguage":"pt-BR","@id":"https:\/\/ninamartinelli.com.br\/blog2\/#\/schema\/person\/image\/","url":"https:\/\/secure.gravatar.com\/avatar\/a03a82675d8bb3da8e5c5a6872db97be?s=96&d=mm&r=g","contentUrl":"https:\/\/secure.gravatar.com\/avatar\/a03a82675d8bb3da8e5c5a6872db97be?s=96&d=mm&r=g","caption":"Ana Maria Devides"},"url":"https:\/\/ninamartinelli.com.br\/blog2\/author\/assessoria-nina-martinelli\/"}]}},"_links":{"self":[{"href":"https:\/\/ninamartinelli.com.br\/blog2\/wp-json\/wp\/v2\/posts\/1721","targetHints":{"allow":["GET"]}}],"collection":[{"href":"https:\/\/ninamartinelli.com.br\/blog2\/wp-json\/wp\/v2\/posts"}],"about":[{"href":"https:\/\/ninamartinelli.com.br\/blog2\/wp-json\/wp\/v2\/types\/post"}],"author":[{"embeddable":true,"href":"https:\/\/ninamartinelli.com.br\/blog2\/wp-json\/wp\/v2\/users\/2"}],"replies":[{"embeddable":true,"href":"https:\/\/ninamartinelli.com.br\/blog2\/wp-json\/wp\/v2\/comments?post=1721"}],"version-history":[{"count":6,"href":"https:\/\/ninamartinelli.com.br\/blog2\/wp-json\/wp\/v2\/posts\/1721\/revisions"}],"predecessor-version":[{"id":1743,"href":"https:\/\/ninamartinelli.com.br\/blog2\/wp-json\/wp\/v2\/posts\/1721\/revisions\/1743"}],"wp:featuredmedia":[{"embeddable":true,"href":"https:\/\/ninamartinelli.com.br\/blog2\/wp-json\/wp\/v2\/media\/1740"}],"wp:attachment":[{"href":"https:\/\/ninamartinelli.com.br\/blog2\/wp-json\/wp\/v2\/media?parent=1721"}],"wp:term":[{"taxonomy":"category","embeddable":true,"href":"https:\/\/ninamartinelli.com.br\/blog2\/wp-json\/wp\/v2\/categories?post=1721"},{"taxonomy":"post_tag","embeddable":true,"href":"https:\/\/ninamartinelli.com.br\/blog2\/wp-json\/wp\/v2\/tags?post=1721"}],"curies":[{"name":"wp","href":"https:\/\/api.w.org\/{rel}","templated":true}]}}