{"id":1712,"date":"2022-06-09T08:13:51","date_gmt":"2022-06-09T11:13:51","guid":{"rendered":"http:\/\/blog.ninamartinelli.com.br\/?p=1712"},"modified":"2022-06-09T08:33:02","modified_gmt":"2022-06-09T11:33:02","slug":"um-refugio-de-paz-com-mix-incrivel-de-ceramicos-nina-martinelli","status":"publish","type":"post","link":"https:\/\/ninamartinelli.com.br\/blog2\/um-refugio-de-paz-com-mix-incrivel-de-ceramicos-nina-martinelli\/","title":{"rendered":"Um ref\u00fagio de paz, com mix incr\u00edvel de cer\u00e2micos Nina Martinelli"},"content":{"rendered":"<p><strong><em>Pisos e revestimentos r\u00fasticos materializaram sonho de uma fam\u00edlia: um ref\u00fagio de paz, em harmonia com a natureza, em Araras\/SP<\/em><\/strong><\/p>\n<p>Um ref\u00fagio de paz, uma casa ampla, org\u00e2nica, \u2018plantada\u2019 em meio a muito verde, e com vista plena para uma linda represa. Al\u00e9m disso, um lugar de simplicidade, mas com muita personalidade, que n\u00e3o se rende a modismos e reflete o desejo de contempla\u00e7\u00e3o dos moradores.<\/p>\n<p>Assim \u00e9 a bela resid\u00eancia projetada pelo arquiteto <a href=\"https:\/\/www.instagram.com\/urban.leandro\/\" target=\"_blank\" rel=\"noopener noreferrer\">Leandro Urban<\/a>, em Araras, interior de S\u00e3o Paulo. Um projeto que se valeu de diversos produtos <a href=\"https:\/\/www.ninamartinelli.com.br\/#!\/\">Nina Martinelli<\/a> para que as expectativas dos clientes \u2013 um casal com um filho e muitos animais de estima\u00e7\u00e3o &#8211; fossem alcan\u00e7adas.<\/p>\n<p>Erguida num charmoso condom\u00ednio de alto padr\u00e3o, em um terreno de 2 mil m<sup>2<\/sup>, em declive, a constru\u00e7\u00e3o de 470 m<sup>2<\/sup> se aconchega na topografia, tirando partido do relevo. <em>\u201cNo n\u00edvel da rua a casa tem 300 m\u00b2 e na parte mais abaixo fizemos a piscina e a \u00e1rea gourmet, com 170m\u00b2\u201d<\/em>, explica Leandro.<\/p>\n<h3>Cer\u00e2mica em v\u00e1rios formatos para o ref\u00fagio de paz<\/h3>\n<p>O arquiteto conta como chegou \u00e0 decis\u00e3o de especificar n\u00e3o um, nem dois, nem tr\u00eas&#8230; mas sim quatro diferentes produtos Nina Martinelli. <em>\u201cEm busca de materiais naturais, r\u00fasticos e com estilo, encontramos na Nina Martinelli o que busc\u00e1vamos. As cores da cer\u00e2mica e os v\u00e1rios formatos nos proporcionaram muitas pagina\u00e7\u00f5es diferentes, para cada ambiente\u201d,<\/em> descreve.<\/p>\n<h3>Ambientes lindos e convidativos<\/h3>\n<p><img loading=\"lazy\" decoding=\"async\" class=\"alignleft wp-image-1028 size-medium\" src=\"http:\/\/blog.ninamartinelli.com.br\/wp-content\/uploads\/2020\/05\/piso-cotto-vecchio-nero-300x300.jpg\" alt=\"\" width=\"300\" height=\"300\" srcset=\"https:\/\/ninamartinelli.com.br\/blog2\/wp-content\/uploads\/2020\/05\/piso-cotto-vecchio-nero-300x300.jpg 300w, https:\/\/ninamartinelli.com.br\/blog2\/wp-content\/uploads\/2020\/05\/piso-cotto-vecchio-nero-150x150.jpg 150w, https:\/\/ninamartinelli.com.br\/blog2\/wp-content\/uploads\/2020\/05\/piso-cotto-vecchio-nero-50x50.jpg 50w, https:\/\/ninamartinelli.com.br\/blog2\/wp-content\/uploads\/2020\/05\/piso-cotto-vecchio-nero.jpg 500w\" sizes=\"auto, (max-width: 300px) 100vw, 300px\" \/>Na ampla varanda com um belo pergolado de madeira roli\u00e7a, Leandro utilizou o piso <a href=\"https:\/\/www.ninamartinelli.com.br\/#!\/pt\/produtos\/139000000-piso-cotto-vecchio\" target=\"_blank\" rel=\"noopener noreferrer\"><strong>Cotto Vecchio<\/strong><\/a>, na cor Nero, nas medidas 11,5x24cm e 24&#215;24 cm, numa pagina\u00e7\u00e3o ousada e que alterna as dimens\u00f5es das pe\u00e7as e forma um padr\u00e3o elegante e despojado.<\/p>\n<p>E o produto \u00e9 realmente vers\u00e1til, sendo disponibilizado pela f\u00e1brica tamb\u00e9m nas medidas 5,2&#215;5,2cm, 5,2x24cm, al\u00e9m das utilizadas nesse projeto.<\/p>\n<p>Ele \u00e9 feito em cer\u00e2mica natural, com varia\u00e7\u00f5es t\u00edpicas na tonalidade, obtidas no processo de queima, e apresentando superf\u00edcie envelhecida, com arestas levemente desgastadas. Assim, o Cotto Vecchio oferece alto grau de singularidade. Est\u00e1 dispon\u00edvel nos tons Rosso, Paglia, Nero e Sfumato. O tom Rosso foi o escolhido por Leandro para contornar toda a ampla e charmosa \u00e1rea gourmet da casa.<\/p>\n<h3>Composi\u00e7\u00e3o com faixas nobres<\/h3>\n<p>E no banheiro que serve esse espa\u00e7o, t\u00e3o importante para o lazer e o conv\u00edvio social da fam\u00edlia, o arquiteto optou por aplicar no piso a faixa decorativa Brasiliana, no tom Rosso.<\/p>\n<p>Dispon\u00edveis nas medidas 11,5x36cm e 15x30cm, as faixas s\u00e3o feitas em cer\u00e2mica e decoradas com pequenas pe\u00e7as, de cores alternadas, ou n\u00e3o.\u00a0 Lembrando que s\u00e3o produzidas em tr\u00eas desenhos diferentes, e combinam perfeitamente com revestimentos cer\u00e2micos mais simples.<\/p>\n<p>Elas s\u00e3o feitas artesanalmente e de modo sustent\u00e1vel, com a reciclagem dos res\u00edduos da pr\u00f3pria f\u00e1brica. Al\u00e9m, do tom Rosso, s\u00e3o disponibilizadas tamb\u00e9m no Paglia e Nero.<\/p>\n<p>E nesse projeto incr\u00edvel, as faixas fazem uma composi\u00e7\u00e3o de muito estilo com a cer\u00e2mica <strong>Decoratto Fuocco Adda Canto,<\/strong> que mede 11,5&#215;11,5cm, e \u00e9 disponibilizada em tr\u00eas estilos diferentes.<\/p>\n<p>Leandro escolheu o que traz suaves arabescos, em tom um pouco mais claro do que a base, que por sua vez \u00e9 salpicada de part\u00edculas e desgastes que d\u00e3o ao material um charme \u00fanico, que parece ter sido aperfei\u00e7oado pela a\u00e7\u00e3o do tempo.<\/p>\n<p>Sabe aquela sensa\u00e7\u00e3o de que apesar de novinha em folha, a casa \u201csempre\u201d esteve l\u00e1? \u00c9 disso que se fala em rela\u00e7\u00e3o a essa resid\u00eancia.<\/p>\n<h3>Piso Volti marca o caminho natural para dentro da casa<\/h3>\n<p><img loading=\"lazy\" decoding=\"async\" class=\"alignleft wp-image-1307\" src=\"http:\/\/blog.ninamartinelli.com.br\/wp-content\/uploads\/2021\/02\/volti_.jpg\" alt=\"\" width=\"200\" height=\"200\" srcset=\"https:\/\/ninamartinelli.com.br\/blog2\/wp-content\/uploads\/2021\/02\/volti_.jpg 800w, https:\/\/ninamartinelli.com.br\/blog2\/wp-content\/uploads\/2021\/02\/volti_-300x300.jpg 300w, https:\/\/ninamartinelli.com.br\/blog2\/wp-content\/uploads\/2021\/02\/volti_-150x150.jpg 150w, https:\/\/ninamartinelli.com.br\/blog2\/wp-content\/uploads\/2021\/02\/volti_-768x768.jpg 768w, https:\/\/ninamartinelli.com.br\/blog2\/wp-content\/uploads\/2021\/02\/volti_-50x50.jpg 50w\" sizes=\"auto, (max-width: 200px) 100vw, 200px\" \/>Por fim, como ousadia, rusticidade e eleg\u00e2ncia s\u00e3o tamb\u00e9m marcas desse projeto, Leandro aplicou o piso<strong><a href=\"http:\/\/blog.ninamartinelli.com.br\/terrace-lounge-londrina-simples-e-sofisticado\/\" target=\"_blank\" rel=\"noopener noreferrer\"> Volti<\/a>,<\/strong> nos tons Nero, Paglia e Rosso na garagem, sala de lareira e nas su\u00edtes. O Volti aparece tamb\u00e9m nas paredes de outro banheiro da casa.<\/p>\n<p>S\u00e3o espa\u00e7os em que o piso ganhou ainda mais personalidade, com pagina\u00e7\u00f5es e desenhos que capturam o olhar e, assim como nos outros ambientes, dialogam com muita madeira, pedra, cimento queimado, muitas plantas, e um telhado em estilo corda-bamba, com detalhes externos em sap\u00e9.<\/p>\n<p>O resultado, al\u00e9m de surpreendente e muito envolvente, com grande apelo natural, atendeu plenamente as expectativas, tanto do arquiteto quanto dos clientes, transformando realmente a casa no sonhado ref\u00fagio de paz. <em>\u201cEles amaram. Era o que t\u00ednhamos pensado e visualizado no projeto em 3D\u201d<\/em>, conclui Leandro.<\/p>\n<p>Todos os produtos Nina Martinelli foram comprados na <a href=\"https:\/\/loja.tonettoetrova.com.br\/\">Tonetto &amp; Trova<\/a>, em Araras. Loja complet\u00edssima e especializada em constru\u00e7\u00e3o e acabamento.<\/p>\n<hr \/>\n<p><img loading=\"lazy\" decoding=\"async\" class=\"size-full wp-image-1725 aligncenter\" src=\"http:\/\/blog.ninamartinelli.com.br\/wp-content\/uploads\/2022\/05\/COTTO_VOLTI_FUOCCO2.jpg\" alt=\"\" width=\"1000\" height=\"500\" srcset=\"https:\/\/ninamartinelli.com.br\/blog2\/wp-content\/uploads\/2022\/05\/COTTO_VOLTI_FUOCCO2.jpg 1000w, https:\/\/ninamartinelli.com.br\/blog2\/wp-content\/uploads\/2022\/05\/COTTO_VOLTI_FUOCCO2-300x150.jpg 300w, https:\/\/ninamartinelli.com.br\/blog2\/wp-content\/uploads\/2022\/05\/COTTO_VOLTI_FUOCCO2-768x384.jpg 768w\" sizes=\"auto, (max-width: 1000px) 100vw, 1000px\" \/><\/p>\n<p><img loading=\"lazy\" decoding=\"async\" class=\"size-full wp-image-1726 aligncenter\" src=\"http:\/\/blog.ninamartinelli.com.br\/wp-content\/uploads\/2022\/05\/COTTO_VOLTI_FUOCCO3.jpg\" alt=\"\" width=\"1000\" height=\"500\" srcset=\"https:\/\/ninamartinelli.com.br\/blog2\/wp-content\/uploads\/2022\/05\/COTTO_VOLTI_FUOCCO3.jpg 1000w, https:\/\/ninamartinelli.com.br\/blog2\/wp-content\/uploads\/2022\/05\/COTTO_VOLTI_FUOCCO3-300x150.jpg 300w, https:\/\/ninamartinelli.com.br\/blog2\/wp-content\/uploads\/2022\/05\/COTTO_VOLTI_FUOCCO3-768x384.jpg 768w\" sizes=\"auto, (max-width: 1000px) 100vw, 1000px\" \/><\/p>\n<hr \/>\n<h4>Resid\u00eancia em condom\u00ednio de alto padr\u00e3o em Araras\/SP<\/h4>\n<h4>Produtos:<br \/>\n1-Piso Cotto Vecchio Nero &#8211; 11,5x24cm e 24x24cm<br \/>\n1.1-Piso Cotto Vecchio Rosso &#8211; 11,5x24cm e 24x24cm<br \/>\n2-Piso Volti \u2013 Nero, Paglia e Rosso &#8211; 13,5 x 23 cm<br \/>\n3-Faixa Decorativa Brasiliana &#8211; 11,5x36cm<br \/>\n4-Decoratto Fuocco Adda Canto \u2013 11,5&#215;11,5cm<\/h4>\n<h4>Projeto: Leandro Urban \u2013 <a href=\"https:\/\/www.instagram.com\/urban.leandro\/\" target=\"_blank\" rel=\"noopener noreferrer\">@urban.leandro<\/a><\/h4>\n<h4>Fotos: Leandro Urban<\/h4>\n<p>&nbsp;<\/p>\n","protected":false},"excerpt":{"rendered":"<p>Pisos e revestimentos r\u00fasticos materializaram sonho de uma fam\u00edlia: um ref\u00fagio de paz, em harmonia<\/p>\n","protected":false},"author":2,"featured_media":1724,"comment_status":"open","ping_status":"open","sticky":false,"template":"","format":"standard","meta":{"footnotes":""},"categories":[59,20,21,26],"tags":[69,24,85],"class_list":["post-1712","post","type-post","status-publish","format-standard","has-post-thumbnail","hentry","category-ceramica","category-colezione-eleganza","category-pisos","category-revestimentos","tag-condominio","tag-piso","tag-piso-rustico"],"yoast_head":"<!-- This site is optimized with the Yoast SEO plugin v26.8 - https:\/\/yoast.com\/product\/yoast-seo-wordpress\/ -->\n<title>Um ref\u00fagio de paz, com mix incr\u00edvel de cer\u00e2micos Nina Martinelli<\/title>\n<meta name=\"description\" content=\"Pisos e revestimentos r\u00fasticos materializaram sonho de uma fam\u00edlia: um ref\u00fagio de paz, em harmonia com a natureza, em Araras\/SP\" \/>\n<meta name=\"robots\" content=\"index, follow, max-snippet:-1, max-image-preview:large, max-video-preview:-1\" \/>\n<link rel=\"canonical\" href=\"https:\/\/ninamartinelli.com.br\/blog2\/um-refugio-de-paz-com-mix-incrivel-de-ceramicos-nina-martinelli\/\" \/>\n<meta property=\"og:locale\" content=\"pt_BR\" \/>\n<meta property=\"og:type\" content=\"article\" \/>\n<meta property=\"og:title\" content=\"Um ref\u00fagio de paz, com mix incr\u00edvel de cer\u00e2micos Nina Martinelli\" \/>\n<meta property=\"og:description\" content=\"Pisos e revestimentos r\u00fasticos materializaram sonho de uma fam\u00edlia: um ref\u00fagio de paz, em harmonia com a natureza, em Araras\/SP\" \/>\n<meta property=\"og:url\" content=\"https:\/\/ninamartinelli.com.br\/blog2\/um-refugio-de-paz-com-mix-incrivel-de-ceramicos-nina-martinelli\/\" \/>\n<meta property=\"og:site_name\" content=\"Blog Nina\" \/>\n<meta property=\"article:published_time\" content=\"2022-06-09T11:13:51+00:00\" \/>\n<meta property=\"article:modified_time\" content=\"2022-06-09T11:33:02+00:00\" \/>\n<meta property=\"og:image\" content=\"https:\/\/ninamartinelli.com.br\/blog2\/wp-content\/uploads\/2022\/05\/COTTO_VOLTI_FUOCCO1.jpg\" \/>\n\t<meta property=\"og:image:width\" content=\"1000\" \/>\n\t<meta property=\"og:image:height\" content=\"1000\" \/>\n\t<meta property=\"og:image:type\" content=\"image\/jpeg\" \/>\n<meta name=\"author\" content=\"Ana Maria Devides\" \/>\n<meta name=\"twitter:card\" content=\"summary_large_image\" \/>\n<meta name=\"twitter:label1\" content=\"Escrito por\" \/>\n\t<meta name=\"twitter:data1\" content=\"Ana Maria Devides\" \/>\n\t<meta name=\"twitter:label2\" content=\"Est. tempo de leitura\" \/>\n\t<meta name=\"twitter:data2\" content=\"4 minutos\" \/>\n<script type=\"application\/ld+json\" class=\"yoast-schema-graph\">{\"@context\":\"https:\/\/schema.org\",\"@graph\":[{\"@type\":\"Article\",\"@id\":\"https:\/\/ninamartinelli.com.br\/blog2\/um-refugio-de-paz-com-mix-incrivel-de-ceramicos-nina-martinelli\/#article\",\"isPartOf\":{\"@id\":\"https:\/\/ninamartinelli.com.br\/blog2\/um-refugio-de-paz-com-mix-incrivel-de-ceramicos-nina-martinelli\/\"},\"author\":{\"name\":\"Ana Maria Devides\",\"@id\":\"https:\/\/ninamartinelli.com.br\/blog2\/#\/schema\/person\/43fbfb1d4cbe3b472995206b2bb06df5\"},\"headline\":\"Um ref\u00fagio de paz, com mix incr\u00edvel de cer\u00e2micos Nina Martinelli\",\"datePublished\":\"2022-06-09T11:13:51+00:00\",\"dateModified\":\"2022-06-09T11:33:02+00:00\",\"mainEntityOfPage\":{\"@id\":\"https:\/\/ninamartinelli.com.br\/blog2\/um-refugio-de-paz-com-mix-incrivel-de-ceramicos-nina-martinelli\/\"},\"wordCount\":877,\"commentCount\":0,\"publisher\":{\"@id\":\"https:\/\/ninamartinelli.com.br\/blog2\/#organization\"},\"image\":{\"@id\":\"https:\/\/ninamartinelli.com.br\/blog2\/um-refugio-de-paz-com-mix-incrivel-de-ceramicos-nina-martinelli\/#primaryimage\"},\"thumbnailUrl\":\"https:\/\/ninamartinelli.com.br\/blog2\/wp-content\/uploads\/2022\/05\/COTTO_VOLTI_FUOCCO1.jpg\",\"keywords\":[\"condominio\",\"piso\",\"piso rustico\"],\"articleSection\":[\"Cer\u00e2mica\",\"Colezione Eleganza\",\"Pisos\",\"Revestimentos\"],\"inLanguage\":\"pt-BR\",\"potentialAction\":[{\"@type\":\"CommentAction\",\"name\":\"Comment\",\"target\":[\"https:\/\/ninamartinelli.com.br\/blog2\/um-refugio-de-paz-com-mix-incrivel-de-ceramicos-nina-martinelli\/#respond\"]}]},{\"@type\":\"WebPage\",\"@id\":\"https:\/\/ninamartinelli.com.br\/blog2\/um-refugio-de-paz-com-mix-incrivel-de-ceramicos-nina-martinelli\/\",\"url\":\"https:\/\/ninamartinelli.com.br\/blog2\/um-refugio-de-paz-com-mix-incrivel-de-ceramicos-nina-martinelli\/\",\"name\":\"Um ref\u00fagio de paz, com mix incr\u00edvel de cer\u00e2micos Nina Martinelli\",\"isPartOf\":{\"@id\":\"https:\/\/ninamartinelli.com.br\/blog2\/#website\"},\"primaryImageOfPage\":{\"@id\":\"https:\/\/ninamartinelli.com.br\/blog2\/um-refugio-de-paz-com-mix-incrivel-de-ceramicos-nina-martinelli\/#primaryimage\"},\"image\":{\"@id\":\"https:\/\/ninamartinelli.com.br\/blog2\/um-refugio-de-paz-com-mix-incrivel-de-ceramicos-nina-martinelli\/#primaryimage\"},\"thumbnailUrl\":\"https:\/\/ninamartinelli.com.br\/blog2\/wp-content\/uploads\/2022\/05\/COTTO_VOLTI_FUOCCO1.jpg\",\"datePublished\":\"2022-06-09T11:13:51+00:00\",\"dateModified\":\"2022-06-09T11:33:02+00:00\",\"description\":\"Pisos e revestimentos r\u00fasticos materializaram sonho de uma fam\u00edlia: um ref\u00fagio de paz, em harmonia com a natureza, em Araras\/SP\",\"breadcrumb\":{\"@id\":\"https:\/\/ninamartinelli.com.br\/blog2\/um-refugio-de-paz-com-mix-incrivel-de-ceramicos-nina-martinelli\/#breadcrumb\"},\"inLanguage\":\"pt-BR\",\"potentialAction\":[{\"@type\":\"ReadAction\",\"target\":[\"https:\/\/ninamartinelli.com.br\/blog2\/um-refugio-de-paz-com-mix-incrivel-de-ceramicos-nina-martinelli\/\"]}]},{\"@type\":\"ImageObject\",\"inLanguage\":\"pt-BR\",\"@id\":\"https:\/\/ninamartinelli.com.br\/blog2\/um-refugio-de-paz-com-mix-incrivel-de-ceramicos-nina-martinelli\/#primaryimage\",\"url\":\"https:\/\/ninamartinelli.com.br\/blog2\/wp-content\/uploads\/2022\/05\/COTTO_VOLTI_FUOCCO1.jpg\",\"contentUrl\":\"https:\/\/ninamartinelli.com.br\/blog2\/wp-content\/uploads\/2022\/05\/COTTO_VOLTI_FUOCCO1.jpg\",\"width\":1000,\"height\":1000},{\"@type\":\"BreadcrumbList\",\"@id\":\"https:\/\/ninamartinelli.com.br\/blog2\/um-refugio-de-paz-com-mix-incrivel-de-ceramicos-nina-martinelli\/#breadcrumb\",\"itemListElement\":[{\"@type\":\"ListItem\",\"position\":1,\"name\":\"In\u00edcio\",\"item\":\"https:\/\/ninamartinelli.com.br\/blog2\/\"},{\"@type\":\"ListItem\",\"position\":2,\"name\":\"Um ref\u00fagio de paz, com mix incr\u00edvel de cer\u00e2micos Nina Martinelli\"}]},{\"@type\":\"WebSite\",\"@id\":\"https:\/\/ninamartinelli.com.br\/blog2\/#website\",\"url\":\"https:\/\/ninamartinelli.com.br\/blog2\/\",\"name\":\"Nina Martinelli\",\"description\":\"#Nina_Martinelli\",\"publisher\":{\"@id\":\"https:\/\/ninamartinelli.com.br\/blog2\/#organization\"},\"potentialAction\":[{\"@type\":\"SearchAction\",\"target\":{\"@type\":\"EntryPoint\",\"urlTemplate\":\"https:\/\/ninamartinelli.com.br\/blog2\/?s={search_term_string}\"},\"query-input\":{\"@type\":\"PropertyValueSpecification\",\"valueRequired\":true,\"valueName\":\"search_term_string\"}}],\"inLanguage\":\"pt-BR\"},{\"@type\":\"Organization\",\"@id\":\"https:\/\/ninamartinelli.com.br\/blog2\/#organization\",\"name\":\"Blog Novidades\",\"url\":\"https:\/\/ninamartinelli.com.br\/blog2\/\",\"logo\":{\"@type\":\"ImageObject\",\"inLanguage\":\"pt-BR\",\"@id\":\"https:\/\/ninamartinelli.com.br\/blog2\/#\/schema\/logo\/image\/\",\"url\":\"http:\/\/blog.ninamartinelli.com.br\/wp-content\/uploads\/2022\/03\/logo_nina_blog.png\",\"contentUrl\":\"http:\/\/blog.ninamartinelli.com.br\/wp-content\/uploads\/2022\/03\/logo_nina_blog.png\",\"width\":500,\"height\":104,\"caption\":\"Blog Novidades\"},\"image\":{\"@id\":\"https:\/\/ninamartinelli.com.br\/blog2\/#\/schema\/logo\/image\/\"}},{\"@type\":\"Person\",\"@id\":\"https:\/\/ninamartinelli.com.br\/blog2\/#\/schema\/person\/43fbfb1d4cbe3b472995206b2bb06df5\",\"name\":\"Ana Maria Devides\",\"image\":{\"@type\":\"ImageObject\",\"inLanguage\":\"pt-BR\",\"@id\":\"https:\/\/ninamartinelli.com.br\/blog2\/#\/schema\/person\/image\/\",\"url\":\"https:\/\/secure.gravatar.com\/avatar\/a03a82675d8bb3da8e5c5a6872db97be?s=96&d=mm&r=g\",\"contentUrl\":\"https:\/\/secure.gravatar.com\/avatar\/a03a82675d8bb3da8e5c5a6872db97be?s=96&d=mm&r=g\",\"caption\":\"Ana Maria Devides\"},\"url\":\"https:\/\/ninamartinelli.com.br\/blog2\/author\/assessoria-nina-martinelli\/\"}]}<\/script>\n<!-- \/ Yoast SEO plugin. -->","yoast_head_json":{"title":"Um ref\u00fagio de paz, com mix incr\u00edvel de cer\u00e2micos Nina Martinelli","description":"Pisos e revestimentos r\u00fasticos materializaram sonho de uma fam\u00edlia: um ref\u00fagio de paz, em harmonia com a natureza, em Araras\/SP","robots":{"index":"index","follow":"follow","max-snippet":"max-snippet:-1","max-image-preview":"max-image-preview:large","max-video-preview":"max-video-preview:-1"},"canonical":"https:\/\/ninamartinelli.com.br\/blog2\/um-refugio-de-paz-com-mix-incrivel-de-ceramicos-nina-martinelli\/","og_locale":"pt_BR","og_type":"article","og_title":"Um ref\u00fagio de paz, com mix incr\u00edvel de cer\u00e2micos Nina Martinelli","og_description":"Pisos e revestimentos r\u00fasticos materializaram sonho de uma fam\u00edlia: um ref\u00fagio de paz, em harmonia com a natureza, em Araras\/SP","og_url":"https:\/\/ninamartinelli.com.br\/blog2\/um-refugio-de-paz-com-mix-incrivel-de-ceramicos-nina-martinelli\/","og_site_name":"Blog Nina","article_published_time":"2022-06-09T11:13:51+00:00","article_modified_time":"2022-06-09T11:33:02+00:00","og_image":[{"width":1000,"height":1000,"url":"https:\/\/ninamartinelli.com.br\/blog2\/wp-content\/uploads\/2022\/05\/COTTO_VOLTI_FUOCCO1.jpg","type":"image\/jpeg"}],"author":"Ana Maria Devides","twitter_card":"summary_large_image","twitter_misc":{"Escrito por":"Ana Maria Devides","Est. tempo de leitura":"4 minutos"},"schema":{"@context":"https:\/\/schema.org","@graph":[{"@type":"Article","@id":"https:\/\/ninamartinelli.com.br\/blog2\/um-refugio-de-paz-com-mix-incrivel-de-ceramicos-nina-martinelli\/#article","isPartOf":{"@id":"https:\/\/ninamartinelli.com.br\/blog2\/um-refugio-de-paz-com-mix-incrivel-de-ceramicos-nina-martinelli\/"},"author":{"name":"Ana Maria Devides","@id":"https:\/\/ninamartinelli.com.br\/blog2\/#\/schema\/person\/43fbfb1d4cbe3b472995206b2bb06df5"},"headline":"Um ref\u00fagio de paz, com mix incr\u00edvel de cer\u00e2micos Nina Martinelli","datePublished":"2022-06-09T11:13:51+00:00","dateModified":"2022-06-09T11:33:02+00:00","mainEntityOfPage":{"@id":"https:\/\/ninamartinelli.com.br\/blog2\/um-refugio-de-paz-com-mix-incrivel-de-ceramicos-nina-martinelli\/"},"wordCount":877,"commentCount":0,"publisher":{"@id":"https:\/\/ninamartinelli.com.br\/blog2\/#organization"},"image":{"@id":"https:\/\/ninamartinelli.com.br\/blog2\/um-refugio-de-paz-com-mix-incrivel-de-ceramicos-nina-martinelli\/#primaryimage"},"thumbnailUrl":"https:\/\/ninamartinelli.com.br\/blog2\/wp-content\/uploads\/2022\/05\/COTTO_VOLTI_FUOCCO1.jpg","keywords":["condominio","piso","piso rustico"],"articleSection":["Cer\u00e2mica","Colezione Eleganza","Pisos","Revestimentos"],"inLanguage":"pt-BR","potentialAction":[{"@type":"CommentAction","name":"Comment","target":["https:\/\/ninamartinelli.com.br\/blog2\/um-refugio-de-paz-com-mix-incrivel-de-ceramicos-nina-martinelli\/#respond"]}]},{"@type":"WebPage","@id":"https:\/\/ninamartinelli.com.br\/blog2\/um-refugio-de-paz-com-mix-incrivel-de-ceramicos-nina-martinelli\/","url":"https:\/\/ninamartinelli.com.br\/blog2\/um-refugio-de-paz-com-mix-incrivel-de-ceramicos-nina-martinelli\/","name":"Um ref\u00fagio de paz, com mix incr\u00edvel de cer\u00e2micos Nina Martinelli","isPartOf":{"@id":"https:\/\/ninamartinelli.com.br\/blog2\/#website"},"primaryImageOfPage":{"@id":"https:\/\/ninamartinelli.com.br\/blog2\/um-refugio-de-paz-com-mix-incrivel-de-ceramicos-nina-martinelli\/#primaryimage"},"image":{"@id":"https:\/\/ninamartinelli.com.br\/blog2\/um-refugio-de-paz-com-mix-incrivel-de-ceramicos-nina-martinelli\/#primaryimage"},"thumbnailUrl":"https:\/\/ninamartinelli.com.br\/blog2\/wp-content\/uploads\/2022\/05\/COTTO_VOLTI_FUOCCO1.jpg","datePublished":"2022-06-09T11:13:51+00:00","dateModified":"2022-06-09T11:33:02+00:00","description":"Pisos e revestimentos r\u00fasticos materializaram sonho de uma fam\u00edlia: um ref\u00fagio de paz, em harmonia com a natureza, em Araras\/SP","breadcrumb":{"@id":"https:\/\/ninamartinelli.com.br\/blog2\/um-refugio-de-paz-com-mix-incrivel-de-ceramicos-nina-martinelli\/#breadcrumb"},"inLanguage":"pt-BR","potentialAction":[{"@type":"ReadAction","target":["https:\/\/ninamartinelli.com.br\/blog2\/um-refugio-de-paz-com-mix-incrivel-de-ceramicos-nina-martinelli\/"]}]},{"@type":"ImageObject","inLanguage":"pt-BR","@id":"https:\/\/ninamartinelli.com.br\/blog2\/um-refugio-de-paz-com-mix-incrivel-de-ceramicos-nina-martinelli\/#primaryimage","url":"https:\/\/ninamartinelli.com.br\/blog2\/wp-content\/uploads\/2022\/05\/COTTO_VOLTI_FUOCCO1.jpg","contentUrl":"https:\/\/ninamartinelli.com.br\/blog2\/wp-content\/uploads\/2022\/05\/COTTO_VOLTI_FUOCCO1.jpg","width":1000,"height":1000},{"@type":"BreadcrumbList","@id":"https:\/\/ninamartinelli.com.br\/blog2\/um-refugio-de-paz-com-mix-incrivel-de-ceramicos-nina-martinelli\/#breadcrumb","itemListElement":[{"@type":"ListItem","position":1,"name":"In\u00edcio","item":"https:\/\/ninamartinelli.com.br\/blog2\/"},{"@type":"ListItem","position":2,"name":"Um ref\u00fagio de paz, com mix incr\u00edvel de cer\u00e2micos Nina Martinelli"}]},{"@type":"WebSite","@id":"https:\/\/ninamartinelli.com.br\/blog2\/#website","url":"https:\/\/ninamartinelli.com.br\/blog2\/","name":"Nina Martinelli","description":"#Nina_Martinelli","publisher":{"@id":"https:\/\/ninamartinelli.com.br\/blog2\/#organization"},"potentialAction":[{"@type":"SearchAction","target":{"@type":"EntryPoint","urlTemplate":"https:\/\/ninamartinelli.com.br\/blog2\/?s={search_term_string}"},"query-input":{"@type":"PropertyValueSpecification","valueRequired":true,"valueName":"search_term_string"}}],"inLanguage":"pt-BR"},{"@type":"Organization","@id":"https:\/\/ninamartinelli.com.br\/blog2\/#organization","name":"Blog Novidades","url":"https:\/\/ninamartinelli.com.br\/blog2\/","logo":{"@type":"ImageObject","inLanguage":"pt-BR","@id":"https:\/\/ninamartinelli.com.br\/blog2\/#\/schema\/logo\/image\/","url":"http:\/\/blog.ninamartinelli.com.br\/wp-content\/uploads\/2022\/03\/logo_nina_blog.png","contentUrl":"http:\/\/blog.ninamartinelli.com.br\/wp-content\/uploads\/2022\/03\/logo_nina_blog.png","width":500,"height":104,"caption":"Blog Novidades"},"image":{"@id":"https:\/\/ninamartinelli.com.br\/blog2\/#\/schema\/logo\/image\/"}},{"@type":"Person","@id":"https:\/\/ninamartinelli.com.br\/blog2\/#\/schema\/person\/43fbfb1d4cbe3b472995206b2bb06df5","name":"Ana Maria Devides","image":{"@type":"ImageObject","inLanguage":"pt-BR","@id":"https:\/\/ninamartinelli.com.br\/blog2\/#\/schema\/person\/image\/","url":"https:\/\/secure.gravatar.com\/avatar\/a03a82675d8bb3da8e5c5a6872db97be?s=96&d=mm&r=g","contentUrl":"https:\/\/secure.gravatar.com\/avatar\/a03a82675d8bb3da8e5c5a6872db97be?s=96&d=mm&r=g","caption":"Ana Maria Devides"},"url":"https:\/\/ninamartinelli.com.br\/blog2\/author\/assessoria-nina-martinelli\/"}]}},"_links":{"self":[{"href":"https:\/\/ninamartinelli.com.br\/blog2\/wp-json\/wp\/v2\/posts\/1712","targetHints":{"allow":["GET"]}}],"collection":[{"href":"https:\/\/ninamartinelli.com.br\/blog2\/wp-json\/wp\/v2\/posts"}],"about":[{"href":"https:\/\/ninamartinelli.com.br\/blog2\/wp-json\/wp\/v2\/types\/post"}],"author":[{"embeddable":true,"href":"https:\/\/ninamartinelli.com.br\/blog2\/wp-json\/wp\/v2\/users\/2"}],"replies":[{"embeddable":true,"href":"https:\/\/ninamartinelli.com.br\/blog2\/wp-json\/wp\/v2\/comments?post=1712"}],"version-history":[{"count":8,"href":"https:\/\/ninamartinelli.com.br\/blog2\/wp-json\/wp\/v2\/posts\/1712\/revisions"}],"predecessor-version":[{"id":1718,"href":"https:\/\/ninamartinelli.com.br\/blog2\/wp-json\/wp\/v2\/posts\/1712\/revisions\/1718"}],"wp:featuredmedia":[{"embeddable":true,"href":"https:\/\/ninamartinelli.com.br\/blog2\/wp-json\/wp\/v2\/media\/1724"}],"wp:attachment":[{"href":"https:\/\/ninamartinelli.com.br\/blog2\/wp-json\/wp\/v2\/media?parent=1712"}],"wp:term":[{"taxonomy":"category","embeddable":true,"href":"https:\/\/ninamartinelli.com.br\/blog2\/wp-json\/wp\/v2\/categories?post=1712"},{"taxonomy":"post_tag","embeddable":true,"href":"https:\/\/ninamartinelli.com.br\/blog2\/wp-json\/wp\/v2\/tags?post=1712"}],"curies":[{"name":"wp","href":"https:\/\/api.w.org\/{rel}","templated":true}]}}