{"id":1665,"date":"2022-03-23T16:53:26","date_gmt":"2022-03-23T19:53:26","guid":{"rendered":"http:\/\/blog.ninamartinelli.com.br\/?p=1665"},"modified":"2022-03-24T12:13:40","modified_gmt":"2022-03-24T15:13:40","slug":"nina-martinelli-na-expo-revestir-2022-dons-dos-especificadores-valorizados-pelas-criacoes-da-marca","status":"publish","type":"post","link":"https:\/\/ninamartinelli.com.br\/blog2\/nina-martinelli-na-expo-revestir-2022-dons-dos-especificadores-valorizados-pelas-criacoes-da-marca\/","title":{"rendered":"Nina Martinelli na Expo Revestir 2022: dons dos especificadores valorizados pelas cria\u00e7\u00f5es da marca"},"content":{"rendered":"<p><strong><em>Estande da empresa na maior feira de acabamentos da Am\u00e9rica Latina se destacou por retratar antigas cer\u00e2micas de Tamba\u00fa e por exibir lan\u00e7amentos que encantaram arquitetos, designers, decoradores e lojistas<\/em><\/strong><\/p>\n<hr \/>\n<p><img loading=\"lazy\" decoding=\"async\" class=\"size-full wp-image-1688 aligncenter\" src=\"http:\/\/blog.ninamartinelli.com.br\/wp-content\/uploads\/2022\/03\/estande_nina_exporevestir3.jpg\" alt=\"\" width=\"1000\" height=\"500\" srcset=\"https:\/\/ninamartinelli.com.br\/blog2\/wp-content\/uploads\/2022\/03\/estande_nina_exporevestir3.jpg 1000w, https:\/\/ninamartinelli.com.br\/blog2\/wp-content\/uploads\/2022\/03\/estande_nina_exporevestir3-300x150.jpg 300w, https:\/\/ninamartinelli.com.br\/blog2\/wp-content\/uploads\/2022\/03\/estande_nina_exporevestir3-768x384.jpg 768w\" sizes=\"auto, (max-width: 1000px) 100vw, 1000px\" \/><\/p>\n<p><img loading=\"lazy\" decoding=\"async\" class=\"size-full wp-image-1687 aligncenter\" src=\"http:\/\/blog.ninamartinelli.com.br\/wp-content\/uploads\/2022\/03\/estande_nina_exporevestir2.jpg\" alt=\"\" width=\"1000\" height=\"500\" srcset=\"https:\/\/ninamartinelli.com.br\/blog2\/wp-content\/uploads\/2022\/03\/estande_nina_exporevestir2.jpg 1000w, https:\/\/ninamartinelli.com.br\/blog2\/wp-content\/uploads\/2022\/03\/estande_nina_exporevestir2-300x150.jpg 300w, https:\/\/ninamartinelli.com.br\/blog2\/wp-content\/uploads\/2022\/03\/estande_nina_exporevestir2-768x384.jpg 768w\" sizes=\"auto, (max-width: 1000px) 100vw, 1000px\" \/><\/p>\n<p><img loading=\"lazy\" decoding=\"async\" class=\"size-full wp-image-1686 aligncenter\" src=\"http:\/\/blog.ninamartinelli.com.br\/wp-content\/uploads\/2022\/03\/estande_nina_exporevestir.jpg\" alt=\"\" width=\"1000\" height=\"500\" srcset=\"https:\/\/ninamartinelli.com.br\/blog2\/wp-content\/uploads\/2022\/03\/estande_nina_exporevestir.jpg 1000w, https:\/\/ninamartinelli.com.br\/blog2\/wp-content\/uploads\/2022\/03\/estande_nina_exporevestir-300x150.jpg 300w, https:\/\/ninamartinelli.com.br\/blog2\/wp-content\/uploads\/2022\/03\/estande_nina_exporevestir-768x384.jpg 768w\" sizes=\"auto, (max-width: 1000px) 100vw, 1000px\" \/><\/p>\n<hr \/>\n<p>&nbsp;<\/p>\n<p>Foram v\u00e1rias centenas de visitas, a cada dia. Estande movimentado com arquitetos, designers, decoradores e lojistas, interessados em produtos consagrados e tamb\u00e9m nos v\u00e1rios lan\u00e7amentos que Nina Martinelli Pisos e Revestimentos levou para a <a href=\"https:\/\/www.instagram.com\/exporevestir_oficial\/\" target=\"_blank\" rel=\"noopener noreferrer\">Expo Revestir<\/a>, maior feira de acabamentos da Am\u00e9rica Latina, realizada agora em mar\u00e7o em S\u00e3o Paulo.<br \/>\nEquipes de vendas, atendimento e marketing, al\u00e9m da dire\u00e7\u00e3o da empresa, recepcionaram os visitantes durante os quatro movimentados dias, no <a href=\"https:\/\/www.instagram.com\/transamericaexpocenter\/\" target=\"_blank\" rel=\"noopener noreferrer\">Transam\u00e9rica Expo Center<\/a>, com grandes e importantes players do segmento como expositores.<\/p>\n<figure id=\"attachment_1674\" aria-describedby=\"caption-attachment-1674\" style=\"width: 300px\" class=\"wp-caption alignleft\"><img loading=\"lazy\" decoding=\"async\" class=\"wp-image-1674 size-medium\" src=\"http:\/\/blog.ninamartinelli.com.br\/wp-content\/uploads\/2022\/03\/nina_exporevestir_catalogos-300x300.jpg\" alt=\"\" width=\"300\" height=\"300\" srcset=\"https:\/\/ninamartinelli.com.br\/blog2\/wp-content\/uploads\/2022\/03\/nina_exporevestir_catalogos-300x300.jpg 300w, https:\/\/ninamartinelli.com.br\/blog2\/wp-content\/uploads\/2022\/03\/nina_exporevestir_catalogos-150x150.jpg 150w, https:\/\/ninamartinelli.com.br\/blog2\/wp-content\/uploads\/2022\/03\/nina_exporevestir_catalogos-50x50.jpg 50w, https:\/\/ninamartinelli.com.br\/blog2\/wp-content\/uploads\/2022\/03\/nina_exporevestir_catalogos.jpg 600w\" sizes=\"auto, (max-width: 300px) 100vw, 300px\" \/><figcaption id=\"caption-attachment-1674\" class=\"wp-caption-text\">Cat\u00e1logos 2022 &#8211; Pisos e revestimentos em Cer\u00e2mica, Cimento e Madeira<\/figcaption><\/figure>\n<p>Foi uma edi\u00e7\u00e3o muito aguardada, j\u00e1 que marcou a retomada do evento presencial \u2013 ap\u00f3s as mais agudas restri\u00e7\u00f5es da pandemia da COVID 19, e tamb\u00e9m porque pontuou os 20 anos da <a href=\"https:\/\/www.exporevestir.com.br\/\" target=\"_blank\" rel=\"noopener noreferrer\">Expo Revestir<\/a>.<br \/>\nE para <strong>Nina Martinelli<\/strong>, foi ainda mais especial, sublinhando os 22 anos da empresa e o lan\u00e7amento do <a href=\"https:\/\/linktr.ee\/acesse_nina\" target=\"_blank\" rel=\"noopener noreferrer\"><strong>Cat\u00e1logo 2022<\/strong>,<\/a> cujo tema \u00e9 <strong>Dom Sobre Tom,<\/strong> traduzindo e valorizando a fascinante rela\u00e7\u00e3o entre o olhar e o talento dos especificadores, e as infinitas possibilidades proporcionadas a esses profissionais e seus clientes pelos produtos Nina.<\/p>\n<p>Destaque, no estande, para modelos consagrados e tamb\u00e9m os lan\u00e7amentos, em modelos in\u00e9ditos das cole\u00e7\u00f5es <a href=\"https:\/\/www.ninamartinelli.com.br\/#!\/\" target=\"_blank\" rel=\"noopener noreferrer\"><strong>Eleganza, Brick, Cemento e Madeira<\/strong><\/a> \u2013 esta, com exclusividade para os revestimentos.<\/p>\n<p>Atra\u00e7\u00e3o \u00e0 parte, uma gigantesca chamin\u00e9, revestida com tijolinhos <strong>Caccau Liscio Colore,<\/strong> chamava a aten\u00e7\u00e3o \u00e0 dist\u00e2ncia, ocupando lugar de destaque no estande Nina, funcionando tamb\u00e9m como display circular, em torno do qual os visitantes caminhavam, olhando, tocando, fotografando e filmando diversos produtos.<\/p>\n<h3>Com a palavra, arquitetos e lojistas<\/h3>\n<p>&nbsp;<\/p>\n<p><strong>Jos\u00e9 Renato Videira<\/strong>, um dos fundadores e diretores da Nina Martinelli, esteve \u00e0 frente da equipe que recepcionou os muitos visitantes do estande da empresa.<\/p>\n<figure id=\"attachment_1676\" aria-describedby=\"caption-attachment-1676\" style=\"width: 350px\" class=\"wp-caption alignright\"><img loading=\"lazy\" decoding=\"async\" class=\"wp-image-1676\" src=\"http:\/\/blog.ninamartinelli.com.br\/wp-content\/uploads\/2022\/03\/Alexandre_Villabela-exporevestir.jpg\" alt=\"\" width=\"350\" height=\"350\" srcset=\"https:\/\/ninamartinelli.com.br\/blog2\/wp-content\/uploads\/2022\/03\/Alexandre_Villabela-exporevestir.jpg 600w, https:\/\/ninamartinelli.com.br\/blog2\/wp-content\/uploads\/2022\/03\/Alexandre_Villabela-exporevestir-300x300.jpg 300w, https:\/\/ninamartinelli.com.br\/blog2\/wp-content\/uploads\/2022\/03\/Alexandre_Villabela-exporevestir-150x150.jpg 150w, https:\/\/ninamartinelli.com.br\/blog2\/wp-content\/uploads\/2022\/03\/Alexandre_Villabela-exporevestir-50x50.jpg 50w\" sizes=\"auto, (max-width: 350px) 100vw, 350px\" \/><figcaption id=\"caption-attachment-1676\" class=\"wp-caption-text\">\u00c0 esquerda, Alexandre Chain, da Villa Bela Revestimentos acompanhado por Mariana Cintra e Jose Renato: &#8220;Valorizar os dons dos especificadores aplicados aos tons dos produtos Nina foi uma \u00f3tima ideia.&#8221;<\/figcaption><\/figure>\n<p>Um dos que fizeram quest\u00e3o de evidenciar seu entusiasmo pelo que a marca levou \u00e0 feira foi <strong>Alexandre Maluf Chaim,<\/strong> propriet\u00e1rio da <a href=\"https:\/\/www.instagram.com\/villabelaacabamentos\/\" target=\"_blank\" rel=\"noopener noreferrer\">Villa Bela Acabamentos<\/a>, com mais de 20 anos de atua\u00e7\u00e3o em Piracicaba\/SP, e parceiro da Nina Martinelli h\u00e1 mais de uma d\u00e9cada.<\/p>\n<p><em>\u201cAchei o espa\u00e7o muito legal, amplo, trazendo uma refer\u00eancia muito bonita, da f\u00e1brica. Sobre o acervo, gostei muito da nova linha de ciment\u00edcios e os bricks, como sempre, fant\u00e1sticos, com os quais trabalhamos muito na Villa Bela\u201d,<\/em> disse ele.<em> \u201cValorizar os dons dos especificadores aplicados aos tons dos produtos Nina foi uma \u00f3tima ideia. Para n\u00f3s os arquitetos, designers, decoradores, t\u00eam grande import\u00e2ncia. Mais de 80% das nossas vendas tem um especificador envolvido, o que \u00e9 \u00f3timo, pois ele tem uma vis\u00e3o geral da obra\u201d<\/em>, comentou.<\/p>\n<p>O empres\u00e1rio se disse muito otimista em rela\u00e7\u00e3o a 2022, mesmo com a complexidade das conjunturas nacional e internacional.<em> \u201cAcho que teremos um \u00f3timo ano, no geral. Como aconteceu no in\u00edcio da pandemia, as pessoas continuam valorizando mais os ambientes onde t\u00eam que permanecer por mais tempo, j\u00e1 que o fen\u00f4meno do home office veio para ficar. O que vem mantendo um grande interesse e fluxo de recursos para a constru\u00e7\u00e3o civil e as reformas em resid\u00eancias. Aposto muito nisso e na parceria com a Nina\u201d<\/em>, concluiu.<\/p>\n<p>De Uberaba, no Tri\u00e2ngulo Mineiro, a lojista<strong> B\u00e1rbara Ambr\u00f3sio<\/strong>, cuja loja<strong> <a href=\"https:\/\/www.instagram.com\/innovarepisoseacabamentos\/\" target=\"_blank\" rel=\"noopener noreferrer\">Innovare Pisos e Acabamentos<\/a> <\/strong>passou por amplia\u00e7\u00e3o e transforma\u00e7\u00e3o visando um p\u00fablico ainda mais qualificado, veio para a Expo Revestir cheia de expectativas, e n\u00e3o poupou elogios ao que Nina Martinelli apresentou no evento. <em>\u201cNa nossa loja a Nina s\u00f3 vem somar, porque \u00e9 uma marca sensacional. Traz qualidade, bom gosto, pre\u00e7o acess\u00edvel e muita beleza. Os lan\u00e7amentos est\u00e3o perfeitos!\u201d<\/em>, opinou ela.<\/p>\n<figure id=\"attachment_1690\" aria-describedby=\"caption-attachment-1690\" style=\"width: 250px\" class=\"wp-caption alignleft\"><img loading=\"lazy\" decoding=\"async\" class=\"wp-image-1690\" src=\"http:\/\/blog.ninamartinelli.com.br\/wp-content\/uploads\/2022\/03\/barbara_innovare_exporevestir-300x300.jpg\" alt=\"\" width=\"250\" height=\"250\" srcset=\"https:\/\/ninamartinelli.com.br\/blog2\/wp-content\/uploads\/2022\/03\/barbara_innovare_exporevestir-300x300.jpg 300w, https:\/\/ninamartinelli.com.br\/blog2\/wp-content\/uploads\/2022\/03\/barbara_innovare_exporevestir-150x150.jpg 150w, https:\/\/ninamartinelli.com.br\/blog2\/wp-content\/uploads\/2022\/03\/barbara_innovare_exporevestir-50x50.jpg 50w, https:\/\/ninamartinelli.com.br\/blog2\/wp-content\/uploads\/2022\/03\/barbara_innovare_exporevestir.jpg 600w\" sizes=\"auto, (max-width: 250px) 100vw, 250px\" \/><figcaption id=\"caption-attachment-1690\" class=\"wp-caption-text\">B\u00e1rbara Ambr\u00f3sio da Innovare: &#8220;Na nossa loja a Nina s\u00f3 vem somar, porque \u00e9 uma marca sensacional.&#8221;<\/figcaption><\/figure>\n<p>B\u00e1rbara gostou, particularmente, dos ciment\u00edcios com texturas \u00fanicas, em especial o revestimento <strong>Particella.<\/strong> Ele vem em pe\u00e7as de diferentes dimens\u00f5es, que se alternam em aspectos liso com depress\u00f5es aleat\u00f3rias e org\u00e2nicas, preenchidas por gr\u00e2nulos minerais contrastantes em cor e textura. O resultado visual de sua aplica\u00e7\u00e3o \u00e9 um painel modulado e geom\u00e9trico. <em>\u201cTamb\u00e9m amei os tijolinhos em cores, os modelos que lembram o granilite e os revestimentos em madeira, com muitas possibilidades\u201d<\/em>, acrescentou.<\/p>\n<figure id=\"attachment_1697\" aria-describedby=\"caption-attachment-1697\" style=\"width: 250px\" class=\"wp-caption alignright\"><img loading=\"lazy\" decoding=\"async\" class=\"wp-image-1697\" src=\"http:\/\/blog.ninamartinelli.com.br\/wp-content\/uploads\/2022\/03\/iara-grandecasa_exporevestir_-300x300.jpg\" alt=\"\" width=\"250\" height=\"250\" srcset=\"https:\/\/ninamartinelli.com.br\/blog2\/wp-content\/uploads\/2022\/03\/iara-grandecasa_exporevestir_-300x300.jpg 300w, https:\/\/ninamartinelli.com.br\/blog2\/wp-content\/uploads\/2022\/03\/iara-grandecasa_exporevestir_-150x150.jpg 150w, https:\/\/ninamartinelli.com.br\/blog2\/wp-content\/uploads\/2022\/03\/iara-grandecasa_exporevestir_-50x50.jpg 50w, https:\/\/ninamartinelli.com.br\/blog2\/wp-content\/uploads\/2022\/03\/iara-grandecasa_exporevestir_.jpg 600w\" sizes=\"auto, (max-width: 250px) 100vw, 250px\" \/><figcaption id=\"caption-attachment-1697\" class=\"wp-caption-text\">Iara Camargo da Grande Casa Acabamentos: &#8220;Amei os lan\u00e7amentos, o espa\u00e7o, que \u00e9 a cara da Nina.&#8221;<\/figcaption><\/figure>\n<p>A arquiteta <strong>Iara Isabele Camargo<\/strong>, da <a href=\"https:\/\/www.instagram.com\/grandecasaacabamentos\/\" target=\"_blank\" rel=\"noopener noreferrer\"><strong>Grande Casa Acabamentos<\/strong><\/a><strong>,<\/strong> veio de Londrina, uma das mais importantes cidades do Paran\u00e1, e disse especificar com frequ\u00eancia produtos Nina. <em>\u201cFazem muito sucesso. Amei os lan\u00e7amentos, o espa\u00e7o, que \u00e9 a cara da Nina. Dar essa aten\u00e7\u00e3o a n\u00f3s, especificadores, nesse novo cat\u00e1logo, \u00e9 algo muito bom, pois no nosso trabalho a gente tenta dar o melhor norte aos nossos clientes. Espero trabalhar muito com a Nina este ano!\u201d<\/em> finalizou.<\/p>\n<h3>Tamba\u00fa em evid\u00eancia<\/h3>\n<hr \/>\n<p><img loading=\"lazy\" decoding=\"async\" class=\"size-full wp-image-1680 aligncenter\" src=\"http:\/\/blog.ninamartinelli.com.br\/wp-content\/uploads\/2022\/03\/prefeito_leonardo_tambau_exporevestir.jpg\" alt=\"\" width=\"1000\" height=\"500\" srcset=\"https:\/\/ninamartinelli.com.br\/blog2\/wp-content\/uploads\/2022\/03\/prefeito_leonardo_tambau_exporevestir.jpg 1000w, https:\/\/ninamartinelli.com.br\/blog2\/wp-content\/uploads\/2022\/03\/prefeito_leonardo_tambau_exporevestir-300x150.jpg 300w, https:\/\/ninamartinelli.com.br\/blog2\/wp-content\/uploads\/2022\/03\/prefeito_leonardo_tambau_exporevestir-768x384.jpg 768w\" sizes=\"auto, (max-width: 1000px) 100vw, 1000px\" \/><\/p>\n<hr \/>\n<p>Tamb\u00e9m fizeram quest\u00e3o de marcar presen\u00e7a no estande da Nina o prefeito de Tamba\u00fa<strong> <a href=\"https:\/\/www.instagram.com\/leo_spigareal\/\" target=\"_blank\" rel=\"noopener noreferrer\">Leonardo Spiga Real<\/a><\/strong> (PSDB) e a vereadora<strong> <a href=\"https:\/\/www.instagram.com\/nataliavereadora\/\" target=\"_blank\" rel=\"noopener noreferrer\">Nat\u00e1lia Galbere<\/a> <\/strong>(PSD).<\/p>\n<p>Ambos enfatizaram a beleza e a qualidade dos produtos, a import\u00e2ncia do conceito do estande e o quanto a empresa significa para a cidade. <em>\u201cOs produtos s\u00e3o maravilhosos. O estande traz uma coisa muito caracter\u00edstica de Tamba\u00fa, que \u00e9 a chamin\u00e9 da cer\u00e2mica, a gente olha e j\u00e1 se identifica. \u00c9 um orgulho chegar numa feira como essas e ver que a cidade est\u00e1 aqui, presente, tanto em sua mat\u00e9ria prima mais t\u00edpica, quanto na sua capacidade de produzir com qualidade e beleza. Importante tamb\u00e9m em rela\u00e7\u00e3o \u00e0 gera\u00e7\u00e3o de empregos, renda e riquezas para a nossa cidade\u201d<\/em>, disse.<\/p>\n<p>A vereadora Nat\u00e1lia ressaltou a variedade dos produtos Nina. <em>\u201cA gente fica sempre na d\u00favida, pois s\u00e3o muitos e lindos, valorizando cada ambiente de uma casa, de um im\u00f3vel. Um orgulho vermos Tamba\u00fa aqui numa feira t\u00e3o grande, com empresas de todo o Brasil e a Nina Martinelli fazendo bonito entre elas\u201d<\/em>, finalizou.<\/p>\n<p>Para <strong>Jos\u00e9 Renato Videira,<\/strong> um dos fundadores e diretores da Nina Martinelli, a participa\u00e7\u00e3o da empresa na <strong>Expo Revestir 2022<\/strong> foi um \u00eaxito inquestion\u00e1vel, pela valoriza\u00e7\u00e3o da alma da empresa e dos especificadores que escolhem seus produtos.<em> \u201cAcredito que voltamos \u00e0 nossa ess\u00eancia, este ano, com esse estande que remete \u00e0 nossa produ\u00e7\u00e3o, artesanal, sustent\u00e1vel, diferenciada. Creio que os especificadores se surpreenderam positivamente com essa fidelidade \u00e0s nossas origens, e, ao mesmo tempo, com a tecnologia agregada aos nossos produtos. Apostamos, agora, num incremento ainda maior dos neg\u00f3cios\u201d<\/em>, declarou.<\/p>\n<hr \/>\n<figure id=\"attachment_1682\" aria-describedby=\"caption-attachment-1682\" style=\"width: 1000px\" class=\"wp-caption aligncenter\"><img loading=\"lazy\" decoding=\"async\" class=\"wp-image-1682 size-full\" src=\"http:\/\/blog.ninamartinelli.com.br\/wp-content\/uploads\/2022\/03\/equipe_nina_exporevestir.jpg\" alt=\"\" width=\"1000\" height=\"500\" srcset=\"https:\/\/ninamartinelli.com.br\/blog2\/wp-content\/uploads\/2022\/03\/equipe_nina_exporevestir.jpg 1000w, https:\/\/ninamartinelli.com.br\/blog2\/wp-content\/uploads\/2022\/03\/equipe_nina_exporevestir-300x150.jpg 300w, https:\/\/ninamartinelli.com.br\/blog2\/wp-content\/uploads\/2022\/03\/equipe_nina_exporevestir-768x384.jpg 768w\" sizes=\"auto, (max-width: 1000px) 100vw, 1000px\" \/><figcaption id=\"caption-attachment-1682\" class=\"wp-caption-text\">Equipe Nina Martinelli: atendimento primoroso durante todo o evento.<\/figcaption><\/figure>\n<hr \/>\n<p>&nbsp;<\/p>\n","protected":false},"excerpt":{"rendered":"<p>Estande da empresa na maior feira de acabamentos da Am\u00e9rica Latina se destacou por retratar<\/p>\n","protected":false},"author":1,"featured_media":1673,"comment_status":"open","ping_status":"open","sticky":false,"template":"","format":"standard","meta":{"footnotes":""},"categories":[136,48,21,26],"tags":[137,98,99,100],"class_list":["post-1665","post","type-post","status-publish","format-standard","has-post-thumbnail","hentry","category-lancamentos-2022","category-expo-revestir","category-pisos","category-revestimentos","tag-eventos","tag-expo-revestir","tag-feira","tag-lancamentos"],"yoast_head":"<!-- This site is optimized with the Yoast SEO plugin v26.8 - https:\/\/yoast.com\/product\/yoast-seo-wordpress\/ -->\n<title>Nina Martinelli na Expo Revestir 2022: dons dos especificadores valorizados pelas cria\u00e7\u00f5es da marca - Blog Nina<\/title>\n<meta name=\"robots\" content=\"index, follow, max-snippet:-1, max-image-preview:large, max-video-preview:-1\" \/>\n<link rel=\"canonical\" href=\"https:\/\/ninamartinelli.com.br\/blog2\/nina-martinelli-na-expo-revestir-2022-dons-dos-especificadores-valorizados-pelas-criacoes-da-marca\/\" \/>\n<meta property=\"og:locale\" content=\"pt_BR\" \/>\n<meta property=\"og:type\" content=\"article\" \/>\n<meta property=\"og:title\" content=\"Nina Martinelli na Expo Revestir 2022: dons dos especificadores valorizados pelas cria\u00e7\u00f5es da marca - Blog Nina\" \/>\n<meta property=\"og:description\" content=\"Estande da empresa na maior feira de acabamentos da Am\u00e9rica Latina se destacou por retratar\" \/>\n<meta property=\"og:url\" content=\"https:\/\/ninamartinelli.com.br\/blog2\/nina-martinelli-na-expo-revestir-2022-dons-dos-especificadores-valorizados-pelas-criacoes-da-marca\/\" \/>\n<meta property=\"og:site_name\" content=\"Blog Nina\" \/>\n<meta property=\"article:author\" content=\"http:\/\/facebook.com.br\/ninamartinellioficial\" \/>\n<meta property=\"article:published_time\" content=\"2022-03-23T19:53:26+00:00\" \/>\n<meta property=\"article:modified_time\" content=\"2022-03-24T15:13:40+00:00\" \/>\n<meta property=\"og:image\" content=\"https:\/\/ninamartinelli.com.br\/blog2\/wp-content\/uploads\/2022\/03\/nina_exporevestir_1.jpg\" \/>\n\t<meta property=\"og:image:width\" content=\"1000\" \/>\n\t<meta property=\"og:image:height\" content=\"1000\" \/>\n\t<meta property=\"og:image:type\" content=\"image\/jpeg\" \/>\n<meta name=\"author\" content=\"Comunica\u00e7\u00e3o Nina\" \/>\n<meta name=\"twitter:card\" content=\"summary_large_image\" \/>\n<meta name=\"twitter:label1\" content=\"Escrito por\" \/>\n\t<meta name=\"twitter:data1\" content=\"Comunica\u00e7\u00e3o Nina\" \/>\n\t<meta name=\"twitter:label2\" content=\"Est. tempo de leitura\" \/>\n\t<meta name=\"twitter:data2\" content=\"6 minutos\" \/>\n<script type=\"application\/ld+json\" class=\"yoast-schema-graph\">{\"@context\":\"https:\/\/schema.org\",\"@graph\":[{\"@type\":\"Article\",\"@id\":\"https:\/\/ninamartinelli.com.br\/blog2\/nina-martinelli-na-expo-revestir-2022-dons-dos-especificadores-valorizados-pelas-criacoes-da-marca\/#article\",\"isPartOf\":{\"@id\":\"https:\/\/ninamartinelli.com.br\/blog2\/nina-martinelli-na-expo-revestir-2022-dons-dos-especificadores-valorizados-pelas-criacoes-da-marca\/\"},\"author\":{\"name\":\"Comunica\u00e7\u00e3o Nina\",\"@id\":\"https:\/\/ninamartinelli.com.br\/blog2\/#\/schema\/person\/880a2cdee0a047e9b55254085d24f922\"},\"headline\":\"Nina Martinelli na Expo Revestir 2022: dons dos especificadores valorizados pelas cria\u00e7\u00f5es da marca\",\"datePublished\":\"2022-03-23T19:53:26+00:00\",\"dateModified\":\"2022-03-24T15:13:40+00:00\",\"mainEntityOfPage\":{\"@id\":\"https:\/\/ninamartinelli.com.br\/blog2\/nina-martinelli-na-expo-revestir-2022-dons-dos-especificadores-valorizados-pelas-criacoes-da-marca\/\"},\"wordCount\":1224,\"commentCount\":0,\"publisher\":{\"@id\":\"https:\/\/ninamartinelli.com.br\/blog2\/#organization\"},\"image\":{\"@id\":\"https:\/\/ninamartinelli.com.br\/blog2\/nina-martinelli-na-expo-revestir-2022-dons-dos-especificadores-valorizados-pelas-criacoes-da-marca\/#primaryimage\"},\"thumbnailUrl\":\"https:\/\/ninamartinelli.com.br\/blog2\/wp-content\/uploads\/2022\/03\/nina_exporevestir_1.jpg\",\"keywords\":[\"eventos\",\"expo revestir\",\"feira\",\"lan\u00e7amentos\"],\"articleSection\":[\":: LAN\u00c7AMENTOS 2022 ::\",\"EXPO Revestir\",\"Pisos\",\"Revestimentos\"],\"inLanguage\":\"pt-BR\",\"potentialAction\":[{\"@type\":\"CommentAction\",\"name\":\"Comment\",\"target\":[\"https:\/\/ninamartinelli.com.br\/blog2\/nina-martinelli-na-expo-revestir-2022-dons-dos-especificadores-valorizados-pelas-criacoes-da-marca\/#respond\"]}]},{\"@type\":\"WebPage\",\"@id\":\"https:\/\/ninamartinelli.com.br\/blog2\/nina-martinelli-na-expo-revestir-2022-dons-dos-especificadores-valorizados-pelas-criacoes-da-marca\/\",\"url\":\"https:\/\/ninamartinelli.com.br\/blog2\/nina-martinelli-na-expo-revestir-2022-dons-dos-especificadores-valorizados-pelas-criacoes-da-marca\/\",\"name\":\"Nina Martinelli na Expo Revestir 2022: dons dos especificadores valorizados pelas cria\u00e7\u00f5es da marca - Blog Nina\",\"isPartOf\":{\"@id\":\"https:\/\/ninamartinelli.com.br\/blog2\/#website\"},\"primaryImageOfPage\":{\"@id\":\"https:\/\/ninamartinelli.com.br\/blog2\/nina-martinelli-na-expo-revestir-2022-dons-dos-especificadores-valorizados-pelas-criacoes-da-marca\/#primaryimage\"},\"image\":{\"@id\":\"https:\/\/ninamartinelli.com.br\/blog2\/nina-martinelli-na-expo-revestir-2022-dons-dos-especificadores-valorizados-pelas-criacoes-da-marca\/#primaryimage\"},\"thumbnailUrl\":\"https:\/\/ninamartinelli.com.br\/blog2\/wp-content\/uploads\/2022\/03\/nina_exporevestir_1.jpg\",\"datePublished\":\"2022-03-23T19:53:26+00:00\",\"dateModified\":\"2022-03-24T15:13:40+00:00\",\"breadcrumb\":{\"@id\":\"https:\/\/ninamartinelli.com.br\/blog2\/nina-martinelli-na-expo-revestir-2022-dons-dos-especificadores-valorizados-pelas-criacoes-da-marca\/#breadcrumb\"},\"inLanguage\":\"pt-BR\",\"potentialAction\":[{\"@type\":\"ReadAction\",\"target\":[\"https:\/\/ninamartinelli.com.br\/blog2\/nina-martinelli-na-expo-revestir-2022-dons-dos-especificadores-valorizados-pelas-criacoes-da-marca\/\"]}]},{\"@type\":\"ImageObject\",\"inLanguage\":\"pt-BR\",\"@id\":\"https:\/\/ninamartinelli.com.br\/blog2\/nina-martinelli-na-expo-revestir-2022-dons-dos-especificadores-valorizados-pelas-criacoes-da-marca\/#primaryimage\",\"url\":\"https:\/\/ninamartinelli.com.br\/blog2\/wp-content\/uploads\/2022\/03\/nina_exporevestir_1.jpg\",\"contentUrl\":\"https:\/\/ninamartinelli.com.br\/blog2\/wp-content\/uploads\/2022\/03\/nina_exporevestir_1.jpg\",\"width\":1000,\"height\":1000},{\"@type\":\"BreadcrumbList\",\"@id\":\"https:\/\/ninamartinelli.com.br\/blog2\/nina-martinelli-na-expo-revestir-2022-dons-dos-especificadores-valorizados-pelas-criacoes-da-marca\/#breadcrumb\",\"itemListElement\":[{\"@type\":\"ListItem\",\"position\":1,\"name\":\"In\u00edcio\",\"item\":\"https:\/\/ninamartinelli.com.br\/blog2\/\"},{\"@type\":\"ListItem\",\"position\":2,\"name\":\"Nina Martinelli na Expo Revestir 2022: dons dos especificadores valorizados pelas cria\u00e7\u00f5es da marca\"}]},{\"@type\":\"WebSite\",\"@id\":\"https:\/\/ninamartinelli.com.br\/blog2\/#website\",\"url\":\"https:\/\/ninamartinelli.com.br\/blog2\/\",\"name\":\"Nina Martinelli\",\"description\":\"#Nina_Martinelli\",\"publisher\":{\"@id\":\"https:\/\/ninamartinelli.com.br\/blog2\/#organization\"},\"potentialAction\":[{\"@type\":\"SearchAction\",\"target\":{\"@type\":\"EntryPoint\",\"urlTemplate\":\"https:\/\/ninamartinelli.com.br\/blog2\/?s={search_term_string}\"},\"query-input\":{\"@type\":\"PropertyValueSpecification\",\"valueRequired\":true,\"valueName\":\"search_term_string\"}}],\"inLanguage\":\"pt-BR\"},{\"@type\":\"Organization\",\"@id\":\"https:\/\/ninamartinelli.com.br\/blog2\/#organization\",\"name\":\"Blog Novidades\",\"url\":\"https:\/\/ninamartinelli.com.br\/blog2\/\",\"logo\":{\"@type\":\"ImageObject\",\"inLanguage\":\"pt-BR\",\"@id\":\"https:\/\/ninamartinelli.com.br\/blog2\/#\/schema\/logo\/image\/\",\"url\":\"http:\/\/blog.ninamartinelli.com.br\/wp-content\/uploads\/2022\/03\/logo_nina_blog.png\",\"contentUrl\":\"http:\/\/blog.ninamartinelli.com.br\/wp-content\/uploads\/2022\/03\/logo_nina_blog.png\",\"width\":500,\"height\":104,\"caption\":\"Blog Novidades\"},\"image\":{\"@id\":\"https:\/\/ninamartinelli.com.br\/blog2\/#\/schema\/logo\/image\/\"}},{\"@type\":\"Person\",\"@id\":\"https:\/\/ninamartinelli.com.br\/blog2\/#\/schema\/person\/880a2cdee0a047e9b55254085d24f922\",\"name\":\"Comunica\u00e7\u00e3o Nina\",\"image\":{\"@type\":\"ImageObject\",\"inLanguage\":\"pt-BR\",\"@id\":\"https:\/\/ninamartinelli.com.br\/blog2\/#\/schema\/person\/image\/\",\"url\":\"https:\/\/secure.gravatar.com\/avatar\/0d3d763fb83768dd001497d074d4c4f6?s=96&d=mm&r=g\",\"contentUrl\":\"https:\/\/secure.gravatar.com\/avatar\/0d3d763fb83768dd001497d074d4c4f6?s=96&d=mm&r=g\",\"caption\":\"Comunica\u00e7\u00e3o Nina\"},\"sameAs\":[\"http:\/\/ninamartinelli.com.br\",\"http:\/\/facebook.com.br\/ninamartinellioficial\",\"http:\/\/instagram.com\/ninamartinellioficial\"],\"url\":\"https:\/\/ninamartinelli.com.br\/blog2\/author\/nina\/\"}]}<\/script>\n<!-- \/ Yoast SEO plugin. -->","yoast_head_json":{"title":"Nina Martinelli na Expo Revestir 2022: dons dos especificadores valorizados pelas cria\u00e7\u00f5es da marca - Blog Nina","robots":{"index":"index","follow":"follow","max-snippet":"max-snippet:-1","max-image-preview":"max-image-preview:large","max-video-preview":"max-video-preview:-1"},"canonical":"https:\/\/ninamartinelli.com.br\/blog2\/nina-martinelli-na-expo-revestir-2022-dons-dos-especificadores-valorizados-pelas-criacoes-da-marca\/","og_locale":"pt_BR","og_type":"article","og_title":"Nina Martinelli na Expo Revestir 2022: dons dos especificadores valorizados pelas cria\u00e7\u00f5es da marca - Blog Nina","og_description":"Estande da empresa na maior feira de acabamentos da Am\u00e9rica Latina se destacou por retratar","og_url":"https:\/\/ninamartinelli.com.br\/blog2\/nina-martinelli-na-expo-revestir-2022-dons-dos-especificadores-valorizados-pelas-criacoes-da-marca\/","og_site_name":"Blog Nina","article_author":"http:\/\/facebook.com.br\/ninamartinellioficial","article_published_time":"2022-03-23T19:53:26+00:00","article_modified_time":"2022-03-24T15:13:40+00:00","og_image":[{"width":1000,"height":1000,"url":"https:\/\/ninamartinelli.com.br\/blog2\/wp-content\/uploads\/2022\/03\/nina_exporevestir_1.jpg","type":"image\/jpeg"}],"author":"Comunica\u00e7\u00e3o Nina","twitter_card":"summary_large_image","twitter_misc":{"Escrito por":"Comunica\u00e7\u00e3o Nina","Est. tempo de leitura":"6 minutos"},"schema":{"@context":"https:\/\/schema.org","@graph":[{"@type":"Article","@id":"https:\/\/ninamartinelli.com.br\/blog2\/nina-martinelli-na-expo-revestir-2022-dons-dos-especificadores-valorizados-pelas-criacoes-da-marca\/#article","isPartOf":{"@id":"https:\/\/ninamartinelli.com.br\/blog2\/nina-martinelli-na-expo-revestir-2022-dons-dos-especificadores-valorizados-pelas-criacoes-da-marca\/"},"author":{"name":"Comunica\u00e7\u00e3o Nina","@id":"https:\/\/ninamartinelli.com.br\/blog2\/#\/schema\/person\/880a2cdee0a047e9b55254085d24f922"},"headline":"Nina Martinelli na Expo Revestir 2022: dons dos especificadores valorizados pelas cria\u00e7\u00f5es da marca","datePublished":"2022-03-23T19:53:26+00:00","dateModified":"2022-03-24T15:13:40+00:00","mainEntityOfPage":{"@id":"https:\/\/ninamartinelli.com.br\/blog2\/nina-martinelli-na-expo-revestir-2022-dons-dos-especificadores-valorizados-pelas-criacoes-da-marca\/"},"wordCount":1224,"commentCount":0,"publisher":{"@id":"https:\/\/ninamartinelli.com.br\/blog2\/#organization"},"image":{"@id":"https:\/\/ninamartinelli.com.br\/blog2\/nina-martinelli-na-expo-revestir-2022-dons-dos-especificadores-valorizados-pelas-criacoes-da-marca\/#primaryimage"},"thumbnailUrl":"https:\/\/ninamartinelli.com.br\/blog2\/wp-content\/uploads\/2022\/03\/nina_exporevestir_1.jpg","keywords":["eventos","expo revestir","feira","lan\u00e7amentos"],"articleSection":[":: LAN\u00c7AMENTOS 2022 ::","EXPO Revestir","Pisos","Revestimentos"],"inLanguage":"pt-BR","potentialAction":[{"@type":"CommentAction","name":"Comment","target":["https:\/\/ninamartinelli.com.br\/blog2\/nina-martinelli-na-expo-revestir-2022-dons-dos-especificadores-valorizados-pelas-criacoes-da-marca\/#respond"]}]},{"@type":"WebPage","@id":"https:\/\/ninamartinelli.com.br\/blog2\/nina-martinelli-na-expo-revestir-2022-dons-dos-especificadores-valorizados-pelas-criacoes-da-marca\/","url":"https:\/\/ninamartinelli.com.br\/blog2\/nina-martinelli-na-expo-revestir-2022-dons-dos-especificadores-valorizados-pelas-criacoes-da-marca\/","name":"Nina Martinelli na Expo Revestir 2022: dons dos especificadores valorizados pelas cria\u00e7\u00f5es da marca - Blog Nina","isPartOf":{"@id":"https:\/\/ninamartinelli.com.br\/blog2\/#website"},"primaryImageOfPage":{"@id":"https:\/\/ninamartinelli.com.br\/blog2\/nina-martinelli-na-expo-revestir-2022-dons-dos-especificadores-valorizados-pelas-criacoes-da-marca\/#primaryimage"},"image":{"@id":"https:\/\/ninamartinelli.com.br\/blog2\/nina-martinelli-na-expo-revestir-2022-dons-dos-especificadores-valorizados-pelas-criacoes-da-marca\/#primaryimage"},"thumbnailUrl":"https:\/\/ninamartinelli.com.br\/blog2\/wp-content\/uploads\/2022\/03\/nina_exporevestir_1.jpg","datePublished":"2022-03-23T19:53:26+00:00","dateModified":"2022-03-24T15:13:40+00:00","breadcrumb":{"@id":"https:\/\/ninamartinelli.com.br\/blog2\/nina-martinelli-na-expo-revestir-2022-dons-dos-especificadores-valorizados-pelas-criacoes-da-marca\/#breadcrumb"},"inLanguage":"pt-BR","potentialAction":[{"@type":"ReadAction","target":["https:\/\/ninamartinelli.com.br\/blog2\/nina-martinelli-na-expo-revestir-2022-dons-dos-especificadores-valorizados-pelas-criacoes-da-marca\/"]}]},{"@type":"ImageObject","inLanguage":"pt-BR","@id":"https:\/\/ninamartinelli.com.br\/blog2\/nina-martinelli-na-expo-revestir-2022-dons-dos-especificadores-valorizados-pelas-criacoes-da-marca\/#primaryimage","url":"https:\/\/ninamartinelli.com.br\/blog2\/wp-content\/uploads\/2022\/03\/nina_exporevestir_1.jpg","contentUrl":"https:\/\/ninamartinelli.com.br\/blog2\/wp-content\/uploads\/2022\/03\/nina_exporevestir_1.jpg","width":1000,"height":1000},{"@type":"BreadcrumbList","@id":"https:\/\/ninamartinelli.com.br\/blog2\/nina-martinelli-na-expo-revestir-2022-dons-dos-especificadores-valorizados-pelas-criacoes-da-marca\/#breadcrumb","itemListElement":[{"@type":"ListItem","position":1,"name":"In\u00edcio","item":"https:\/\/ninamartinelli.com.br\/blog2\/"},{"@type":"ListItem","position":2,"name":"Nina Martinelli na Expo Revestir 2022: dons dos especificadores valorizados pelas cria\u00e7\u00f5es da marca"}]},{"@type":"WebSite","@id":"https:\/\/ninamartinelli.com.br\/blog2\/#website","url":"https:\/\/ninamartinelli.com.br\/blog2\/","name":"Nina Martinelli","description":"#Nina_Martinelli","publisher":{"@id":"https:\/\/ninamartinelli.com.br\/blog2\/#organization"},"potentialAction":[{"@type":"SearchAction","target":{"@type":"EntryPoint","urlTemplate":"https:\/\/ninamartinelli.com.br\/blog2\/?s={search_term_string}"},"query-input":{"@type":"PropertyValueSpecification","valueRequired":true,"valueName":"search_term_string"}}],"inLanguage":"pt-BR"},{"@type":"Organization","@id":"https:\/\/ninamartinelli.com.br\/blog2\/#organization","name":"Blog Novidades","url":"https:\/\/ninamartinelli.com.br\/blog2\/","logo":{"@type":"ImageObject","inLanguage":"pt-BR","@id":"https:\/\/ninamartinelli.com.br\/blog2\/#\/schema\/logo\/image\/","url":"http:\/\/blog.ninamartinelli.com.br\/wp-content\/uploads\/2022\/03\/logo_nina_blog.png","contentUrl":"http:\/\/blog.ninamartinelli.com.br\/wp-content\/uploads\/2022\/03\/logo_nina_blog.png","width":500,"height":104,"caption":"Blog Novidades"},"image":{"@id":"https:\/\/ninamartinelli.com.br\/blog2\/#\/schema\/logo\/image\/"}},{"@type":"Person","@id":"https:\/\/ninamartinelli.com.br\/blog2\/#\/schema\/person\/880a2cdee0a047e9b55254085d24f922","name":"Comunica\u00e7\u00e3o Nina","image":{"@type":"ImageObject","inLanguage":"pt-BR","@id":"https:\/\/ninamartinelli.com.br\/blog2\/#\/schema\/person\/image\/","url":"https:\/\/secure.gravatar.com\/avatar\/0d3d763fb83768dd001497d074d4c4f6?s=96&d=mm&r=g","contentUrl":"https:\/\/secure.gravatar.com\/avatar\/0d3d763fb83768dd001497d074d4c4f6?s=96&d=mm&r=g","caption":"Comunica\u00e7\u00e3o Nina"},"sameAs":["http:\/\/ninamartinelli.com.br","http:\/\/facebook.com.br\/ninamartinellioficial","http:\/\/instagram.com\/ninamartinellioficial"],"url":"https:\/\/ninamartinelli.com.br\/blog2\/author\/nina\/"}]}},"_links":{"self":[{"href":"https:\/\/ninamartinelli.com.br\/blog2\/wp-json\/wp\/v2\/posts\/1665","targetHints":{"allow":["GET"]}}],"collection":[{"href":"https:\/\/ninamartinelli.com.br\/blog2\/wp-json\/wp\/v2\/posts"}],"about":[{"href":"https:\/\/ninamartinelli.com.br\/blog2\/wp-json\/wp\/v2\/types\/post"}],"author":[{"embeddable":true,"href":"https:\/\/ninamartinelli.com.br\/blog2\/wp-json\/wp\/v2\/users\/1"}],"replies":[{"embeddable":true,"href":"https:\/\/ninamartinelli.com.br\/blog2\/wp-json\/wp\/v2\/comments?post=1665"}],"version-history":[{"count":20,"href":"https:\/\/ninamartinelli.com.br\/blog2\/wp-json\/wp\/v2\/posts\/1665\/revisions"}],"predecessor-version":[{"id":1701,"href":"https:\/\/ninamartinelli.com.br\/blog2\/wp-json\/wp\/v2\/posts\/1665\/revisions\/1701"}],"wp:featuredmedia":[{"embeddable":true,"href":"https:\/\/ninamartinelli.com.br\/blog2\/wp-json\/wp\/v2\/media\/1673"}],"wp:attachment":[{"href":"https:\/\/ninamartinelli.com.br\/blog2\/wp-json\/wp\/v2\/media?parent=1665"}],"wp:term":[{"taxonomy":"category","embeddable":true,"href":"https:\/\/ninamartinelli.com.br\/blog2\/wp-json\/wp\/v2\/categories?post=1665"},{"taxonomy":"post_tag","embeddable":true,"href":"https:\/\/ninamartinelli.com.br\/blog2\/wp-json\/wp\/v2\/tags?post=1665"}],"curies":[{"name":"wp","href":"https:\/\/api.w.org\/{rel}","templated":true}]}}