{"id":1636,"date":"2022-05-06T16:38:06","date_gmt":"2022-05-06T19:38:06","guid":{"rendered":"http:\/\/blog.ninamartinelli.com.br\/?p=1636"},"modified":"2022-05-06T16:38:06","modified_gmt":"2022-05-06T19:38:06","slug":"ecologicamente-correto-e-lindo-piso-drenante-na-casa-cor-ribeirao-preto-2021","status":"publish","type":"post","link":"https:\/\/ninamartinelli.com.br\/blog2\/ecologicamente-correto-e-lindo-piso-drenante-na-casa-cor-ribeirao-preto-2021\/","title":{"rendered":"Ecologicamente correto e lindo \u2013 Piso Drenante na Casa Cor Ribeir\u00e3o Preto 2021"},"content":{"rendered":"<p><strong><em>Arquitetas Roberta Alonso e Mariana Oliveira escolheram o produto para dar conforto e alta permeabilidade \u00e0 parte externa de uma \u00e1rea gourmet integrada a um living<\/em><\/strong><\/p>\n<p>Ecologicamente correto. E al\u00e9m de tudo, despojado, pr\u00e1tico e lindo. Com alta permeabilidade, facilidade de absor\u00e7\u00e3o e ergonomia. Esses atributos foram os que levaram as arquitetas Roberta Alonso e Mariana de Oliveira, do escrit\u00f3rio <a href=\"http:\/\/www.robertaalonso.com.br\/\">Roberta Alonso Arquitetura e Interiores<\/a>, a escolher o piso Drenante da Nina Martinelli para toda a \u00e1rea externa do espa\u00e7o Bem Viver <a href=\"https:\/\/perplan.com.br\/\">Perplan<\/a>, da Casa Cor Ribeir\u00e3o Preto 2021.<\/p>\n<p>Um dos 30 ambientes que fez sucesso na consagrada e recente mostra, o Espa\u00e7o Bem Viver teve como inspira\u00e7\u00e3o para as profissionais, o desejo de evidenciar um estilo de vida e, como conceito, criar um espa\u00e7o harm\u00f4nico, com aconchego, sofistica\u00e7\u00e3o, beleza e funcionalidade.<\/p>\n<p>Em parceria com a <a href=\"http:\/\/casararaacabamentos.com.br\/\">Casa Rara Ribeir\u00e3o Preto<\/a>, Roberta e Mariana apostaram alto em diversidade de materiais, valorizando o design e criando um ambiente confort\u00e1vel, onde viver bem \u00e9 desfrutar de ambientes conectados, onde a madeira, a pedra e o jardim vertical refor\u00e7am a op\u00e7\u00e3o pelo natural.<\/p>\n<p>\u201c<em>A natureza \u00e9 evidenciada no projeto, tornando o ambiente mais acolhedor e vivo<\/em>\u201d, explicam elas, que optaram tamb\u00e9m pelas linhas retas e a eleg\u00e2ncia das transi\u00e7\u00f5es de luz e texturas entre os ambientes.<\/p>\n<h3>Sustentabilidade afirmada<\/h3>\n<p><img loading=\"lazy\" decoding=\"async\" class=\"alignleft wp-image-536\" src=\"http:\/\/blog.ninamartinelli.com.br\/wp-content\/uploads\/2019\/09\/drenante2-300x300.png\" alt=\"\" width=\"250\" height=\"250\" srcset=\"https:\/\/ninamartinelli.com.br\/blog2\/wp-content\/uploads\/2019\/09\/drenante2-300x300.png 300w, https:\/\/ninamartinelli.com.br\/blog2\/wp-content\/uploads\/2019\/09\/drenante2-150x150.png 150w, https:\/\/ninamartinelli.com.br\/blog2\/wp-content\/uploads\/2019\/09\/drenante2-50x50.png 50w, https:\/\/ninamartinelli.com.br\/blog2\/wp-content\/uploads\/2019\/09\/drenante2.png 500w\" sizes=\"auto, (max-width: 250px) 100vw, 250px\" \/>Na \u00e1rea externa, Roberta e Mariana especificaram o <strong>Piso Drenante<\/strong> da Nina Martinelli Pisos e Revestimentos. Medindo 45x45x5cm, \u00e9 um dos poucos produtos do mercado a oferecer, efetivamente, 100% de permeabilidade.<\/p>\n<p>Ecologicamente correto, testado e aprovado pela <a href=\"https:\/\/abcp.org.br\/\">Associa\u00e7\u00e3o de Cimentos Portland do Brasil<\/a>, garante a r\u00e1pida absor\u00e7\u00e3o da \u00e1gua da chuva e alto grau de sustentabilidade aos espa\u00e7os onde \u00e9 instalado.<\/p>\n<p>Vale lembrar que a marca disponibiliza o Drenante em duas vers\u00f5es \u2013 uma com a espessura de 5cm, para tr\u00e1fego de pessoas, e outra, com 8cm, para tamb\u00e9m suportar tr\u00e1fego de ve\u00edculos leves.<\/p>\n<hr \/>\n<h4><span style=\"color: #993300;\">Veja mais projetos com o Piso Drenante Nina Martinelli <a style=\"color: #993300;\" href=\"http:\/\/blog.ninamartinelli.com.br\/pisos-drenantes-sao-valorizados-em-cidades-inteligentes-e-obras-sustentaveis\/\">aqui<\/a><\/span><\/h4>\n<hr \/>\n<p>Est\u00e3o dispon\u00edveis em v\u00e1rias cores: Azzurro, Bianco, Beige, Grigio, Oliva, Marrone, Rosso, Giallo e Grigio Escuro \u2013 este o tom escolhido pelas arquitetas. \u201c<em>A cor mais escura \u00e9 uma solu\u00e7\u00e3o mais adequada para a nossa regi\u00e3o<\/em>\u201d, explica Mariana.<\/p>\n<p>O resultado foi aprovado tanto por elas quanto pelo grande p\u00fablico da mostra, que, este ano, adotou r\u00edgidos protocolos sanit\u00e1rios e conseguiu receber muitos visitantes com seguran\u00e7a sanit\u00e1ria.<\/p>\n<p>\u201c<em>Usar os produtos da marca (Nina Martinelli) \u00e9 sempre legal, pois tem tudo a ver com o estilo dos nossos projetos, al\u00e9m da praticidade<\/em>\u201d, refor\u00e7a Mariana.<\/p>\n<p>Roberta tamb\u00e9m se mostra feliz com a escolha. \u201c<em>O piso Drenante da Nina Martinelli \u00e9 Ecologicamente correto, extremamente f\u00e1cil e r\u00e1pido para instalar e ficamos extremamente satisfeitas com o resultado final\u201d<\/em>, garante.<\/p>\n<hr \/>\n<p><img loading=\"lazy\" decoding=\"async\" class=\"size-full wp-image-1709 aligncenter\" src=\"http:\/\/blog.ninamartinelli.com.br\/wp-content\/uploads\/2022\/01\/DRENANTE_casa-cor-2021_1.jpg\" alt=\"\" width=\"1000\" height=\"500\" srcset=\"https:\/\/ninamartinelli.com.br\/blog2\/wp-content\/uploads\/2022\/01\/DRENANTE_casa-cor-2021_1.jpg 1000w, https:\/\/ninamartinelli.com.br\/blog2\/wp-content\/uploads\/2022\/01\/DRENANTE_casa-cor-2021_1-300x150.jpg 300w, https:\/\/ninamartinelli.com.br\/blog2\/wp-content\/uploads\/2022\/01\/DRENANTE_casa-cor-2021_1-768x384.jpg 768w\" sizes=\"auto, (max-width: 1000px) 100vw, 1000px\" \/><\/p>\n<hr \/>\n<h4>Espa\u00e7o Bem Viver Perplan \u2013 Casa Cor Ribeir\u00e3o Preto 2021<br \/>\nPiso Drenante \u2013 45x45x5cm \u2013 \u00e1rea externa<br \/>\nProjeto: Roberta Alonso e Mariana Oliveira<br \/>\nRoberta Alonso Arquitetura e Interiores | <a href=\"https:\/\/www.instagram.com\/robertaalonso.arq\/\" target=\"_blank\" rel=\"noopener noreferrer\">@robertaalonso.arq<\/a> &#8211; <a href=\"https:\/\/www.instagram.com\/marianaoliveiraarquiteta\/\" target=\"_blank\" rel=\"noopener noreferrer\">@marianaoliveiraarquiteta<\/a><br \/>\nFotos: Gian Claudio Biancuzzi<\/h4>\n<p>&nbsp;<\/p>\n<p>&nbsp;<\/p>\n<p>&nbsp;<\/p>\n","protected":false},"excerpt":{"rendered":"<p>Arquitetas Roberta Alonso e Mariana Oliveira escolheram o produto para dar conforto e alta permeabilidade<\/p>\n","protected":false},"author":2,"featured_media":1708,"comment_status":"open","ping_status":"open","sticky":false,"template":"","format":"standard","meta":{"footnotes":""},"categories":[27,60,8,19,21,129],"tags":[39,130,54,52,32,132,131],"class_list":["post-1636","post","type-post","status-publish","format-standard","has-post-thumbnail","hentry","category-casa-cor","category-cimento","category-colezione-cemento","category-mostras-e-eventos","category-pisos","category-sustentabilidade","tag-area-externa","tag-casa-cor-ribeirao-preto","tag-cimenticio","tag-cimento","tag-drenagem","tag-ecologicamente-correto","tag-sustentabilidade"],"yoast_head":"<!-- This site is optimized with the Yoast SEO plugin v26.8 - https:\/\/yoast.com\/product\/yoast-seo-wordpress\/ -->\n<title>Ecologicamente correto - Piso Drenante na Casa Cor Ribeir\u00e3o Preto 2021<\/title>\n<meta name=\"description\" content=\"Ecologicamente correto - as arquitetas Roberta Alonso e Mariana Oliveira escolheram o produto para a \u00e1rea externa do Espa\u00e7o Viver Bem Perplan\" \/>\n<meta name=\"robots\" content=\"index, follow, max-snippet:-1, max-image-preview:large, max-video-preview:-1\" \/>\n<link rel=\"canonical\" href=\"https:\/\/ninamartinelli.com.br\/blog2\/ecologicamente-correto-e-lindo-piso-drenante-na-casa-cor-ribeirao-preto-2021\/\" \/>\n<meta property=\"og:locale\" content=\"pt_BR\" \/>\n<meta property=\"og:type\" content=\"article\" \/>\n<meta property=\"og:title\" content=\"Ecologicamente correto - Piso Drenante na Casa Cor Ribeir\u00e3o Preto 2021\" \/>\n<meta property=\"og:description\" content=\"Ecologicamente correto - as arquitetas Roberta Alonso e Mariana Oliveira escolheram o produto para a \u00e1rea externa do Espa\u00e7o Viver Bem Perplan\" \/>\n<meta property=\"og:url\" content=\"https:\/\/ninamartinelli.com.br\/blog2\/ecologicamente-correto-e-lindo-piso-drenante-na-casa-cor-ribeirao-preto-2021\/\" \/>\n<meta property=\"og:site_name\" content=\"Blog Nina\" \/>\n<meta property=\"article:published_time\" content=\"2022-05-06T19:38:06+00:00\" \/>\n<meta property=\"og:image\" content=\"https:\/\/ninamartinelli.com.br\/blog2\/wp-content\/uploads\/2022\/01\/DRENANTE_casa-cor-2021.png\" \/>\n\t<meta property=\"og:image:width\" content=\"800\" \/>\n\t<meta property=\"og:image:height\" content=\"800\" \/>\n\t<meta property=\"og:image:type\" content=\"image\/png\" \/>\n<meta name=\"author\" content=\"Ana Maria Devides\" \/>\n<meta name=\"twitter:card\" content=\"summary_large_image\" \/>\n<meta name=\"twitter:label1\" content=\"Escrito por\" \/>\n\t<meta name=\"twitter:data1\" content=\"Ana Maria Devides\" \/>\n\t<meta name=\"twitter:label2\" content=\"Est. tempo de leitura\" \/>\n\t<meta name=\"twitter:data2\" content=\"3 minutos\" \/>\n<script type=\"application\/ld+json\" class=\"yoast-schema-graph\">{\"@context\":\"https:\/\/schema.org\",\"@graph\":[{\"@type\":\"Article\",\"@id\":\"https:\/\/ninamartinelli.com.br\/blog2\/ecologicamente-correto-e-lindo-piso-drenante-na-casa-cor-ribeirao-preto-2021\/#article\",\"isPartOf\":{\"@id\":\"https:\/\/ninamartinelli.com.br\/blog2\/ecologicamente-correto-e-lindo-piso-drenante-na-casa-cor-ribeirao-preto-2021\/\"},\"author\":{\"name\":\"Ana Maria Devides\",\"@id\":\"https:\/\/ninamartinelli.com.br\/blog2\/#\/schema\/person\/43fbfb1d4cbe3b472995206b2bb06df5\"},\"headline\":\"Ecologicamente correto e lindo \u2013 Piso Drenante na Casa Cor Ribeir\u00e3o Preto 2021\",\"datePublished\":\"2022-05-06T19:38:06+00:00\",\"mainEntityOfPage\":{\"@id\":\"https:\/\/ninamartinelli.com.br\/blog2\/ecologicamente-correto-e-lindo-piso-drenante-na-casa-cor-ribeirao-preto-2021\/\"},\"wordCount\":524,\"commentCount\":0,\"publisher\":{\"@id\":\"https:\/\/ninamartinelli.com.br\/blog2\/#organization\"},\"image\":{\"@id\":\"https:\/\/ninamartinelli.com.br\/blog2\/ecologicamente-correto-e-lindo-piso-drenante-na-casa-cor-ribeirao-preto-2021\/#primaryimage\"},\"thumbnailUrl\":\"https:\/\/ninamartinelli.com.br\/blog2\/wp-content\/uploads\/2022\/01\/DRENANTE_casa-cor-2021.png\",\"keywords\":[\"area externa\",\"Casa Cor Ribeir\u00e3o Preto\",\"cimenticio\",\"cimento\",\"drenagem\",\"Ecologicamente correto\",\"Sustentabilidade\"],\"articleSection\":[\"CASA COR\",\"Cimento\",\"Colezione Cemento\",\"Mostras e Eventos\",\"Pisos\",\"Sustentabilidade\"],\"inLanguage\":\"pt-BR\",\"potentialAction\":[{\"@type\":\"CommentAction\",\"name\":\"Comment\",\"target\":[\"https:\/\/ninamartinelli.com.br\/blog2\/ecologicamente-correto-e-lindo-piso-drenante-na-casa-cor-ribeirao-preto-2021\/#respond\"]}]},{\"@type\":\"WebPage\",\"@id\":\"https:\/\/ninamartinelli.com.br\/blog2\/ecologicamente-correto-e-lindo-piso-drenante-na-casa-cor-ribeirao-preto-2021\/\",\"url\":\"https:\/\/ninamartinelli.com.br\/blog2\/ecologicamente-correto-e-lindo-piso-drenante-na-casa-cor-ribeirao-preto-2021\/\",\"name\":\"Ecologicamente correto - Piso Drenante na Casa Cor Ribeir\u00e3o Preto 2021\",\"isPartOf\":{\"@id\":\"https:\/\/ninamartinelli.com.br\/blog2\/#website\"},\"primaryImageOfPage\":{\"@id\":\"https:\/\/ninamartinelli.com.br\/blog2\/ecologicamente-correto-e-lindo-piso-drenante-na-casa-cor-ribeirao-preto-2021\/#primaryimage\"},\"image\":{\"@id\":\"https:\/\/ninamartinelli.com.br\/blog2\/ecologicamente-correto-e-lindo-piso-drenante-na-casa-cor-ribeirao-preto-2021\/#primaryimage\"},\"thumbnailUrl\":\"https:\/\/ninamartinelli.com.br\/blog2\/wp-content\/uploads\/2022\/01\/DRENANTE_casa-cor-2021.png\",\"datePublished\":\"2022-05-06T19:38:06+00:00\",\"description\":\"Ecologicamente correto - as arquitetas Roberta Alonso e Mariana Oliveira escolheram o produto para a \u00e1rea externa do Espa\u00e7o Viver Bem Perplan\",\"breadcrumb\":{\"@id\":\"https:\/\/ninamartinelli.com.br\/blog2\/ecologicamente-correto-e-lindo-piso-drenante-na-casa-cor-ribeirao-preto-2021\/#breadcrumb\"},\"inLanguage\":\"pt-BR\",\"potentialAction\":[{\"@type\":\"ReadAction\",\"target\":[\"https:\/\/ninamartinelli.com.br\/blog2\/ecologicamente-correto-e-lindo-piso-drenante-na-casa-cor-ribeirao-preto-2021\/\"]}]},{\"@type\":\"ImageObject\",\"inLanguage\":\"pt-BR\",\"@id\":\"https:\/\/ninamartinelli.com.br\/blog2\/ecologicamente-correto-e-lindo-piso-drenante-na-casa-cor-ribeirao-preto-2021\/#primaryimage\",\"url\":\"https:\/\/ninamartinelli.com.br\/blog2\/wp-content\/uploads\/2022\/01\/DRENANTE_casa-cor-2021.png\",\"contentUrl\":\"https:\/\/ninamartinelli.com.br\/blog2\/wp-content\/uploads\/2022\/01\/DRENANTE_casa-cor-2021.png\",\"width\":800,\"height\":800},{\"@type\":\"BreadcrumbList\",\"@id\":\"https:\/\/ninamartinelli.com.br\/blog2\/ecologicamente-correto-e-lindo-piso-drenante-na-casa-cor-ribeirao-preto-2021\/#breadcrumb\",\"itemListElement\":[{\"@type\":\"ListItem\",\"position\":1,\"name\":\"In\u00edcio\",\"item\":\"https:\/\/ninamartinelli.com.br\/blog2\/\"},{\"@type\":\"ListItem\",\"position\":2,\"name\":\"Ecologicamente correto e lindo \u2013 Piso Drenante na Casa Cor Ribeir\u00e3o Preto 2021\"}]},{\"@type\":\"WebSite\",\"@id\":\"https:\/\/ninamartinelli.com.br\/blog2\/#website\",\"url\":\"https:\/\/ninamartinelli.com.br\/blog2\/\",\"name\":\"Nina Martinelli\",\"description\":\"#Nina_Martinelli\",\"publisher\":{\"@id\":\"https:\/\/ninamartinelli.com.br\/blog2\/#organization\"},\"potentialAction\":[{\"@type\":\"SearchAction\",\"target\":{\"@type\":\"EntryPoint\",\"urlTemplate\":\"https:\/\/ninamartinelli.com.br\/blog2\/?s={search_term_string}\"},\"query-input\":{\"@type\":\"PropertyValueSpecification\",\"valueRequired\":true,\"valueName\":\"search_term_string\"}}],\"inLanguage\":\"pt-BR\"},{\"@type\":\"Organization\",\"@id\":\"https:\/\/ninamartinelli.com.br\/blog2\/#organization\",\"name\":\"Blog Novidades\",\"url\":\"https:\/\/ninamartinelli.com.br\/blog2\/\",\"logo\":{\"@type\":\"ImageObject\",\"inLanguage\":\"pt-BR\",\"@id\":\"https:\/\/ninamartinelli.com.br\/blog2\/#\/schema\/logo\/image\/\",\"url\":\"http:\/\/blog.ninamartinelli.com.br\/wp-content\/uploads\/2022\/03\/logo_nina_blog.png\",\"contentUrl\":\"http:\/\/blog.ninamartinelli.com.br\/wp-content\/uploads\/2022\/03\/logo_nina_blog.png\",\"width\":500,\"height\":104,\"caption\":\"Blog Novidades\"},\"image\":{\"@id\":\"https:\/\/ninamartinelli.com.br\/blog2\/#\/schema\/logo\/image\/\"}},{\"@type\":\"Person\",\"@id\":\"https:\/\/ninamartinelli.com.br\/blog2\/#\/schema\/person\/43fbfb1d4cbe3b472995206b2bb06df5\",\"name\":\"Ana Maria Devides\",\"image\":{\"@type\":\"ImageObject\",\"inLanguage\":\"pt-BR\",\"@id\":\"https:\/\/ninamartinelli.com.br\/blog2\/#\/schema\/person\/image\/\",\"url\":\"https:\/\/secure.gravatar.com\/avatar\/a03a82675d8bb3da8e5c5a6872db97be?s=96&d=mm&r=g\",\"contentUrl\":\"https:\/\/secure.gravatar.com\/avatar\/a03a82675d8bb3da8e5c5a6872db97be?s=96&d=mm&r=g\",\"caption\":\"Ana Maria Devides\"},\"url\":\"https:\/\/ninamartinelli.com.br\/blog2\/author\/assessoria-nina-martinelli\/\"}]}<\/script>\n<!-- \/ Yoast SEO plugin. -->","yoast_head_json":{"title":"Ecologicamente correto - Piso Drenante na Casa Cor Ribeir\u00e3o Preto 2021","description":"Ecologicamente correto - as arquitetas Roberta Alonso e Mariana Oliveira escolheram o produto para a \u00e1rea externa do Espa\u00e7o Viver Bem Perplan","robots":{"index":"index","follow":"follow","max-snippet":"max-snippet:-1","max-image-preview":"max-image-preview:large","max-video-preview":"max-video-preview:-1"},"canonical":"https:\/\/ninamartinelli.com.br\/blog2\/ecologicamente-correto-e-lindo-piso-drenante-na-casa-cor-ribeirao-preto-2021\/","og_locale":"pt_BR","og_type":"article","og_title":"Ecologicamente correto - Piso Drenante na Casa Cor Ribeir\u00e3o Preto 2021","og_description":"Ecologicamente correto - as arquitetas Roberta Alonso e Mariana Oliveira escolheram o produto para a \u00e1rea externa do Espa\u00e7o Viver Bem Perplan","og_url":"https:\/\/ninamartinelli.com.br\/blog2\/ecologicamente-correto-e-lindo-piso-drenante-na-casa-cor-ribeirao-preto-2021\/","og_site_name":"Blog Nina","article_published_time":"2022-05-06T19:38:06+00:00","og_image":[{"width":800,"height":800,"url":"https:\/\/ninamartinelli.com.br\/blog2\/wp-content\/uploads\/2022\/01\/DRENANTE_casa-cor-2021.png","type":"image\/png"}],"author":"Ana Maria Devides","twitter_card":"summary_large_image","twitter_misc":{"Escrito por":"Ana Maria Devides","Est. tempo de leitura":"3 minutos"},"schema":{"@context":"https:\/\/schema.org","@graph":[{"@type":"Article","@id":"https:\/\/ninamartinelli.com.br\/blog2\/ecologicamente-correto-e-lindo-piso-drenante-na-casa-cor-ribeirao-preto-2021\/#article","isPartOf":{"@id":"https:\/\/ninamartinelli.com.br\/blog2\/ecologicamente-correto-e-lindo-piso-drenante-na-casa-cor-ribeirao-preto-2021\/"},"author":{"name":"Ana Maria Devides","@id":"https:\/\/ninamartinelli.com.br\/blog2\/#\/schema\/person\/43fbfb1d4cbe3b472995206b2bb06df5"},"headline":"Ecologicamente correto e lindo \u2013 Piso Drenante na Casa Cor Ribeir\u00e3o Preto 2021","datePublished":"2022-05-06T19:38:06+00:00","mainEntityOfPage":{"@id":"https:\/\/ninamartinelli.com.br\/blog2\/ecologicamente-correto-e-lindo-piso-drenante-na-casa-cor-ribeirao-preto-2021\/"},"wordCount":524,"commentCount":0,"publisher":{"@id":"https:\/\/ninamartinelli.com.br\/blog2\/#organization"},"image":{"@id":"https:\/\/ninamartinelli.com.br\/blog2\/ecologicamente-correto-e-lindo-piso-drenante-na-casa-cor-ribeirao-preto-2021\/#primaryimage"},"thumbnailUrl":"https:\/\/ninamartinelli.com.br\/blog2\/wp-content\/uploads\/2022\/01\/DRENANTE_casa-cor-2021.png","keywords":["area externa","Casa Cor Ribeir\u00e3o Preto","cimenticio","cimento","drenagem","Ecologicamente correto","Sustentabilidade"],"articleSection":["CASA COR","Cimento","Colezione Cemento","Mostras e Eventos","Pisos","Sustentabilidade"],"inLanguage":"pt-BR","potentialAction":[{"@type":"CommentAction","name":"Comment","target":["https:\/\/ninamartinelli.com.br\/blog2\/ecologicamente-correto-e-lindo-piso-drenante-na-casa-cor-ribeirao-preto-2021\/#respond"]}]},{"@type":"WebPage","@id":"https:\/\/ninamartinelli.com.br\/blog2\/ecologicamente-correto-e-lindo-piso-drenante-na-casa-cor-ribeirao-preto-2021\/","url":"https:\/\/ninamartinelli.com.br\/blog2\/ecologicamente-correto-e-lindo-piso-drenante-na-casa-cor-ribeirao-preto-2021\/","name":"Ecologicamente correto - Piso Drenante na Casa Cor Ribeir\u00e3o Preto 2021","isPartOf":{"@id":"https:\/\/ninamartinelli.com.br\/blog2\/#website"},"primaryImageOfPage":{"@id":"https:\/\/ninamartinelli.com.br\/blog2\/ecologicamente-correto-e-lindo-piso-drenante-na-casa-cor-ribeirao-preto-2021\/#primaryimage"},"image":{"@id":"https:\/\/ninamartinelli.com.br\/blog2\/ecologicamente-correto-e-lindo-piso-drenante-na-casa-cor-ribeirao-preto-2021\/#primaryimage"},"thumbnailUrl":"https:\/\/ninamartinelli.com.br\/blog2\/wp-content\/uploads\/2022\/01\/DRENANTE_casa-cor-2021.png","datePublished":"2022-05-06T19:38:06+00:00","description":"Ecologicamente correto - as arquitetas Roberta Alonso e Mariana Oliveira escolheram o produto para a \u00e1rea externa do Espa\u00e7o Viver Bem Perplan","breadcrumb":{"@id":"https:\/\/ninamartinelli.com.br\/blog2\/ecologicamente-correto-e-lindo-piso-drenante-na-casa-cor-ribeirao-preto-2021\/#breadcrumb"},"inLanguage":"pt-BR","potentialAction":[{"@type":"ReadAction","target":["https:\/\/ninamartinelli.com.br\/blog2\/ecologicamente-correto-e-lindo-piso-drenante-na-casa-cor-ribeirao-preto-2021\/"]}]},{"@type":"ImageObject","inLanguage":"pt-BR","@id":"https:\/\/ninamartinelli.com.br\/blog2\/ecologicamente-correto-e-lindo-piso-drenante-na-casa-cor-ribeirao-preto-2021\/#primaryimage","url":"https:\/\/ninamartinelli.com.br\/blog2\/wp-content\/uploads\/2022\/01\/DRENANTE_casa-cor-2021.png","contentUrl":"https:\/\/ninamartinelli.com.br\/blog2\/wp-content\/uploads\/2022\/01\/DRENANTE_casa-cor-2021.png","width":800,"height":800},{"@type":"BreadcrumbList","@id":"https:\/\/ninamartinelli.com.br\/blog2\/ecologicamente-correto-e-lindo-piso-drenante-na-casa-cor-ribeirao-preto-2021\/#breadcrumb","itemListElement":[{"@type":"ListItem","position":1,"name":"In\u00edcio","item":"https:\/\/ninamartinelli.com.br\/blog2\/"},{"@type":"ListItem","position":2,"name":"Ecologicamente correto e lindo \u2013 Piso Drenante na Casa Cor Ribeir\u00e3o Preto 2021"}]},{"@type":"WebSite","@id":"https:\/\/ninamartinelli.com.br\/blog2\/#website","url":"https:\/\/ninamartinelli.com.br\/blog2\/","name":"Nina Martinelli","description":"#Nina_Martinelli","publisher":{"@id":"https:\/\/ninamartinelli.com.br\/blog2\/#organization"},"potentialAction":[{"@type":"SearchAction","target":{"@type":"EntryPoint","urlTemplate":"https:\/\/ninamartinelli.com.br\/blog2\/?s={search_term_string}"},"query-input":{"@type":"PropertyValueSpecification","valueRequired":true,"valueName":"search_term_string"}}],"inLanguage":"pt-BR"},{"@type":"Organization","@id":"https:\/\/ninamartinelli.com.br\/blog2\/#organization","name":"Blog Novidades","url":"https:\/\/ninamartinelli.com.br\/blog2\/","logo":{"@type":"ImageObject","inLanguage":"pt-BR","@id":"https:\/\/ninamartinelli.com.br\/blog2\/#\/schema\/logo\/image\/","url":"http:\/\/blog.ninamartinelli.com.br\/wp-content\/uploads\/2022\/03\/logo_nina_blog.png","contentUrl":"http:\/\/blog.ninamartinelli.com.br\/wp-content\/uploads\/2022\/03\/logo_nina_blog.png","width":500,"height":104,"caption":"Blog Novidades"},"image":{"@id":"https:\/\/ninamartinelli.com.br\/blog2\/#\/schema\/logo\/image\/"}},{"@type":"Person","@id":"https:\/\/ninamartinelli.com.br\/blog2\/#\/schema\/person\/43fbfb1d4cbe3b472995206b2bb06df5","name":"Ana Maria Devides","image":{"@type":"ImageObject","inLanguage":"pt-BR","@id":"https:\/\/ninamartinelli.com.br\/blog2\/#\/schema\/person\/image\/","url":"https:\/\/secure.gravatar.com\/avatar\/a03a82675d8bb3da8e5c5a6872db97be?s=96&d=mm&r=g","contentUrl":"https:\/\/secure.gravatar.com\/avatar\/a03a82675d8bb3da8e5c5a6872db97be?s=96&d=mm&r=g","caption":"Ana Maria Devides"},"url":"https:\/\/ninamartinelli.com.br\/blog2\/author\/assessoria-nina-martinelli\/"}]}},"_links":{"self":[{"href":"https:\/\/ninamartinelli.com.br\/blog2\/wp-json\/wp\/v2\/posts\/1636","targetHints":{"allow":["GET"]}}],"collection":[{"href":"https:\/\/ninamartinelli.com.br\/blog2\/wp-json\/wp\/v2\/posts"}],"about":[{"href":"https:\/\/ninamartinelli.com.br\/blog2\/wp-json\/wp\/v2\/types\/post"}],"author":[{"embeddable":true,"href":"https:\/\/ninamartinelli.com.br\/blog2\/wp-json\/wp\/v2\/users\/2"}],"replies":[{"embeddable":true,"href":"https:\/\/ninamartinelli.com.br\/blog2\/wp-json\/wp\/v2\/comments?post=1636"}],"version-history":[{"count":5,"href":"https:\/\/ninamartinelli.com.br\/blog2\/wp-json\/wp\/v2\/posts\/1636\/revisions"}],"predecessor-version":[{"id":1710,"href":"https:\/\/ninamartinelli.com.br\/blog2\/wp-json\/wp\/v2\/posts\/1636\/revisions\/1710"}],"wp:featuredmedia":[{"embeddable":true,"href":"https:\/\/ninamartinelli.com.br\/blog2\/wp-json\/wp\/v2\/media\/1708"}],"wp:attachment":[{"href":"https:\/\/ninamartinelli.com.br\/blog2\/wp-json\/wp\/v2\/media?parent=1636"}],"wp:term":[{"taxonomy":"category","embeddable":true,"href":"https:\/\/ninamartinelli.com.br\/blog2\/wp-json\/wp\/v2\/categories?post=1636"},{"taxonomy":"post_tag","embeddable":true,"href":"https:\/\/ninamartinelli.com.br\/blog2\/wp-json\/wp\/v2\/tags?post=1636"}],"curies":[{"name":"wp","href":"https:\/\/api.w.org\/{rel}","templated":true}]}}