{"id":1622,"date":"2021-12-27T09:39:00","date_gmt":"2021-12-27T12:39:00","guid":{"rendered":"http:\/\/blog.ninamartinelli.com.br\/?p=1622"},"modified":"2021-12-27T10:25:54","modified_gmt":"2021-12-27T13:25:54","slug":"campinas-decor-2021-brick-fendi-no-refugio-familiar-num-jardim-secreto","status":"publish","type":"post","link":"https:\/\/ninamartinelli.com.br\/blog2\/campinas-decor-2021-brick-fendi-no-refugio-familiar-num-jardim-secreto\/","title":{"rendered":"Campinas Decor 2021 | Brick Fendi no ref\u00fagio familiar num \u2018jardim secreto\u2019"},"content":{"rendered":"<p><em><strong>\u201cTijolinhos\u201d dialogam com outros elementos e texturas, num dos ambientes de destaque da Campinas Decor 2021<\/strong><\/em><\/p>\n<p><a href=\"https:\/\/campinasdecor.com.br\/\">Campinas Decor 2021<\/a> \u2013 A recente \u00faltima edi\u00e7\u00e3o de uma das maiores mostras paulistas de arquitetura, paisagismo e decora\u00e7\u00e3o foi sucesso de p\u00fablico e de cr\u00edtica.<\/p>\n<p>Foram quase 60 diferentes ambientes e, entre eles, destaque para o <strong>Espa\u00e7o Conex\u00e3o<\/strong>, assinado pela designer de interiores <a href=\"https:\/\/www.instagram.com\/vanimazonidesign\/\">Vani Mazoni<\/a>, de Campinas.\u00a0O desafio da profissional foi criar um espa\u00e7o de conv\u00edvio onde uma grande fam\u00edlia pudesse curtir bons momentos juntos, para ver bons filmes, ler, conversar, ou simplesmente relaxar.<\/p>\n<p>A ideia foi criar um ambiente acolhedor e confort\u00e1vel, repleto de detalhes e plantas, onde uma grande janela conecta o ref\u00fagio ao jardim interno da casa.<\/p>\n<p>Levando para a Campinas Decor 2021 o estilo Urban Jungle (Selva Urbana), Vani escolheu um mobili\u00e1rio contempor\u00e2neo e criou cantinhos pensados para cada membro da fam\u00edlia.<\/p>\n<h3>Brick Fendi emoldura charmoso aparador<\/h3>\n<p>Numa das paredes, o Brick Fendi, da Nina Martinelli, emoldura um charmoso aparador, que acomoda bebidas, objetos de decora\u00e7\u00e3o, um grande espelho e, ainda, serve de \u2018nicho\u2019 para uma cervejeira e uma adega.<\/p>\n<p>Integrante da Colezione Brick, com mais de 60 modelos diferentes, o Brick Fendi \u00e9 feito em argila com componentes reciclados, cuja mistura resulta num efeito \u00fanico.<\/p>\n<p>O produto mescla um tom escuro com pequenos pontos mais claros, numa textura r\u00fastica, com toque diferenciado e \u00fanico.<\/p>\n<hr \/>\n<h4><span style=\"color: #993300;\">Veja mais projetos com bricks Nina Martinelli <a style=\"color: #993300;\" href=\"http:\/\/blog.ninamartinelli.com.br\/category\/colezione-brick\/\" target=\"_blank\" rel=\"noopener noreferrer\">aqui<\/a><\/span><\/h4>\n<hr \/>\n<p>O revestimento que reproduz e moderniza o aspecto dos consagrados \u2018tijolinhos\u2019 , deu o toque de sustentabilidade ao projeto.<\/p>\n<p>E dialoga com muita harmonia com outros elementos, tons e materiais escolhidos por Vani, tais como o verde de uma parede oposta, decorada com uma ousada releitura dos cl\u00e1ssicos boiseries.<\/p>\n<p>O ambiente conta, ainda, com muita madeira natural, tapetes e m\u00f3veis de design, cestarias e muitas plantas, al\u00e9m de um projeto luminot\u00e9cnico primoroso.<\/p>\n<p>O resultado, segundo a designer, \u201c<em>\u00e9 um espa\u00e7o acolhedor e confort\u00e1vel, onde todos podem se reunir, trocar experi\u00eancias e desfrutar momentos especiais em fam\u00edlia<\/em>\u201d, diz ela.<\/p>\n<hr \/>\n<p>&nbsp;<\/p>\n<p><img loading=\"lazy\" decoding=\"async\" class=\"size-full wp-image-1630 aligncenter\" src=\"http:\/\/blog.ninamartinelli.com.br\/wp-content\/uploads\/2021\/12\/brick-fendi-nina-martinelli2.jpg\" alt=\"\" width=\"1000\" height=\"500\" srcset=\"https:\/\/ninamartinelli.com.br\/blog2\/wp-content\/uploads\/2021\/12\/brick-fendi-nina-martinelli2.jpg 1000w, https:\/\/ninamartinelli.com.br\/blog2\/wp-content\/uploads\/2021\/12\/brick-fendi-nina-martinelli2-300x150.jpg 300w, https:\/\/ninamartinelli.com.br\/blog2\/wp-content\/uploads\/2021\/12\/brick-fendi-nina-martinelli2-768x384.jpg 768w\" sizes=\"auto, (max-width: 1000px) 100vw, 1000px\" \/><\/p>\n<p><img loading=\"lazy\" decoding=\"async\" class=\"size-full wp-image-1631 aligncenter\" src=\"http:\/\/blog.ninamartinelli.com.br\/wp-content\/uploads\/2021\/12\/brick-fendi-nina-martinelli3.jpg\" alt=\"\" width=\"1000\" height=\"500\" srcset=\"https:\/\/ninamartinelli.com.br\/blog2\/wp-content\/uploads\/2021\/12\/brick-fendi-nina-martinelli3.jpg 1000w, https:\/\/ninamartinelli.com.br\/blog2\/wp-content\/uploads\/2021\/12\/brick-fendi-nina-martinelli3-300x150.jpg 300w, https:\/\/ninamartinelli.com.br\/blog2\/wp-content\/uploads\/2021\/12\/brick-fendi-nina-martinelli3-768x384.jpg 768w\" sizes=\"auto, (max-width: 1000px) 100vw, 1000px\" \/><\/p>\n<hr \/>\n<h4>Espa\u00e7o Conex\u00e3o \u2013 Campinas Decor 2021<br \/>\nProduto: Revestimento Brick Fendi, 7&#215;23,5cm<br \/>\nProjeto de interiores: Vani Mazoni Designer de Interiores \u2013 @vanimazonidesign<br \/>\nFotos: Studio Imagem <a href=\"https:\/\/www.instagram.com\/studioimagem\/\" target=\"_blank\" rel=\"noopener noreferrer\">@studioimagem<\/a> | Touch\u00e9 Fotografia <a href=\"https:\/\/www.instagram.com\/touche_foto\/\" target=\"_blank\" rel=\"noopener noreferrer\">@touche_foto<\/a> | Campinas Decor <a href=\"https:\/\/www.instagram.com\/campinasdecor\/\" target=\"_blank\" rel=\"noopener noreferrer\">@campinasdecor<\/a><\/h4>\n","protected":false},"excerpt":{"rendered":"<p>\u201cTijolinhos\u201d dialogam com outros elementos e texturas, num dos ambientes de destaque da Campinas Decor<\/p>\n","protected":false},"author":2,"featured_media":1628,"comment_status":"open","ping_status":"open","sticky":false,"template":"","format":"standard","meta":{"footnotes":""},"categories":[127,16,19,26],"tags":[40,36,128,63],"class_list":["post-1622","post","type-post","status-publish","format-standard","has-post-thumbnail","hentry","category-campinas-decor","category-colezione-brick","category-mostras-e-eventos","category-revestimentos","tag-area-interna","tag-brick","tag-campinas-decor","tag-tijolinho"],"yoast_head":"<!-- This site is optimized with the Yoast SEO plugin v26.8 - https:\/\/yoast.com\/product\/yoast-seo-wordpress\/ -->\n<title>Campinas Decor-Brick Fendi no ref\u00fagio familiar num &#039;jardim secreto&#039;<\/title>\n<meta name=\"description\" content=\"Brick Fendi - Tijolinhos dialogam com outros elementos e texturas, num dos ambientes de destaque da Campinas Decor 2021, um dos maiores eventos do setor\" \/>\n<meta name=\"robots\" content=\"index, follow, max-snippet:-1, max-image-preview:large, max-video-preview:-1\" \/>\n<link rel=\"canonical\" href=\"https:\/\/ninamartinelli.com.br\/blog2\/campinas-decor-2021-brick-fendi-no-refugio-familiar-num-jardim-secreto\/\" \/>\n<meta property=\"og:locale\" content=\"pt_BR\" \/>\n<meta property=\"og:type\" content=\"article\" \/>\n<meta property=\"og:title\" content=\"Campinas Decor-Brick Fendi no ref\u00fagio familiar num &#039;jardim secreto&#039;\" \/>\n<meta property=\"og:description\" content=\"Brick Fendi - Tijolinhos dialogam com outros elementos e texturas, num dos ambientes de destaque da Campinas Decor 2021, um dos maiores eventos do setor\" \/>\n<meta property=\"og:url\" content=\"https:\/\/ninamartinelli.com.br\/blog2\/campinas-decor-2021-brick-fendi-no-refugio-familiar-num-jardim-secreto\/\" \/>\n<meta property=\"og:site_name\" content=\"Blog Nina\" \/>\n<meta property=\"article:published_time\" content=\"2021-12-27T12:39:00+00:00\" \/>\n<meta property=\"article:modified_time\" content=\"2021-12-27T13:25:54+00:00\" \/>\n<meta property=\"og:image\" content=\"https:\/\/ninamartinelli.com.br\/blog2\/wp-content\/uploads\/2021\/12\/brick-fendi-nina-martinelli1.png\" \/>\n\t<meta property=\"og:image:width\" content=\"1000\" \/>\n\t<meta property=\"og:image:height\" content=\"1000\" \/>\n\t<meta property=\"og:image:type\" content=\"image\/png\" \/>\n<meta name=\"author\" content=\"Ana Maria Devides\" \/>\n<meta name=\"twitter:card\" content=\"summary_large_image\" \/>\n<meta name=\"twitter:label1\" content=\"Escrito por\" \/>\n\t<meta name=\"twitter:data1\" content=\"Ana Maria Devides\" \/>\n\t<meta name=\"twitter:label2\" content=\"Est. tempo de leitura\" \/>\n\t<meta name=\"twitter:data2\" content=\"2 minutos\" \/>\n<script type=\"application\/ld+json\" class=\"yoast-schema-graph\">{\"@context\":\"https:\/\/schema.org\",\"@graph\":[{\"@type\":\"Article\",\"@id\":\"https:\/\/ninamartinelli.com.br\/blog2\/campinas-decor-2021-brick-fendi-no-refugio-familiar-num-jardim-secreto\/#article\",\"isPartOf\":{\"@id\":\"https:\/\/ninamartinelli.com.br\/blog2\/campinas-decor-2021-brick-fendi-no-refugio-familiar-num-jardim-secreto\/\"},\"author\":{\"name\":\"Ana Maria Devides\",\"@id\":\"https:\/\/ninamartinelli.com.br\/blog2\/#\/schema\/person\/43fbfb1d4cbe3b472995206b2bb06df5\"},\"headline\":\"Campinas Decor 2021 | Brick Fendi no ref\u00fagio familiar num \u2018jardim secreto\u2019\",\"datePublished\":\"2021-12-27T12:39:00+00:00\",\"dateModified\":\"2021-12-27T13:25:54+00:00\",\"mainEntityOfPage\":{\"@id\":\"https:\/\/ninamartinelli.com.br\/blog2\/campinas-decor-2021-brick-fendi-no-refugio-familiar-num-jardim-secreto\/\"},\"wordCount\":392,\"commentCount\":0,\"publisher\":{\"@id\":\"https:\/\/ninamartinelli.com.br\/blog2\/#organization\"},\"image\":{\"@id\":\"https:\/\/ninamartinelli.com.br\/blog2\/campinas-decor-2021-brick-fendi-no-refugio-familiar-num-jardim-secreto\/#primaryimage\"},\"thumbnailUrl\":\"https:\/\/ninamartinelli.com.br\/blog2\/wp-content\/uploads\/2021\/12\/brick-fendi-nina-martinelli1.png\",\"keywords\":[\"area interna\",\"brick\",\"campinas decor\",\"tijolinho\"],\"articleSection\":[\"Campinas Decor\",\"Colezione Brick\",\"Mostras e Eventos\",\"Revestimentos\"],\"inLanguage\":\"pt-BR\",\"potentialAction\":[{\"@type\":\"CommentAction\",\"name\":\"Comment\",\"target\":[\"https:\/\/ninamartinelli.com.br\/blog2\/campinas-decor-2021-brick-fendi-no-refugio-familiar-num-jardim-secreto\/#respond\"]}]},{\"@type\":\"WebPage\",\"@id\":\"https:\/\/ninamartinelli.com.br\/blog2\/campinas-decor-2021-brick-fendi-no-refugio-familiar-num-jardim-secreto\/\",\"url\":\"https:\/\/ninamartinelli.com.br\/blog2\/campinas-decor-2021-brick-fendi-no-refugio-familiar-num-jardim-secreto\/\",\"name\":\"Campinas Decor-Brick Fendi no ref\u00fagio familiar num 'jardim secreto'\",\"isPartOf\":{\"@id\":\"https:\/\/ninamartinelli.com.br\/blog2\/#website\"},\"primaryImageOfPage\":{\"@id\":\"https:\/\/ninamartinelli.com.br\/blog2\/campinas-decor-2021-brick-fendi-no-refugio-familiar-num-jardim-secreto\/#primaryimage\"},\"image\":{\"@id\":\"https:\/\/ninamartinelli.com.br\/blog2\/campinas-decor-2021-brick-fendi-no-refugio-familiar-num-jardim-secreto\/#primaryimage\"},\"thumbnailUrl\":\"https:\/\/ninamartinelli.com.br\/blog2\/wp-content\/uploads\/2021\/12\/brick-fendi-nina-martinelli1.png\",\"datePublished\":\"2021-12-27T12:39:00+00:00\",\"dateModified\":\"2021-12-27T13:25:54+00:00\",\"description\":\"Brick Fendi - Tijolinhos dialogam com outros elementos e texturas, num dos ambientes de destaque da Campinas Decor 2021, um dos maiores eventos do setor\",\"breadcrumb\":{\"@id\":\"https:\/\/ninamartinelli.com.br\/blog2\/campinas-decor-2021-brick-fendi-no-refugio-familiar-num-jardim-secreto\/#breadcrumb\"},\"inLanguage\":\"pt-BR\",\"potentialAction\":[{\"@type\":\"ReadAction\",\"target\":[\"https:\/\/ninamartinelli.com.br\/blog2\/campinas-decor-2021-brick-fendi-no-refugio-familiar-num-jardim-secreto\/\"]}]},{\"@type\":\"ImageObject\",\"inLanguage\":\"pt-BR\",\"@id\":\"https:\/\/ninamartinelli.com.br\/blog2\/campinas-decor-2021-brick-fendi-no-refugio-familiar-num-jardim-secreto\/#primaryimage\",\"url\":\"https:\/\/ninamartinelli.com.br\/blog2\/wp-content\/uploads\/2021\/12\/brick-fendi-nina-martinelli1.png\",\"contentUrl\":\"https:\/\/ninamartinelli.com.br\/blog2\/wp-content\/uploads\/2021\/12\/brick-fendi-nina-martinelli1.png\",\"width\":1000,\"height\":1000},{\"@type\":\"BreadcrumbList\",\"@id\":\"https:\/\/ninamartinelli.com.br\/blog2\/campinas-decor-2021-brick-fendi-no-refugio-familiar-num-jardim-secreto\/#breadcrumb\",\"itemListElement\":[{\"@type\":\"ListItem\",\"position\":1,\"name\":\"In\u00edcio\",\"item\":\"https:\/\/ninamartinelli.com.br\/blog2\/\"},{\"@type\":\"ListItem\",\"position\":2,\"name\":\"Campinas Decor 2021 | Brick Fendi no ref\u00fagio familiar num \u2018jardim secreto\u2019\"}]},{\"@type\":\"WebSite\",\"@id\":\"https:\/\/ninamartinelli.com.br\/blog2\/#website\",\"url\":\"https:\/\/ninamartinelli.com.br\/blog2\/\",\"name\":\"Nina Martinelli\",\"description\":\"#Nina_Martinelli\",\"publisher\":{\"@id\":\"https:\/\/ninamartinelli.com.br\/blog2\/#organization\"},\"potentialAction\":[{\"@type\":\"SearchAction\",\"target\":{\"@type\":\"EntryPoint\",\"urlTemplate\":\"https:\/\/ninamartinelli.com.br\/blog2\/?s={search_term_string}\"},\"query-input\":{\"@type\":\"PropertyValueSpecification\",\"valueRequired\":true,\"valueName\":\"search_term_string\"}}],\"inLanguage\":\"pt-BR\"},{\"@type\":\"Organization\",\"@id\":\"https:\/\/ninamartinelli.com.br\/blog2\/#organization\",\"name\":\"Blog Novidades\",\"url\":\"https:\/\/ninamartinelli.com.br\/blog2\/\",\"logo\":{\"@type\":\"ImageObject\",\"inLanguage\":\"pt-BR\",\"@id\":\"https:\/\/ninamartinelli.com.br\/blog2\/#\/schema\/logo\/image\/\",\"url\":\"http:\/\/blog.ninamartinelli.com.br\/wp-content\/uploads\/2022\/03\/logo_nina_blog.png\",\"contentUrl\":\"http:\/\/blog.ninamartinelli.com.br\/wp-content\/uploads\/2022\/03\/logo_nina_blog.png\",\"width\":500,\"height\":104,\"caption\":\"Blog Novidades\"},\"image\":{\"@id\":\"https:\/\/ninamartinelli.com.br\/blog2\/#\/schema\/logo\/image\/\"}},{\"@type\":\"Person\",\"@id\":\"https:\/\/ninamartinelli.com.br\/blog2\/#\/schema\/person\/43fbfb1d4cbe3b472995206b2bb06df5\",\"name\":\"Ana Maria Devides\",\"image\":{\"@type\":\"ImageObject\",\"inLanguage\":\"pt-BR\",\"@id\":\"https:\/\/ninamartinelli.com.br\/blog2\/#\/schema\/person\/image\/\",\"url\":\"https:\/\/secure.gravatar.com\/avatar\/a03a82675d8bb3da8e5c5a6872db97be?s=96&d=mm&r=g\",\"contentUrl\":\"https:\/\/secure.gravatar.com\/avatar\/a03a82675d8bb3da8e5c5a6872db97be?s=96&d=mm&r=g\",\"caption\":\"Ana Maria Devides\"},\"url\":\"https:\/\/ninamartinelli.com.br\/blog2\/author\/assessoria-nina-martinelli\/\"}]}<\/script>\n<!-- \/ Yoast SEO plugin. -->","yoast_head_json":{"title":"Campinas Decor-Brick Fendi no ref\u00fagio familiar num 'jardim secreto'","description":"Brick Fendi - Tijolinhos dialogam com outros elementos e texturas, num dos ambientes de destaque da Campinas Decor 2021, um dos maiores eventos do setor","robots":{"index":"index","follow":"follow","max-snippet":"max-snippet:-1","max-image-preview":"max-image-preview:large","max-video-preview":"max-video-preview:-1"},"canonical":"https:\/\/ninamartinelli.com.br\/blog2\/campinas-decor-2021-brick-fendi-no-refugio-familiar-num-jardim-secreto\/","og_locale":"pt_BR","og_type":"article","og_title":"Campinas Decor-Brick Fendi no ref\u00fagio familiar num 'jardim secreto'","og_description":"Brick Fendi - Tijolinhos dialogam com outros elementos e texturas, num dos ambientes de destaque da Campinas Decor 2021, um dos maiores eventos do setor","og_url":"https:\/\/ninamartinelli.com.br\/blog2\/campinas-decor-2021-brick-fendi-no-refugio-familiar-num-jardim-secreto\/","og_site_name":"Blog Nina","article_published_time":"2021-12-27T12:39:00+00:00","article_modified_time":"2021-12-27T13:25:54+00:00","og_image":[{"width":1000,"height":1000,"url":"https:\/\/ninamartinelli.com.br\/blog2\/wp-content\/uploads\/2021\/12\/brick-fendi-nina-martinelli1.png","type":"image\/png"}],"author":"Ana Maria Devides","twitter_card":"summary_large_image","twitter_misc":{"Escrito por":"Ana Maria Devides","Est. tempo de leitura":"2 minutos"},"schema":{"@context":"https:\/\/schema.org","@graph":[{"@type":"Article","@id":"https:\/\/ninamartinelli.com.br\/blog2\/campinas-decor-2021-brick-fendi-no-refugio-familiar-num-jardim-secreto\/#article","isPartOf":{"@id":"https:\/\/ninamartinelli.com.br\/blog2\/campinas-decor-2021-brick-fendi-no-refugio-familiar-num-jardim-secreto\/"},"author":{"name":"Ana Maria Devides","@id":"https:\/\/ninamartinelli.com.br\/blog2\/#\/schema\/person\/43fbfb1d4cbe3b472995206b2bb06df5"},"headline":"Campinas Decor 2021 | Brick Fendi no ref\u00fagio familiar num \u2018jardim secreto\u2019","datePublished":"2021-12-27T12:39:00+00:00","dateModified":"2021-12-27T13:25:54+00:00","mainEntityOfPage":{"@id":"https:\/\/ninamartinelli.com.br\/blog2\/campinas-decor-2021-brick-fendi-no-refugio-familiar-num-jardim-secreto\/"},"wordCount":392,"commentCount":0,"publisher":{"@id":"https:\/\/ninamartinelli.com.br\/blog2\/#organization"},"image":{"@id":"https:\/\/ninamartinelli.com.br\/blog2\/campinas-decor-2021-brick-fendi-no-refugio-familiar-num-jardim-secreto\/#primaryimage"},"thumbnailUrl":"https:\/\/ninamartinelli.com.br\/blog2\/wp-content\/uploads\/2021\/12\/brick-fendi-nina-martinelli1.png","keywords":["area interna","brick","campinas decor","tijolinho"],"articleSection":["Campinas Decor","Colezione Brick","Mostras e Eventos","Revestimentos"],"inLanguage":"pt-BR","potentialAction":[{"@type":"CommentAction","name":"Comment","target":["https:\/\/ninamartinelli.com.br\/blog2\/campinas-decor-2021-brick-fendi-no-refugio-familiar-num-jardim-secreto\/#respond"]}]},{"@type":"WebPage","@id":"https:\/\/ninamartinelli.com.br\/blog2\/campinas-decor-2021-brick-fendi-no-refugio-familiar-num-jardim-secreto\/","url":"https:\/\/ninamartinelli.com.br\/blog2\/campinas-decor-2021-brick-fendi-no-refugio-familiar-num-jardim-secreto\/","name":"Campinas Decor-Brick Fendi no ref\u00fagio familiar num 'jardim secreto'","isPartOf":{"@id":"https:\/\/ninamartinelli.com.br\/blog2\/#website"},"primaryImageOfPage":{"@id":"https:\/\/ninamartinelli.com.br\/blog2\/campinas-decor-2021-brick-fendi-no-refugio-familiar-num-jardim-secreto\/#primaryimage"},"image":{"@id":"https:\/\/ninamartinelli.com.br\/blog2\/campinas-decor-2021-brick-fendi-no-refugio-familiar-num-jardim-secreto\/#primaryimage"},"thumbnailUrl":"https:\/\/ninamartinelli.com.br\/blog2\/wp-content\/uploads\/2021\/12\/brick-fendi-nina-martinelli1.png","datePublished":"2021-12-27T12:39:00+00:00","dateModified":"2021-12-27T13:25:54+00:00","description":"Brick Fendi - Tijolinhos dialogam com outros elementos e texturas, num dos ambientes de destaque da Campinas Decor 2021, um dos maiores eventos do setor","breadcrumb":{"@id":"https:\/\/ninamartinelli.com.br\/blog2\/campinas-decor-2021-brick-fendi-no-refugio-familiar-num-jardim-secreto\/#breadcrumb"},"inLanguage":"pt-BR","potentialAction":[{"@type":"ReadAction","target":["https:\/\/ninamartinelli.com.br\/blog2\/campinas-decor-2021-brick-fendi-no-refugio-familiar-num-jardim-secreto\/"]}]},{"@type":"ImageObject","inLanguage":"pt-BR","@id":"https:\/\/ninamartinelli.com.br\/blog2\/campinas-decor-2021-brick-fendi-no-refugio-familiar-num-jardim-secreto\/#primaryimage","url":"https:\/\/ninamartinelli.com.br\/blog2\/wp-content\/uploads\/2021\/12\/brick-fendi-nina-martinelli1.png","contentUrl":"https:\/\/ninamartinelli.com.br\/blog2\/wp-content\/uploads\/2021\/12\/brick-fendi-nina-martinelli1.png","width":1000,"height":1000},{"@type":"BreadcrumbList","@id":"https:\/\/ninamartinelli.com.br\/blog2\/campinas-decor-2021-brick-fendi-no-refugio-familiar-num-jardim-secreto\/#breadcrumb","itemListElement":[{"@type":"ListItem","position":1,"name":"In\u00edcio","item":"https:\/\/ninamartinelli.com.br\/blog2\/"},{"@type":"ListItem","position":2,"name":"Campinas Decor 2021 | Brick Fendi no ref\u00fagio familiar num \u2018jardim secreto\u2019"}]},{"@type":"WebSite","@id":"https:\/\/ninamartinelli.com.br\/blog2\/#website","url":"https:\/\/ninamartinelli.com.br\/blog2\/","name":"Nina Martinelli","description":"#Nina_Martinelli","publisher":{"@id":"https:\/\/ninamartinelli.com.br\/blog2\/#organization"},"potentialAction":[{"@type":"SearchAction","target":{"@type":"EntryPoint","urlTemplate":"https:\/\/ninamartinelli.com.br\/blog2\/?s={search_term_string}"},"query-input":{"@type":"PropertyValueSpecification","valueRequired":true,"valueName":"search_term_string"}}],"inLanguage":"pt-BR"},{"@type":"Organization","@id":"https:\/\/ninamartinelli.com.br\/blog2\/#organization","name":"Blog Novidades","url":"https:\/\/ninamartinelli.com.br\/blog2\/","logo":{"@type":"ImageObject","inLanguage":"pt-BR","@id":"https:\/\/ninamartinelli.com.br\/blog2\/#\/schema\/logo\/image\/","url":"http:\/\/blog.ninamartinelli.com.br\/wp-content\/uploads\/2022\/03\/logo_nina_blog.png","contentUrl":"http:\/\/blog.ninamartinelli.com.br\/wp-content\/uploads\/2022\/03\/logo_nina_blog.png","width":500,"height":104,"caption":"Blog Novidades"},"image":{"@id":"https:\/\/ninamartinelli.com.br\/blog2\/#\/schema\/logo\/image\/"}},{"@type":"Person","@id":"https:\/\/ninamartinelli.com.br\/blog2\/#\/schema\/person\/43fbfb1d4cbe3b472995206b2bb06df5","name":"Ana Maria Devides","image":{"@type":"ImageObject","inLanguage":"pt-BR","@id":"https:\/\/ninamartinelli.com.br\/blog2\/#\/schema\/person\/image\/","url":"https:\/\/secure.gravatar.com\/avatar\/a03a82675d8bb3da8e5c5a6872db97be?s=96&d=mm&r=g","contentUrl":"https:\/\/secure.gravatar.com\/avatar\/a03a82675d8bb3da8e5c5a6872db97be?s=96&d=mm&r=g","caption":"Ana Maria Devides"},"url":"https:\/\/ninamartinelli.com.br\/blog2\/author\/assessoria-nina-martinelli\/"}]}},"_links":{"self":[{"href":"https:\/\/ninamartinelli.com.br\/blog2\/wp-json\/wp\/v2\/posts\/1622","targetHints":{"allow":["GET"]}}],"collection":[{"href":"https:\/\/ninamartinelli.com.br\/blog2\/wp-json\/wp\/v2\/posts"}],"about":[{"href":"https:\/\/ninamartinelli.com.br\/blog2\/wp-json\/wp\/v2\/types\/post"}],"author":[{"embeddable":true,"href":"https:\/\/ninamartinelli.com.br\/blog2\/wp-json\/wp\/v2\/users\/2"}],"replies":[{"embeddable":true,"href":"https:\/\/ninamartinelli.com.br\/blog2\/wp-json\/wp\/v2\/comments?post=1622"}],"version-history":[{"count":8,"href":"https:\/\/ninamartinelli.com.br\/blog2\/wp-json\/wp\/v2\/posts\/1622\/revisions"}],"predecessor-version":[{"id":1634,"href":"https:\/\/ninamartinelli.com.br\/blog2\/wp-json\/wp\/v2\/posts\/1622\/revisions\/1634"}],"wp:featuredmedia":[{"embeddable":true,"href":"https:\/\/ninamartinelli.com.br\/blog2\/wp-json\/wp\/v2\/media\/1628"}],"wp:attachment":[{"href":"https:\/\/ninamartinelli.com.br\/blog2\/wp-json\/wp\/v2\/media?parent=1622"}],"wp:term":[{"taxonomy":"category","embeddable":true,"href":"https:\/\/ninamartinelli.com.br\/blog2\/wp-json\/wp\/v2\/categories?post=1622"},{"taxonomy":"post_tag","embeddable":true,"href":"https:\/\/ninamartinelli.com.br\/blog2\/wp-json\/wp\/v2\/tags?post=1622"}],"curies":[{"name":"wp","href":"https:\/\/api.w.org\/{rel}","templated":true}]}}