{"id":1607,"date":"2021-12-13T17:01:37","date_gmt":"2021-12-13T20:01:37","guid":{"rendered":"http:\/\/blog.ninamartinelli.com.br\/?p=1607"},"modified":"2021-12-13T17:01:37","modified_gmt":"2021-12-13T20:01:37","slug":"rustico-e-elegante-combinacao-mais-que-possivel-com-3-produtos-nina-martinelli","status":"publish","type":"post","link":"https:\/\/ninamartinelli.com.br\/blog2\/rustico-e-elegante-combinacao-mais-que-possivel-com-3-produtos-nina-martinelli\/","title":{"rendered":"R\u00fastico e elegante &#8211; combina\u00e7\u00e3o mais que poss\u00edvel, com 3 produtos Nina Martinelli"},"content":{"rendered":"<p><strong><em>Elementos que parecem antag\u00f4nicos se harmonizam e valorizam resid\u00eancia no interior paulista com pegada que mescla estilos R\u00fastico e elegante<\/em><\/strong><\/p>\n<p>R\u00fastico e elegante. Pr\u00e1tico e moderno, mas aconchegante. Termos, elementos e atributos que parecem antag\u00f4nicos se harmonizam e se valorizam num arrojado projeto de interiores em uma resid\u00eancia num condom\u00ednio de alto padr\u00e3o em Araras\/SP.<\/p>\n<p>S\u00e3o 280m\u00b2 de \u00e1rea constru\u00edda, e dois pavimentos, divididos em sala de estar, sala de jantar, cozinha, tr\u00eas su\u00edtes, escrit\u00f3rio, lavabo, lavanderia, \u00e1rea gourmet, banheiro externo, sol\u00e1rio e SPA.<\/p>\n<p>Todo o projeto de interiores, e tamb\u00e9m a fachada e paisagismo s\u00e3o da arquiteta <strong><a href=\"https:\/\/www.instagram.com\/elisangelazanfolinarquitetura\/\">Elis\u00e2ngela Zanfolin<\/a>,<\/strong> que tem escrit\u00f3rio em Araras e recebeu dos clientes, um casal jovem com um filho pequeno, a miss\u00e3o de projetar ambientes aconchegantes, sem deixar de serem modernos e pr\u00e1ticos. Onde R\u00fastico e elegante realmente se traduzissem plenamente.<\/p>\n<p><em>\u201cEles t\u00eam um estilo de vida contempor\u00e2neo, <\/em><em>geralmente n\u00e3o passam muito tempo em casa durante a semana, devido ao trabalho. Nos finais de semana gostam de aproveitar a casa, principalmente a \u00e1rea de lazer, onde podem relaxar e refazer as energias\u201d<\/em>, diz Elis\u00e2ngela.<\/p>\n<p>Para atender os desejos dos clientes, ela conta que quis trazer ao projeto elementos que trouxessem \u00e0 vida os conceitos de sofistica\u00e7\u00e3o com aconchego e modernidade. E a profissional escolheu n\u00e3o um, nem dois, mas tr\u00eas produtos Nina Martinelli para dar forma \u00e0 sua cria\u00e7\u00e3o.<\/p>\n<hr \/>\n<figure id=\"attachment_950\" aria-describedby=\"caption-attachment-950\" style=\"width: 200px\" class=\"wp-caption alignleft\"><img loading=\"lazy\" decoding=\"async\" class=\"wp-image-950\" src=\"http:\/\/blog.ninamartinelli.com.br\/wp-content\/uploads\/2020\/02\/cotto-vecchio-nero1-300x300.jpg\" alt=\"\" width=\"200\" height=\"200\" srcset=\"https:\/\/ninamartinelli.com.br\/blog2\/wp-content\/uploads\/2020\/02\/cotto-vecchio-nero1-300x300.jpg 300w, https:\/\/ninamartinelli.com.br\/blog2\/wp-content\/uploads\/2020\/02\/cotto-vecchio-nero1-150x150.jpg 150w, https:\/\/ninamartinelli.com.br\/blog2\/wp-content\/uploads\/2020\/02\/cotto-vecchio-nero1-50x50.jpg 50w, https:\/\/ninamartinelli.com.br\/blog2\/wp-content\/uploads\/2020\/02\/cotto-vecchio-nero1.jpg 500w\" sizes=\"auto, (max-width: 200px) 100vw, 200px\" \/><figcaption id=\"caption-attachment-950\" class=\"wp-caption-text\">Piso Cotto Vecchio<\/figcaption><\/figure>\n<figure id=\"attachment_1614\" aria-describedby=\"caption-attachment-1614\" style=\"width: 200px\" class=\"wp-caption alignleft\"><img loading=\"lazy\" decoding=\"async\" class=\"wp-image-1614\" src=\"http:\/\/blog.ninamartinelli.com.br\/wp-content\/uploads\/2021\/12\/diamante1.jpg\" alt=\"\" width=\"200\" height=\"200\" srcset=\"https:\/\/ninamartinelli.com.br\/blog2\/wp-content\/uploads\/2021\/12\/diamante1.jpg 600w, https:\/\/ninamartinelli.com.br\/blog2\/wp-content\/uploads\/2021\/12\/diamante1-300x300.jpg 300w, https:\/\/ninamartinelli.com.br\/blog2\/wp-content\/uploads\/2021\/12\/diamante1-150x150.jpg 150w, https:\/\/ninamartinelli.com.br\/blog2\/wp-content\/uploads\/2021\/12\/diamante1-50x50.jpg 50w\" sizes=\"auto, (max-width: 200px) 100vw, 200px\" \/><figcaption id=\"caption-attachment-1614\" class=\"wp-caption-text\">Diamante<\/figcaption><\/figure>\n<figure id=\"attachment_1226\" aria-describedby=\"caption-attachment-1226\" style=\"width: 200px\" class=\"wp-caption alignleft\"><img loading=\"lazy\" decoding=\"async\" class=\"wp-image-1226\" src=\"http:\/\/blog.ninamartinelli.com.br\/wp-content\/uploads\/2020\/10\/madeira-vecchio1.jpg\" alt=\"\" width=\"200\" height=\"200\" srcset=\"https:\/\/ninamartinelli.com.br\/blog2\/wp-content\/uploads\/2020\/10\/madeira-vecchio1.jpg 600w, https:\/\/ninamartinelli.com.br\/blog2\/wp-content\/uploads\/2020\/10\/madeira-vecchio1-300x300.jpg 300w, https:\/\/ninamartinelli.com.br\/blog2\/wp-content\/uploads\/2020\/10\/madeira-vecchio1-150x150.jpg 150w, https:\/\/ninamartinelli.com.br\/blog2\/wp-content\/uploads\/2020\/10\/madeira-vecchio1-50x50.jpg 50w\" sizes=\"auto, (max-width: 200px) 100vw, 200px\" \/><figcaption id=\"caption-attachment-1226\" class=\"wp-caption-text\">Madeira Vecchio<\/figcaption><\/figure>\n<p>&nbsp;<\/p>\n<p>&nbsp;<\/p>\n<p>&nbsp;<\/p>\n<p>&nbsp;<\/p>\n<p>&nbsp;<\/p>\n<p>&nbsp;<\/p>\n<p>&nbsp;<\/p>\n<hr \/>\n<p>A come\u00e7ar pela fachada da casa. Para o piso da rampa da garagem e escada da entrada social, Elis\u00e2ngela escolheu o piso Cotto Vecchio Nero, na pagina\u00e7\u00e3o escama de peixe.<\/p>\n<p>Feito em cer\u00e2mica natural, em dimens\u00f5es que v\u00e3o desde\u00a0 5&#215;5 at\u00e9 24&#215;24 cm,\u00a0 o produto tem dimensionamentos e tonalidades exclusivos, tornando os espa\u00e7os originais e marcantes, al\u00e9m de ergon\u00f4micos e de f\u00e1cil manuten\u00e7\u00e3o<em>. \u201cO piso dialoga perfeitamente com os tons escuros das ferragens e das pedras, e tamb\u00e9m com o verde do paisagismo\u201d<\/em>, resume a arquiteta. Efeito R\u00fastico e elegante alcan\u00e7ado com sucesso.<\/p>\n<h3>Um SPA de encher os olhos<\/h3>\n<p>No SPA, Elis\u00e2ngela ousou num mix entre a rusticidade da madeira e a eleg\u00e2ncia e contemporaneidade de um revestimento 3D. No piso, a profissional utilizou o <a href=\"https:\/\/www.ninamartinelli.com.br\/#!\/pt\/produtos\/0049-revestimento-madeira-vecchio\" target=\"_blank\" rel=\"noopener noreferrer\"><strong>Madeira Vecchio<\/strong><\/a>, na pagina\u00e7\u00e3o transpasse 2\/7.<\/p>\n<p>Medindo 100x20x2,5 cm, o Madeira Vecchio, feito em cimento arquitet\u00f4nico, impressiona pelo realismo com que reproduz o visual natural da madeira de demoli\u00e7\u00e3o, esculpida pela a\u00e7\u00e3o do tempo.<\/p>\n<p>E na parede, o revestimento <a href=\"https:\/\/www.ninamartinelli.com.br\/#!\/pt\/produtos\/0061-revestimento-diamante\" target=\"_blank\" rel=\"noopener noreferrer\"><strong>Diamante<\/strong><\/a>, na cor Bianco, medindo 15x37cm, trouxe movimento e sofistica\u00e7\u00e3o, interagindo com a luz, a \u00e1gua, o verde e a atmosfera despojada do espa\u00e7o.<\/p>\n<p><em>\u201cO resultado foi surpreendente, tanto n\u00f3s do escrit\u00f3rio quanto os clientes ficaram satisfeitos. Os materiais da Nina Martinelli valorizaram muito os ambientes\u201d,<\/em> conclui Elis\u00e2ngela.<\/p>\n<hr \/>\n<h4><span style=\"color: #993300;\"><a style=\"color: #993300;\" href=\"http:\/\/blog.ninamartinelli.com.br\/madeira-vecchio-o-toque-sutil-de-rusticidade-numa-casa-moderna-em-minas\/\" target=\"_blank\" rel=\"noopener noreferrer\">Clique aqui<\/a> e veja mais projetos com pegada entre R\u00fastico e elegante.<\/span><\/h4>\n<hr \/>\n<p><img loading=\"lazy\" decoding=\"async\" class=\"size-full wp-image-1617 aligncenter\" src=\"http:\/\/blog.ninamartinelli.com.br\/wp-content\/uploads\/2021\/12\/cotto_diamante_madeira_2.jpg\" alt=\"\" width=\"1000\" height=\"500\" srcset=\"https:\/\/ninamartinelli.com.br\/blog2\/wp-content\/uploads\/2021\/12\/cotto_diamante_madeira_2.jpg 1000w, https:\/\/ninamartinelli.com.br\/blog2\/wp-content\/uploads\/2021\/12\/cotto_diamante_madeira_2-300x150.jpg 300w, https:\/\/ninamartinelli.com.br\/blog2\/wp-content\/uploads\/2021\/12\/cotto_diamante_madeira_2-768x384.jpg 768w\" sizes=\"auto, (max-width: 1000px) 100vw, 1000px\" \/><\/p>\n<p><img loading=\"lazy\" decoding=\"async\" class=\"size-full wp-image-1618 aligncenter\" src=\"http:\/\/blog.ninamartinelli.com.br\/wp-content\/uploads\/2021\/12\/cotto_diamante_madeira_3.jpg\" alt=\"\" width=\"1000\" height=\"500\" srcset=\"https:\/\/ninamartinelli.com.br\/blog2\/wp-content\/uploads\/2021\/12\/cotto_diamante_madeira_3.jpg 1000w, https:\/\/ninamartinelli.com.br\/blog2\/wp-content\/uploads\/2021\/12\/cotto_diamante_madeira_3-300x150.jpg 300w, https:\/\/ninamartinelli.com.br\/blog2\/wp-content\/uploads\/2021\/12\/cotto_diamante_madeira_3-768x384.jpg 768w\" sizes=\"auto, (max-width: 1000px) 100vw, 1000px\" \/><\/p>\n<p>&nbsp;<\/p>\n<hr \/>\n<h4>SPA e Fachada em resid\u00eancia<br \/>\nPiso Cotto Vecchio Nero Compose\/Revestimento Diamante Bianco e Piso Madeira Vecchio<br \/>\nProjeto: Elis\u00e2ngela Zanfolin &#8211; <a href=\"https:\/\/www.instagram.com\/elisangelazanfolinarquitetura\/\" target=\"_blank\" rel=\"noopener noreferrer\">@elisangelazanfolinarquitetura<\/a><br \/>\nInstalador: Luciano Marques<br \/>\nFotos: Rafael Gomes &#8211; contato@studiof3d.com<\/h4>\n<p>&nbsp;<\/p>\n","protected":false},"excerpt":{"rendered":"<p>Elementos que parecem antag\u00f4nicos se harmonizam e valorizam resid\u00eancia no interior paulista com pegada que<\/p>\n","protected":false},"author":2,"featured_media":1616,"comment_status":"open","ping_status":"open","sticky":false,"template":"","format":"standard","meta":{"footnotes":""},"categories":[59,60,8,20,21,26],"tags":[39,38,35,37,29,67],"class_list":["post-1607","post","type-post","status-publish","format-standard","has-post-thumbnail","hentry","category-ceramica","category-cimento","category-colezione-cemento","category-colezione-eleganza","category-pisos","category-revestimentos","tag-area-externa","tag-cotto-vecchio","tag-madeira","tag-parede","tag-piscina","tag-revestimento-3d"],"yoast_head":"<!-- This site is optimized with the Yoast SEO plugin v26.8 - https:\/\/yoast.com\/product\/yoast-seo-wordpress\/ -->\n<title>R\u00fastico e elegante, combina\u00e7\u00e3o mais que poss\u00edvel, com 3 produtos Nina<\/title>\n<meta name=\"description\" content=\"R\u00fastico e elegante, elementos que parecem antag\u00f4nicos se harmonizam, se complementam e valorizam casa no interior do estado de SP\" \/>\n<meta name=\"robots\" content=\"index, follow, max-snippet:-1, max-image-preview:large, max-video-preview:-1\" \/>\n<link rel=\"canonical\" href=\"https:\/\/ninamartinelli.com.br\/blog2\/rustico-e-elegante-combinacao-mais-que-possivel-com-3-produtos-nina-martinelli\/\" \/>\n<meta property=\"og:locale\" content=\"pt_BR\" \/>\n<meta property=\"og:type\" content=\"article\" \/>\n<meta property=\"og:title\" content=\"R\u00fastico e elegante, combina\u00e7\u00e3o mais que poss\u00edvel, com 3 produtos Nina\" \/>\n<meta property=\"og:description\" content=\"R\u00fastico e elegante, elementos que parecem antag\u00f4nicos se harmonizam, se complementam e valorizam casa no interior do estado de SP\" \/>\n<meta property=\"og:url\" content=\"https:\/\/ninamartinelli.com.br\/blog2\/rustico-e-elegante-combinacao-mais-que-possivel-com-3-produtos-nina-martinelli\/\" \/>\n<meta property=\"og:site_name\" content=\"Blog Nina\" \/>\n<meta property=\"article:published_time\" content=\"2021-12-13T20:01:37+00:00\" \/>\n<meta property=\"og:image\" content=\"https:\/\/ninamartinelli.com.br\/blog2\/wp-content\/uploads\/2021\/12\/cotto_diamante_madeira_1.jpg\" \/>\n\t<meta property=\"og:image:width\" content=\"900\" \/>\n\t<meta property=\"og:image:height\" content=\"900\" \/>\n\t<meta property=\"og:image:type\" content=\"image\/jpeg\" \/>\n<meta name=\"author\" content=\"Ana Maria Devides\" \/>\n<meta name=\"twitter:card\" content=\"summary_large_image\" \/>\n<meta name=\"twitter:label1\" content=\"Escrito por\" \/>\n\t<meta name=\"twitter:data1\" content=\"Ana Maria Devides\" \/>\n\t<meta name=\"twitter:label2\" content=\"Est. tempo de leitura\" \/>\n\t<meta name=\"twitter:data2\" content=\"3 minutos\" \/>\n<script type=\"application\/ld+json\" class=\"yoast-schema-graph\">{\"@context\":\"https:\/\/schema.org\",\"@graph\":[{\"@type\":\"Article\",\"@id\":\"https:\/\/ninamartinelli.com.br\/blog2\/rustico-e-elegante-combinacao-mais-que-possivel-com-3-produtos-nina-martinelli\/#article\",\"isPartOf\":{\"@id\":\"https:\/\/ninamartinelli.com.br\/blog2\/rustico-e-elegante-combinacao-mais-que-possivel-com-3-produtos-nina-martinelli\/\"},\"author\":{\"name\":\"Ana Maria Devides\",\"@id\":\"https:\/\/ninamartinelli.com.br\/blog2\/#\/schema\/person\/43fbfb1d4cbe3b472995206b2bb06df5\"},\"headline\":\"R\u00fastico e elegante &#8211; combina\u00e7\u00e3o mais que poss\u00edvel, com 3 produtos Nina Martinelli\",\"datePublished\":\"2021-12-13T20:01:37+00:00\",\"mainEntityOfPage\":{\"@id\":\"https:\/\/ninamartinelli.com.br\/blog2\/rustico-e-elegante-combinacao-mais-que-possivel-com-3-produtos-nina-martinelli\/\"},\"wordCount\":591,\"commentCount\":0,\"publisher\":{\"@id\":\"https:\/\/ninamartinelli.com.br\/blog2\/#organization\"},\"image\":{\"@id\":\"https:\/\/ninamartinelli.com.br\/blog2\/rustico-e-elegante-combinacao-mais-que-possivel-com-3-produtos-nina-martinelli\/#primaryimage\"},\"thumbnailUrl\":\"https:\/\/ninamartinelli.com.br\/blog2\/wp-content\/uploads\/2021\/12\/cotto_diamante_madeira_1.jpg\",\"keywords\":[\"area externa\",\"cotto vecchio\",\"madeira\",\"parede\",\"piscina\",\"revestimento 3D\"],\"articleSection\":[\"Cer\u00e2mica\",\"Cimento\",\"Colezione Cemento\",\"Colezione Eleganza\",\"Pisos\",\"Revestimentos\"],\"inLanguage\":\"pt-BR\",\"potentialAction\":[{\"@type\":\"CommentAction\",\"name\":\"Comment\",\"target\":[\"https:\/\/ninamartinelli.com.br\/blog2\/rustico-e-elegante-combinacao-mais-que-possivel-com-3-produtos-nina-martinelli\/#respond\"]}]},{\"@type\":\"WebPage\",\"@id\":\"https:\/\/ninamartinelli.com.br\/blog2\/rustico-e-elegante-combinacao-mais-que-possivel-com-3-produtos-nina-martinelli\/\",\"url\":\"https:\/\/ninamartinelli.com.br\/blog2\/rustico-e-elegante-combinacao-mais-que-possivel-com-3-produtos-nina-martinelli\/\",\"name\":\"R\u00fastico e elegante, combina\u00e7\u00e3o mais que poss\u00edvel, com 3 produtos Nina\",\"isPartOf\":{\"@id\":\"https:\/\/ninamartinelli.com.br\/blog2\/#website\"},\"primaryImageOfPage\":{\"@id\":\"https:\/\/ninamartinelli.com.br\/blog2\/rustico-e-elegante-combinacao-mais-que-possivel-com-3-produtos-nina-martinelli\/#primaryimage\"},\"image\":{\"@id\":\"https:\/\/ninamartinelli.com.br\/blog2\/rustico-e-elegante-combinacao-mais-que-possivel-com-3-produtos-nina-martinelli\/#primaryimage\"},\"thumbnailUrl\":\"https:\/\/ninamartinelli.com.br\/blog2\/wp-content\/uploads\/2021\/12\/cotto_diamante_madeira_1.jpg\",\"datePublished\":\"2021-12-13T20:01:37+00:00\",\"description\":\"R\u00fastico e elegante, elementos que parecem antag\u00f4nicos se harmonizam, se complementam e valorizam casa no interior do estado de SP\",\"breadcrumb\":{\"@id\":\"https:\/\/ninamartinelli.com.br\/blog2\/rustico-e-elegante-combinacao-mais-que-possivel-com-3-produtos-nina-martinelli\/#breadcrumb\"},\"inLanguage\":\"pt-BR\",\"potentialAction\":[{\"@type\":\"ReadAction\",\"target\":[\"https:\/\/ninamartinelli.com.br\/blog2\/rustico-e-elegante-combinacao-mais-que-possivel-com-3-produtos-nina-martinelli\/\"]}]},{\"@type\":\"ImageObject\",\"inLanguage\":\"pt-BR\",\"@id\":\"https:\/\/ninamartinelli.com.br\/blog2\/rustico-e-elegante-combinacao-mais-que-possivel-com-3-produtos-nina-martinelli\/#primaryimage\",\"url\":\"https:\/\/ninamartinelli.com.br\/blog2\/wp-content\/uploads\/2021\/12\/cotto_diamante_madeira_1.jpg\",\"contentUrl\":\"https:\/\/ninamartinelli.com.br\/blog2\/wp-content\/uploads\/2021\/12\/cotto_diamante_madeira_1.jpg\",\"width\":900,\"height\":900},{\"@type\":\"BreadcrumbList\",\"@id\":\"https:\/\/ninamartinelli.com.br\/blog2\/rustico-e-elegante-combinacao-mais-que-possivel-com-3-produtos-nina-martinelli\/#breadcrumb\",\"itemListElement\":[{\"@type\":\"ListItem\",\"position\":1,\"name\":\"In\u00edcio\",\"item\":\"https:\/\/ninamartinelli.com.br\/blog2\/\"},{\"@type\":\"ListItem\",\"position\":2,\"name\":\"R\u00fastico e elegante &#8211; combina\u00e7\u00e3o mais que poss\u00edvel, com 3 produtos Nina Martinelli\"}]},{\"@type\":\"WebSite\",\"@id\":\"https:\/\/ninamartinelli.com.br\/blog2\/#website\",\"url\":\"https:\/\/ninamartinelli.com.br\/blog2\/\",\"name\":\"Nina Martinelli\",\"description\":\"#Nina_Martinelli\",\"publisher\":{\"@id\":\"https:\/\/ninamartinelli.com.br\/blog2\/#organization\"},\"potentialAction\":[{\"@type\":\"SearchAction\",\"target\":{\"@type\":\"EntryPoint\",\"urlTemplate\":\"https:\/\/ninamartinelli.com.br\/blog2\/?s={search_term_string}\"},\"query-input\":{\"@type\":\"PropertyValueSpecification\",\"valueRequired\":true,\"valueName\":\"search_term_string\"}}],\"inLanguage\":\"pt-BR\"},{\"@type\":\"Organization\",\"@id\":\"https:\/\/ninamartinelli.com.br\/blog2\/#organization\",\"name\":\"Blog Novidades\",\"url\":\"https:\/\/ninamartinelli.com.br\/blog2\/\",\"logo\":{\"@type\":\"ImageObject\",\"inLanguage\":\"pt-BR\",\"@id\":\"https:\/\/ninamartinelli.com.br\/blog2\/#\/schema\/logo\/image\/\",\"url\":\"http:\/\/blog.ninamartinelli.com.br\/wp-content\/uploads\/2022\/03\/logo_nina_blog.png\",\"contentUrl\":\"http:\/\/blog.ninamartinelli.com.br\/wp-content\/uploads\/2022\/03\/logo_nina_blog.png\",\"width\":500,\"height\":104,\"caption\":\"Blog Novidades\"},\"image\":{\"@id\":\"https:\/\/ninamartinelli.com.br\/blog2\/#\/schema\/logo\/image\/\"}},{\"@type\":\"Person\",\"@id\":\"https:\/\/ninamartinelli.com.br\/blog2\/#\/schema\/person\/43fbfb1d4cbe3b472995206b2bb06df5\",\"name\":\"Ana Maria Devides\",\"image\":{\"@type\":\"ImageObject\",\"inLanguage\":\"pt-BR\",\"@id\":\"https:\/\/ninamartinelli.com.br\/blog2\/#\/schema\/person\/image\/\",\"url\":\"https:\/\/secure.gravatar.com\/avatar\/a03a82675d8bb3da8e5c5a6872db97be?s=96&d=mm&r=g\",\"contentUrl\":\"https:\/\/secure.gravatar.com\/avatar\/a03a82675d8bb3da8e5c5a6872db97be?s=96&d=mm&r=g\",\"caption\":\"Ana Maria Devides\"},\"url\":\"https:\/\/ninamartinelli.com.br\/blog2\/author\/assessoria-nina-martinelli\/\"}]}<\/script>\n<!-- \/ Yoast SEO plugin. -->","yoast_head_json":{"title":"R\u00fastico e elegante, combina\u00e7\u00e3o mais que poss\u00edvel, com 3 produtos Nina","description":"R\u00fastico e elegante, elementos que parecem antag\u00f4nicos se harmonizam, se complementam e valorizam casa no interior do estado de SP","robots":{"index":"index","follow":"follow","max-snippet":"max-snippet:-1","max-image-preview":"max-image-preview:large","max-video-preview":"max-video-preview:-1"},"canonical":"https:\/\/ninamartinelli.com.br\/blog2\/rustico-e-elegante-combinacao-mais-que-possivel-com-3-produtos-nina-martinelli\/","og_locale":"pt_BR","og_type":"article","og_title":"R\u00fastico e elegante, combina\u00e7\u00e3o mais que poss\u00edvel, com 3 produtos Nina","og_description":"R\u00fastico e elegante, elementos que parecem antag\u00f4nicos se harmonizam, se complementam e valorizam casa no interior do estado de SP","og_url":"https:\/\/ninamartinelli.com.br\/blog2\/rustico-e-elegante-combinacao-mais-que-possivel-com-3-produtos-nina-martinelli\/","og_site_name":"Blog Nina","article_published_time":"2021-12-13T20:01:37+00:00","og_image":[{"width":900,"height":900,"url":"https:\/\/ninamartinelli.com.br\/blog2\/wp-content\/uploads\/2021\/12\/cotto_diamante_madeira_1.jpg","type":"image\/jpeg"}],"author":"Ana Maria Devides","twitter_card":"summary_large_image","twitter_misc":{"Escrito por":"Ana Maria Devides","Est. tempo de leitura":"3 minutos"},"schema":{"@context":"https:\/\/schema.org","@graph":[{"@type":"Article","@id":"https:\/\/ninamartinelli.com.br\/blog2\/rustico-e-elegante-combinacao-mais-que-possivel-com-3-produtos-nina-martinelli\/#article","isPartOf":{"@id":"https:\/\/ninamartinelli.com.br\/blog2\/rustico-e-elegante-combinacao-mais-que-possivel-com-3-produtos-nina-martinelli\/"},"author":{"name":"Ana Maria Devides","@id":"https:\/\/ninamartinelli.com.br\/blog2\/#\/schema\/person\/43fbfb1d4cbe3b472995206b2bb06df5"},"headline":"R\u00fastico e elegante &#8211; combina\u00e7\u00e3o mais que poss\u00edvel, com 3 produtos Nina Martinelli","datePublished":"2021-12-13T20:01:37+00:00","mainEntityOfPage":{"@id":"https:\/\/ninamartinelli.com.br\/blog2\/rustico-e-elegante-combinacao-mais-que-possivel-com-3-produtos-nina-martinelli\/"},"wordCount":591,"commentCount":0,"publisher":{"@id":"https:\/\/ninamartinelli.com.br\/blog2\/#organization"},"image":{"@id":"https:\/\/ninamartinelli.com.br\/blog2\/rustico-e-elegante-combinacao-mais-que-possivel-com-3-produtos-nina-martinelli\/#primaryimage"},"thumbnailUrl":"https:\/\/ninamartinelli.com.br\/blog2\/wp-content\/uploads\/2021\/12\/cotto_diamante_madeira_1.jpg","keywords":["area externa","cotto vecchio","madeira","parede","piscina","revestimento 3D"],"articleSection":["Cer\u00e2mica","Cimento","Colezione Cemento","Colezione Eleganza","Pisos","Revestimentos"],"inLanguage":"pt-BR","potentialAction":[{"@type":"CommentAction","name":"Comment","target":["https:\/\/ninamartinelli.com.br\/blog2\/rustico-e-elegante-combinacao-mais-que-possivel-com-3-produtos-nina-martinelli\/#respond"]}]},{"@type":"WebPage","@id":"https:\/\/ninamartinelli.com.br\/blog2\/rustico-e-elegante-combinacao-mais-que-possivel-com-3-produtos-nina-martinelli\/","url":"https:\/\/ninamartinelli.com.br\/blog2\/rustico-e-elegante-combinacao-mais-que-possivel-com-3-produtos-nina-martinelli\/","name":"R\u00fastico e elegante, combina\u00e7\u00e3o mais que poss\u00edvel, com 3 produtos Nina","isPartOf":{"@id":"https:\/\/ninamartinelli.com.br\/blog2\/#website"},"primaryImageOfPage":{"@id":"https:\/\/ninamartinelli.com.br\/blog2\/rustico-e-elegante-combinacao-mais-que-possivel-com-3-produtos-nina-martinelli\/#primaryimage"},"image":{"@id":"https:\/\/ninamartinelli.com.br\/blog2\/rustico-e-elegante-combinacao-mais-que-possivel-com-3-produtos-nina-martinelli\/#primaryimage"},"thumbnailUrl":"https:\/\/ninamartinelli.com.br\/blog2\/wp-content\/uploads\/2021\/12\/cotto_diamante_madeira_1.jpg","datePublished":"2021-12-13T20:01:37+00:00","description":"R\u00fastico e elegante, elementos que parecem antag\u00f4nicos se harmonizam, se complementam e valorizam casa no interior do estado de SP","breadcrumb":{"@id":"https:\/\/ninamartinelli.com.br\/blog2\/rustico-e-elegante-combinacao-mais-que-possivel-com-3-produtos-nina-martinelli\/#breadcrumb"},"inLanguage":"pt-BR","potentialAction":[{"@type":"ReadAction","target":["https:\/\/ninamartinelli.com.br\/blog2\/rustico-e-elegante-combinacao-mais-que-possivel-com-3-produtos-nina-martinelli\/"]}]},{"@type":"ImageObject","inLanguage":"pt-BR","@id":"https:\/\/ninamartinelli.com.br\/blog2\/rustico-e-elegante-combinacao-mais-que-possivel-com-3-produtos-nina-martinelli\/#primaryimage","url":"https:\/\/ninamartinelli.com.br\/blog2\/wp-content\/uploads\/2021\/12\/cotto_diamante_madeira_1.jpg","contentUrl":"https:\/\/ninamartinelli.com.br\/blog2\/wp-content\/uploads\/2021\/12\/cotto_diamante_madeira_1.jpg","width":900,"height":900},{"@type":"BreadcrumbList","@id":"https:\/\/ninamartinelli.com.br\/blog2\/rustico-e-elegante-combinacao-mais-que-possivel-com-3-produtos-nina-martinelli\/#breadcrumb","itemListElement":[{"@type":"ListItem","position":1,"name":"In\u00edcio","item":"https:\/\/ninamartinelli.com.br\/blog2\/"},{"@type":"ListItem","position":2,"name":"R\u00fastico e elegante &#8211; combina\u00e7\u00e3o mais que poss\u00edvel, com 3 produtos Nina Martinelli"}]},{"@type":"WebSite","@id":"https:\/\/ninamartinelli.com.br\/blog2\/#website","url":"https:\/\/ninamartinelli.com.br\/blog2\/","name":"Nina Martinelli","description":"#Nina_Martinelli","publisher":{"@id":"https:\/\/ninamartinelli.com.br\/blog2\/#organization"},"potentialAction":[{"@type":"SearchAction","target":{"@type":"EntryPoint","urlTemplate":"https:\/\/ninamartinelli.com.br\/blog2\/?s={search_term_string}"},"query-input":{"@type":"PropertyValueSpecification","valueRequired":true,"valueName":"search_term_string"}}],"inLanguage":"pt-BR"},{"@type":"Organization","@id":"https:\/\/ninamartinelli.com.br\/blog2\/#organization","name":"Blog Novidades","url":"https:\/\/ninamartinelli.com.br\/blog2\/","logo":{"@type":"ImageObject","inLanguage":"pt-BR","@id":"https:\/\/ninamartinelli.com.br\/blog2\/#\/schema\/logo\/image\/","url":"http:\/\/blog.ninamartinelli.com.br\/wp-content\/uploads\/2022\/03\/logo_nina_blog.png","contentUrl":"http:\/\/blog.ninamartinelli.com.br\/wp-content\/uploads\/2022\/03\/logo_nina_blog.png","width":500,"height":104,"caption":"Blog Novidades"},"image":{"@id":"https:\/\/ninamartinelli.com.br\/blog2\/#\/schema\/logo\/image\/"}},{"@type":"Person","@id":"https:\/\/ninamartinelli.com.br\/blog2\/#\/schema\/person\/43fbfb1d4cbe3b472995206b2bb06df5","name":"Ana Maria Devides","image":{"@type":"ImageObject","inLanguage":"pt-BR","@id":"https:\/\/ninamartinelli.com.br\/blog2\/#\/schema\/person\/image\/","url":"https:\/\/secure.gravatar.com\/avatar\/a03a82675d8bb3da8e5c5a6872db97be?s=96&d=mm&r=g","contentUrl":"https:\/\/secure.gravatar.com\/avatar\/a03a82675d8bb3da8e5c5a6872db97be?s=96&d=mm&r=g","caption":"Ana Maria Devides"},"url":"https:\/\/ninamartinelli.com.br\/blog2\/author\/assessoria-nina-martinelli\/"}]}},"_links":{"self":[{"href":"https:\/\/ninamartinelli.com.br\/blog2\/wp-json\/wp\/v2\/posts\/1607","targetHints":{"allow":["GET"]}}],"collection":[{"href":"https:\/\/ninamartinelli.com.br\/blog2\/wp-json\/wp\/v2\/posts"}],"about":[{"href":"https:\/\/ninamartinelli.com.br\/blog2\/wp-json\/wp\/v2\/types\/post"}],"author":[{"embeddable":true,"href":"https:\/\/ninamartinelli.com.br\/blog2\/wp-json\/wp\/v2\/users\/2"}],"replies":[{"embeddable":true,"href":"https:\/\/ninamartinelli.com.br\/blog2\/wp-json\/wp\/v2\/comments?post=1607"}],"version-history":[{"count":7,"href":"https:\/\/ninamartinelli.com.br\/blog2\/wp-json\/wp\/v2\/posts\/1607\/revisions"}],"predecessor-version":[{"id":1610,"href":"https:\/\/ninamartinelli.com.br\/blog2\/wp-json\/wp\/v2\/posts\/1607\/revisions\/1610"}],"wp:featuredmedia":[{"embeddable":true,"href":"https:\/\/ninamartinelli.com.br\/blog2\/wp-json\/wp\/v2\/media\/1616"}],"wp:attachment":[{"href":"https:\/\/ninamartinelli.com.br\/blog2\/wp-json\/wp\/v2\/media?parent=1607"}],"wp:term":[{"taxonomy":"category","embeddable":true,"href":"https:\/\/ninamartinelli.com.br\/blog2\/wp-json\/wp\/v2\/categories?post=1607"},{"taxonomy":"post_tag","embeddable":true,"href":"https:\/\/ninamartinelli.com.br\/blog2\/wp-json\/wp\/v2\/tags?post=1607"}],"curies":[{"name":"wp","href":"https:\/\/api.w.org\/{rel}","templated":true}]}}