{"id":1592,"date":"2021-11-18T16:57:47","date_gmt":"2021-11-18T19:57:47","guid":{"rendered":"http:\/\/blog.ninamartinelli.com.br\/?p=1592"},"modified":"2021-11-18T16:57:47","modified_gmt":"2021-11-18T19:57:47","slug":"salao-de-festas-de-edificio-em-toledo-pr-ganha-toque-acolhedor-com-esagonale","status":"publish","type":"post","link":"https:\/\/ninamartinelli.com.br\/blog2\/salao-de-festas-de-edificio-em-toledo-pr-ganha-toque-acolhedor-com-esagonale\/","title":{"rendered":"Sal\u00e3o de Festas de edif\u00edcio em Toledo-PR ganha toque acolhedor com Esagonale"},"content":{"rendered":"<p><strong><em>Espa\u00e7o contempor\u00e2neo e atemporal do Sal\u00e3o de Festas conta com \u00e1rea de churrasqueira, onde o revestimento faz contraponto com o m\u00e1rmore<\/em><\/strong><\/p>\n<p>Sal\u00e3o de Festas de condom\u00ednio precisa ser \u201cneutro\u201d, sem gra\u00e7a, sem personalidade, para se encaixar no gosto coletivo, agradando a todos os moradores, certo? Errado.<\/p>\n<p>E o Residencial Amaranto, em Toledo, na regi\u00e3o oeste do Paran\u00e1, \u00e9 a prova de que n\u00e3o s\u00f3 \u00e9 poss\u00edvel, mas tamb\u00e9m um grande acerto apostar numa ambienta\u00e7\u00e3o mais arrojada e contempor\u00e2nea para esses espa\u00e7os comuns dos edif\u00edcios.<\/p>\n<p>O projeto de interiores e de todas as \u00e1reas sociais do residencial, incluindo o Sal\u00e3o de Festas, \u00e9 do escrit\u00f3rio <a href=\"https:\/\/www.instagram.com\/explore\/locations\/787623552\/brazil\/toledo-parana\/meri-e-lari-design-e-arquitetura\/?hl=en\">Meri&amp;Lari Design e Arquitetura,<\/a> que tem \u00e0 frente <strong>Meri Blatt Heiss<\/strong>, designer, e <strong>Larissa Koch Gottems<\/strong>, arquiteta. E elas foram fundo para buscar a sofistica\u00e7\u00e3o, o conforto e a eleg\u00e2ncia que o edif\u00edcio exigia \u2013 inclusive tamb\u00e9m para o Sal\u00e3o de Festas.<\/p>\n<p>Meri explica o conceito do projeto. \u201c<em>O edif\u00edcio \u00e9 em estilo cl\u00e1ssico. Os clientes queriam os ambientes comuns mais contempor\u00e2neos e atemporais<\/em>\u201d, afirma a designer.<\/p>\n<h3>Mix ousado no Sal\u00e3o de Festas<\/h3>\n<p data-wp-editing=\"1\">Ela e Lari optaram por uma mistura ousada de materiais e texturas. O piso do Sal\u00e3o de Festas recebeu porcelanato que lembra m\u00e1rmore Carrara. J\u00e1 o espa\u00e7o da churrasqueira foi dotado de uma confort\u00e1vel ilha, que serve de superf\u00edcie de apoio e \u00e9 um convite para bons papos e aperitivos. Essa estrutura foi revestida em m\u00e1rmore Nero Marquina, agregando muita sofistica\u00e7\u00e3o.<\/p>\n<p>O conjunto poderia ficar frio e impessoal demais se Meri e Lari n\u00e3o tivessem tido uma bela ideia: a de cobrir o front\u00e3o superior e a base da churrasqueira com o revestimento de madeira <strong>Esagonale<\/strong>, da Nina Martinelli.<\/p>\n<hr \/>\n<h4><span style=\"color: #993300;\">Veja <a style=\"color: #993300;\" href=\"http:\/\/blog.ninamartinelli.com.br\/wp-admin\/post.php?post=1311&amp;action=edit\">aqui<\/a> mais projetos com o diferencial do Esagonale<\/span><\/h4>\n<hr \/>\n<p><img loading=\"lazy\" decoding=\"async\" class=\"alignleft wp-image-1314 size-medium\" src=\"http:\/\/blog.ninamartinelli.com.br\/wp-content\/uploads\/2021\/02\/madeira_esagonale1-300x300.jpg\" alt=\"\" width=\"300\" height=\"300\" srcset=\"https:\/\/ninamartinelli.com.br\/blog2\/wp-content\/uploads\/2021\/02\/madeira_esagonale1-300x300.jpg 300w, https:\/\/ninamartinelli.com.br\/blog2\/wp-content\/uploads\/2021\/02\/madeira_esagonale1-150x150.jpg 150w, https:\/\/ninamartinelli.com.br\/blog2\/wp-content\/uploads\/2021\/02\/madeira_esagonale1-50x50.jpg 50w, https:\/\/ninamartinelli.com.br\/blog2\/wp-content\/uploads\/2021\/02\/madeira_esagonale1.jpg 500w\" sizes=\"auto, (max-width: 300px) 100vw, 300px\" \/>Medindo 17,5 x 30cm, o <strong>Esagonale<\/strong> \u00e9 feito com descartes de madeira natural, com pe\u00e7as cortadas e moldadas uma a uma, artesanalmente. Seu relevo e forma geom\u00e9trica conferem um elo efeito tridimensional, que permite aplica\u00e7\u00e3o em paredes internas, estruturas como balc\u00f5es, cabeceiras de cama, buf\u00eas, home theater\u2019s e ali, no alto e na base da churrasqueira deu ao volume uma moldura perfeita.<\/p>\n<p>Meri explica que o Esagonale se encaixou perfeitamente \u00e0 proposta. <em>\u201c\u00c9 um material que remete ao aconchego, com uma cor quente. \u00c9 despojado, com textura e movimento<\/em>\u201d, descreve. \u201c<em>E o revestimento faz um contraponto com o m\u00e1rmore, dialogando com pain\u00e9is de MDF que foram instalados em outras partes do ambiente\u201d<\/em>, conclui.<\/p>\n<p>Um projeto luminot\u00e9cnico muito bem cuidado, pendentes tubo com l\u00e2mpadas de LED, m\u00f3veis confort\u00e1veis e cortinas claras, lev\u00edssimas e elegantes, deram perfeita harmonia ao ambiente, que ficou ao mesmo tempo clean, marcante e aconchegante.<\/p>\n<p><em>\u201cTodos ficamos muito satisfeitos com o resultado\u201d<\/em>, garante Meri, ciente de que ela e Lari cumpriram a miss\u00e3o de entregar um espa\u00e7o funcional e agrad\u00e1vel aos moradores do Amaranto.<\/p>\n<hr \/>\n<p><img loading=\"lazy\" decoding=\"async\" class=\"size-full wp-image-1604 aligncenter\" src=\"http:\/\/blog.ninamartinelli.com.br\/wp-content\/uploads\/2021\/10\/MADEIRA_ESAGONALE_2.jpg\" alt=\"\" width=\"1000\" height=\"500\" srcset=\"https:\/\/ninamartinelli.com.br\/blog2\/wp-content\/uploads\/2021\/10\/MADEIRA_ESAGONALE_2.jpg 1000w, https:\/\/ninamartinelli.com.br\/blog2\/wp-content\/uploads\/2021\/10\/MADEIRA_ESAGONALE_2-300x150.jpg 300w, https:\/\/ninamartinelli.com.br\/blog2\/wp-content\/uploads\/2021\/10\/MADEIRA_ESAGONALE_2-768x384.jpg 768w\" sizes=\"auto, (max-width: 1000px) 100vw, 1000px\" \/><\/p>\n<hr \/>\n<h4>Sal\u00e3o de Festas Residencial Amaranto \u2013 Toledo\/PR<\/h4>\n<h4>Revestimento Esagonale em madeira 17,5x30cm \u2013 \u00e1rea interna<\/h4>\n<h4>Projeto: Meri Blatt Heiss e Larissa Koch Gottems \u2013 Escrit\u00f3rio Meri &amp; Lari Design e Arquitetura &#8211; <a href=\"https:\/\/www.instagram.com\/merielaridesignearquitetura\/\" target=\"_blank\" rel=\"noopener noreferrer\">@merielaridesignearquitetura<\/a><\/h4>\n<h4>Fotos: Meri &amp; Lari<\/h4>\n<p>&nbsp;<\/p>\n<p>&nbsp;<\/p>\n","protected":false},"excerpt":{"rendered":"<p>Espa\u00e7o contempor\u00e2neo e atemporal do Sal\u00e3o de Festas conta com \u00e1rea de churrasqueira, onde o<\/p>\n","protected":false},"author":2,"featured_media":1603,"comment_status":"open","ping_status":"open","sticky":false,"template":"","format":"standard","meta":{"footnotes":""},"categories":[11,61,26],"tags":[40,124,126,46,67,125],"class_list":["post-1592","post","type-post","status-publish","format-standard","has-post-thumbnail","hentry","category-colezione-madeira","category-madeira-natural","category-revestimentos","tag-area-interna","tag-churrasqueira","tag-edificio","tag-revestimento","tag-revestimento-3d","tag-salao-de-festas"],"yoast_head":"<!-- This site is optimized with the Yoast SEO plugin v26.8 - https:\/\/yoast.com\/product\/yoast-seo-wordpress\/ -->\n<title>Sal\u00e3o de Festas em Toledo-PR ganha toque acolhedor com Esagonale<\/title>\n<meta name=\"description\" content=\"Espa\u00e7o contempor\u00e2neo e atemporal do Sal\u00e3o de Festas conta com \u00e1rea de churrasqueira, onde o revestimento faz contraponto com o m\u00e1rmore\" \/>\n<meta name=\"robots\" content=\"index, follow, max-snippet:-1, max-image-preview:large, max-video-preview:-1\" \/>\n<link rel=\"canonical\" href=\"https:\/\/ninamartinelli.com.br\/blog2\/salao-de-festas-de-edificio-em-toledo-pr-ganha-toque-acolhedor-com-esagonale\/\" \/>\n<meta property=\"og:locale\" content=\"pt_BR\" \/>\n<meta property=\"og:type\" content=\"article\" \/>\n<meta property=\"og:title\" content=\"Sal\u00e3o de Festas em Toledo-PR ganha toque acolhedor com Esagonale\" \/>\n<meta property=\"og:description\" content=\"Espa\u00e7o contempor\u00e2neo e atemporal do Sal\u00e3o de Festas conta com \u00e1rea de churrasqueira, onde o revestimento faz contraponto com o m\u00e1rmore\" \/>\n<meta property=\"og:url\" content=\"https:\/\/ninamartinelli.com.br\/blog2\/salao-de-festas-de-edificio-em-toledo-pr-ganha-toque-acolhedor-com-esagonale\/\" \/>\n<meta property=\"og:site_name\" content=\"Blog Nina\" \/>\n<meta property=\"article:published_time\" content=\"2021-11-18T19:57:47+00:00\" \/>\n<meta property=\"og:image\" content=\"https:\/\/ninamartinelli.com.br\/blog2\/wp-content\/uploads\/2021\/10\/MADEIRA_ESAGONALE_1.jpg\" \/>\n\t<meta property=\"og:image:width\" content=\"1000\" \/>\n\t<meta property=\"og:image:height\" content=\"1000\" \/>\n\t<meta property=\"og:image:type\" content=\"image\/jpeg\" \/>\n<meta name=\"author\" content=\"Ana Maria Devides\" \/>\n<meta name=\"twitter:card\" content=\"summary_large_image\" \/>\n<meta name=\"twitter:label1\" content=\"Escrito por\" \/>\n\t<meta name=\"twitter:data1\" content=\"Ana Maria Devides\" \/>\n\t<meta name=\"twitter:label2\" content=\"Est. tempo de leitura\" \/>\n\t<meta name=\"twitter:data2\" content=\"3 minutos\" \/>\n<script type=\"application\/ld+json\" class=\"yoast-schema-graph\">{\"@context\":\"https:\/\/schema.org\",\"@graph\":[{\"@type\":\"Article\",\"@id\":\"https:\/\/ninamartinelli.com.br\/blog2\/salao-de-festas-de-edificio-em-toledo-pr-ganha-toque-acolhedor-com-esagonale\/#article\",\"isPartOf\":{\"@id\":\"https:\/\/ninamartinelli.com.br\/blog2\/salao-de-festas-de-edificio-em-toledo-pr-ganha-toque-acolhedor-com-esagonale\/\"},\"author\":{\"name\":\"Ana Maria Devides\",\"@id\":\"https:\/\/ninamartinelli.com.br\/blog2\/#\/schema\/person\/43fbfb1d4cbe3b472995206b2bb06df5\"},\"headline\":\"Sal\u00e3o de Festas de edif\u00edcio em Toledo-PR ganha toque acolhedor com Esagonale\",\"datePublished\":\"2021-11-18T19:57:47+00:00\",\"mainEntityOfPage\":{\"@id\":\"https:\/\/ninamartinelli.com.br\/blog2\/salao-de-festas-de-edificio-em-toledo-pr-ganha-toque-acolhedor-com-esagonale\/\"},\"wordCount\":556,\"commentCount\":0,\"publisher\":{\"@id\":\"https:\/\/ninamartinelli.com.br\/blog2\/#organization\"},\"image\":{\"@id\":\"https:\/\/ninamartinelli.com.br\/blog2\/salao-de-festas-de-edificio-em-toledo-pr-ganha-toque-acolhedor-com-esagonale\/#primaryimage\"},\"thumbnailUrl\":\"https:\/\/ninamartinelli.com.br\/blog2\/wp-content\/uploads\/2021\/10\/MADEIRA_ESAGONALE_1.jpg\",\"keywords\":[\"area interna\",\"churrasqueira\",\"edificio\",\"revestimento\",\"revestimento 3D\",\"salao de festas\"],\"articleSection\":[\"Colezione Madeira\",\"Madeira natural\",\"Revestimentos\"],\"inLanguage\":\"pt-BR\",\"potentialAction\":[{\"@type\":\"CommentAction\",\"name\":\"Comment\",\"target\":[\"https:\/\/ninamartinelli.com.br\/blog2\/salao-de-festas-de-edificio-em-toledo-pr-ganha-toque-acolhedor-com-esagonale\/#respond\"]}]},{\"@type\":\"WebPage\",\"@id\":\"https:\/\/ninamartinelli.com.br\/blog2\/salao-de-festas-de-edificio-em-toledo-pr-ganha-toque-acolhedor-com-esagonale\/\",\"url\":\"https:\/\/ninamartinelli.com.br\/blog2\/salao-de-festas-de-edificio-em-toledo-pr-ganha-toque-acolhedor-com-esagonale\/\",\"name\":\"Sal\u00e3o de Festas em Toledo-PR ganha toque acolhedor com Esagonale\",\"isPartOf\":{\"@id\":\"https:\/\/ninamartinelli.com.br\/blog2\/#website\"},\"primaryImageOfPage\":{\"@id\":\"https:\/\/ninamartinelli.com.br\/blog2\/salao-de-festas-de-edificio-em-toledo-pr-ganha-toque-acolhedor-com-esagonale\/#primaryimage\"},\"image\":{\"@id\":\"https:\/\/ninamartinelli.com.br\/blog2\/salao-de-festas-de-edificio-em-toledo-pr-ganha-toque-acolhedor-com-esagonale\/#primaryimage\"},\"thumbnailUrl\":\"https:\/\/ninamartinelli.com.br\/blog2\/wp-content\/uploads\/2021\/10\/MADEIRA_ESAGONALE_1.jpg\",\"datePublished\":\"2021-11-18T19:57:47+00:00\",\"description\":\"Espa\u00e7o contempor\u00e2neo e atemporal do Sal\u00e3o de Festas conta com \u00e1rea de churrasqueira, onde o revestimento faz contraponto com o m\u00e1rmore\",\"breadcrumb\":{\"@id\":\"https:\/\/ninamartinelli.com.br\/blog2\/salao-de-festas-de-edificio-em-toledo-pr-ganha-toque-acolhedor-com-esagonale\/#breadcrumb\"},\"inLanguage\":\"pt-BR\",\"potentialAction\":[{\"@type\":\"ReadAction\",\"target\":[\"https:\/\/ninamartinelli.com.br\/blog2\/salao-de-festas-de-edificio-em-toledo-pr-ganha-toque-acolhedor-com-esagonale\/\"]}]},{\"@type\":\"ImageObject\",\"inLanguage\":\"pt-BR\",\"@id\":\"https:\/\/ninamartinelli.com.br\/blog2\/salao-de-festas-de-edificio-em-toledo-pr-ganha-toque-acolhedor-com-esagonale\/#primaryimage\",\"url\":\"https:\/\/ninamartinelli.com.br\/blog2\/wp-content\/uploads\/2021\/10\/MADEIRA_ESAGONALE_1.jpg\",\"contentUrl\":\"https:\/\/ninamartinelli.com.br\/blog2\/wp-content\/uploads\/2021\/10\/MADEIRA_ESAGONALE_1.jpg\",\"width\":1000,\"height\":1000},{\"@type\":\"BreadcrumbList\",\"@id\":\"https:\/\/ninamartinelli.com.br\/blog2\/salao-de-festas-de-edificio-em-toledo-pr-ganha-toque-acolhedor-com-esagonale\/#breadcrumb\",\"itemListElement\":[{\"@type\":\"ListItem\",\"position\":1,\"name\":\"In\u00edcio\",\"item\":\"https:\/\/ninamartinelli.com.br\/blog2\/\"},{\"@type\":\"ListItem\",\"position\":2,\"name\":\"Sal\u00e3o de Festas de edif\u00edcio em Toledo-PR ganha toque acolhedor com Esagonale\"}]},{\"@type\":\"WebSite\",\"@id\":\"https:\/\/ninamartinelli.com.br\/blog2\/#website\",\"url\":\"https:\/\/ninamartinelli.com.br\/blog2\/\",\"name\":\"Nina Martinelli\",\"description\":\"#Nina_Martinelli\",\"publisher\":{\"@id\":\"https:\/\/ninamartinelli.com.br\/blog2\/#organization\"},\"potentialAction\":[{\"@type\":\"SearchAction\",\"target\":{\"@type\":\"EntryPoint\",\"urlTemplate\":\"https:\/\/ninamartinelli.com.br\/blog2\/?s={search_term_string}\"},\"query-input\":{\"@type\":\"PropertyValueSpecification\",\"valueRequired\":true,\"valueName\":\"search_term_string\"}}],\"inLanguage\":\"pt-BR\"},{\"@type\":\"Organization\",\"@id\":\"https:\/\/ninamartinelli.com.br\/blog2\/#organization\",\"name\":\"Blog Novidades\",\"url\":\"https:\/\/ninamartinelli.com.br\/blog2\/\",\"logo\":{\"@type\":\"ImageObject\",\"inLanguage\":\"pt-BR\",\"@id\":\"https:\/\/ninamartinelli.com.br\/blog2\/#\/schema\/logo\/image\/\",\"url\":\"http:\/\/blog.ninamartinelli.com.br\/wp-content\/uploads\/2022\/03\/logo_nina_blog.png\",\"contentUrl\":\"http:\/\/blog.ninamartinelli.com.br\/wp-content\/uploads\/2022\/03\/logo_nina_blog.png\",\"width\":500,\"height\":104,\"caption\":\"Blog Novidades\"},\"image\":{\"@id\":\"https:\/\/ninamartinelli.com.br\/blog2\/#\/schema\/logo\/image\/\"}},{\"@type\":\"Person\",\"@id\":\"https:\/\/ninamartinelli.com.br\/blog2\/#\/schema\/person\/43fbfb1d4cbe3b472995206b2bb06df5\",\"name\":\"Ana Maria Devides\",\"image\":{\"@type\":\"ImageObject\",\"inLanguage\":\"pt-BR\",\"@id\":\"https:\/\/ninamartinelli.com.br\/blog2\/#\/schema\/person\/image\/\",\"url\":\"https:\/\/secure.gravatar.com\/avatar\/a03a82675d8bb3da8e5c5a6872db97be?s=96&d=mm&r=g\",\"contentUrl\":\"https:\/\/secure.gravatar.com\/avatar\/a03a82675d8bb3da8e5c5a6872db97be?s=96&d=mm&r=g\",\"caption\":\"Ana Maria Devides\"},\"url\":\"https:\/\/ninamartinelli.com.br\/blog2\/author\/assessoria-nina-martinelli\/\"}]}<\/script>\n<!-- \/ Yoast SEO plugin. -->","yoast_head_json":{"title":"Sal\u00e3o de Festas em Toledo-PR ganha toque acolhedor com Esagonale","description":"Espa\u00e7o contempor\u00e2neo e atemporal do Sal\u00e3o de Festas conta com \u00e1rea de churrasqueira, onde o revestimento faz contraponto com o m\u00e1rmore","robots":{"index":"index","follow":"follow","max-snippet":"max-snippet:-1","max-image-preview":"max-image-preview:large","max-video-preview":"max-video-preview:-1"},"canonical":"https:\/\/ninamartinelli.com.br\/blog2\/salao-de-festas-de-edificio-em-toledo-pr-ganha-toque-acolhedor-com-esagonale\/","og_locale":"pt_BR","og_type":"article","og_title":"Sal\u00e3o de Festas em Toledo-PR ganha toque acolhedor com Esagonale","og_description":"Espa\u00e7o contempor\u00e2neo e atemporal do Sal\u00e3o de Festas conta com \u00e1rea de churrasqueira, onde o revestimento faz contraponto com o m\u00e1rmore","og_url":"https:\/\/ninamartinelli.com.br\/blog2\/salao-de-festas-de-edificio-em-toledo-pr-ganha-toque-acolhedor-com-esagonale\/","og_site_name":"Blog Nina","article_published_time":"2021-11-18T19:57:47+00:00","og_image":[{"width":1000,"height":1000,"url":"https:\/\/ninamartinelli.com.br\/blog2\/wp-content\/uploads\/2021\/10\/MADEIRA_ESAGONALE_1.jpg","type":"image\/jpeg"}],"author":"Ana Maria Devides","twitter_card":"summary_large_image","twitter_misc":{"Escrito por":"Ana Maria Devides","Est. tempo de leitura":"3 minutos"},"schema":{"@context":"https:\/\/schema.org","@graph":[{"@type":"Article","@id":"https:\/\/ninamartinelli.com.br\/blog2\/salao-de-festas-de-edificio-em-toledo-pr-ganha-toque-acolhedor-com-esagonale\/#article","isPartOf":{"@id":"https:\/\/ninamartinelli.com.br\/blog2\/salao-de-festas-de-edificio-em-toledo-pr-ganha-toque-acolhedor-com-esagonale\/"},"author":{"name":"Ana Maria Devides","@id":"https:\/\/ninamartinelli.com.br\/blog2\/#\/schema\/person\/43fbfb1d4cbe3b472995206b2bb06df5"},"headline":"Sal\u00e3o de Festas de edif\u00edcio em Toledo-PR ganha toque acolhedor com Esagonale","datePublished":"2021-11-18T19:57:47+00:00","mainEntityOfPage":{"@id":"https:\/\/ninamartinelli.com.br\/blog2\/salao-de-festas-de-edificio-em-toledo-pr-ganha-toque-acolhedor-com-esagonale\/"},"wordCount":556,"commentCount":0,"publisher":{"@id":"https:\/\/ninamartinelli.com.br\/blog2\/#organization"},"image":{"@id":"https:\/\/ninamartinelli.com.br\/blog2\/salao-de-festas-de-edificio-em-toledo-pr-ganha-toque-acolhedor-com-esagonale\/#primaryimage"},"thumbnailUrl":"https:\/\/ninamartinelli.com.br\/blog2\/wp-content\/uploads\/2021\/10\/MADEIRA_ESAGONALE_1.jpg","keywords":["area interna","churrasqueira","edificio","revestimento","revestimento 3D","salao de festas"],"articleSection":["Colezione Madeira","Madeira natural","Revestimentos"],"inLanguage":"pt-BR","potentialAction":[{"@type":"CommentAction","name":"Comment","target":["https:\/\/ninamartinelli.com.br\/blog2\/salao-de-festas-de-edificio-em-toledo-pr-ganha-toque-acolhedor-com-esagonale\/#respond"]}]},{"@type":"WebPage","@id":"https:\/\/ninamartinelli.com.br\/blog2\/salao-de-festas-de-edificio-em-toledo-pr-ganha-toque-acolhedor-com-esagonale\/","url":"https:\/\/ninamartinelli.com.br\/blog2\/salao-de-festas-de-edificio-em-toledo-pr-ganha-toque-acolhedor-com-esagonale\/","name":"Sal\u00e3o de Festas em Toledo-PR ganha toque acolhedor com Esagonale","isPartOf":{"@id":"https:\/\/ninamartinelli.com.br\/blog2\/#website"},"primaryImageOfPage":{"@id":"https:\/\/ninamartinelli.com.br\/blog2\/salao-de-festas-de-edificio-em-toledo-pr-ganha-toque-acolhedor-com-esagonale\/#primaryimage"},"image":{"@id":"https:\/\/ninamartinelli.com.br\/blog2\/salao-de-festas-de-edificio-em-toledo-pr-ganha-toque-acolhedor-com-esagonale\/#primaryimage"},"thumbnailUrl":"https:\/\/ninamartinelli.com.br\/blog2\/wp-content\/uploads\/2021\/10\/MADEIRA_ESAGONALE_1.jpg","datePublished":"2021-11-18T19:57:47+00:00","description":"Espa\u00e7o contempor\u00e2neo e atemporal do Sal\u00e3o de Festas conta com \u00e1rea de churrasqueira, onde o revestimento faz contraponto com o m\u00e1rmore","breadcrumb":{"@id":"https:\/\/ninamartinelli.com.br\/blog2\/salao-de-festas-de-edificio-em-toledo-pr-ganha-toque-acolhedor-com-esagonale\/#breadcrumb"},"inLanguage":"pt-BR","potentialAction":[{"@type":"ReadAction","target":["https:\/\/ninamartinelli.com.br\/blog2\/salao-de-festas-de-edificio-em-toledo-pr-ganha-toque-acolhedor-com-esagonale\/"]}]},{"@type":"ImageObject","inLanguage":"pt-BR","@id":"https:\/\/ninamartinelli.com.br\/blog2\/salao-de-festas-de-edificio-em-toledo-pr-ganha-toque-acolhedor-com-esagonale\/#primaryimage","url":"https:\/\/ninamartinelli.com.br\/blog2\/wp-content\/uploads\/2021\/10\/MADEIRA_ESAGONALE_1.jpg","contentUrl":"https:\/\/ninamartinelli.com.br\/blog2\/wp-content\/uploads\/2021\/10\/MADEIRA_ESAGONALE_1.jpg","width":1000,"height":1000},{"@type":"BreadcrumbList","@id":"https:\/\/ninamartinelli.com.br\/blog2\/salao-de-festas-de-edificio-em-toledo-pr-ganha-toque-acolhedor-com-esagonale\/#breadcrumb","itemListElement":[{"@type":"ListItem","position":1,"name":"In\u00edcio","item":"https:\/\/ninamartinelli.com.br\/blog2\/"},{"@type":"ListItem","position":2,"name":"Sal\u00e3o de Festas de edif\u00edcio em Toledo-PR ganha toque acolhedor com Esagonale"}]},{"@type":"WebSite","@id":"https:\/\/ninamartinelli.com.br\/blog2\/#website","url":"https:\/\/ninamartinelli.com.br\/blog2\/","name":"Nina Martinelli","description":"#Nina_Martinelli","publisher":{"@id":"https:\/\/ninamartinelli.com.br\/blog2\/#organization"},"potentialAction":[{"@type":"SearchAction","target":{"@type":"EntryPoint","urlTemplate":"https:\/\/ninamartinelli.com.br\/blog2\/?s={search_term_string}"},"query-input":{"@type":"PropertyValueSpecification","valueRequired":true,"valueName":"search_term_string"}}],"inLanguage":"pt-BR"},{"@type":"Organization","@id":"https:\/\/ninamartinelli.com.br\/blog2\/#organization","name":"Blog Novidades","url":"https:\/\/ninamartinelli.com.br\/blog2\/","logo":{"@type":"ImageObject","inLanguage":"pt-BR","@id":"https:\/\/ninamartinelli.com.br\/blog2\/#\/schema\/logo\/image\/","url":"http:\/\/blog.ninamartinelli.com.br\/wp-content\/uploads\/2022\/03\/logo_nina_blog.png","contentUrl":"http:\/\/blog.ninamartinelli.com.br\/wp-content\/uploads\/2022\/03\/logo_nina_blog.png","width":500,"height":104,"caption":"Blog Novidades"},"image":{"@id":"https:\/\/ninamartinelli.com.br\/blog2\/#\/schema\/logo\/image\/"}},{"@type":"Person","@id":"https:\/\/ninamartinelli.com.br\/blog2\/#\/schema\/person\/43fbfb1d4cbe3b472995206b2bb06df5","name":"Ana Maria Devides","image":{"@type":"ImageObject","inLanguage":"pt-BR","@id":"https:\/\/ninamartinelli.com.br\/blog2\/#\/schema\/person\/image\/","url":"https:\/\/secure.gravatar.com\/avatar\/a03a82675d8bb3da8e5c5a6872db97be?s=96&d=mm&r=g","contentUrl":"https:\/\/secure.gravatar.com\/avatar\/a03a82675d8bb3da8e5c5a6872db97be?s=96&d=mm&r=g","caption":"Ana Maria Devides"},"url":"https:\/\/ninamartinelli.com.br\/blog2\/author\/assessoria-nina-martinelli\/"}]}},"_links":{"self":[{"href":"https:\/\/ninamartinelli.com.br\/blog2\/wp-json\/wp\/v2\/posts\/1592","targetHints":{"allow":["GET"]}}],"collection":[{"href":"https:\/\/ninamartinelli.com.br\/blog2\/wp-json\/wp\/v2\/posts"}],"about":[{"href":"https:\/\/ninamartinelli.com.br\/blog2\/wp-json\/wp\/v2\/types\/post"}],"author":[{"embeddable":true,"href":"https:\/\/ninamartinelli.com.br\/blog2\/wp-json\/wp\/v2\/users\/2"}],"replies":[{"embeddable":true,"href":"https:\/\/ninamartinelli.com.br\/blog2\/wp-json\/wp\/v2\/comments?post=1592"}],"version-history":[{"count":4,"href":"https:\/\/ninamartinelli.com.br\/blog2\/wp-json\/wp\/v2\/posts\/1592\/revisions"}],"predecessor-version":[{"id":1605,"href":"https:\/\/ninamartinelli.com.br\/blog2\/wp-json\/wp\/v2\/posts\/1592\/revisions\/1605"}],"wp:featuredmedia":[{"embeddable":true,"href":"https:\/\/ninamartinelli.com.br\/blog2\/wp-json\/wp\/v2\/media\/1603"}],"wp:attachment":[{"href":"https:\/\/ninamartinelli.com.br\/blog2\/wp-json\/wp\/v2\/media?parent=1592"}],"wp:term":[{"taxonomy":"category","embeddable":true,"href":"https:\/\/ninamartinelli.com.br\/blog2\/wp-json\/wp\/v2\/categories?post=1592"},{"taxonomy":"post_tag","embeddable":true,"href":"https:\/\/ninamartinelli.com.br\/blog2\/wp-json\/wp\/v2\/tags?post=1592"}],"curies":[{"name":"wp","href":"https:\/\/api.w.org\/{rel}","templated":true}]}}