{"id":1566,"date":"2021-10-15T16:55:31","date_gmt":"2021-10-15T19:55:31","guid":{"rendered":"http:\/\/blog.ninamartinelli.com.br\/?p=1566"},"modified":"2021-10-15T16:55:31","modified_gmt":"2021-10-15T19:55:31","slug":"cotto-vecchio-nero-moderniza-e-diferencia-area-externa-de-casa-em-condominio","status":"publish","type":"post","link":"https:\/\/ninamartinelli.com.br\/blog2\/cotto-vecchio-nero-moderniza-e-diferencia-area-externa-de-casa-em-condominio\/","title":{"rendered":"Cotto Vecchio Nero moderniza e diferencia \u00e1rea externa de casa em condom\u00ednio"},"content":{"rendered":"<p><em><strong>Cotto Vecchio Nero, uma escolha natural&#8230;<\/strong><\/em><\/p>\n<p>Na vida de uma fam\u00edlia com crian\u00e7as, mudar de um apartamento para uma casa ampla, em condom\u00ednio fechado, \u00e9 quase sempre uma ocasi\u00e3o marcante e inesquec\u00edvel, pela amplitude dos ambientes e pela liberdade, possibilitadas pelas facilidades que esse tipo de habita\u00e7\u00e3o oferece.<\/p>\n<p>As arquitetas <strong>Tha\u00eds Melo<\/strong> e <strong>Vanessa Justi<\/strong>, de Ara\u00e7atuba\/SP, algumas vezes testemunham e participam desse \u2018acontecimento\u2019, como quando foram procuradas por um casal da cidade que, com dois filhos pequenos, adquiriu uma ampla resid\u00eancia no Condom\u00ednio Parque dos Ara\u00e7\u00e1s, um empreendimento de alto padr\u00e3o.<\/p>\n<p>Ela servidora p\u00fablica, ele empres\u00e1rio. Os dois, jovens e modernos, fizeram a escolha em busca de mais espa\u00e7o, conforto e qualidade de vida, quando escolheram a casa.<\/p>\n<p>Constru\u00edda havia alguns anos num terreno de 805 m<sup>2<\/sup>, ocupando mais de 390 m<sup>2<\/sup>, a casa \u00e9 composta por living, jantar, lavabo, estar, sala de almo\u00e7o, varanda gourmet, piscina, tr\u00eas su\u00edtes, banheiro social, escrit\u00f3rio, cozinha, lavanderia, dormit\u00f3rio e banheiro de servi\u00e7o, al\u00e9m de ampla garagem e um belo jardim, no espa\u00e7oso recuo frontal obedecido por todos os im\u00f3veis do condom\u00ednio.<\/p>\n<p>As profissionais foram chamadas para projetar e executar uma boa reforma no im\u00f3vel. Os clientes desejavam que v\u00e1rios ambientes fossem renovados. Para a fachada e \u00e1rea externa, bem generosas, queriam moderniza\u00e7\u00e3o e praticidade, especialmente para conservar os espa\u00e7os sempre bonitos e bem cuidados, sem perderem muito tempo ou demandarem m\u00e3o-de-obra complexa.<\/p>\n<p>Tha\u00eds e Vanessa exercitaram a criatividade, sem perder de vista a demanda dos propriet\u00e1rios. <em>\u201cPrimeiramente, pensamos num produto com o qual poder\u00edamos quebrar o estilo cl\u00e1ssico contempor\u00e2neo da casa, harmonizando o piso da \u00e1rea externa com o paisagismo existente. Sendo num condom\u00ednio, n\u00e3o existem port\u00f5es ocultando a fachada. E como em Ara\u00e7atuba faz muito calor e chove pouco, esse produto teria que ser bonito, resistente e de f\u00e1cil limpeza\u201d<\/em>, descreve Tha\u00eds.<\/p>\n<h3>Coto Vecchio Nero, a escolha perfeita<\/h3>\n<p>A solu\u00e7\u00e3o veio f\u00e1cil \u00e0 mente das profissionais: piso <strong>Cotto Vecchio Nero<\/strong>, da Nina Martinelli.<\/p>\n<p>Integrante da Colezione Eleganza, o Cotto Vecchio Nero \u00e9 oferecido em dimens\u00f5es que v\u00e3o de 5 X 5cm at\u00e9 24 X 24cm. Tha\u00eds e Vanessa optaram pelo tamanho 11,5 X 24cm, e utilizaram 175m<sup>2 <\/sup>para cobrir toda a cal\u00e7ada, passarelas do jardim, rampa de acesso e garagem. A pagina\u00e7\u00e3o escolhida foi dama, com dois pares de pe\u00e7as formando quadril\u00e1teros, mas em sentidos alternados.<\/p>\n<hr \/>\n<h4><span style=\"color: #993300;\"><a style=\"color: #993300;\" href=\"http:\/\/blog.ninamartinelli.com.br\/cotto-vecchio-piso-que-extrai-o-maximo-das-vantagens-da-ceramica\/\">Clique Aqui e explore mais as caracter\u00edsticas do Piso Cotto Vecchio<\/a><\/span><\/h4>\n<hr \/>\n<p><img loading=\"lazy\" decoding=\"async\" class=\"alignleft wp-image-950 size-medium\" src=\"http:\/\/blog.ninamartinelli.com.br\/wp-content\/uploads\/2020\/02\/cotto-vecchio-nero1-300x300.jpg\" alt=\"\" width=\"300\" height=\"300\" srcset=\"https:\/\/ninamartinelli.com.br\/blog2\/wp-content\/uploads\/2020\/02\/cotto-vecchio-nero1-300x300.jpg 300w, https:\/\/ninamartinelli.com.br\/blog2\/wp-content\/uploads\/2020\/02\/cotto-vecchio-nero1-150x150.jpg 150w, https:\/\/ninamartinelli.com.br\/blog2\/wp-content\/uploads\/2020\/02\/cotto-vecchio-nero1-50x50.jpg 50w, https:\/\/ninamartinelli.com.br\/blog2\/wp-content\/uploads\/2020\/02\/cotto-vecchio-nero1.jpg 500w\" sizes=\"auto, (max-width: 300px) 100vw, 300px\" \/>Feito em cer\u00e2mica natural, o <strong>Cotto Vecchio Nero<\/strong> tem varia\u00e7\u00f5es de tonalidade t\u00edpicas de materiais cer\u00e2micos. Passa por um processo de envelhecimento, que agrega valor est\u00e9tico e confere ao produto um aspecto ao mesmo tempo r\u00fastico, elegante e despojado.<\/p>\n<p>Tanto Tha\u00eds e Vanessa, quanto os clientes, ficaram satisfeit\u00edssimos com o resultado. <em>\u201cO novo cal\u00e7amento dialoga perfeitamente com a vegeta\u00e7\u00e3o bem cuidada e as esquadrias pintadas em preto. As diferen\u00e7as de tons e a pagina\u00e7\u00e3o possibilitaram uma cal\u00e7ada e \u00e1rea externa bem diferenciadas das demais resid\u00eancias usadas no condom\u00ednio, al\u00e9m terem ficado lindas e f\u00e1ceis de cuidar\u201d<\/em>, explicam. <em>\u201cTodos ficamos encantados\u201d<\/em>, resume Tha\u00eds.<\/p>\n<p>As duas profissionais n\u00e3o economizam elogios ao produto.<em> \u201cAdoramos a linha Cotto Vecchio, pois nos possibilita realizar v\u00e1rios projetos com um produto resistente, trocando apenas a pagina\u00e7\u00e3o. A cada novo projeto, temos um efeito diferenciado, com toda a seguran\u00e7a de um produto para \u00e1reas externas, que n\u00e3o encardem como muitos existentes no mercado\u201d<\/em>.<\/p>\n<p>As arquitetas orientaram a compra do Cotto Vecchio Nero na loja <a href=\"https:\/\/www.instagram.com\/lalucemateriais\/\">Laluce Materiais Para Constru\u00e7\u00e3o<\/a>, que fica al\u00ed mesmo, em Ara\u00e7atuba e \u00e9 uma das principais casas do ramo na regi\u00e3o.<\/p>\n<hr \/>\n<p><img loading=\"lazy\" decoding=\"async\" class=\"size-full wp-image-1587 aligncenter\" src=\"http:\/\/blog.ninamartinelli.com.br\/wp-content\/uploads\/2021\/09\/cotto-vecchio-nero-ninamartinelli_3.jpg\" alt=\"\" width=\"1000\" height=\"500\" srcset=\"https:\/\/ninamartinelli.com.br\/blog2\/wp-content\/uploads\/2021\/09\/cotto-vecchio-nero-ninamartinelli_3.jpg 1000w, https:\/\/ninamartinelli.com.br\/blog2\/wp-content\/uploads\/2021\/09\/cotto-vecchio-nero-ninamartinelli_3-300x150.jpg 300w, https:\/\/ninamartinelli.com.br\/blog2\/wp-content\/uploads\/2021\/09\/cotto-vecchio-nero-ninamartinelli_3-768x384.jpg 768w\" sizes=\"auto, (max-width: 1000px) 100vw, 1000px\" \/><\/p>\n<p><img loading=\"lazy\" decoding=\"async\" class=\"size-full wp-image-1588 aligncenter\" src=\"http:\/\/blog.ninamartinelli.com.br\/wp-content\/uploads\/2021\/09\/cotto-vecchio-nero-ninamartinelli_4.jpg\" alt=\"\" width=\"1000\" height=\"500\" srcset=\"https:\/\/ninamartinelli.com.br\/blog2\/wp-content\/uploads\/2021\/09\/cotto-vecchio-nero-ninamartinelli_4.jpg 1000w, https:\/\/ninamartinelli.com.br\/blog2\/wp-content\/uploads\/2021\/09\/cotto-vecchio-nero-ninamartinelli_4-300x150.jpg 300w, https:\/\/ninamartinelli.com.br\/blog2\/wp-content\/uploads\/2021\/09\/cotto-vecchio-nero-ninamartinelli_4-768x384.jpg 768w\" sizes=\"auto, (max-width: 1000px) 100vw, 1000px\" \/><\/p>\n<hr \/>\n<h4>Reforma de resid\u00eancia de alto padr\u00e3o em condom\u00ednio\/Ara\u00e7atuba SP<\/h4>\n<h4>Piso Cotto Vecchio Nero 11,5 X 24cm \u2013 \u00e1rea externa<\/h4>\n<h4>Projeto: Tha\u00eds Melo e Vanessa Justi &#8211; <a href=\"https:\/\/www.instagram.com\/vanessajustiethaismelo\/\" target=\"_blank\" rel=\"noopener noreferrer\">@vanessajustiethaismelo<\/a><\/h4>\n<h4>Fotos: Tha\u00eds Melo<\/h4>\n<p>&nbsp;<\/p>\n","protected":false},"excerpt":{"rendered":"<p>Cotto Vecchio Nero, uma escolha natural&#8230; Na vida de uma fam\u00edlia com crian\u00e7as, mudar de<\/p>\n","protected":false},"author":2,"featured_media":1586,"comment_status":"open","ping_status":"open","sticky":false,"template":"","format":"standard","meta":{"footnotes":""},"categories":[59,20,21],"tags":[39,33,38,66,24,25],"class_list":["post-1566","post","type-post","status-publish","format-standard","has-post-thumbnail","hentry","category-ceramica","category-colezione-eleganza","category-pisos","tag-area-externa","tag-calcada","tag-cotto-vecchio","tag-fachada","tag-piso","tag-piso-de-ceramica"],"yoast_head":"<!-- This site is optimized with the Yoast SEO plugin v26.8 - https:\/\/yoast.com\/product\/yoast-seo-wordpress\/ -->\n<title>Cotto Vecchio Nero moderniza \u00e1rea externa de casa em condom\u00ednio<\/title>\n<meta name=\"description\" content=\"O Cotto Vecchio Nero, piso cer\u00e2mico com varia\u00e7\u00e3o de tons, trouxe modernidade e praticidade \u00e0 \u00e1rea externa dessa bela resid\u00eancia em Ara\u00e7atuba\/SP\" \/>\n<meta name=\"robots\" content=\"index, follow, max-snippet:-1, max-image-preview:large, max-video-preview:-1\" \/>\n<link rel=\"canonical\" href=\"https:\/\/ninamartinelli.com.br\/blog2\/cotto-vecchio-nero-moderniza-e-diferencia-area-externa-de-casa-em-condominio\/\" \/>\n<meta property=\"og:locale\" content=\"pt_BR\" \/>\n<meta property=\"og:type\" content=\"article\" \/>\n<meta property=\"og:title\" content=\"Cotto Vecchio Nero moderniza \u00e1rea externa de casa em condom\u00ednio\" \/>\n<meta property=\"og:description\" content=\"O Cotto Vecchio Nero, piso cer\u00e2mico com varia\u00e7\u00e3o de tons, trouxe modernidade e praticidade \u00e0 \u00e1rea externa dessa bela resid\u00eancia em Ara\u00e7atuba\/SP\" \/>\n<meta property=\"og:url\" content=\"https:\/\/ninamartinelli.com.br\/blog2\/cotto-vecchio-nero-moderniza-e-diferencia-area-externa-de-casa-em-condominio\/\" \/>\n<meta property=\"og:site_name\" content=\"Blog Nina\" \/>\n<meta property=\"article:published_time\" content=\"2021-10-15T19:55:31+00:00\" \/>\n<meta property=\"og:image\" content=\"https:\/\/ninamartinelli.com.br\/blog2\/wp-content\/uploads\/2021\/09\/cotto-vecchio-nero-ninamartinelli_2.jpg\" \/>\n\t<meta property=\"og:image:width\" content=\"900\" \/>\n\t<meta property=\"og:image:height\" content=\"900\" \/>\n\t<meta property=\"og:image:type\" content=\"image\/jpeg\" \/>\n<meta name=\"author\" content=\"Ana Maria Devides\" \/>\n<meta name=\"twitter:card\" content=\"summary_large_image\" \/>\n<meta name=\"twitter:label1\" content=\"Escrito por\" \/>\n\t<meta name=\"twitter:data1\" content=\"Ana Maria Devides\" \/>\n\t<meta name=\"twitter:label2\" content=\"Est. tempo de leitura\" \/>\n\t<meta name=\"twitter:data2\" content=\"3 minutos\" \/>\n<script type=\"application\/ld+json\" class=\"yoast-schema-graph\">{\"@context\":\"https:\/\/schema.org\",\"@graph\":[{\"@type\":\"Article\",\"@id\":\"https:\/\/ninamartinelli.com.br\/blog2\/cotto-vecchio-nero-moderniza-e-diferencia-area-externa-de-casa-em-condominio\/#article\",\"isPartOf\":{\"@id\":\"https:\/\/ninamartinelli.com.br\/blog2\/cotto-vecchio-nero-moderniza-e-diferencia-area-externa-de-casa-em-condominio\/\"},\"author\":{\"name\":\"Ana Maria Devides\",\"@id\":\"https:\/\/ninamartinelli.com.br\/blog2\/#\/schema\/person\/43fbfb1d4cbe3b472995206b2bb06df5\"},\"headline\":\"Cotto Vecchio Nero moderniza e diferencia \u00e1rea externa de casa em condom\u00ednio\",\"datePublished\":\"2021-10-15T19:55:31+00:00\",\"mainEntityOfPage\":{\"@id\":\"https:\/\/ninamartinelli.com.br\/blog2\/cotto-vecchio-nero-moderniza-e-diferencia-area-externa-de-casa-em-condominio\/\"},\"wordCount\":700,\"commentCount\":0,\"publisher\":{\"@id\":\"https:\/\/ninamartinelli.com.br\/blog2\/#organization\"},\"image\":{\"@id\":\"https:\/\/ninamartinelli.com.br\/blog2\/cotto-vecchio-nero-moderniza-e-diferencia-area-externa-de-casa-em-condominio\/#primaryimage\"},\"thumbnailUrl\":\"https:\/\/ninamartinelli.com.br\/blog2\/wp-content\/uploads\/2021\/09\/cotto-vecchio-nero-ninamartinelli_2.jpg\",\"keywords\":[\"area externa\",\"cal\u00e7ada\",\"cotto vecchio\",\"fachada\",\"piso\",\"piso de ceramica\"],\"articleSection\":[\"Cer\u00e2mica\",\"Colezione Eleganza\",\"Pisos\"],\"inLanguage\":\"pt-BR\",\"potentialAction\":[{\"@type\":\"CommentAction\",\"name\":\"Comment\",\"target\":[\"https:\/\/ninamartinelli.com.br\/blog2\/cotto-vecchio-nero-moderniza-e-diferencia-area-externa-de-casa-em-condominio\/#respond\"]}]},{\"@type\":\"WebPage\",\"@id\":\"https:\/\/ninamartinelli.com.br\/blog2\/cotto-vecchio-nero-moderniza-e-diferencia-area-externa-de-casa-em-condominio\/\",\"url\":\"https:\/\/ninamartinelli.com.br\/blog2\/cotto-vecchio-nero-moderniza-e-diferencia-area-externa-de-casa-em-condominio\/\",\"name\":\"Cotto Vecchio Nero moderniza \u00e1rea externa de casa em condom\u00ednio\",\"isPartOf\":{\"@id\":\"https:\/\/ninamartinelli.com.br\/blog2\/#website\"},\"primaryImageOfPage\":{\"@id\":\"https:\/\/ninamartinelli.com.br\/blog2\/cotto-vecchio-nero-moderniza-e-diferencia-area-externa-de-casa-em-condominio\/#primaryimage\"},\"image\":{\"@id\":\"https:\/\/ninamartinelli.com.br\/blog2\/cotto-vecchio-nero-moderniza-e-diferencia-area-externa-de-casa-em-condominio\/#primaryimage\"},\"thumbnailUrl\":\"https:\/\/ninamartinelli.com.br\/blog2\/wp-content\/uploads\/2021\/09\/cotto-vecchio-nero-ninamartinelli_2.jpg\",\"datePublished\":\"2021-10-15T19:55:31+00:00\",\"description\":\"O Cotto Vecchio Nero, piso cer\u00e2mico com varia\u00e7\u00e3o de tons, trouxe modernidade e praticidade \u00e0 \u00e1rea externa dessa bela resid\u00eancia em Ara\u00e7atuba\/SP\",\"breadcrumb\":{\"@id\":\"https:\/\/ninamartinelli.com.br\/blog2\/cotto-vecchio-nero-moderniza-e-diferencia-area-externa-de-casa-em-condominio\/#breadcrumb\"},\"inLanguage\":\"pt-BR\",\"potentialAction\":[{\"@type\":\"ReadAction\",\"target\":[\"https:\/\/ninamartinelli.com.br\/blog2\/cotto-vecchio-nero-moderniza-e-diferencia-area-externa-de-casa-em-condominio\/\"]}]},{\"@type\":\"ImageObject\",\"inLanguage\":\"pt-BR\",\"@id\":\"https:\/\/ninamartinelli.com.br\/blog2\/cotto-vecchio-nero-moderniza-e-diferencia-area-externa-de-casa-em-condominio\/#primaryimage\",\"url\":\"https:\/\/ninamartinelli.com.br\/blog2\/wp-content\/uploads\/2021\/09\/cotto-vecchio-nero-ninamartinelli_2.jpg\",\"contentUrl\":\"https:\/\/ninamartinelli.com.br\/blog2\/wp-content\/uploads\/2021\/09\/cotto-vecchio-nero-ninamartinelli_2.jpg\",\"width\":900,\"height\":900},{\"@type\":\"BreadcrumbList\",\"@id\":\"https:\/\/ninamartinelli.com.br\/blog2\/cotto-vecchio-nero-moderniza-e-diferencia-area-externa-de-casa-em-condominio\/#breadcrumb\",\"itemListElement\":[{\"@type\":\"ListItem\",\"position\":1,\"name\":\"In\u00edcio\",\"item\":\"https:\/\/ninamartinelli.com.br\/blog2\/\"},{\"@type\":\"ListItem\",\"position\":2,\"name\":\"Cotto Vecchio Nero moderniza e diferencia \u00e1rea externa de casa em condom\u00ednio\"}]},{\"@type\":\"WebSite\",\"@id\":\"https:\/\/ninamartinelli.com.br\/blog2\/#website\",\"url\":\"https:\/\/ninamartinelli.com.br\/blog2\/\",\"name\":\"Nina Martinelli\",\"description\":\"#Nina_Martinelli\",\"publisher\":{\"@id\":\"https:\/\/ninamartinelli.com.br\/blog2\/#organization\"},\"potentialAction\":[{\"@type\":\"SearchAction\",\"target\":{\"@type\":\"EntryPoint\",\"urlTemplate\":\"https:\/\/ninamartinelli.com.br\/blog2\/?s={search_term_string}\"},\"query-input\":{\"@type\":\"PropertyValueSpecification\",\"valueRequired\":true,\"valueName\":\"search_term_string\"}}],\"inLanguage\":\"pt-BR\"},{\"@type\":\"Organization\",\"@id\":\"https:\/\/ninamartinelli.com.br\/blog2\/#organization\",\"name\":\"Blog Novidades\",\"url\":\"https:\/\/ninamartinelli.com.br\/blog2\/\",\"logo\":{\"@type\":\"ImageObject\",\"inLanguage\":\"pt-BR\",\"@id\":\"https:\/\/ninamartinelli.com.br\/blog2\/#\/schema\/logo\/image\/\",\"url\":\"http:\/\/blog.ninamartinelli.com.br\/wp-content\/uploads\/2022\/03\/logo_nina_blog.png\",\"contentUrl\":\"http:\/\/blog.ninamartinelli.com.br\/wp-content\/uploads\/2022\/03\/logo_nina_blog.png\",\"width\":500,\"height\":104,\"caption\":\"Blog Novidades\"},\"image\":{\"@id\":\"https:\/\/ninamartinelli.com.br\/blog2\/#\/schema\/logo\/image\/\"}},{\"@type\":\"Person\",\"@id\":\"https:\/\/ninamartinelli.com.br\/blog2\/#\/schema\/person\/43fbfb1d4cbe3b472995206b2bb06df5\",\"name\":\"Ana Maria Devides\",\"image\":{\"@type\":\"ImageObject\",\"inLanguage\":\"pt-BR\",\"@id\":\"https:\/\/ninamartinelli.com.br\/blog2\/#\/schema\/person\/image\/\",\"url\":\"https:\/\/secure.gravatar.com\/avatar\/a03a82675d8bb3da8e5c5a6872db97be?s=96&d=mm&r=g\",\"contentUrl\":\"https:\/\/secure.gravatar.com\/avatar\/a03a82675d8bb3da8e5c5a6872db97be?s=96&d=mm&r=g\",\"caption\":\"Ana Maria Devides\"},\"url\":\"https:\/\/ninamartinelli.com.br\/blog2\/author\/assessoria-nina-martinelli\/\"}]}<\/script>\n<!-- \/ Yoast SEO plugin. -->","yoast_head_json":{"title":"Cotto Vecchio Nero moderniza \u00e1rea externa de casa em condom\u00ednio","description":"O Cotto Vecchio Nero, piso cer\u00e2mico com varia\u00e7\u00e3o de tons, trouxe modernidade e praticidade \u00e0 \u00e1rea externa dessa bela resid\u00eancia em Ara\u00e7atuba\/SP","robots":{"index":"index","follow":"follow","max-snippet":"max-snippet:-1","max-image-preview":"max-image-preview:large","max-video-preview":"max-video-preview:-1"},"canonical":"https:\/\/ninamartinelli.com.br\/blog2\/cotto-vecchio-nero-moderniza-e-diferencia-area-externa-de-casa-em-condominio\/","og_locale":"pt_BR","og_type":"article","og_title":"Cotto Vecchio Nero moderniza \u00e1rea externa de casa em condom\u00ednio","og_description":"O Cotto Vecchio Nero, piso cer\u00e2mico com varia\u00e7\u00e3o de tons, trouxe modernidade e praticidade \u00e0 \u00e1rea externa dessa bela resid\u00eancia em Ara\u00e7atuba\/SP","og_url":"https:\/\/ninamartinelli.com.br\/blog2\/cotto-vecchio-nero-moderniza-e-diferencia-area-externa-de-casa-em-condominio\/","og_site_name":"Blog Nina","article_published_time":"2021-10-15T19:55:31+00:00","og_image":[{"width":900,"height":900,"url":"https:\/\/ninamartinelli.com.br\/blog2\/wp-content\/uploads\/2021\/09\/cotto-vecchio-nero-ninamartinelli_2.jpg","type":"image\/jpeg"}],"author":"Ana Maria Devides","twitter_card":"summary_large_image","twitter_misc":{"Escrito por":"Ana Maria Devides","Est. tempo de leitura":"3 minutos"},"schema":{"@context":"https:\/\/schema.org","@graph":[{"@type":"Article","@id":"https:\/\/ninamartinelli.com.br\/blog2\/cotto-vecchio-nero-moderniza-e-diferencia-area-externa-de-casa-em-condominio\/#article","isPartOf":{"@id":"https:\/\/ninamartinelli.com.br\/blog2\/cotto-vecchio-nero-moderniza-e-diferencia-area-externa-de-casa-em-condominio\/"},"author":{"name":"Ana Maria Devides","@id":"https:\/\/ninamartinelli.com.br\/blog2\/#\/schema\/person\/43fbfb1d4cbe3b472995206b2bb06df5"},"headline":"Cotto Vecchio Nero moderniza e diferencia \u00e1rea externa de casa em condom\u00ednio","datePublished":"2021-10-15T19:55:31+00:00","mainEntityOfPage":{"@id":"https:\/\/ninamartinelli.com.br\/blog2\/cotto-vecchio-nero-moderniza-e-diferencia-area-externa-de-casa-em-condominio\/"},"wordCount":700,"commentCount":0,"publisher":{"@id":"https:\/\/ninamartinelli.com.br\/blog2\/#organization"},"image":{"@id":"https:\/\/ninamartinelli.com.br\/blog2\/cotto-vecchio-nero-moderniza-e-diferencia-area-externa-de-casa-em-condominio\/#primaryimage"},"thumbnailUrl":"https:\/\/ninamartinelli.com.br\/blog2\/wp-content\/uploads\/2021\/09\/cotto-vecchio-nero-ninamartinelli_2.jpg","keywords":["area externa","cal\u00e7ada","cotto vecchio","fachada","piso","piso de ceramica"],"articleSection":["Cer\u00e2mica","Colezione Eleganza","Pisos"],"inLanguage":"pt-BR","potentialAction":[{"@type":"CommentAction","name":"Comment","target":["https:\/\/ninamartinelli.com.br\/blog2\/cotto-vecchio-nero-moderniza-e-diferencia-area-externa-de-casa-em-condominio\/#respond"]}]},{"@type":"WebPage","@id":"https:\/\/ninamartinelli.com.br\/blog2\/cotto-vecchio-nero-moderniza-e-diferencia-area-externa-de-casa-em-condominio\/","url":"https:\/\/ninamartinelli.com.br\/blog2\/cotto-vecchio-nero-moderniza-e-diferencia-area-externa-de-casa-em-condominio\/","name":"Cotto Vecchio Nero moderniza \u00e1rea externa de casa em condom\u00ednio","isPartOf":{"@id":"https:\/\/ninamartinelli.com.br\/blog2\/#website"},"primaryImageOfPage":{"@id":"https:\/\/ninamartinelli.com.br\/blog2\/cotto-vecchio-nero-moderniza-e-diferencia-area-externa-de-casa-em-condominio\/#primaryimage"},"image":{"@id":"https:\/\/ninamartinelli.com.br\/blog2\/cotto-vecchio-nero-moderniza-e-diferencia-area-externa-de-casa-em-condominio\/#primaryimage"},"thumbnailUrl":"https:\/\/ninamartinelli.com.br\/blog2\/wp-content\/uploads\/2021\/09\/cotto-vecchio-nero-ninamartinelli_2.jpg","datePublished":"2021-10-15T19:55:31+00:00","description":"O Cotto Vecchio Nero, piso cer\u00e2mico com varia\u00e7\u00e3o de tons, trouxe modernidade e praticidade \u00e0 \u00e1rea externa dessa bela resid\u00eancia em Ara\u00e7atuba\/SP","breadcrumb":{"@id":"https:\/\/ninamartinelli.com.br\/blog2\/cotto-vecchio-nero-moderniza-e-diferencia-area-externa-de-casa-em-condominio\/#breadcrumb"},"inLanguage":"pt-BR","potentialAction":[{"@type":"ReadAction","target":["https:\/\/ninamartinelli.com.br\/blog2\/cotto-vecchio-nero-moderniza-e-diferencia-area-externa-de-casa-em-condominio\/"]}]},{"@type":"ImageObject","inLanguage":"pt-BR","@id":"https:\/\/ninamartinelli.com.br\/blog2\/cotto-vecchio-nero-moderniza-e-diferencia-area-externa-de-casa-em-condominio\/#primaryimage","url":"https:\/\/ninamartinelli.com.br\/blog2\/wp-content\/uploads\/2021\/09\/cotto-vecchio-nero-ninamartinelli_2.jpg","contentUrl":"https:\/\/ninamartinelli.com.br\/blog2\/wp-content\/uploads\/2021\/09\/cotto-vecchio-nero-ninamartinelli_2.jpg","width":900,"height":900},{"@type":"BreadcrumbList","@id":"https:\/\/ninamartinelli.com.br\/blog2\/cotto-vecchio-nero-moderniza-e-diferencia-area-externa-de-casa-em-condominio\/#breadcrumb","itemListElement":[{"@type":"ListItem","position":1,"name":"In\u00edcio","item":"https:\/\/ninamartinelli.com.br\/blog2\/"},{"@type":"ListItem","position":2,"name":"Cotto Vecchio Nero moderniza e diferencia \u00e1rea externa de casa em condom\u00ednio"}]},{"@type":"WebSite","@id":"https:\/\/ninamartinelli.com.br\/blog2\/#website","url":"https:\/\/ninamartinelli.com.br\/blog2\/","name":"Nina Martinelli","description":"#Nina_Martinelli","publisher":{"@id":"https:\/\/ninamartinelli.com.br\/blog2\/#organization"},"potentialAction":[{"@type":"SearchAction","target":{"@type":"EntryPoint","urlTemplate":"https:\/\/ninamartinelli.com.br\/blog2\/?s={search_term_string}"},"query-input":{"@type":"PropertyValueSpecification","valueRequired":true,"valueName":"search_term_string"}}],"inLanguage":"pt-BR"},{"@type":"Organization","@id":"https:\/\/ninamartinelli.com.br\/blog2\/#organization","name":"Blog Novidades","url":"https:\/\/ninamartinelli.com.br\/blog2\/","logo":{"@type":"ImageObject","inLanguage":"pt-BR","@id":"https:\/\/ninamartinelli.com.br\/blog2\/#\/schema\/logo\/image\/","url":"http:\/\/blog.ninamartinelli.com.br\/wp-content\/uploads\/2022\/03\/logo_nina_blog.png","contentUrl":"http:\/\/blog.ninamartinelli.com.br\/wp-content\/uploads\/2022\/03\/logo_nina_blog.png","width":500,"height":104,"caption":"Blog Novidades"},"image":{"@id":"https:\/\/ninamartinelli.com.br\/blog2\/#\/schema\/logo\/image\/"}},{"@type":"Person","@id":"https:\/\/ninamartinelli.com.br\/blog2\/#\/schema\/person\/43fbfb1d4cbe3b472995206b2bb06df5","name":"Ana Maria Devides","image":{"@type":"ImageObject","inLanguage":"pt-BR","@id":"https:\/\/ninamartinelli.com.br\/blog2\/#\/schema\/person\/image\/","url":"https:\/\/secure.gravatar.com\/avatar\/a03a82675d8bb3da8e5c5a6872db97be?s=96&d=mm&r=g","contentUrl":"https:\/\/secure.gravatar.com\/avatar\/a03a82675d8bb3da8e5c5a6872db97be?s=96&d=mm&r=g","caption":"Ana Maria Devides"},"url":"https:\/\/ninamartinelli.com.br\/blog2\/author\/assessoria-nina-martinelli\/"}]}},"_links":{"self":[{"href":"https:\/\/ninamartinelli.com.br\/blog2\/wp-json\/wp\/v2\/posts\/1566","targetHints":{"allow":["GET"]}}],"collection":[{"href":"https:\/\/ninamartinelli.com.br\/blog2\/wp-json\/wp\/v2\/posts"}],"about":[{"href":"https:\/\/ninamartinelli.com.br\/blog2\/wp-json\/wp\/v2\/types\/post"}],"author":[{"embeddable":true,"href":"https:\/\/ninamartinelli.com.br\/blog2\/wp-json\/wp\/v2\/users\/2"}],"replies":[{"embeddable":true,"href":"https:\/\/ninamartinelli.com.br\/blog2\/wp-json\/wp\/v2\/comments?post=1566"}],"version-history":[{"count":4,"href":"https:\/\/ninamartinelli.com.br\/blog2\/wp-json\/wp\/v2\/posts\/1566\/revisions"}],"predecessor-version":[{"id":1589,"href":"https:\/\/ninamartinelli.com.br\/blog2\/wp-json\/wp\/v2\/posts\/1566\/revisions\/1589"}],"wp:featuredmedia":[{"embeddable":true,"href":"https:\/\/ninamartinelli.com.br\/blog2\/wp-json\/wp\/v2\/media\/1586"}],"wp:attachment":[{"href":"https:\/\/ninamartinelli.com.br\/blog2\/wp-json\/wp\/v2\/media?parent=1566"}],"wp:term":[{"taxonomy":"category","embeddable":true,"href":"https:\/\/ninamartinelli.com.br\/blog2\/wp-json\/wp\/v2\/categories?post=1566"},{"taxonomy":"post_tag","embeddable":true,"href":"https:\/\/ninamartinelli.com.br\/blog2\/wp-json\/wp\/v2\/tags?post=1566"}],"curies":[{"name":"wp","href":"https:\/\/api.w.org\/{rel}","templated":true}]}}