{"id":1546,"date":"2021-09-25T11:17:01","date_gmt":"2021-09-25T14:17:01","guid":{"rendered":"http:\/\/blog.ninamartinelli.com.br\/?p=1546"},"modified":"2021-09-25T11:51:44","modified_gmt":"2021-09-25T14:51:44","slug":"decoracao-de-bali-e-brick-stone-transformam-em-refugio-um-studio-em-sao-paulo","status":"publish","type":"post","link":"https:\/\/ninamartinelli.com.br\/blog2\/decoracao-de-bali-e-brick-stone-transformam-em-refugio-um-studio-em-sao-paulo\/","title":{"rendered":"Decora\u00e7\u00e3o de Bali e Brick Stone transformam em ref\u00fagio um st\u00fadio em S\u00e3o Paulo"},"content":{"rendered":"<p><strong><em>Decora\u00e7\u00e3o de Bali e Brick &#8211; Tijolinho dialoga com elementos r\u00fasticos e org\u00e2nicos, acentuando clima aconchegante <\/em><\/strong><\/p>\n<p>Transformar um st\u00fadio no Campo Belo, pr\u00f3ximo ao Brooklin, em S\u00e3o Paulo, num lugar acolhedor para um casal santista, que desejava um ref\u00fagio de descanso para os dias de trabalho, numa das metr\u00f3poles agitadas e cosmopolitas do mundo.<\/p>\n<p>Essa foi a miss\u00e3o recebida pela arquiteta <a href=\"https:\/\/www.instagram.com\/raissa.arq\/?hl=en\" target=\"_blank\" rel=\"noopener noreferrer\">Ra\u00edssa Valvassori Nunes<\/a>, que \u00e9 de Campinas, e aceitou o desafio prontamente, para atender os clientes que, segundo ela, s\u00e3o pessoas de alt\u00edssimo astral e muito especiais. <em>\u201cGosto muito deles. Os conheci pessoalmente por acaso, passaram a acompanhar meu trabalho e me chamaram para projetar a reforma desse st\u00fadio de 45m<sup>2<\/sup>, que eles n\u00e3o usam direto, mas sim, para relaxar e at\u00e9 mesmo receber amigos quando est\u00e3o em S\u00e3o Paulo. Eles moram em Santos, mas frequentemente t\u00eam que vir \u00e0 capital, por compromissos profissionais\u201d<\/em>, explica.<\/p>\n<h3>Comer, Rezar, Amar, Trabalhar e Relaxar<\/h3>\n<p>Conforme Ra\u00edssa, os clientes lhe enviaram como refer\u00eancia imagens de espa\u00e7os decorados de Bali, a m\u00e1gica ilha da Indon\u00e9sia onde natureza, charme, romance e misticismo se fundem de forma encantadora.<\/p>\n<p>Do cen\u00e1rio da \u00faltima etapa da jornada retratada no <a href=\"https:\/\/www.companhiadasletras.com.br\/detalhe.php?codigo=28000332\" target=\"_blank\" rel=\"noopener noreferrer\"><em>best seller<\/em> <em>Comer, Rezar, Amar<\/em><\/a>, de <a href=\"https:\/\/www.elizabethgilbert.com\/\" target=\"_blank\" rel=\"noopener noreferrer\">Elizabeth Gilbert<\/a>, vieram ilustra\u00e7\u00f5es de ambientes com charme r\u00fastico e convidativo.<\/p>\n<p>Ra\u00edssa exercitou a criatividade, criando ambientes com m\u00f3veis, utens\u00edlios e objetos de decora\u00e7\u00e3o numa paleta de cores que vai do marrom ao branco, passando pelos bege, cru e branco, abusando de texturas, fibras naturais e tecidos agrad\u00e1veis ao toque.<\/p>\n<p>Madeira, palha, ilumina\u00e7\u00e3o quente, amarelada e plantas estrategicamente distribu\u00eddas pelos espa\u00e7os formaram uma combina\u00e7\u00e3o muito aconchegante, elegante e despojada.<\/p>\n<h3>Decora\u00e7\u00e3o de Bali e Brick &#8211; Tijolinhos na cozinha e varanda<\/h3>\n<p><img loading=\"lazy\" decoding=\"async\" class=\"alignleft wp-image-869 size-medium\" src=\"http:\/\/blog.ninamartinelli.com.br\/wp-content\/uploads\/2020\/01\/brick-stone-ninamartinelli5-300x300.jpg\" alt=\"\" width=\"300\" height=\"300\" srcset=\"https:\/\/ninamartinelli.com.br\/blog2\/wp-content\/uploads\/2020\/01\/brick-stone-ninamartinelli5-300x300.jpg 300w, https:\/\/ninamartinelli.com.br\/blog2\/wp-content\/uploads\/2020\/01\/brick-stone-ninamartinelli5-150x150.jpg 150w, https:\/\/ninamartinelli.com.br\/blog2\/wp-content\/uploads\/2020\/01\/brick-stone-ninamartinelli5-50x50.jpg 50w, https:\/\/ninamartinelli.com.br\/blog2\/wp-content\/uploads\/2020\/01\/brick-stone-ninamartinelli5.jpg 500w\" sizes=\"auto, (max-width: 300px) 100vw, 300px\" \/>Com ambientes integrados e uma bela varanda, o st\u00fadio pedia, nas paredes de destaque da cozinha e da sacada, um revestimento que dialogasse com os elementos org\u00e2nicos utilizados nos espa\u00e7os.<\/p>\n<p>A escolha do <strong>Brick Stone<\/strong> da Nina Martinelli foi natural \u2013 literalmente falando.<\/p>\n<p>Integrante da <a href=\"https:\/\/www.ninamartinelli.com.br\/#!\/pt\/produtos\/colecoes\/97992967-e96c-449a-b6c4-e0c25a385f55\">Colezione Brick,<\/a> o tijolinho com 6,1x23cm tem suas pe\u00e7as produzidas uma a uma, com modo de fabrica\u00e7\u00e3o sustent\u00e1vel, componentes reciclados e acabamento com toque diferenciado e \u00fanico. Destaque para a tonalidade bege clara, com pequenos pontos mais claros e outros mais escuros, dando ainda mais naturalidade \u00e0s pe\u00e7as.<\/p>\n<hr \/>\n<h4><a href=\"http:\/\/blog.ninamartinelli.com.br\/brick-stone-harmoniza-e-da-charme-a-ampla-residencia-em-minas-gerais\/\" target=\"_blank\" rel=\"noopener noreferrer\">Veja aqui mais projetos com Brick Stone Nina Martinelli<\/a><\/h4>\n<hr \/>\n<p><em>\u201cN\u00f3s utilizamos o Brick exatamente por isso, n\u00e3o teria outro se n\u00e3o fosse esse. Casou perfeitamente com o projeto, tem um aspecto natural, r\u00fastico, a textura dele \u00e9 perfeita. Ele precisava se encaixar na varanda e a gente n\u00e3o teria como n\u00e3o repetir na cozinha. O Brick Stone vai mais para para o tom do bege, casou lindamente com o projeto\u201d<\/em>, opina Ra\u00edssa.<\/p>\n<p>A arquiteta adquiriu o Brick Stone na <a href=\"https:\/\/solorevestimentos.com.br\/?gclid=Cj0KCQjw4eaJBhDMARIsANhrQAAEc1_GIx2MaGqSwr6qmp6fGwpAmpQh30EePWudh-JmqPULgL7MkUgaApF5EALw_wcB\" target=\"_blank\" rel=\"noopener noreferrer\">Solo Revestimentos<\/a>, de Campinas, que executou a entrega em S\u00e3o Paulo de forma r\u00e1pida e perfeita.<\/p>\n<hr \/>\n<p><img loading=\"lazy\" decoding=\"async\" class=\"size-full wp-image-1573 aligncenter\" src=\"http:\/\/blog.ninamartinelli.com.br\/wp-content\/uploads\/2021\/09\/brick_stone_ninamartinelli_3.jpg\" alt=\"\" width=\"1000\" height=\"500\" srcset=\"https:\/\/ninamartinelli.com.br\/blog2\/wp-content\/uploads\/2021\/09\/brick_stone_ninamartinelli_3.jpg 1000w, https:\/\/ninamartinelli.com.br\/blog2\/wp-content\/uploads\/2021\/09\/brick_stone_ninamartinelli_3-300x150.jpg 300w, https:\/\/ninamartinelli.com.br\/blog2\/wp-content\/uploads\/2021\/09\/brick_stone_ninamartinelli_3-768x384.jpg 768w\" sizes=\"auto, (max-width: 1000px) 100vw, 1000px\" \/><\/p>\n<p><img loading=\"lazy\" decoding=\"async\" class=\"size-full wp-image-1574 aligncenter\" src=\"http:\/\/blog.ninamartinelli.com.br\/wp-content\/uploads\/2021\/09\/brick_stone_ninamartinelli_2.jpg\" alt=\"\" width=\"1000\" height=\"500\" srcset=\"https:\/\/ninamartinelli.com.br\/blog2\/wp-content\/uploads\/2021\/09\/brick_stone_ninamartinelli_2.jpg 1000w, https:\/\/ninamartinelli.com.br\/blog2\/wp-content\/uploads\/2021\/09\/brick_stone_ninamartinelli_2-300x150.jpg 300w, https:\/\/ninamartinelli.com.br\/blog2\/wp-content\/uploads\/2021\/09\/brick_stone_ninamartinelli_2-768x384.jpg 768w\" sizes=\"auto, (max-width: 1000px) 100vw, 1000px\" \/><\/p>\n<hr \/>\n<h4>St\u00fadio no Campo Belo \u2013 S\u00e3o Paulo\/SP<br \/>\nDecora\u00e7\u00e3o de Bali e Brick Stone<br \/>\nReforma \u2013 projeto Ra\u00edssa Valvassori Nunes &#8211; @raissa.arq<br \/>\nFotos: Ana Bastos Caprini &#8211; @nabastos<\/h4>\n","protected":false},"excerpt":{"rendered":"<p>Decora\u00e7\u00e3o de Bali e Brick &#8211; Tijolinho dialoga com elementos r\u00fasticos e org\u00e2nicos, acentuando clima<\/p>\n","protected":false},"author":2,"featured_media":1572,"comment_status":"open","ping_status":"open","sticky":false,"template":"","format":"standard","meta":{"footnotes":""},"categories":[59,16,26],"tags":[121,72,15,119,120,63],"class_list":["post-1546","post","type-post","status-publish","format-standard","has-post-thumbnail","hentry","category-ceramica","category-colezione-brick","category-revestimentos","tag-aconchego","tag-apartamento","tag-revestimento-brick","tag-studio","tag-texturas","tag-tijolinho"],"yoast_head":"<!-- This site is optimized with the Yoast SEO plugin v26.8 - https:\/\/yoast.com\/product\/yoast-seo-wordpress\/ -->\n<title>Decora\u00e7\u00e3o de Bali e Brick Stone transformam em ref\u00fagio um st\u00fadio em S\u00e3o Paulo - Blog Nina<\/title>\n<meta name=\"description\" content=\"Decora\u00e7\u00e3o de Bali e Brick Stone - combina\u00e7\u00e3o do tijolinho, madeira e texturas deu a st\u00fadio o clima r\u00fastico e aconchegante inspirado na ilha da Indon\u00e9sia\" \/>\n<meta name=\"robots\" content=\"index, follow, max-snippet:-1, max-image-preview:large, max-video-preview:-1\" \/>\n<link rel=\"canonical\" href=\"https:\/\/ninamartinelli.com.br\/blog2\/decoracao-de-bali-e-brick-stone-transformam-em-refugio-um-studio-em-sao-paulo\/\" \/>\n<meta property=\"og:locale\" content=\"pt_BR\" \/>\n<meta property=\"og:type\" content=\"article\" \/>\n<meta property=\"og:title\" content=\"Decora\u00e7\u00e3o de Bali e Brick Stone transformam em ref\u00fagio um st\u00fadio em S\u00e3o Paulo - Blog Nina\" \/>\n<meta property=\"og:description\" content=\"Decora\u00e7\u00e3o de Bali e Brick Stone - combina\u00e7\u00e3o do tijolinho, madeira e texturas deu a st\u00fadio o clima r\u00fastico e aconchegante inspirado na ilha da Indon\u00e9sia\" \/>\n<meta property=\"og:url\" content=\"https:\/\/ninamartinelli.com.br\/blog2\/decoracao-de-bali-e-brick-stone-transformam-em-refugio-um-studio-em-sao-paulo\/\" \/>\n<meta property=\"og:site_name\" content=\"Blog Nina\" \/>\n<meta property=\"article:published_time\" content=\"2021-09-25T14:17:01+00:00\" \/>\n<meta property=\"article:modified_time\" content=\"2021-09-25T14:51:44+00:00\" \/>\n<meta property=\"og:image\" content=\"https:\/\/ninamartinelli.com.br\/blog2\/wp-content\/uploads\/2021\/09\/brick_stone_ninamartinelli_1.jpg\" \/>\n\t<meta property=\"og:image:width\" content=\"1000\" \/>\n\t<meta property=\"og:image:height\" content=\"1000\" \/>\n\t<meta property=\"og:image:type\" content=\"image\/jpeg\" \/>\n<meta name=\"author\" content=\"Ana Maria Devides\" \/>\n<meta name=\"twitter:card\" content=\"summary_large_image\" \/>\n<meta name=\"twitter:label1\" content=\"Escrito por\" \/>\n\t<meta name=\"twitter:data1\" content=\"Ana Maria Devides\" \/>\n\t<meta name=\"twitter:label2\" content=\"Est. tempo de leitura\" \/>\n\t<meta name=\"twitter:data2\" content=\"3 minutos\" \/>\n<script type=\"application\/ld+json\" class=\"yoast-schema-graph\">{\"@context\":\"https:\/\/schema.org\",\"@graph\":[{\"@type\":\"Article\",\"@id\":\"https:\/\/ninamartinelli.com.br\/blog2\/decoracao-de-bali-e-brick-stone-transformam-em-refugio-um-studio-em-sao-paulo\/#article\",\"isPartOf\":{\"@id\":\"https:\/\/ninamartinelli.com.br\/blog2\/decoracao-de-bali-e-brick-stone-transformam-em-refugio-um-studio-em-sao-paulo\/\"},\"author\":{\"name\":\"Ana Maria Devides\",\"@id\":\"https:\/\/ninamartinelli.com.br\/blog2\/#\/schema\/person\/43fbfb1d4cbe3b472995206b2bb06df5\"},\"headline\":\"Decora\u00e7\u00e3o de Bali e Brick Stone transformam em ref\u00fagio um st\u00fadio em S\u00e3o Paulo\",\"datePublished\":\"2021-09-25T14:17:01+00:00\",\"dateModified\":\"2021-09-25T14:51:44+00:00\",\"mainEntityOfPage\":{\"@id\":\"https:\/\/ninamartinelli.com.br\/blog2\/decoracao-de-bali-e-brick-stone-transformam-em-refugio-um-studio-em-sao-paulo\/\"},\"wordCount\":562,\"commentCount\":0,\"publisher\":{\"@id\":\"https:\/\/ninamartinelli.com.br\/blog2\/#organization\"},\"image\":{\"@id\":\"https:\/\/ninamartinelli.com.br\/blog2\/decoracao-de-bali-e-brick-stone-transformam-em-refugio-um-studio-em-sao-paulo\/#primaryimage\"},\"thumbnailUrl\":\"https:\/\/ninamartinelli.com.br\/blog2\/wp-content\/uploads\/2021\/09\/brick_stone_ninamartinelli_1.jpg\",\"keywords\":[\"aconchego\",\"apartamento\",\"Revestimento Brick\",\"st\u00fadio\",\"texturas\",\"tijolinho\"],\"articleSection\":[\"Cer\u00e2mica\",\"Colezione Brick\",\"Revestimentos\"],\"inLanguage\":\"pt-BR\",\"potentialAction\":[{\"@type\":\"CommentAction\",\"name\":\"Comment\",\"target\":[\"https:\/\/ninamartinelli.com.br\/blog2\/decoracao-de-bali-e-brick-stone-transformam-em-refugio-um-studio-em-sao-paulo\/#respond\"]}]},{\"@type\":\"WebPage\",\"@id\":\"https:\/\/ninamartinelli.com.br\/blog2\/decoracao-de-bali-e-brick-stone-transformam-em-refugio-um-studio-em-sao-paulo\/\",\"url\":\"https:\/\/ninamartinelli.com.br\/blog2\/decoracao-de-bali-e-brick-stone-transformam-em-refugio-um-studio-em-sao-paulo\/\",\"name\":\"Decora\u00e7\u00e3o de Bali e Brick Stone transformam em ref\u00fagio um st\u00fadio em S\u00e3o Paulo - Blog Nina\",\"isPartOf\":{\"@id\":\"https:\/\/ninamartinelli.com.br\/blog2\/#website\"},\"primaryImageOfPage\":{\"@id\":\"https:\/\/ninamartinelli.com.br\/blog2\/decoracao-de-bali-e-brick-stone-transformam-em-refugio-um-studio-em-sao-paulo\/#primaryimage\"},\"image\":{\"@id\":\"https:\/\/ninamartinelli.com.br\/blog2\/decoracao-de-bali-e-brick-stone-transformam-em-refugio-um-studio-em-sao-paulo\/#primaryimage\"},\"thumbnailUrl\":\"https:\/\/ninamartinelli.com.br\/blog2\/wp-content\/uploads\/2021\/09\/brick_stone_ninamartinelli_1.jpg\",\"datePublished\":\"2021-09-25T14:17:01+00:00\",\"dateModified\":\"2021-09-25T14:51:44+00:00\",\"description\":\"Decora\u00e7\u00e3o de Bali e Brick Stone - combina\u00e7\u00e3o do tijolinho, madeira e texturas deu a st\u00fadio o clima r\u00fastico e aconchegante inspirado na ilha da Indon\u00e9sia\",\"breadcrumb\":{\"@id\":\"https:\/\/ninamartinelli.com.br\/blog2\/decoracao-de-bali-e-brick-stone-transformam-em-refugio-um-studio-em-sao-paulo\/#breadcrumb\"},\"inLanguage\":\"pt-BR\",\"potentialAction\":[{\"@type\":\"ReadAction\",\"target\":[\"https:\/\/ninamartinelli.com.br\/blog2\/decoracao-de-bali-e-brick-stone-transformam-em-refugio-um-studio-em-sao-paulo\/\"]}]},{\"@type\":\"ImageObject\",\"inLanguage\":\"pt-BR\",\"@id\":\"https:\/\/ninamartinelli.com.br\/blog2\/decoracao-de-bali-e-brick-stone-transformam-em-refugio-um-studio-em-sao-paulo\/#primaryimage\",\"url\":\"https:\/\/ninamartinelli.com.br\/blog2\/wp-content\/uploads\/2021\/09\/brick_stone_ninamartinelli_1.jpg\",\"contentUrl\":\"https:\/\/ninamartinelli.com.br\/blog2\/wp-content\/uploads\/2021\/09\/brick_stone_ninamartinelli_1.jpg\",\"width\":1000,\"height\":1000},{\"@type\":\"BreadcrumbList\",\"@id\":\"https:\/\/ninamartinelli.com.br\/blog2\/decoracao-de-bali-e-brick-stone-transformam-em-refugio-um-studio-em-sao-paulo\/#breadcrumb\",\"itemListElement\":[{\"@type\":\"ListItem\",\"position\":1,\"name\":\"In\u00edcio\",\"item\":\"https:\/\/ninamartinelli.com.br\/blog2\/\"},{\"@type\":\"ListItem\",\"position\":2,\"name\":\"Decora\u00e7\u00e3o de Bali e Brick Stone transformam em ref\u00fagio um st\u00fadio em S\u00e3o Paulo\"}]},{\"@type\":\"WebSite\",\"@id\":\"https:\/\/ninamartinelli.com.br\/blog2\/#website\",\"url\":\"https:\/\/ninamartinelli.com.br\/blog2\/\",\"name\":\"Nina Martinelli\",\"description\":\"#Nina_Martinelli\",\"publisher\":{\"@id\":\"https:\/\/ninamartinelli.com.br\/blog2\/#organization\"},\"potentialAction\":[{\"@type\":\"SearchAction\",\"target\":{\"@type\":\"EntryPoint\",\"urlTemplate\":\"https:\/\/ninamartinelli.com.br\/blog2\/?s={search_term_string}\"},\"query-input\":{\"@type\":\"PropertyValueSpecification\",\"valueRequired\":true,\"valueName\":\"search_term_string\"}}],\"inLanguage\":\"pt-BR\"},{\"@type\":\"Organization\",\"@id\":\"https:\/\/ninamartinelli.com.br\/blog2\/#organization\",\"name\":\"Blog Novidades\",\"url\":\"https:\/\/ninamartinelli.com.br\/blog2\/\",\"logo\":{\"@type\":\"ImageObject\",\"inLanguage\":\"pt-BR\",\"@id\":\"https:\/\/ninamartinelli.com.br\/blog2\/#\/schema\/logo\/image\/\",\"url\":\"http:\/\/blog.ninamartinelli.com.br\/wp-content\/uploads\/2022\/03\/logo_nina_blog.png\",\"contentUrl\":\"http:\/\/blog.ninamartinelli.com.br\/wp-content\/uploads\/2022\/03\/logo_nina_blog.png\",\"width\":500,\"height\":104,\"caption\":\"Blog Novidades\"},\"image\":{\"@id\":\"https:\/\/ninamartinelli.com.br\/blog2\/#\/schema\/logo\/image\/\"}},{\"@type\":\"Person\",\"@id\":\"https:\/\/ninamartinelli.com.br\/blog2\/#\/schema\/person\/43fbfb1d4cbe3b472995206b2bb06df5\",\"name\":\"Ana Maria Devides\",\"image\":{\"@type\":\"ImageObject\",\"inLanguage\":\"pt-BR\",\"@id\":\"https:\/\/ninamartinelli.com.br\/blog2\/#\/schema\/person\/image\/\",\"url\":\"https:\/\/secure.gravatar.com\/avatar\/a03a82675d8bb3da8e5c5a6872db97be?s=96&d=mm&r=g\",\"contentUrl\":\"https:\/\/secure.gravatar.com\/avatar\/a03a82675d8bb3da8e5c5a6872db97be?s=96&d=mm&r=g\",\"caption\":\"Ana Maria Devides\"},\"url\":\"https:\/\/ninamartinelli.com.br\/blog2\/author\/assessoria-nina-martinelli\/\"}]}<\/script>\n<!-- \/ Yoast SEO plugin. -->","yoast_head_json":{"title":"Decora\u00e7\u00e3o de Bali e Brick Stone transformam em ref\u00fagio um st\u00fadio em S\u00e3o Paulo - Blog Nina","description":"Decora\u00e7\u00e3o de Bali e Brick Stone - combina\u00e7\u00e3o do tijolinho, madeira e texturas deu a st\u00fadio o clima r\u00fastico e aconchegante inspirado na ilha da Indon\u00e9sia","robots":{"index":"index","follow":"follow","max-snippet":"max-snippet:-1","max-image-preview":"max-image-preview:large","max-video-preview":"max-video-preview:-1"},"canonical":"https:\/\/ninamartinelli.com.br\/blog2\/decoracao-de-bali-e-brick-stone-transformam-em-refugio-um-studio-em-sao-paulo\/","og_locale":"pt_BR","og_type":"article","og_title":"Decora\u00e7\u00e3o de Bali e Brick Stone transformam em ref\u00fagio um st\u00fadio em S\u00e3o Paulo - Blog Nina","og_description":"Decora\u00e7\u00e3o de Bali e Brick Stone - combina\u00e7\u00e3o do tijolinho, madeira e texturas deu a st\u00fadio o clima r\u00fastico e aconchegante inspirado na ilha da Indon\u00e9sia","og_url":"https:\/\/ninamartinelli.com.br\/blog2\/decoracao-de-bali-e-brick-stone-transformam-em-refugio-um-studio-em-sao-paulo\/","og_site_name":"Blog Nina","article_published_time":"2021-09-25T14:17:01+00:00","article_modified_time":"2021-09-25T14:51:44+00:00","og_image":[{"width":1000,"height":1000,"url":"https:\/\/ninamartinelli.com.br\/blog2\/wp-content\/uploads\/2021\/09\/brick_stone_ninamartinelli_1.jpg","type":"image\/jpeg"}],"author":"Ana Maria Devides","twitter_card":"summary_large_image","twitter_misc":{"Escrito por":"Ana Maria Devides","Est. tempo de leitura":"3 minutos"},"schema":{"@context":"https:\/\/schema.org","@graph":[{"@type":"Article","@id":"https:\/\/ninamartinelli.com.br\/blog2\/decoracao-de-bali-e-brick-stone-transformam-em-refugio-um-studio-em-sao-paulo\/#article","isPartOf":{"@id":"https:\/\/ninamartinelli.com.br\/blog2\/decoracao-de-bali-e-brick-stone-transformam-em-refugio-um-studio-em-sao-paulo\/"},"author":{"name":"Ana Maria Devides","@id":"https:\/\/ninamartinelli.com.br\/blog2\/#\/schema\/person\/43fbfb1d4cbe3b472995206b2bb06df5"},"headline":"Decora\u00e7\u00e3o de Bali e Brick Stone transformam em ref\u00fagio um st\u00fadio em S\u00e3o Paulo","datePublished":"2021-09-25T14:17:01+00:00","dateModified":"2021-09-25T14:51:44+00:00","mainEntityOfPage":{"@id":"https:\/\/ninamartinelli.com.br\/blog2\/decoracao-de-bali-e-brick-stone-transformam-em-refugio-um-studio-em-sao-paulo\/"},"wordCount":562,"commentCount":0,"publisher":{"@id":"https:\/\/ninamartinelli.com.br\/blog2\/#organization"},"image":{"@id":"https:\/\/ninamartinelli.com.br\/blog2\/decoracao-de-bali-e-brick-stone-transformam-em-refugio-um-studio-em-sao-paulo\/#primaryimage"},"thumbnailUrl":"https:\/\/ninamartinelli.com.br\/blog2\/wp-content\/uploads\/2021\/09\/brick_stone_ninamartinelli_1.jpg","keywords":["aconchego","apartamento","Revestimento Brick","st\u00fadio","texturas","tijolinho"],"articleSection":["Cer\u00e2mica","Colezione Brick","Revestimentos"],"inLanguage":"pt-BR","potentialAction":[{"@type":"CommentAction","name":"Comment","target":["https:\/\/ninamartinelli.com.br\/blog2\/decoracao-de-bali-e-brick-stone-transformam-em-refugio-um-studio-em-sao-paulo\/#respond"]}]},{"@type":"WebPage","@id":"https:\/\/ninamartinelli.com.br\/blog2\/decoracao-de-bali-e-brick-stone-transformam-em-refugio-um-studio-em-sao-paulo\/","url":"https:\/\/ninamartinelli.com.br\/blog2\/decoracao-de-bali-e-brick-stone-transformam-em-refugio-um-studio-em-sao-paulo\/","name":"Decora\u00e7\u00e3o de Bali e Brick Stone transformam em ref\u00fagio um st\u00fadio em S\u00e3o Paulo - Blog Nina","isPartOf":{"@id":"https:\/\/ninamartinelli.com.br\/blog2\/#website"},"primaryImageOfPage":{"@id":"https:\/\/ninamartinelli.com.br\/blog2\/decoracao-de-bali-e-brick-stone-transformam-em-refugio-um-studio-em-sao-paulo\/#primaryimage"},"image":{"@id":"https:\/\/ninamartinelli.com.br\/blog2\/decoracao-de-bali-e-brick-stone-transformam-em-refugio-um-studio-em-sao-paulo\/#primaryimage"},"thumbnailUrl":"https:\/\/ninamartinelli.com.br\/blog2\/wp-content\/uploads\/2021\/09\/brick_stone_ninamartinelli_1.jpg","datePublished":"2021-09-25T14:17:01+00:00","dateModified":"2021-09-25T14:51:44+00:00","description":"Decora\u00e7\u00e3o de Bali e Brick Stone - combina\u00e7\u00e3o do tijolinho, madeira e texturas deu a st\u00fadio o clima r\u00fastico e aconchegante inspirado na ilha da Indon\u00e9sia","breadcrumb":{"@id":"https:\/\/ninamartinelli.com.br\/blog2\/decoracao-de-bali-e-brick-stone-transformam-em-refugio-um-studio-em-sao-paulo\/#breadcrumb"},"inLanguage":"pt-BR","potentialAction":[{"@type":"ReadAction","target":["https:\/\/ninamartinelli.com.br\/blog2\/decoracao-de-bali-e-brick-stone-transformam-em-refugio-um-studio-em-sao-paulo\/"]}]},{"@type":"ImageObject","inLanguage":"pt-BR","@id":"https:\/\/ninamartinelli.com.br\/blog2\/decoracao-de-bali-e-brick-stone-transformam-em-refugio-um-studio-em-sao-paulo\/#primaryimage","url":"https:\/\/ninamartinelli.com.br\/blog2\/wp-content\/uploads\/2021\/09\/brick_stone_ninamartinelli_1.jpg","contentUrl":"https:\/\/ninamartinelli.com.br\/blog2\/wp-content\/uploads\/2021\/09\/brick_stone_ninamartinelli_1.jpg","width":1000,"height":1000},{"@type":"BreadcrumbList","@id":"https:\/\/ninamartinelli.com.br\/blog2\/decoracao-de-bali-e-brick-stone-transformam-em-refugio-um-studio-em-sao-paulo\/#breadcrumb","itemListElement":[{"@type":"ListItem","position":1,"name":"In\u00edcio","item":"https:\/\/ninamartinelli.com.br\/blog2\/"},{"@type":"ListItem","position":2,"name":"Decora\u00e7\u00e3o de Bali e Brick Stone transformam em ref\u00fagio um st\u00fadio em S\u00e3o Paulo"}]},{"@type":"WebSite","@id":"https:\/\/ninamartinelli.com.br\/blog2\/#website","url":"https:\/\/ninamartinelli.com.br\/blog2\/","name":"Nina Martinelli","description":"#Nina_Martinelli","publisher":{"@id":"https:\/\/ninamartinelli.com.br\/blog2\/#organization"},"potentialAction":[{"@type":"SearchAction","target":{"@type":"EntryPoint","urlTemplate":"https:\/\/ninamartinelli.com.br\/blog2\/?s={search_term_string}"},"query-input":{"@type":"PropertyValueSpecification","valueRequired":true,"valueName":"search_term_string"}}],"inLanguage":"pt-BR"},{"@type":"Organization","@id":"https:\/\/ninamartinelli.com.br\/blog2\/#organization","name":"Blog Novidades","url":"https:\/\/ninamartinelli.com.br\/blog2\/","logo":{"@type":"ImageObject","inLanguage":"pt-BR","@id":"https:\/\/ninamartinelli.com.br\/blog2\/#\/schema\/logo\/image\/","url":"http:\/\/blog.ninamartinelli.com.br\/wp-content\/uploads\/2022\/03\/logo_nina_blog.png","contentUrl":"http:\/\/blog.ninamartinelli.com.br\/wp-content\/uploads\/2022\/03\/logo_nina_blog.png","width":500,"height":104,"caption":"Blog Novidades"},"image":{"@id":"https:\/\/ninamartinelli.com.br\/blog2\/#\/schema\/logo\/image\/"}},{"@type":"Person","@id":"https:\/\/ninamartinelli.com.br\/blog2\/#\/schema\/person\/43fbfb1d4cbe3b472995206b2bb06df5","name":"Ana Maria Devides","image":{"@type":"ImageObject","inLanguage":"pt-BR","@id":"https:\/\/ninamartinelli.com.br\/blog2\/#\/schema\/person\/image\/","url":"https:\/\/secure.gravatar.com\/avatar\/a03a82675d8bb3da8e5c5a6872db97be?s=96&d=mm&r=g","contentUrl":"https:\/\/secure.gravatar.com\/avatar\/a03a82675d8bb3da8e5c5a6872db97be?s=96&d=mm&r=g","caption":"Ana Maria Devides"},"url":"https:\/\/ninamartinelli.com.br\/blog2\/author\/assessoria-nina-martinelli\/"}]}},"_links":{"self":[{"href":"https:\/\/ninamartinelli.com.br\/blog2\/wp-json\/wp\/v2\/posts\/1546","targetHints":{"allow":["GET"]}}],"collection":[{"href":"https:\/\/ninamartinelli.com.br\/blog2\/wp-json\/wp\/v2\/posts"}],"about":[{"href":"https:\/\/ninamartinelli.com.br\/blog2\/wp-json\/wp\/v2\/types\/post"}],"author":[{"embeddable":true,"href":"https:\/\/ninamartinelli.com.br\/blog2\/wp-json\/wp\/v2\/users\/2"}],"replies":[{"embeddable":true,"href":"https:\/\/ninamartinelli.com.br\/blog2\/wp-json\/wp\/v2\/comments?post=1546"}],"version-history":[{"count":10,"href":"https:\/\/ninamartinelli.com.br\/blog2\/wp-json\/wp\/v2\/posts\/1546\/revisions"}],"predecessor-version":[{"id":1576,"href":"https:\/\/ninamartinelli.com.br\/blog2\/wp-json\/wp\/v2\/posts\/1546\/revisions\/1576"}],"wp:featuredmedia":[{"embeddable":true,"href":"https:\/\/ninamartinelli.com.br\/blog2\/wp-json\/wp\/v2\/media\/1572"}],"wp:attachment":[{"href":"https:\/\/ninamartinelli.com.br\/blog2\/wp-json\/wp\/v2\/media?parent=1546"}],"wp:term":[{"taxonomy":"category","embeddable":true,"href":"https:\/\/ninamartinelli.com.br\/blog2\/wp-json\/wp\/v2\/categories?post=1546"},{"taxonomy":"post_tag","embeddable":true,"href":"https:\/\/ninamartinelli.com.br\/blog2\/wp-json\/wp\/v2\/tags?post=1546"}],"curies":[{"name":"wp","href":"https:\/\/api.w.org\/{rel}","templated":true}]}}