{"id":1541,"date":"2021-09-09T15:56:44","date_gmt":"2021-09-09T18:56:44","guid":{"rendered":"http:\/\/blog.ninamartinelli.com.br\/?p=1541"},"modified":"2021-09-09T15:56:44","modified_gmt":"2021-09-09T18:56:44","slug":"composizione-da-personalidade-a-casa-onde-integracao-e-praticidade-dao-o-tom","status":"publish","type":"post","link":"https:\/\/ninamartinelli.com.br\/blog2\/composizione-da-personalidade-a-casa-onde-integracao-e-praticidade-dao-o-tom\/","title":{"rendered":"Composizione d\u00e1 personalidade a casa onde integra\u00e7\u00e3o e praticidade d\u00e3o o tom"},"content":{"rendered":"<p><em><strong>Fachada e entrada principais, bem como varanda gourmet foram revestidas com o produto, com toque r\u00fastico e sofisticado.<\/strong><\/em><\/p>\n<p>Quando os clientes das arquitetas <a href=\"https:\/\/www.instagram.com\/kellyboldrini_arquitetura\/\" target=\"_blank\" rel=\"noopener noreferrer\"><strong>Kelly Boldrini<\/strong> <\/a>e <strong>Christiani Ovessi<\/strong>, de Ribeir\u00e3o Preto, procuraram as profissionais para idealizar sua nova casa o casal foi bem claro: queriam uma resid\u00eancia ampla, integrada, contempor\u00e2nea e pr\u00e1tica.<\/p>\n<p>O casal ama receber amigos e fam\u00edlia, assim como n\u00e3o dispensa as viagens frequentes, nas quais enriquecem a bagagem cultural, sendo sempre muito antenados com moda, design e todo tipo de tend\u00eancias. A fam\u00edlia tamb\u00e9m \u00e9 adepta do colecionismo, com especial gosto por raridades automobil\u00edsticas.<\/p>\n<p><img loading=\"lazy\" decoding=\"async\" class=\"alignleft wp-image-830 size-medium\" src=\"http:\/\/blog.ninamartinelli.com.br\/wp-content\/uploads\/2019\/12\/composizione1-300x300.jpg\" alt=\"\" width=\"300\" height=\"300\" srcset=\"https:\/\/ninamartinelli.com.br\/blog2\/wp-content\/uploads\/2019\/12\/composizione1-300x300.jpg 300w, https:\/\/ninamartinelli.com.br\/blog2\/wp-content\/uploads\/2019\/12\/composizione1-150x150.jpg 150w, https:\/\/ninamartinelli.com.br\/blog2\/wp-content\/uploads\/2019\/12\/composizione1-50x50.jpg 50w, https:\/\/ninamartinelli.com.br\/blog2\/wp-content\/uploads\/2019\/12\/composizione1.jpg 500w\" sizes=\"auto, (max-width: 300px) 100vw, 300px\" \/>Com todas essas caracter\u00edsticas e nuances em mente, as duas exercitaram a criatividade e o bom gosto para projetar uma casa moderna, com linhas retas, planta t\u00e9rrea e linearidade bem marcada. <em>\u201cProjetamos um living totalmente integrado com essa linearidade ressaltada pela extens\u00e3o da varanda, que vai deste o in\u00edcio da entrada at\u00e9 o final do segmento, onde fica a su\u00edte master\u201d,<\/em> explica Kelly.<\/p>\n<p>A imponente casa conta com uma sequ\u00eancia de ambientes integrados e voltados para uma bel\u00edssima piscina, com spa e bar molhado. Uma espa\u00e7osa varanda gourmet, um paisagismo extremamente cuidadoso e uma ilumina\u00e7\u00e3o impec\u00e1vel compuseram um conjunto de extrema sofistica\u00e7\u00e3o, mas com a dose certa de despojamento. Uma garagem interna muito bem projetada assegura o espa\u00e7o ideal para os ve\u00edculos mais do que especiais colecionados pelo casal.<\/p>\n<h3>Textura que d\u00e1 harmonia e personalidade<\/h3>\n<p>Para harmonizar todos os elementos e materiais incorporados ao conceito e \u00e0 obra, Kelly e Christiani escolheram recobrir a fachada e a entrada principais e tamb\u00e9m a varanda gourmet com o revestimento <strong>Composizione,<\/strong> da Nina Martinelli.<\/p>\n<hr \/>\n<h3><span style=\"color: #3a2118;\">Veja <a style=\"color: #3a2118;\" href=\"http:\/\/blog.ninamartinelli.com.br\/composizione-nero-aflora-emocoes-em-projeto-que-une-rusticidade-e-contemporaneidade\/\" target=\"_blank\" rel=\"noopener noreferrer\">aqui<\/a> e <a style=\"color: #3a2118;\" href=\"http:\/\/blog.ninamartinelli.com.br\/nina-martinelli-e-bittar-arquitetura-fachada-natural-para-casa-do-colecionador\/\" target=\"_blank\" rel=\"noopener noreferrer\">aqui<\/a> outros projetos com o Composizione Nina Martinelli<\/span><\/h3>\n<hr \/>\n<p>Feito em cer\u00e2mica r\u00fastica filetada e organizada em telas, o Composizione \u00e9 um cl\u00e1ssico Nina. \u00c9 um dos itens pioneiros da linha Eleganza, com diversos acabamentos inspirados na natureza.<\/p>\n<p>O revestimento, que pode ser usado em superf\u00edcies internas ou externas, vem em telas medindo 30&#215;30 cm, apresentando toque r\u00fastico e original, mas com muita sofistica\u00e7\u00e3o. \u00c9 oferecido nas cores Paglia, Bianco, Rosso e Nero \u2013 justamente esta a que foi escolhida para a casa projetada do zero pelas profissionais.<\/p>\n<p>Kelly diz que o <strong>Composizione<\/strong> foi de f\u00e1cil aplica\u00e7\u00e3o. <em>\u201cN\u00e3o \u00e9 complicado, desde que o profissional seja caprichoso\u201d<\/em>, ressalva ela, que garante o acerto da escolha. \u201c<em>Todos amamos, n\u00f3s e os clientes. Indico de olhos fechados o produto, que escolhemos com carinho para representar fielmente o perfil do projeto, contempor\u00e2neo e atemporal\u201d<\/em>, finaliza.<\/p>\n<hr \/>\n<p><img loading=\"lazy\" decoding=\"async\" class=\"size-full wp-image-1557 aligncenter\" src=\"http:\/\/blog.ninamartinelli.com.br\/wp-content\/uploads\/2021\/09\/COMPOSIZIONE_NERO_NINAMARTINELLI2.jpg\" alt=\"\" width=\"1000\" height=\"500\" srcset=\"https:\/\/ninamartinelli.com.br\/blog2\/wp-content\/uploads\/2021\/09\/COMPOSIZIONE_NERO_NINAMARTINELLI2.jpg 1000w, https:\/\/ninamartinelli.com.br\/blog2\/wp-content\/uploads\/2021\/09\/COMPOSIZIONE_NERO_NINAMARTINELLI2-300x150.jpg 300w, https:\/\/ninamartinelli.com.br\/blog2\/wp-content\/uploads\/2021\/09\/COMPOSIZIONE_NERO_NINAMARTINELLI2-768x384.jpg 768w\" sizes=\"auto, (max-width: 1000px) 100vw, 1000px\" \/><\/p>\n<hr \/>\n<p>&nbsp;<\/p>\n<h4>Casa contempor\u00e2nea<br \/>\nRevestimento Composizione<br \/>\nProjeto: Kelly Boldrini e Christiani Ovessi &#8211; <a href=\"https:\/\/www.instagram.com\/kellyboldrini_arquitetura\/\" target=\"_blank\" rel=\"noopener noreferrer\">@kellyboldrini_arquitetura<\/a><br \/>\nFotos: Kelly Boldrini<\/h4>\n<p>&nbsp;<\/p>\n","protected":false},"excerpt":{"rendered":"<p>Fachada e entrada principais, bem como varanda gourmet foram revestidas com o produto, com toque<\/p>\n","protected":false},"author":1,"featured_media":1556,"comment_status":"open","ping_status":"open","sticky":false,"template":"","format":"standard","meta":{"footnotes":""},"categories":[59,20,26],"tags":[45,66,46],"class_list":["post-1541","post","type-post","status-publish","format-standard","has-post-thumbnail","hentry","category-ceramica","category-colezione-eleganza","category-revestimentos","tag-ceramica","tag-fachada","tag-revestimento"],"yoast_head":"<!-- This site is optimized with the Yoast SEO plugin v26.8 - https:\/\/yoast.com\/product\/yoast-seo-wordpress\/ -->\n<title>Composizione d\u00e1 personalidade a casa onde integra\u00e7\u00e3o e praticidade d\u00e3o o tom - Blog Nina<\/title>\n<meta name=\"robots\" content=\"index, follow, max-snippet:-1, max-image-preview:large, max-video-preview:-1\" \/>\n<link rel=\"canonical\" href=\"https:\/\/ninamartinelli.com.br\/blog2\/composizione-da-personalidade-a-casa-onde-integracao-e-praticidade-dao-o-tom\/\" \/>\n<meta property=\"og:locale\" content=\"pt_BR\" \/>\n<meta property=\"og:type\" content=\"article\" \/>\n<meta property=\"og:title\" content=\"Composizione d\u00e1 personalidade a casa onde integra\u00e7\u00e3o e praticidade d\u00e3o o tom - Blog Nina\" \/>\n<meta property=\"og:description\" content=\"Fachada e entrada principais, bem como varanda gourmet foram revestidas com o produto, com toque\" \/>\n<meta property=\"og:url\" content=\"https:\/\/ninamartinelli.com.br\/blog2\/composizione-da-personalidade-a-casa-onde-integracao-e-praticidade-dao-o-tom\/\" \/>\n<meta property=\"og:site_name\" content=\"Blog Nina\" \/>\n<meta property=\"article:author\" content=\"http:\/\/facebook.com.br\/ninamartinellioficial\" \/>\n<meta property=\"article:published_time\" content=\"2021-09-09T18:56:44+00:00\" \/>\n<meta property=\"og:image\" content=\"https:\/\/ninamartinelli.com.br\/blog2\/wp-content\/uploads\/2021\/09\/COMPOSIZIONE_NERO_NINAMARTINELLI1.png\" \/>\n\t<meta property=\"og:image:width\" content=\"900\" \/>\n\t<meta property=\"og:image:height\" content=\"900\" \/>\n\t<meta property=\"og:image:type\" content=\"image\/png\" \/>\n<meta name=\"author\" content=\"Comunica\u00e7\u00e3o Nina\" \/>\n<meta name=\"twitter:card\" content=\"summary_large_image\" \/>\n<meta name=\"twitter:label1\" content=\"Escrito por\" \/>\n\t<meta name=\"twitter:data1\" content=\"Comunica\u00e7\u00e3o Nina\" \/>\n\t<meta name=\"twitter:label2\" content=\"Est. tempo de leitura\" \/>\n\t<meta name=\"twitter:data2\" content=\"2 minutos\" \/>\n<script type=\"application\/ld+json\" class=\"yoast-schema-graph\">{\"@context\":\"https:\/\/schema.org\",\"@graph\":[{\"@type\":\"Article\",\"@id\":\"https:\/\/ninamartinelli.com.br\/blog2\/composizione-da-personalidade-a-casa-onde-integracao-e-praticidade-dao-o-tom\/#article\",\"isPartOf\":{\"@id\":\"https:\/\/ninamartinelli.com.br\/blog2\/composizione-da-personalidade-a-casa-onde-integracao-e-praticidade-dao-o-tom\/\"},\"author\":{\"name\":\"Comunica\u00e7\u00e3o Nina\",\"@id\":\"https:\/\/ninamartinelli.com.br\/blog2\/#\/schema\/person\/880a2cdee0a047e9b55254085d24f922\"},\"headline\":\"Composizione d\u00e1 personalidade a casa onde integra\u00e7\u00e3o e praticidade d\u00e3o o tom\",\"datePublished\":\"2021-09-09T18:56:44+00:00\",\"mainEntityOfPage\":{\"@id\":\"https:\/\/ninamartinelli.com.br\/blog2\/composizione-da-personalidade-a-casa-onde-integracao-e-praticidade-dao-o-tom\/\"},\"wordCount\":473,\"commentCount\":0,\"publisher\":{\"@id\":\"https:\/\/ninamartinelli.com.br\/blog2\/#organization\"},\"image\":{\"@id\":\"https:\/\/ninamartinelli.com.br\/blog2\/composizione-da-personalidade-a-casa-onde-integracao-e-praticidade-dao-o-tom\/#primaryimage\"},\"thumbnailUrl\":\"https:\/\/ninamartinelli.com.br\/blog2\/wp-content\/uploads\/2021\/09\/COMPOSIZIONE_NERO_NINAMARTINELLI1.png\",\"keywords\":[\"ceramica\",\"fachada\",\"revestimento\"],\"articleSection\":[\"Cer\u00e2mica\",\"Colezione Eleganza\",\"Revestimentos\"],\"inLanguage\":\"pt-BR\",\"potentialAction\":[{\"@type\":\"CommentAction\",\"name\":\"Comment\",\"target\":[\"https:\/\/ninamartinelli.com.br\/blog2\/composizione-da-personalidade-a-casa-onde-integracao-e-praticidade-dao-o-tom\/#respond\"]}]},{\"@type\":\"WebPage\",\"@id\":\"https:\/\/ninamartinelli.com.br\/blog2\/composizione-da-personalidade-a-casa-onde-integracao-e-praticidade-dao-o-tom\/\",\"url\":\"https:\/\/ninamartinelli.com.br\/blog2\/composizione-da-personalidade-a-casa-onde-integracao-e-praticidade-dao-o-tom\/\",\"name\":\"Composizione d\u00e1 personalidade a casa onde integra\u00e7\u00e3o e praticidade d\u00e3o o tom - Blog Nina\",\"isPartOf\":{\"@id\":\"https:\/\/ninamartinelli.com.br\/blog2\/#website\"},\"primaryImageOfPage\":{\"@id\":\"https:\/\/ninamartinelli.com.br\/blog2\/composizione-da-personalidade-a-casa-onde-integracao-e-praticidade-dao-o-tom\/#primaryimage\"},\"image\":{\"@id\":\"https:\/\/ninamartinelli.com.br\/blog2\/composizione-da-personalidade-a-casa-onde-integracao-e-praticidade-dao-o-tom\/#primaryimage\"},\"thumbnailUrl\":\"https:\/\/ninamartinelli.com.br\/blog2\/wp-content\/uploads\/2021\/09\/COMPOSIZIONE_NERO_NINAMARTINELLI1.png\",\"datePublished\":\"2021-09-09T18:56:44+00:00\",\"breadcrumb\":{\"@id\":\"https:\/\/ninamartinelli.com.br\/blog2\/composizione-da-personalidade-a-casa-onde-integracao-e-praticidade-dao-o-tom\/#breadcrumb\"},\"inLanguage\":\"pt-BR\",\"potentialAction\":[{\"@type\":\"ReadAction\",\"target\":[\"https:\/\/ninamartinelli.com.br\/blog2\/composizione-da-personalidade-a-casa-onde-integracao-e-praticidade-dao-o-tom\/\"]}]},{\"@type\":\"ImageObject\",\"inLanguage\":\"pt-BR\",\"@id\":\"https:\/\/ninamartinelli.com.br\/blog2\/composizione-da-personalidade-a-casa-onde-integracao-e-praticidade-dao-o-tom\/#primaryimage\",\"url\":\"https:\/\/ninamartinelli.com.br\/blog2\/wp-content\/uploads\/2021\/09\/COMPOSIZIONE_NERO_NINAMARTINELLI1.png\",\"contentUrl\":\"https:\/\/ninamartinelli.com.br\/blog2\/wp-content\/uploads\/2021\/09\/COMPOSIZIONE_NERO_NINAMARTINELLI1.png\",\"width\":900,\"height\":900},{\"@type\":\"BreadcrumbList\",\"@id\":\"https:\/\/ninamartinelli.com.br\/blog2\/composizione-da-personalidade-a-casa-onde-integracao-e-praticidade-dao-o-tom\/#breadcrumb\",\"itemListElement\":[{\"@type\":\"ListItem\",\"position\":1,\"name\":\"In\u00edcio\",\"item\":\"https:\/\/ninamartinelli.com.br\/blog2\/\"},{\"@type\":\"ListItem\",\"position\":2,\"name\":\"Composizione d\u00e1 personalidade a casa onde integra\u00e7\u00e3o e praticidade d\u00e3o o tom\"}]},{\"@type\":\"WebSite\",\"@id\":\"https:\/\/ninamartinelli.com.br\/blog2\/#website\",\"url\":\"https:\/\/ninamartinelli.com.br\/blog2\/\",\"name\":\"Nina Martinelli\",\"description\":\"#Nina_Martinelli\",\"publisher\":{\"@id\":\"https:\/\/ninamartinelli.com.br\/blog2\/#organization\"},\"potentialAction\":[{\"@type\":\"SearchAction\",\"target\":{\"@type\":\"EntryPoint\",\"urlTemplate\":\"https:\/\/ninamartinelli.com.br\/blog2\/?s={search_term_string}\"},\"query-input\":{\"@type\":\"PropertyValueSpecification\",\"valueRequired\":true,\"valueName\":\"search_term_string\"}}],\"inLanguage\":\"pt-BR\"},{\"@type\":\"Organization\",\"@id\":\"https:\/\/ninamartinelli.com.br\/blog2\/#organization\",\"name\":\"Blog Novidades\",\"url\":\"https:\/\/ninamartinelli.com.br\/blog2\/\",\"logo\":{\"@type\":\"ImageObject\",\"inLanguage\":\"pt-BR\",\"@id\":\"https:\/\/ninamartinelli.com.br\/blog2\/#\/schema\/logo\/image\/\",\"url\":\"http:\/\/blog.ninamartinelli.com.br\/wp-content\/uploads\/2022\/03\/logo_nina_blog.png\",\"contentUrl\":\"http:\/\/blog.ninamartinelli.com.br\/wp-content\/uploads\/2022\/03\/logo_nina_blog.png\",\"width\":500,\"height\":104,\"caption\":\"Blog Novidades\"},\"image\":{\"@id\":\"https:\/\/ninamartinelli.com.br\/blog2\/#\/schema\/logo\/image\/\"}},{\"@type\":\"Person\",\"@id\":\"https:\/\/ninamartinelli.com.br\/blog2\/#\/schema\/person\/880a2cdee0a047e9b55254085d24f922\",\"name\":\"Comunica\u00e7\u00e3o Nina\",\"image\":{\"@type\":\"ImageObject\",\"inLanguage\":\"pt-BR\",\"@id\":\"https:\/\/ninamartinelli.com.br\/blog2\/#\/schema\/person\/image\/\",\"url\":\"https:\/\/secure.gravatar.com\/avatar\/0d3d763fb83768dd001497d074d4c4f6?s=96&d=mm&r=g\",\"contentUrl\":\"https:\/\/secure.gravatar.com\/avatar\/0d3d763fb83768dd001497d074d4c4f6?s=96&d=mm&r=g\",\"caption\":\"Comunica\u00e7\u00e3o Nina\"},\"sameAs\":[\"http:\/\/ninamartinelli.com.br\",\"http:\/\/facebook.com.br\/ninamartinellioficial\",\"http:\/\/instagram.com\/ninamartinellioficial\"],\"url\":\"https:\/\/ninamartinelli.com.br\/blog2\/author\/nina\/\"}]}<\/script>\n<!-- \/ Yoast SEO plugin. -->","yoast_head_json":{"title":"Composizione d\u00e1 personalidade a casa onde integra\u00e7\u00e3o e praticidade d\u00e3o o tom - Blog Nina","robots":{"index":"index","follow":"follow","max-snippet":"max-snippet:-1","max-image-preview":"max-image-preview:large","max-video-preview":"max-video-preview:-1"},"canonical":"https:\/\/ninamartinelli.com.br\/blog2\/composizione-da-personalidade-a-casa-onde-integracao-e-praticidade-dao-o-tom\/","og_locale":"pt_BR","og_type":"article","og_title":"Composizione d\u00e1 personalidade a casa onde integra\u00e7\u00e3o e praticidade d\u00e3o o tom - Blog Nina","og_description":"Fachada e entrada principais, bem como varanda gourmet foram revestidas com o produto, com toque","og_url":"https:\/\/ninamartinelli.com.br\/blog2\/composizione-da-personalidade-a-casa-onde-integracao-e-praticidade-dao-o-tom\/","og_site_name":"Blog Nina","article_author":"http:\/\/facebook.com.br\/ninamartinellioficial","article_published_time":"2021-09-09T18:56:44+00:00","og_image":[{"width":900,"height":900,"url":"https:\/\/ninamartinelli.com.br\/blog2\/wp-content\/uploads\/2021\/09\/COMPOSIZIONE_NERO_NINAMARTINELLI1.png","type":"image\/png"}],"author":"Comunica\u00e7\u00e3o Nina","twitter_card":"summary_large_image","twitter_misc":{"Escrito por":"Comunica\u00e7\u00e3o Nina","Est. tempo de leitura":"2 minutos"},"schema":{"@context":"https:\/\/schema.org","@graph":[{"@type":"Article","@id":"https:\/\/ninamartinelli.com.br\/blog2\/composizione-da-personalidade-a-casa-onde-integracao-e-praticidade-dao-o-tom\/#article","isPartOf":{"@id":"https:\/\/ninamartinelli.com.br\/blog2\/composizione-da-personalidade-a-casa-onde-integracao-e-praticidade-dao-o-tom\/"},"author":{"name":"Comunica\u00e7\u00e3o Nina","@id":"https:\/\/ninamartinelli.com.br\/blog2\/#\/schema\/person\/880a2cdee0a047e9b55254085d24f922"},"headline":"Composizione d\u00e1 personalidade a casa onde integra\u00e7\u00e3o e praticidade d\u00e3o o tom","datePublished":"2021-09-09T18:56:44+00:00","mainEntityOfPage":{"@id":"https:\/\/ninamartinelli.com.br\/blog2\/composizione-da-personalidade-a-casa-onde-integracao-e-praticidade-dao-o-tom\/"},"wordCount":473,"commentCount":0,"publisher":{"@id":"https:\/\/ninamartinelli.com.br\/blog2\/#organization"},"image":{"@id":"https:\/\/ninamartinelli.com.br\/blog2\/composizione-da-personalidade-a-casa-onde-integracao-e-praticidade-dao-o-tom\/#primaryimage"},"thumbnailUrl":"https:\/\/ninamartinelli.com.br\/blog2\/wp-content\/uploads\/2021\/09\/COMPOSIZIONE_NERO_NINAMARTINELLI1.png","keywords":["ceramica","fachada","revestimento"],"articleSection":["Cer\u00e2mica","Colezione Eleganza","Revestimentos"],"inLanguage":"pt-BR","potentialAction":[{"@type":"CommentAction","name":"Comment","target":["https:\/\/ninamartinelli.com.br\/blog2\/composizione-da-personalidade-a-casa-onde-integracao-e-praticidade-dao-o-tom\/#respond"]}]},{"@type":"WebPage","@id":"https:\/\/ninamartinelli.com.br\/blog2\/composizione-da-personalidade-a-casa-onde-integracao-e-praticidade-dao-o-tom\/","url":"https:\/\/ninamartinelli.com.br\/blog2\/composizione-da-personalidade-a-casa-onde-integracao-e-praticidade-dao-o-tom\/","name":"Composizione d\u00e1 personalidade a casa onde integra\u00e7\u00e3o e praticidade d\u00e3o o tom - Blog Nina","isPartOf":{"@id":"https:\/\/ninamartinelli.com.br\/blog2\/#website"},"primaryImageOfPage":{"@id":"https:\/\/ninamartinelli.com.br\/blog2\/composizione-da-personalidade-a-casa-onde-integracao-e-praticidade-dao-o-tom\/#primaryimage"},"image":{"@id":"https:\/\/ninamartinelli.com.br\/blog2\/composizione-da-personalidade-a-casa-onde-integracao-e-praticidade-dao-o-tom\/#primaryimage"},"thumbnailUrl":"https:\/\/ninamartinelli.com.br\/blog2\/wp-content\/uploads\/2021\/09\/COMPOSIZIONE_NERO_NINAMARTINELLI1.png","datePublished":"2021-09-09T18:56:44+00:00","breadcrumb":{"@id":"https:\/\/ninamartinelli.com.br\/blog2\/composizione-da-personalidade-a-casa-onde-integracao-e-praticidade-dao-o-tom\/#breadcrumb"},"inLanguage":"pt-BR","potentialAction":[{"@type":"ReadAction","target":["https:\/\/ninamartinelli.com.br\/blog2\/composizione-da-personalidade-a-casa-onde-integracao-e-praticidade-dao-o-tom\/"]}]},{"@type":"ImageObject","inLanguage":"pt-BR","@id":"https:\/\/ninamartinelli.com.br\/blog2\/composizione-da-personalidade-a-casa-onde-integracao-e-praticidade-dao-o-tom\/#primaryimage","url":"https:\/\/ninamartinelli.com.br\/blog2\/wp-content\/uploads\/2021\/09\/COMPOSIZIONE_NERO_NINAMARTINELLI1.png","contentUrl":"https:\/\/ninamartinelli.com.br\/blog2\/wp-content\/uploads\/2021\/09\/COMPOSIZIONE_NERO_NINAMARTINELLI1.png","width":900,"height":900},{"@type":"BreadcrumbList","@id":"https:\/\/ninamartinelli.com.br\/blog2\/composizione-da-personalidade-a-casa-onde-integracao-e-praticidade-dao-o-tom\/#breadcrumb","itemListElement":[{"@type":"ListItem","position":1,"name":"In\u00edcio","item":"https:\/\/ninamartinelli.com.br\/blog2\/"},{"@type":"ListItem","position":2,"name":"Composizione d\u00e1 personalidade a casa onde integra\u00e7\u00e3o e praticidade d\u00e3o o tom"}]},{"@type":"WebSite","@id":"https:\/\/ninamartinelli.com.br\/blog2\/#website","url":"https:\/\/ninamartinelli.com.br\/blog2\/","name":"Nina Martinelli","description":"#Nina_Martinelli","publisher":{"@id":"https:\/\/ninamartinelli.com.br\/blog2\/#organization"},"potentialAction":[{"@type":"SearchAction","target":{"@type":"EntryPoint","urlTemplate":"https:\/\/ninamartinelli.com.br\/blog2\/?s={search_term_string}"},"query-input":{"@type":"PropertyValueSpecification","valueRequired":true,"valueName":"search_term_string"}}],"inLanguage":"pt-BR"},{"@type":"Organization","@id":"https:\/\/ninamartinelli.com.br\/blog2\/#organization","name":"Blog Novidades","url":"https:\/\/ninamartinelli.com.br\/blog2\/","logo":{"@type":"ImageObject","inLanguage":"pt-BR","@id":"https:\/\/ninamartinelli.com.br\/blog2\/#\/schema\/logo\/image\/","url":"http:\/\/blog.ninamartinelli.com.br\/wp-content\/uploads\/2022\/03\/logo_nina_blog.png","contentUrl":"http:\/\/blog.ninamartinelli.com.br\/wp-content\/uploads\/2022\/03\/logo_nina_blog.png","width":500,"height":104,"caption":"Blog Novidades"},"image":{"@id":"https:\/\/ninamartinelli.com.br\/blog2\/#\/schema\/logo\/image\/"}},{"@type":"Person","@id":"https:\/\/ninamartinelli.com.br\/blog2\/#\/schema\/person\/880a2cdee0a047e9b55254085d24f922","name":"Comunica\u00e7\u00e3o Nina","image":{"@type":"ImageObject","inLanguage":"pt-BR","@id":"https:\/\/ninamartinelli.com.br\/blog2\/#\/schema\/person\/image\/","url":"https:\/\/secure.gravatar.com\/avatar\/0d3d763fb83768dd001497d074d4c4f6?s=96&d=mm&r=g","contentUrl":"https:\/\/secure.gravatar.com\/avatar\/0d3d763fb83768dd001497d074d4c4f6?s=96&d=mm&r=g","caption":"Comunica\u00e7\u00e3o Nina"},"sameAs":["http:\/\/ninamartinelli.com.br","http:\/\/facebook.com.br\/ninamartinellioficial","http:\/\/instagram.com\/ninamartinellioficial"],"url":"https:\/\/ninamartinelli.com.br\/blog2\/author\/nina\/"}]}},"_links":{"self":[{"href":"https:\/\/ninamartinelli.com.br\/blog2\/wp-json\/wp\/v2\/posts\/1541","targetHints":{"allow":["GET"]}}],"collection":[{"href":"https:\/\/ninamartinelli.com.br\/blog2\/wp-json\/wp\/v2\/posts"}],"about":[{"href":"https:\/\/ninamartinelli.com.br\/blog2\/wp-json\/wp\/v2\/types\/post"}],"author":[{"embeddable":true,"href":"https:\/\/ninamartinelli.com.br\/blog2\/wp-json\/wp\/v2\/users\/1"}],"replies":[{"embeddable":true,"href":"https:\/\/ninamartinelli.com.br\/blog2\/wp-json\/wp\/v2\/comments?post=1541"}],"version-history":[{"count":12,"href":"https:\/\/ninamartinelli.com.br\/blog2\/wp-json\/wp\/v2\/posts\/1541\/revisions"}],"predecessor-version":[{"id":1563,"href":"https:\/\/ninamartinelli.com.br\/blog2\/wp-json\/wp\/v2\/posts\/1541\/revisions\/1563"}],"wp:featuredmedia":[{"embeddable":true,"href":"https:\/\/ninamartinelli.com.br\/blog2\/wp-json\/wp\/v2\/media\/1556"}],"wp:attachment":[{"href":"https:\/\/ninamartinelli.com.br\/blog2\/wp-json\/wp\/v2\/media?parent=1541"}],"wp:term":[{"taxonomy":"category","embeddable":true,"href":"https:\/\/ninamartinelli.com.br\/blog2\/wp-json\/wp\/v2\/categories?post=1541"},{"taxonomy":"post_tag","embeddable":true,"href":"https:\/\/ninamartinelli.com.br\/blog2\/wp-json\/wp\/v2\/tags?post=1541"}],"curies":[{"name":"wp","href":"https:\/\/api.w.org\/{rel}","templated":true}]}}