{"id":1479,"date":"2021-08-06T16:58:40","date_gmt":"2021-08-06T19:58:40","guid":{"rendered":"http:\/\/blog.ninamartinelli.com.br\/?p=1479"},"modified":"2021-08-10T14:15:41","modified_gmt":"2021-08-10T17:15:41","slug":"punta-del-este-despertando-inspiracao-com-brick-escocia","status":"publish","type":"post","link":"https:\/\/ninamartinelli.com.br\/blog2\/punta-del-este-despertando-inspiracao-com-brick-escocia\/","title":{"rendered":"Punta Del Este despertando inspira\u00e7\u00e3o com Brick Esc\u00f3cia"},"content":{"rendered":"<p><em><strong><span style=\"color: #000000;\">Em Punta Del Este, o hotel Fasano Las Piedras encantou arquiteto que criou projeto residencial com tijolinho Nina<\/span><\/strong><\/em><\/p>\n<p>Punta Del Este agu\u00e7ando sentidos. Alguns anos atr\u00e1s o arquiteto <strong>Alexandre Harrisberger<\/strong>, s\u00f3cio de <strong>Antonio Carlos Martinelli<\/strong> no <a href=\"http:\/\/www.studioarquiteturasjc.com.br\/\">Studio Arquitetura<\/a>, de S\u00e3o Jos\u00e9 dos Campos\/SP, decidiu tirar uns dias de folga e escolheu, para se desligar dos grandes agitos, um elegante ref\u00fagio no Uruguai: o <a href=\"https:\/\/www.fasano.com.br\/hoteis\/fasano-punta-del-este?gclid=CjwKCAjwi9-HBhACEiwAPzUhHErwpY9ILnQmWggLKK0pjXu-_5aaYwZF4snjxpLyrlV11RH9J0NjCxoCRQ0QAvD_BwE\">Hotel Fasano Las Piedras<\/a>, no badalado balne\u00e1rio de Punta Del Este.<\/p>\n<p>Projetado por <a href=\"https:\/\/www.isayweinfeld.com\/en\/\">Isay Weinfeld<\/a>, e constru\u00eddo em 2016, o hotel foi erguido na regi\u00e3o de La Barra, \u00e0s margens do Rio Maldonado, num cen\u00e1rio definido pelo pr\u00f3prio profissional como \u201cdram\u00e1tico e deslumbrante\u201d, composto por colinas rochosas, de vegeta\u00e7\u00e3o esparsa e rasteira. <em>\u201cUma mistura de Toscana com Inglaterra\u201d<\/em>, diziam os propriet\u00e1rios da \u00e1rea em Punta Del Este.<\/p>\n<h3><a href=\"http:\/\/blog.ninamartinelli.com.br\/celebracao-da-natureza-nina-martinelli-leva-design-vivo-e-beleza-a-expo-revestir-2021\/\">Brick Esc\u00f3cia foi destaque Nina na Expo Revestir 2021<\/a><\/h3>\n<p><img loading=\"lazy\" decoding=\"async\" class=\"alignleft wp-image-1498 size-medium\" src=\"http:\/\/blog.ninamartinelli.com.br\/wp-content\/uploads\/2021\/07\/ESCOCIA-300x300.png\" alt=\"\" width=\"300\" height=\"300\" srcset=\"https:\/\/ninamartinelli.com.br\/blog2\/wp-content\/uploads\/2021\/07\/ESCOCIA-300x300.png 300w, https:\/\/ninamartinelli.com.br\/blog2\/wp-content\/uploads\/2021\/07\/ESCOCIA-150x150.png 150w, https:\/\/ninamartinelli.com.br\/blog2\/wp-content\/uploads\/2021\/07\/ESCOCIA-50x50.png 50w, https:\/\/ninamartinelli.com.br\/blog2\/wp-content\/uploads\/2021\/07\/ESCOCIA.png 500w\" sizes=\"auto, (max-width: 300px) 100vw, 300px\" \/>Nessa paisagem, Weinfeld projetou instala\u00e7\u00f5es nas quais explorou materiais como pedras do pr\u00f3prio terreno, concreto e madeira, dispostos em grandes v\u00e3os fechados com vidro, formando volumes que parecem repousar sobre o relevo rochoso, abrindo-se para a natureza ao redor.<\/p>\n<p>Alexandre n\u00e3o conseguiu ficar indiferente \u00e0 discreta, mas ineg\u00e1vel eleg\u00e2ncia e impressionante beleza do lugar e das constru\u00e7\u00f5es, por ele registradas com admira\u00e7\u00e3o, em in\u00fameras fotos.<\/p>\n<p>Tempos depois, em S\u00e3o Jos\u00e9 dos Campos, clientes tradicionais do <a href=\"http:\/\/www.studioarquiteturasjc.com.br\/\" target=\"_blank\" rel=\"noopener noreferrer\">Studio Arquitetura<\/a> procuravam os profissionais para projetar sua nova resid\u00eancia, num dos mais nobres condom\u00ednios fechados da cidade \u2013 o Jardim das Colinas.<\/p>\n<p>Eles j\u00e1 viviam no local, mas queriam uma casa maior, mais pensada para satisfazer seus anseios de conforto, conv\u00edvio e modernidade, j\u00e1 que os dois \u2013 empres\u00e1rios da \u00e1rea de sa\u00fade \u2013 sempre foram muito aficionados \u00e0s novas tecnologias.<\/p>\n<p>Os desejos do casal encontraram nas refer\u00eancias trazidas do Uruguai por Alexandre a tradu\u00e7\u00e3o perfeita para o projeto de sua nova morada. Assim, ele e o s\u00f3cio projetaram uma casa inspirada no Fasano Las Piedras Punta Del Este, mas, obviamente, customizada para as necessidades e sonhos da fam\u00edlia.<\/p>\n<h3>Declividade do terreno prop\u00edcia<\/h3>\n<p>Num terreno de 434 m<sup>2<\/sup>, a casa tem 540 m<sup>2<\/sup> de \u00e1rea constru\u00edda, num lote com uma declividade importante que foi totalmente aproveitada para acomodar um dos tr\u00eas pavimentos do im\u00f3vel.<\/p>\n<p>A casa tem entrada para duas ruas, e conta com garagens, escrit\u00f3rio, sal\u00e3o multiuso, su\u00edte de empregada, salas de estar e jantar com p\u00e9-direito duplo, home theater \u2013 na verdade uma sala de cinema \u2013 cozinha, \u00e1rea de servi\u00e7o, despensa, lavabo, \u00e1rea gourmet, piscina, e tamb\u00e9m quatro su\u00edtes, incluindo uma master.<\/p>\n<p>Os arquitetos exploraram conceitos que flertam levemente com o brutalismo, mas com uso combinado do concreto com materiais que remetem \u00e0 natureza \u2013 pedras, madeira e texturas.<\/p>\n<p>A casa \u00e9 toda sustent\u00e1vel, dotada de sistema fotovoltaico de gera\u00e7\u00e3o de energia, equipamentos para reaproveitamento de \u00e1gua de chuva, bem como dispositivos de automatiza\u00e7\u00e3o.<\/p>\n<h3>Pedra sobre pedra<\/h3>\n<p>Em parte da fachada e tamb\u00e9m nos revestimentos internos dos muros, os arquitetos especificaram o Brick Esc\u00f3cia, da Nina Martinelli.<\/p>\n<p>Feito artesanalmente em cer\u00e2mica, o Brick Esc\u00f3cia ganha, gra\u00e7as \u00e0 tecnologia empregada e \u00e0 queima especial, uma bela tonalidade cinza, inspirada na <a href=\"https:\/\/www.pantone.com.br\/cor-do-ano-2021\/\">Cor do Ano Pantone 2021 \u2013 Ultimate Gray,<\/a> que evoca solidez e praticidade.<\/p>\n<p>Sua textura \u00e9 mesclada por pontos escuros, claros, com ranhuras e irregularidades que lhe conferem um aspecto r\u00fastico e elegante.<\/p>\n<p>Arandelas estrategicamente posicionadas, paisagismo minimalista e m\u00f3veis de design, como um bel\u00edssimo banco assinado por <a href=\"https:\/\/jaderalmeida.com\/\" target=\"_blank\" rel=\"noopener noreferrer\"><strong>Jader Almeida<\/strong><\/a>, d\u00e3o um visual harm\u00f4nico e sofisticado aos ambientes.<\/p>\n<p>Alexandre diz que o uso do Brick Esc\u00f3cia foi definido j\u00e1 nos primeiros tra\u00e7os do projeto e nos primeiros lances de desenvolvimento do conceito. \u201c<em>Quer\u00edamos essas texturas mais secas e as combinamos com outros elementos que lembram a madeira, para termos um conforto visual\u201d<\/em>, descreve. <em>\u201cO Brick Esc\u00f3cia j\u00e1 veio \u00e0 nossa mente l\u00e1 no in\u00edcio da concep\u00e7\u00e3o do projeto. Assentamos o produto seguindo as recomenda\u00e7\u00f5es do fabricante e o resultado foi surpreendente. Os clientes amaram o resultado e a inspira\u00e7\u00e3o no Fasano Las Piedras Punta Del Este, e n\u00f3s tamb\u00e9m\u201d,<\/em> comemora.<\/p>\n<hr \/>\n<h4><img loading=\"lazy\" decoding=\"async\" class=\"size-full wp-image-1500 aligncenter\" src=\"http:\/\/blog.ninamartinelli.com.br\/wp-content\/uploads\/2021\/07\/brick-escocia-nina-martinelli2.jpg\" alt=\"\" width=\"1000\" height=\"500\" srcset=\"https:\/\/ninamartinelli.com.br\/blog2\/wp-content\/uploads\/2021\/07\/brick-escocia-nina-martinelli2.jpg 1000w, https:\/\/ninamartinelli.com.br\/blog2\/wp-content\/uploads\/2021\/07\/brick-escocia-nina-martinelli2-300x150.jpg 300w, https:\/\/ninamartinelli.com.br\/blog2\/wp-content\/uploads\/2021\/07\/brick-escocia-nina-martinelli2-768x384.jpg 768w\" sizes=\"auto, (max-width: 1000px) 100vw, 1000px\" \/><\/h4>\n<h4><img loading=\"lazy\" decoding=\"async\" class=\"size-full wp-image-1501 aligncenter\" src=\"http:\/\/blog.ninamartinelli.com.br\/wp-content\/uploads\/2021\/07\/brick-escocia-nina-martinelli3.jpg\" alt=\"\" width=\"1000\" height=\"500\" srcset=\"https:\/\/ninamartinelli.com.br\/blog2\/wp-content\/uploads\/2021\/07\/brick-escocia-nina-martinelli3.jpg 1000w, https:\/\/ninamartinelli.com.br\/blog2\/wp-content\/uploads\/2021\/07\/brick-escocia-nina-martinelli3-300x150.jpg 300w, https:\/\/ninamartinelli.com.br\/blog2\/wp-content\/uploads\/2021\/07\/brick-escocia-nina-martinelli3-768x384.jpg 768w\" sizes=\"auto, (max-width: 1000px) 100vw, 1000px\" \/><\/h4>\n<hr \/>\n<h4>Resid\u00eancia inspirada no Hotel Fasano Las Piedras Punta Del Este \u2013 S\u00e3o Jos\u00e9 dos Campos\/SP<\/h4>\n<h4>Revestimento: Brick Esc\u00f3cia \u2013 7 x 24cm<\/h4>\n<h4>Projeto arquitet\u00f4nico e design de interiores \u2013 Alexandre Harrisberg e Antonio Carlos Martinelli \u2013 Studio Arquitetura\u00a0 &#8211; S\u00e3o Jos\u00e9 dos Campos \u2013 SP.<\/h4>\n<h4>Instagram: <a href=\"https:\/\/www.instagram.com\/studioarquiteturasjc\/\" target=\"_blank\" rel=\"noopener noreferrer\">@studioarquiteturasjc<\/a><\/h4>\n<h4>Site \u2013 <a href=\"http:\/\/www.studioarquiteturaqsjc.com.br\">www.studioarquiteturaqsjc.com.br<\/a><\/h4>\n","protected":false},"excerpt":{"rendered":"<p>Em Punta Del Este, o hotel Fasano Las Piedras encantou arquiteto que criou projeto residencial<\/p>\n","protected":false},"author":2,"featured_media":1499,"comment_status":"open","ping_status":"open","sticky":false,"template":"","format":"standard","meta":{"footnotes":""},"categories":[59,16,26],"tags":[36,113,114,112],"class_list":["post-1479","post","type-post","status-publish","format-standard","has-post-thumbnail","hentry","category-ceramica","category-colezione-brick","category-revestimentos","tag-brick","tag-hotel","tag-pedras","tag-rustico"],"yoast_head":"<!-- This site is optimized with the Yoast SEO plugin v26.8 - https:\/\/yoast.com\/product\/yoast-seo-wordpress\/ -->\n<title>Punta Del Este despertando inspira\u00e7\u00e3o com Brick Esc\u00f3cia<\/title>\n<meta name=\"description\" content=\"Em Punta Del Este, o hotel Fasano Las Piedras encantou arquiteto que criou projeto residencial com Brick Esc\u00f3cia, da Nina Martinelli\" \/>\n<meta name=\"robots\" content=\"index, follow, max-snippet:-1, max-image-preview:large, max-video-preview:-1\" \/>\n<link rel=\"canonical\" href=\"https:\/\/ninamartinelli.com.br\/blog2\/punta-del-este-despertando-inspiracao-com-brick-escocia\/\" \/>\n<meta property=\"og:locale\" content=\"pt_BR\" \/>\n<meta property=\"og:type\" content=\"article\" \/>\n<meta property=\"og:title\" content=\"Punta Del Este despertando inspira\u00e7\u00e3o com Brick Esc\u00f3cia\" \/>\n<meta property=\"og:description\" content=\"Em Punta Del Este, o hotel Fasano Las Piedras encantou arquiteto que criou projeto residencial com Brick Esc\u00f3cia, da Nina Martinelli\" \/>\n<meta property=\"og:url\" content=\"https:\/\/ninamartinelli.com.br\/blog2\/punta-del-este-despertando-inspiracao-com-brick-escocia\/\" \/>\n<meta property=\"og:site_name\" content=\"Blog Nina\" \/>\n<meta property=\"article:published_time\" content=\"2021-08-06T19:58:40+00:00\" \/>\n<meta property=\"article:modified_time\" content=\"2021-08-10T17:15:41+00:00\" \/>\n<meta property=\"og:image\" content=\"https:\/\/ninamartinelli.com.br\/blog2\/wp-content\/uploads\/2021\/07\/brick-escocia-nina-martinelli1.png\" \/>\n\t<meta property=\"og:image:width\" content=\"1000\" \/>\n\t<meta property=\"og:image:height\" content=\"1000\" \/>\n\t<meta property=\"og:image:type\" content=\"image\/png\" \/>\n<meta name=\"author\" content=\"Ana Maria Devides\" \/>\n<meta name=\"twitter:card\" content=\"summary_large_image\" \/>\n<meta name=\"twitter:label1\" content=\"Escrito por\" \/>\n\t<meta name=\"twitter:data1\" content=\"Ana Maria Devides\" \/>\n\t<meta name=\"twitter:label2\" content=\"Est. tempo de leitura\" \/>\n\t<meta name=\"twitter:data2\" content=\"4 minutos\" \/>\n<script type=\"application\/ld+json\" class=\"yoast-schema-graph\">{\"@context\":\"https:\/\/schema.org\",\"@graph\":[{\"@type\":\"Article\",\"@id\":\"https:\/\/ninamartinelli.com.br\/blog2\/punta-del-este-despertando-inspiracao-com-brick-escocia\/#article\",\"isPartOf\":{\"@id\":\"https:\/\/ninamartinelli.com.br\/blog2\/punta-del-este-despertando-inspiracao-com-brick-escocia\/\"},\"author\":{\"name\":\"Ana Maria Devides\",\"@id\":\"https:\/\/ninamartinelli.com.br\/blog2\/#\/schema\/person\/43fbfb1d4cbe3b472995206b2bb06df5\"},\"headline\":\"Punta Del Este despertando inspira\u00e7\u00e3o com Brick Esc\u00f3cia\",\"datePublished\":\"2021-08-06T19:58:40+00:00\",\"dateModified\":\"2021-08-10T17:15:41+00:00\",\"mainEntityOfPage\":{\"@id\":\"https:\/\/ninamartinelli.com.br\/blog2\/punta-del-este-despertando-inspiracao-com-brick-escocia\/\"},\"wordCount\":768,\"commentCount\":0,\"publisher\":{\"@id\":\"https:\/\/ninamartinelli.com.br\/blog2\/#organization\"},\"image\":{\"@id\":\"https:\/\/ninamartinelli.com.br\/blog2\/punta-del-este-despertando-inspiracao-com-brick-escocia\/#primaryimage\"},\"thumbnailUrl\":\"https:\/\/ninamartinelli.com.br\/blog2\/wp-content\/uploads\/2021\/07\/brick-escocia-nina-martinelli1.png\",\"keywords\":[\"brick\",\"hotel\",\"pedras\",\"rustico\"],\"articleSection\":[\"Cer\u00e2mica\",\"Colezione Brick\",\"Revestimentos\"],\"inLanguage\":\"pt-BR\",\"potentialAction\":[{\"@type\":\"CommentAction\",\"name\":\"Comment\",\"target\":[\"https:\/\/ninamartinelli.com.br\/blog2\/punta-del-este-despertando-inspiracao-com-brick-escocia\/#respond\"]}]},{\"@type\":\"WebPage\",\"@id\":\"https:\/\/ninamartinelli.com.br\/blog2\/punta-del-este-despertando-inspiracao-com-brick-escocia\/\",\"url\":\"https:\/\/ninamartinelli.com.br\/blog2\/punta-del-este-despertando-inspiracao-com-brick-escocia\/\",\"name\":\"Punta Del Este despertando inspira\u00e7\u00e3o com Brick Esc\u00f3cia\",\"isPartOf\":{\"@id\":\"https:\/\/ninamartinelli.com.br\/blog2\/#website\"},\"primaryImageOfPage\":{\"@id\":\"https:\/\/ninamartinelli.com.br\/blog2\/punta-del-este-despertando-inspiracao-com-brick-escocia\/#primaryimage\"},\"image\":{\"@id\":\"https:\/\/ninamartinelli.com.br\/blog2\/punta-del-este-despertando-inspiracao-com-brick-escocia\/#primaryimage\"},\"thumbnailUrl\":\"https:\/\/ninamartinelli.com.br\/blog2\/wp-content\/uploads\/2021\/07\/brick-escocia-nina-martinelli1.png\",\"datePublished\":\"2021-08-06T19:58:40+00:00\",\"dateModified\":\"2021-08-10T17:15:41+00:00\",\"description\":\"Em Punta Del Este, o hotel Fasano Las Piedras encantou arquiteto que criou projeto residencial com Brick Esc\u00f3cia, da Nina Martinelli\",\"breadcrumb\":{\"@id\":\"https:\/\/ninamartinelli.com.br\/blog2\/punta-del-este-despertando-inspiracao-com-brick-escocia\/#breadcrumb\"},\"inLanguage\":\"pt-BR\",\"potentialAction\":[{\"@type\":\"ReadAction\",\"target\":[\"https:\/\/ninamartinelli.com.br\/blog2\/punta-del-este-despertando-inspiracao-com-brick-escocia\/\"]}]},{\"@type\":\"ImageObject\",\"inLanguage\":\"pt-BR\",\"@id\":\"https:\/\/ninamartinelli.com.br\/blog2\/punta-del-este-despertando-inspiracao-com-brick-escocia\/#primaryimage\",\"url\":\"https:\/\/ninamartinelli.com.br\/blog2\/wp-content\/uploads\/2021\/07\/brick-escocia-nina-martinelli1.png\",\"contentUrl\":\"https:\/\/ninamartinelli.com.br\/blog2\/wp-content\/uploads\/2021\/07\/brick-escocia-nina-martinelli1.png\",\"width\":1000,\"height\":1000},{\"@type\":\"BreadcrumbList\",\"@id\":\"https:\/\/ninamartinelli.com.br\/blog2\/punta-del-este-despertando-inspiracao-com-brick-escocia\/#breadcrumb\",\"itemListElement\":[{\"@type\":\"ListItem\",\"position\":1,\"name\":\"In\u00edcio\",\"item\":\"https:\/\/ninamartinelli.com.br\/blog2\/\"},{\"@type\":\"ListItem\",\"position\":2,\"name\":\"Punta Del Este despertando inspira\u00e7\u00e3o com Brick Esc\u00f3cia\"}]},{\"@type\":\"WebSite\",\"@id\":\"https:\/\/ninamartinelli.com.br\/blog2\/#website\",\"url\":\"https:\/\/ninamartinelli.com.br\/blog2\/\",\"name\":\"Nina Martinelli\",\"description\":\"#Nina_Martinelli\",\"publisher\":{\"@id\":\"https:\/\/ninamartinelli.com.br\/blog2\/#organization\"},\"potentialAction\":[{\"@type\":\"SearchAction\",\"target\":{\"@type\":\"EntryPoint\",\"urlTemplate\":\"https:\/\/ninamartinelli.com.br\/blog2\/?s={search_term_string}\"},\"query-input\":{\"@type\":\"PropertyValueSpecification\",\"valueRequired\":true,\"valueName\":\"search_term_string\"}}],\"inLanguage\":\"pt-BR\"},{\"@type\":\"Organization\",\"@id\":\"https:\/\/ninamartinelli.com.br\/blog2\/#organization\",\"name\":\"Blog Novidades\",\"url\":\"https:\/\/ninamartinelli.com.br\/blog2\/\",\"logo\":{\"@type\":\"ImageObject\",\"inLanguage\":\"pt-BR\",\"@id\":\"https:\/\/ninamartinelli.com.br\/blog2\/#\/schema\/logo\/image\/\",\"url\":\"http:\/\/blog.ninamartinelli.com.br\/wp-content\/uploads\/2022\/03\/logo_nina_blog.png\",\"contentUrl\":\"http:\/\/blog.ninamartinelli.com.br\/wp-content\/uploads\/2022\/03\/logo_nina_blog.png\",\"width\":500,\"height\":104,\"caption\":\"Blog Novidades\"},\"image\":{\"@id\":\"https:\/\/ninamartinelli.com.br\/blog2\/#\/schema\/logo\/image\/\"}},{\"@type\":\"Person\",\"@id\":\"https:\/\/ninamartinelli.com.br\/blog2\/#\/schema\/person\/43fbfb1d4cbe3b472995206b2bb06df5\",\"name\":\"Ana Maria Devides\",\"image\":{\"@type\":\"ImageObject\",\"inLanguage\":\"pt-BR\",\"@id\":\"https:\/\/ninamartinelli.com.br\/blog2\/#\/schema\/person\/image\/\",\"url\":\"https:\/\/secure.gravatar.com\/avatar\/a03a82675d8bb3da8e5c5a6872db97be?s=96&d=mm&r=g\",\"contentUrl\":\"https:\/\/secure.gravatar.com\/avatar\/a03a82675d8bb3da8e5c5a6872db97be?s=96&d=mm&r=g\",\"caption\":\"Ana Maria Devides\"},\"url\":\"https:\/\/ninamartinelli.com.br\/blog2\/author\/assessoria-nina-martinelli\/\"}]}<\/script>\n<!-- \/ Yoast SEO plugin. -->","yoast_head_json":{"title":"Punta Del Este despertando inspira\u00e7\u00e3o com Brick Esc\u00f3cia","description":"Em Punta Del Este, o hotel Fasano Las Piedras encantou arquiteto que criou projeto residencial com Brick Esc\u00f3cia, da Nina Martinelli","robots":{"index":"index","follow":"follow","max-snippet":"max-snippet:-1","max-image-preview":"max-image-preview:large","max-video-preview":"max-video-preview:-1"},"canonical":"https:\/\/ninamartinelli.com.br\/blog2\/punta-del-este-despertando-inspiracao-com-brick-escocia\/","og_locale":"pt_BR","og_type":"article","og_title":"Punta Del Este despertando inspira\u00e7\u00e3o com Brick Esc\u00f3cia","og_description":"Em Punta Del Este, o hotel Fasano Las Piedras encantou arquiteto que criou projeto residencial com Brick Esc\u00f3cia, da Nina Martinelli","og_url":"https:\/\/ninamartinelli.com.br\/blog2\/punta-del-este-despertando-inspiracao-com-brick-escocia\/","og_site_name":"Blog Nina","article_published_time":"2021-08-06T19:58:40+00:00","article_modified_time":"2021-08-10T17:15:41+00:00","og_image":[{"width":1000,"height":1000,"url":"https:\/\/ninamartinelli.com.br\/blog2\/wp-content\/uploads\/2021\/07\/brick-escocia-nina-martinelli1.png","type":"image\/png"}],"author":"Ana Maria Devides","twitter_card":"summary_large_image","twitter_misc":{"Escrito por":"Ana Maria Devides","Est. tempo de leitura":"4 minutos"},"schema":{"@context":"https:\/\/schema.org","@graph":[{"@type":"Article","@id":"https:\/\/ninamartinelli.com.br\/blog2\/punta-del-este-despertando-inspiracao-com-brick-escocia\/#article","isPartOf":{"@id":"https:\/\/ninamartinelli.com.br\/blog2\/punta-del-este-despertando-inspiracao-com-brick-escocia\/"},"author":{"name":"Ana Maria Devides","@id":"https:\/\/ninamartinelli.com.br\/blog2\/#\/schema\/person\/43fbfb1d4cbe3b472995206b2bb06df5"},"headline":"Punta Del Este despertando inspira\u00e7\u00e3o com Brick Esc\u00f3cia","datePublished":"2021-08-06T19:58:40+00:00","dateModified":"2021-08-10T17:15:41+00:00","mainEntityOfPage":{"@id":"https:\/\/ninamartinelli.com.br\/blog2\/punta-del-este-despertando-inspiracao-com-brick-escocia\/"},"wordCount":768,"commentCount":0,"publisher":{"@id":"https:\/\/ninamartinelli.com.br\/blog2\/#organization"},"image":{"@id":"https:\/\/ninamartinelli.com.br\/blog2\/punta-del-este-despertando-inspiracao-com-brick-escocia\/#primaryimage"},"thumbnailUrl":"https:\/\/ninamartinelli.com.br\/blog2\/wp-content\/uploads\/2021\/07\/brick-escocia-nina-martinelli1.png","keywords":["brick","hotel","pedras","rustico"],"articleSection":["Cer\u00e2mica","Colezione Brick","Revestimentos"],"inLanguage":"pt-BR","potentialAction":[{"@type":"CommentAction","name":"Comment","target":["https:\/\/ninamartinelli.com.br\/blog2\/punta-del-este-despertando-inspiracao-com-brick-escocia\/#respond"]}]},{"@type":"WebPage","@id":"https:\/\/ninamartinelli.com.br\/blog2\/punta-del-este-despertando-inspiracao-com-brick-escocia\/","url":"https:\/\/ninamartinelli.com.br\/blog2\/punta-del-este-despertando-inspiracao-com-brick-escocia\/","name":"Punta Del Este despertando inspira\u00e7\u00e3o com Brick Esc\u00f3cia","isPartOf":{"@id":"https:\/\/ninamartinelli.com.br\/blog2\/#website"},"primaryImageOfPage":{"@id":"https:\/\/ninamartinelli.com.br\/blog2\/punta-del-este-despertando-inspiracao-com-brick-escocia\/#primaryimage"},"image":{"@id":"https:\/\/ninamartinelli.com.br\/blog2\/punta-del-este-despertando-inspiracao-com-brick-escocia\/#primaryimage"},"thumbnailUrl":"https:\/\/ninamartinelli.com.br\/blog2\/wp-content\/uploads\/2021\/07\/brick-escocia-nina-martinelli1.png","datePublished":"2021-08-06T19:58:40+00:00","dateModified":"2021-08-10T17:15:41+00:00","description":"Em Punta Del Este, o hotel Fasano Las Piedras encantou arquiteto que criou projeto residencial com Brick Esc\u00f3cia, da Nina Martinelli","breadcrumb":{"@id":"https:\/\/ninamartinelli.com.br\/blog2\/punta-del-este-despertando-inspiracao-com-brick-escocia\/#breadcrumb"},"inLanguage":"pt-BR","potentialAction":[{"@type":"ReadAction","target":["https:\/\/ninamartinelli.com.br\/blog2\/punta-del-este-despertando-inspiracao-com-brick-escocia\/"]}]},{"@type":"ImageObject","inLanguage":"pt-BR","@id":"https:\/\/ninamartinelli.com.br\/blog2\/punta-del-este-despertando-inspiracao-com-brick-escocia\/#primaryimage","url":"https:\/\/ninamartinelli.com.br\/blog2\/wp-content\/uploads\/2021\/07\/brick-escocia-nina-martinelli1.png","contentUrl":"https:\/\/ninamartinelli.com.br\/blog2\/wp-content\/uploads\/2021\/07\/brick-escocia-nina-martinelli1.png","width":1000,"height":1000},{"@type":"BreadcrumbList","@id":"https:\/\/ninamartinelli.com.br\/blog2\/punta-del-este-despertando-inspiracao-com-brick-escocia\/#breadcrumb","itemListElement":[{"@type":"ListItem","position":1,"name":"In\u00edcio","item":"https:\/\/ninamartinelli.com.br\/blog2\/"},{"@type":"ListItem","position":2,"name":"Punta Del Este despertando inspira\u00e7\u00e3o com Brick Esc\u00f3cia"}]},{"@type":"WebSite","@id":"https:\/\/ninamartinelli.com.br\/blog2\/#website","url":"https:\/\/ninamartinelli.com.br\/blog2\/","name":"Nina Martinelli","description":"#Nina_Martinelli","publisher":{"@id":"https:\/\/ninamartinelli.com.br\/blog2\/#organization"},"potentialAction":[{"@type":"SearchAction","target":{"@type":"EntryPoint","urlTemplate":"https:\/\/ninamartinelli.com.br\/blog2\/?s={search_term_string}"},"query-input":{"@type":"PropertyValueSpecification","valueRequired":true,"valueName":"search_term_string"}}],"inLanguage":"pt-BR"},{"@type":"Organization","@id":"https:\/\/ninamartinelli.com.br\/blog2\/#organization","name":"Blog Novidades","url":"https:\/\/ninamartinelli.com.br\/blog2\/","logo":{"@type":"ImageObject","inLanguage":"pt-BR","@id":"https:\/\/ninamartinelli.com.br\/blog2\/#\/schema\/logo\/image\/","url":"http:\/\/blog.ninamartinelli.com.br\/wp-content\/uploads\/2022\/03\/logo_nina_blog.png","contentUrl":"http:\/\/blog.ninamartinelli.com.br\/wp-content\/uploads\/2022\/03\/logo_nina_blog.png","width":500,"height":104,"caption":"Blog Novidades"},"image":{"@id":"https:\/\/ninamartinelli.com.br\/blog2\/#\/schema\/logo\/image\/"}},{"@type":"Person","@id":"https:\/\/ninamartinelli.com.br\/blog2\/#\/schema\/person\/43fbfb1d4cbe3b472995206b2bb06df5","name":"Ana Maria Devides","image":{"@type":"ImageObject","inLanguage":"pt-BR","@id":"https:\/\/ninamartinelli.com.br\/blog2\/#\/schema\/person\/image\/","url":"https:\/\/secure.gravatar.com\/avatar\/a03a82675d8bb3da8e5c5a6872db97be?s=96&d=mm&r=g","contentUrl":"https:\/\/secure.gravatar.com\/avatar\/a03a82675d8bb3da8e5c5a6872db97be?s=96&d=mm&r=g","caption":"Ana Maria Devides"},"url":"https:\/\/ninamartinelli.com.br\/blog2\/author\/assessoria-nina-martinelli\/"}]}},"_links":{"self":[{"href":"https:\/\/ninamartinelli.com.br\/blog2\/wp-json\/wp\/v2\/posts\/1479","targetHints":{"allow":["GET"]}}],"collection":[{"href":"https:\/\/ninamartinelli.com.br\/blog2\/wp-json\/wp\/v2\/posts"}],"about":[{"href":"https:\/\/ninamartinelli.com.br\/blog2\/wp-json\/wp\/v2\/types\/post"}],"author":[{"embeddable":true,"href":"https:\/\/ninamartinelli.com.br\/blog2\/wp-json\/wp\/v2\/users\/2"}],"replies":[{"embeddable":true,"href":"https:\/\/ninamartinelli.com.br\/blog2\/wp-json\/wp\/v2\/comments?post=1479"}],"version-history":[{"count":11,"href":"https:\/\/ninamartinelli.com.br\/blog2\/wp-json\/wp\/v2\/posts\/1479\/revisions"}],"predecessor-version":[{"id":1504,"href":"https:\/\/ninamartinelli.com.br\/blog2\/wp-json\/wp\/v2\/posts\/1479\/revisions\/1504"}],"wp:featuredmedia":[{"embeddable":true,"href":"https:\/\/ninamartinelli.com.br\/blog2\/wp-json\/wp\/v2\/media\/1499"}],"wp:attachment":[{"href":"https:\/\/ninamartinelli.com.br\/blog2\/wp-json\/wp\/v2\/media?parent=1479"}],"wp:term":[{"taxonomy":"category","embeddable":true,"href":"https:\/\/ninamartinelli.com.br\/blog2\/wp-json\/wp\/v2\/categories?post=1479"},{"taxonomy":"post_tag","embeddable":true,"href":"https:\/\/ninamartinelli.com.br\/blog2\/wp-json\/wp\/v2\/tags?post=1479"}],"curies":[{"name":"wp","href":"https:\/\/api.w.org\/{rel}","templated":true}]}}