{"id":1451,"date":"2021-06-11T10:08:49","date_gmt":"2021-06-11T13:08:49","guid":{"rendered":"http:\/\/blog.ninamartinelli.com.br\/?p=1451"},"modified":"2021-06-09T10:31:48","modified_gmt":"2021-06-09T13:31:48","slug":"movel-elevado-a-condicao-de-obra-de-arte-com-madeira-cubo","status":"publish","type":"post","link":"https:\/\/ninamartinelli.com.br\/blog2\/movel-elevado-a-condicao-de-obra-de-arte-com-madeira-cubo\/","title":{"rendered":"M\u00f3vel elevado \u00e0 condi\u00e7\u00e3o de obra de arte com Madeira Cubo"},"content":{"rendered":"<p><em><strong>Casal jovem sonhava com apartamento que tivesse personalidade e aconchego, mas com pegada atemporal<\/strong><\/em><\/p>\n<p>Ao comprarem seu primeiro apartamento em Juiz de Fora-MG, um jovem casal rec\u00e9m casado idealizou come\u00e7arem a vida a dois num ambiente que tivesse, ao mesmo tempo, personalidade e aconchego. Ousadia e leveza.<\/p>\n<p>O sutil equil\u00edbrio entre essas caracter\u00edsticas virou miss\u00e3o entregue ao escrit\u00f3rio <strong>Neway Arquitetura<\/strong>, da mesma importante cidade da Zona da Mata mineira.<\/p>\n<p>A favor, al\u00e9m da mente aberta dos clientes, que trabalham fora, mas amam ficar em casa e receber, as profissionais respons\u00e1veis pelo escrit\u00f3rio, na \u00e9poca <strong>Mariah Lovisi e Renata Carvalho,<\/strong> tinham tamb\u00e9m o fato de que foram contratadas ainda na fase de constru\u00e7\u00e3o do apartamento, o que lhes deu muita liberdade de promover mudan\u00e7as no escopo original.<\/p>\n<p><em>\u201cO im\u00f3vel tem cerca de 160m\u00b2 com tr\u00eas su\u00edtes, e fizemos altera\u00e7\u00f5es pontuais, transformando uma das su\u00edtes em closet e aumentando um pouco da \u00e1rea de servi\u00e7o. O restante deixamos como encontramos e ele tem salas de estar e jantar integradas a uma varanda bem generosa\u201d<\/em>, descreve Mariah, que hoje responde pelo escrit\u00f3rio.<\/p>\n<p>Ap\u00f3s darem uma configura\u00e7\u00e3o diferenciada ao apartamento, as profissionais criaram um projeto de interiores com base num conceito que garantisse aconchego, sem ficar datado.<\/p>\n<p><em>\u201cEles tinham refer\u00eancias muito fortes, que misturavam elementos cl\u00e1ssicos, retr\u00f4 e contempor\u00e2neos. Queriam um ambiente com cor e personalidade, sem medo de ousar, mas que, mesmo assim, fosse atemporal\u201d<\/em>, explica Mariah.<\/p>\n<h3>Obra de arte com muito estilo<\/h3>\n<p>No maior ambiente integrado, o social, arquitetas adotaram solu\u00e7\u00f5es combinadas para alcan\u00e7ar o resultado almejado, com texturas distintas, tijolinho branco recobrindo a parede principal, tons claros, teto rebaixado e estilo clean nos m\u00f3veis da sala de jantar, contrastando com um enorme e convidativo sof\u00e1 em azul profundo na \u00e1rea de estar e de TV.<\/p>\n<p>Para acomodar TV, eletroeletr\u00f4nicos, objetos afetivos e de decora\u00e7\u00e3o, encomendaram uma marcenaria exclusiva, um m\u00f3vel longo que serve como rack e aparador.<\/p>\n<p><img loading=\"lazy\" decoding=\"async\" class=\"alignleft wp-image-1276 size-medium\" src=\"http:\/\/blog.ninamartinelli.com.br\/wp-content\/uploads\/2021\/01\/madeira-cubo-2-300x300.jpg\" alt=\"\" width=\"300\" height=\"300\" srcset=\"https:\/\/ninamartinelli.com.br\/blog2\/wp-content\/uploads\/2021\/01\/madeira-cubo-2-300x300.jpg 300w, https:\/\/ninamartinelli.com.br\/blog2\/wp-content\/uploads\/2021\/01\/madeira-cubo-2-150x150.jpg 150w, https:\/\/ninamartinelli.com.br\/blog2\/wp-content\/uploads\/2021\/01\/madeira-cubo-2-50x50.jpg 50w, https:\/\/ninamartinelli.com.br\/blog2\/wp-content\/uploads\/2021\/01\/madeira-cubo-2.jpg 500w\" sizes=\"auto, (max-width: 300px) 100vw, 300px\" \/>E foi a\u00ed que entrou um elemento ainda mais especial \u2013 o revestimento <strong>Madeira Cubo<\/strong>, da Nina Martinelli. O produto foi aplicado em duas portas de correr do aparador, transformando-o numa verdadeira obra de arte, como as belas pe\u00e7as em marchetaria, feitas por m\u00e3os habilidosas desde o Egito antigo. Mas, claro, com muita modernidade.<\/p>\n<p>Integrante da linha Madeira Nina Martinelli, o produto consiste em pe\u00e7as fabricadas com um toque r\u00fastico, mas sem perder a sofistica\u00e7\u00e3o e estilo. \u00c9 disponibilizado em placas que v\u00e3o de 20&#215;45 cm, nos tons canela, tabaco e natural.<\/p>\n<p>Aplicado em paredes internas, como acabamento ou complemento de projetos de marcenaria exclusivos, ou mesmo fazendo as vezes de cabeceiras de camas, por exemplo, garante um efeito tridimensional que surpreende o olhar.<\/p>\n<p>Mariah afirma que o efeito agradou em cheio. \u201c<em>O Madeira Cubo trouxe a contemporaneidade que busc\u00e1vamos para o projeto, criando um ponto de destaque na sala\u201d<\/em>, explica;<\/p>\n<p><em>\u201cA contemporaneidade se deu atrav\u00e9s da materialidade da madeira pelo aconchego que este material traz. Al\u00e9m disso, o design do produto deu o toque final de sofistica\u00e7\u00e3o que o ambiente pedia\u201d<\/em>, acrescenta ela.<\/p>\n<h3>Aplica\u00e7\u00e3o e combina\u00e7\u00e3o de cores<\/h3>\n<p>A aplica\u00e7\u00e3o foi relativamente simples, segundo Mariah. O marceneiro Jo\u00e3o Alves, da Alves Marcenaria, fez a base da porta e aplicou o acabamento diretamente no m\u00f3vel, atrav\u00e9s do uso de uma cola especial.<\/p>\n<p>O maior desafio, segundo a profissional, parecia ser a combina\u00e7\u00e3o do Madeira Cubo com a l\u00e2mina que revestiria o restante do m\u00f3vel. Por\u00e9m, as diferentes tonalidades do revestimento facilitaram a escolha pela l\u00e2mina natural de freij\u00f3.<\/p>\n<p><em>\u201cO revestimento trouxe uma nova interpreta\u00e7\u00e3o das antigas t\u00e9cnicas de marchetaria no mobili\u00e1rio. Foi aplicado de forma f\u00e1cil e t\u00e3o belo quanto a marchetaria tradicional. Algo com a beleza da t\u00e9cnica artesanal, mas com a praticidade dos tempos de hoje, ideia essa que casou perfeitamente com nosso projeto\u201d<\/em>, diz.<\/p>\n<p>Mariah conta que os clientes ficaram maravilhados e todos os que contemplam a pe\u00e7a se surpreendem ao saber que se trata de um revestimento encontrado pronto no mercado. <em>\u201cS\u00f3 posso dizer que a Nina Martinelli brilhou com esse acabamento, trouxe a praticidade de aplica\u00e7\u00e3o com a beleza do produto artesanal\u201d,<\/em> elogia.<\/p>\n<hr \/>\n<h4><span style=\"color: #993300;\"><a style=\"color: #993300;\" href=\"http:\/\/blog.ninamartinelli.com.br\/category\/colezione-madeira\/\" target=\"_blank\" rel=\"noopener noreferrer\">&gt;&gt;CLIQUE AQUI e veja mais projetos com revestimentos em madeira natural<\/a><\/span><\/h4>\n<p>&nbsp;<\/p>\n<hr \/>\n<p><img loading=\"lazy\" decoding=\"async\" class=\"size-full wp-image-1456 aligncenter\" src=\"http:\/\/blog.ninamartinelli.com.br\/wp-content\/uploads\/2021\/06\/madeira-cubo6.jpg\" alt=\"\" width=\"1000\" height=\"500\" srcset=\"https:\/\/ninamartinelli.com.br\/blog2\/wp-content\/uploads\/2021\/06\/madeira-cubo6.jpg 1000w, https:\/\/ninamartinelli.com.br\/blog2\/wp-content\/uploads\/2021\/06\/madeira-cubo6-300x150.jpg 300w, https:\/\/ninamartinelli.com.br\/blog2\/wp-content\/uploads\/2021\/06\/madeira-cubo6-768x384.jpg 768w\" sizes=\"auto, (max-width: 1000px) 100vw, 1000px\" \/><\/p>\n<hr \/>\n<h4>Sala de estar integrada \u00e0 de jantar \u2013 marcenaria parcialmente revestida \u2013 Juiz de Fora-MG<br \/>\nMadeira Cubo, aplicado em portas de correr de aparador<br \/>\nProjeto \u2013 Mariah Lovisi e Renata Carvalho \u2013 Neway Arquitetura &#8211; <a href=\"https:\/\/www.instagram.com\/neway.arq\/\" target=\"_blank\" rel=\"noopener noreferrer\">@neway.arq<\/a><br \/>\nMarcenaria \u2013 Jo\u00e3o Alves<br \/>\nFotos: Divulga\u00e7\u00e3o<\/h4>\n","protected":false},"excerpt":{"rendered":"<p>Casal jovem sonhava com apartamento que tivesse personalidade e aconchego, mas com pegada atemporal Ao<\/p>\n","protected":false},"author":1,"featured_media":1455,"comment_status":"open","ping_status":"open","sticky":false,"template":"","format":"standard","meta":{"footnotes":""},"categories":[11,61,26],"tags":[110,35,108,109,91],"class_list":["post-1451","post","type-post","status-publish","format-standard","has-post-thumbnail","hentry","category-colezione-madeira","category-madeira-natural","category-revestimentos","tag-contemporaneo","tag-madeira","tag-movel","tag-retro","tag-sala"],"yoast_head":"<!-- This site is optimized with the Yoast SEO plugin v26.8 - https:\/\/yoast.com\/product\/yoast-seo-wordpress\/ -->\n<title>M\u00f3vel elevado \u00e0 condi\u00e7\u00e3o de obra de arte com Madeira Cubo - Blog Nina<\/title>\n<meta name=\"robots\" content=\"index, follow, max-snippet:-1, max-image-preview:large, max-video-preview:-1\" \/>\n<link rel=\"canonical\" href=\"https:\/\/ninamartinelli.com.br\/blog2\/movel-elevado-a-condicao-de-obra-de-arte-com-madeira-cubo\/\" \/>\n<meta property=\"og:locale\" content=\"pt_BR\" \/>\n<meta property=\"og:type\" content=\"article\" \/>\n<meta property=\"og:title\" content=\"M\u00f3vel elevado \u00e0 condi\u00e7\u00e3o de obra de arte com Madeira Cubo - Blog Nina\" \/>\n<meta property=\"og:description\" content=\"Casal jovem sonhava com apartamento que tivesse personalidade e aconchego, mas com pegada atemporal Ao\" \/>\n<meta property=\"og:url\" content=\"https:\/\/ninamartinelli.com.br\/blog2\/movel-elevado-a-condicao-de-obra-de-arte-com-madeira-cubo\/\" \/>\n<meta property=\"og:site_name\" content=\"Blog Nina\" \/>\n<meta property=\"article:author\" content=\"http:\/\/facebook.com.br\/ninamartinellioficial\" \/>\n<meta property=\"article:published_time\" content=\"2021-06-11T13:08:49+00:00\" \/>\n<meta property=\"og:image\" content=\"https:\/\/ninamartinelli.com.br\/blog2\/wp-content\/uploads\/2021\/06\/madeira-cubo5.jpg\" \/>\n\t<meta property=\"og:image:width\" content=\"900\" \/>\n\t<meta property=\"og:image:height\" content=\"900\" \/>\n\t<meta property=\"og:image:type\" content=\"image\/jpeg\" \/>\n<meta name=\"author\" content=\"Comunica\u00e7\u00e3o Nina\" \/>\n<meta name=\"twitter:card\" content=\"summary_large_image\" \/>\n<meta name=\"twitter:label1\" content=\"Escrito por\" \/>\n\t<meta name=\"twitter:data1\" content=\"Comunica\u00e7\u00e3o Nina\" \/>\n\t<meta name=\"twitter:label2\" content=\"Est. tempo de leitura\" \/>\n\t<meta name=\"twitter:data2\" content=\"4 minutos\" \/>\n<script type=\"application\/ld+json\" class=\"yoast-schema-graph\">{\"@context\":\"https:\/\/schema.org\",\"@graph\":[{\"@type\":\"Article\",\"@id\":\"https:\/\/ninamartinelli.com.br\/blog2\/movel-elevado-a-condicao-de-obra-de-arte-com-madeira-cubo\/#article\",\"isPartOf\":{\"@id\":\"https:\/\/ninamartinelli.com.br\/blog2\/movel-elevado-a-condicao-de-obra-de-arte-com-madeira-cubo\/\"},\"author\":{\"name\":\"Comunica\u00e7\u00e3o Nina\",\"@id\":\"https:\/\/ninamartinelli.com.br\/blog2\/#\/schema\/person\/880a2cdee0a047e9b55254085d24f922\"},\"headline\":\"M\u00f3vel elevado \u00e0 condi\u00e7\u00e3o de obra de arte com Madeira Cubo\",\"datePublished\":\"2021-06-11T13:08:49+00:00\",\"mainEntityOfPage\":{\"@id\":\"https:\/\/ninamartinelli.com.br\/blog2\/movel-elevado-a-condicao-de-obra-de-arte-com-madeira-cubo\/\"},\"wordCount\":796,\"commentCount\":0,\"publisher\":{\"@id\":\"https:\/\/ninamartinelli.com.br\/blog2\/#organization\"},\"image\":{\"@id\":\"https:\/\/ninamartinelli.com.br\/blog2\/movel-elevado-a-condicao-de-obra-de-arte-com-madeira-cubo\/#primaryimage\"},\"thumbnailUrl\":\"https:\/\/ninamartinelli.com.br\/blog2\/wp-content\/uploads\/2021\/06\/madeira-cubo5.jpg\",\"keywords\":[\"contemporaneo\",\"madeira\",\"movel\",\"retro\",\"sala\"],\"articleSection\":[\"Colezione Madeira\",\"Madeira natural\",\"Revestimentos\"],\"inLanguage\":\"pt-BR\",\"potentialAction\":[{\"@type\":\"CommentAction\",\"name\":\"Comment\",\"target\":[\"https:\/\/ninamartinelli.com.br\/blog2\/movel-elevado-a-condicao-de-obra-de-arte-com-madeira-cubo\/#respond\"]}]},{\"@type\":\"WebPage\",\"@id\":\"https:\/\/ninamartinelli.com.br\/blog2\/movel-elevado-a-condicao-de-obra-de-arte-com-madeira-cubo\/\",\"url\":\"https:\/\/ninamartinelli.com.br\/blog2\/movel-elevado-a-condicao-de-obra-de-arte-com-madeira-cubo\/\",\"name\":\"M\u00f3vel elevado \u00e0 condi\u00e7\u00e3o de obra de arte com Madeira Cubo - Blog Nina\",\"isPartOf\":{\"@id\":\"https:\/\/ninamartinelli.com.br\/blog2\/#website\"},\"primaryImageOfPage\":{\"@id\":\"https:\/\/ninamartinelli.com.br\/blog2\/movel-elevado-a-condicao-de-obra-de-arte-com-madeira-cubo\/#primaryimage\"},\"image\":{\"@id\":\"https:\/\/ninamartinelli.com.br\/blog2\/movel-elevado-a-condicao-de-obra-de-arte-com-madeira-cubo\/#primaryimage\"},\"thumbnailUrl\":\"https:\/\/ninamartinelli.com.br\/blog2\/wp-content\/uploads\/2021\/06\/madeira-cubo5.jpg\",\"datePublished\":\"2021-06-11T13:08:49+00:00\",\"breadcrumb\":{\"@id\":\"https:\/\/ninamartinelli.com.br\/blog2\/movel-elevado-a-condicao-de-obra-de-arte-com-madeira-cubo\/#breadcrumb\"},\"inLanguage\":\"pt-BR\",\"potentialAction\":[{\"@type\":\"ReadAction\",\"target\":[\"https:\/\/ninamartinelli.com.br\/blog2\/movel-elevado-a-condicao-de-obra-de-arte-com-madeira-cubo\/\"]}]},{\"@type\":\"ImageObject\",\"inLanguage\":\"pt-BR\",\"@id\":\"https:\/\/ninamartinelli.com.br\/blog2\/movel-elevado-a-condicao-de-obra-de-arte-com-madeira-cubo\/#primaryimage\",\"url\":\"https:\/\/ninamartinelli.com.br\/blog2\/wp-content\/uploads\/2021\/06\/madeira-cubo5.jpg\",\"contentUrl\":\"https:\/\/ninamartinelli.com.br\/blog2\/wp-content\/uploads\/2021\/06\/madeira-cubo5.jpg\",\"width\":900,\"height\":900},{\"@type\":\"BreadcrumbList\",\"@id\":\"https:\/\/ninamartinelli.com.br\/blog2\/movel-elevado-a-condicao-de-obra-de-arte-com-madeira-cubo\/#breadcrumb\",\"itemListElement\":[{\"@type\":\"ListItem\",\"position\":1,\"name\":\"In\u00edcio\",\"item\":\"https:\/\/ninamartinelli.com.br\/blog2\/\"},{\"@type\":\"ListItem\",\"position\":2,\"name\":\"M\u00f3vel elevado \u00e0 condi\u00e7\u00e3o de obra de arte com Madeira Cubo\"}]},{\"@type\":\"WebSite\",\"@id\":\"https:\/\/ninamartinelli.com.br\/blog2\/#website\",\"url\":\"https:\/\/ninamartinelli.com.br\/blog2\/\",\"name\":\"Nina Martinelli\",\"description\":\"#Nina_Martinelli\",\"publisher\":{\"@id\":\"https:\/\/ninamartinelli.com.br\/blog2\/#organization\"},\"potentialAction\":[{\"@type\":\"SearchAction\",\"target\":{\"@type\":\"EntryPoint\",\"urlTemplate\":\"https:\/\/ninamartinelli.com.br\/blog2\/?s={search_term_string}\"},\"query-input\":{\"@type\":\"PropertyValueSpecification\",\"valueRequired\":true,\"valueName\":\"search_term_string\"}}],\"inLanguage\":\"pt-BR\"},{\"@type\":\"Organization\",\"@id\":\"https:\/\/ninamartinelli.com.br\/blog2\/#organization\",\"name\":\"Blog Novidades\",\"url\":\"https:\/\/ninamartinelli.com.br\/blog2\/\",\"logo\":{\"@type\":\"ImageObject\",\"inLanguage\":\"pt-BR\",\"@id\":\"https:\/\/ninamartinelli.com.br\/blog2\/#\/schema\/logo\/image\/\",\"url\":\"http:\/\/blog.ninamartinelli.com.br\/wp-content\/uploads\/2022\/03\/logo_nina_blog.png\",\"contentUrl\":\"http:\/\/blog.ninamartinelli.com.br\/wp-content\/uploads\/2022\/03\/logo_nina_blog.png\",\"width\":500,\"height\":104,\"caption\":\"Blog Novidades\"},\"image\":{\"@id\":\"https:\/\/ninamartinelli.com.br\/blog2\/#\/schema\/logo\/image\/\"}},{\"@type\":\"Person\",\"@id\":\"https:\/\/ninamartinelli.com.br\/blog2\/#\/schema\/person\/880a2cdee0a047e9b55254085d24f922\",\"name\":\"Comunica\u00e7\u00e3o Nina\",\"image\":{\"@type\":\"ImageObject\",\"inLanguage\":\"pt-BR\",\"@id\":\"https:\/\/ninamartinelli.com.br\/blog2\/#\/schema\/person\/image\/\",\"url\":\"https:\/\/secure.gravatar.com\/avatar\/0d3d763fb83768dd001497d074d4c4f6?s=96&d=mm&r=g\",\"contentUrl\":\"https:\/\/secure.gravatar.com\/avatar\/0d3d763fb83768dd001497d074d4c4f6?s=96&d=mm&r=g\",\"caption\":\"Comunica\u00e7\u00e3o Nina\"},\"sameAs\":[\"http:\/\/ninamartinelli.com.br\",\"http:\/\/facebook.com.br\/ninamartinellioficial\",\"http:\/\/instagram.com\/ninamartinellioficial\"],\"url\":\"https:\/\/ninamartinelli.com.br\/blog2\/author\/nina\/\"}]}<\/script>\n<!-- \/ Yoast SEO plugin. -->","yoast_head_json":{"title":"M\u00f3vel elevado \u00e0 condi\u00e7\u00e3o de obra de arte com Madeira Cubo - Blog Nina","robots":{"index":"index","follow":"follow","max-snippet":"max-snippet:-1","max-image-preview":"max-image-preview:large","max-video-preview":"max-video-preview:-1"},"canonical":"https:\/\/ninamartinelli.com.br\/blog2\/movel-elevado-a-condicao-de-obra-de-arte-com-madeira-cubo\/","og_locale":"pt_BR","og_type":"article","og_title":"M\u00f3vel elevado \u00e0 condi\u00e7\u00e3o de obra de arte com Madeira Cubo - Blog Nina","og_description":"Casal jovem sonhava com apartamento que tivesse personalidade e aconchego, mas com pegada atemporal Ao","og_url":"https:\/\/ninamartinelli.com.br\/blog2\/movel-elevado-a-condicao-de-obra-de-arte-com-madeira-cubo\/","og_site_name":"Blog Nina","article_author":"http:\/\/facebook.com.br\/ninamartinellioficial","article_published_time":"2021-06-11T13:08:49+00:00","og_image":[{"width":900,"height":900,"url":"https:\/\/ninamartinelli.com.br\/blog2\/wp-content\/uploads\/2021\/06\/madeira-cubo5.jpg","type":"image\/jpeg"}],"author":"Comunica\u00e7\u00e3o Nina","twitter_card":"summary_large_image","twitter_misc":{"Escrito por":"Comunica\u00e7\u00e3o Nina","Est. tempo de leitura":"4 minutos"},"schema":{"@context":"https:\/\/schema.org","@graph":[{"@type":"Article","@id":"https:\/\/ninamartinelli.com.br\/blog2\/movel-elevado-a-condicao-de-obra-de-arte-com-madeira-cubo\/#article","isPartOf":{"@id":"https:\/\/ninamartinelli.com.br\/blog2\/movel-elevado-a-condicao-de-obra-de-arte-com-madeira-cubo\/"},"author":{"name":"Comunica\u00e7\u00e3o Nina","@id":"https:\/\/ninamartinelli.com.br\/blog2\/#\/schema\/person\/880a2cdee0a047e9b55254085d24f922"},"headline":"M\u00f3vel elevado \u00e0 condi\u00e7\u00e3o de obra de arte com Madeira Cubo","datePublished":"2021-06-11T13:08:49+00:00","mainEntityOfPage":{"@id":"https:\/\/ninamartinelli.com.br\/blog2\/movel-elevado-a-condicao-de-obra-de-arte-com-madeira-cubo\/"},"wordCount":796,"commentCount":0,"publisher":{"@id":"https:\/\/ninamartinelli.com.br\/blog2\/#organization"},"image":{"@id":"https:\/\/ninamartinelli.com.br\/blog2\/movel-elevado-a-condicao-de-obra-de-arte-com-madeira-cubo\/#primaryimage"},"thumbnailUrl":"https:\/\/ninamartinelli.com.br\/blog2\/wp-content\/uploads\/2021\/06\/madeira-cubo5.jpg","keywords":["contemporaneo","madeira","movel","retro","sala"],"articleSection":["Colezione Madeira","Madeira natural","Revestimentos"],"inLanguage":"pt-BR","potentialAction":[{"@type":"CommentAction","name":"Comment","target":["https:\/\/ninamartinelli.com.br\/blog2\/movel-elevado-a-condicao-de-obra-de-arte-com-madeira-cubo\/#respond"]}]},{"@type":"WebPage","@id":"https:\/\/ninamartinelli.com.br\/blog2\/movel-elevado-a-condicao-de-obra-de-arte-com-madeira-cubo\/","url":"https:\/\/ninamartinelli.com.br\/blog2\/movel-elevado-a-condicao-de-obra-de-arte-com-madeira-cubo\/","name":"M\u00f3vel elevado \u00e0 condi\u00e7\u00e3o de obra de arte com Madeira Cubo - Blog Nina","isPartOf":{"@id":"https:\/\/ninamartinelli.com.br\/blog2\/#website"},"primaryImageOfPage":{"@id":"https:\/\/ninamartinelli.com.br\/blog2\/movel-elevado-a-condicao-de-obra-de-arte-com-madeira-cubo\/#primaryimage"},"image":{"@id":"https:\/\/ninamartinelli.com.br\/blog2\/movel-elevado-a-condicao-de-obra-de-arte-com-madeira-cubo\/#primaryimage"},"thumbnailUrl":"https:\/\/ninamartinelli.com.br\/blog2\/wp-content\/uploads\/2021\/06\/madeira-cubo5.jpg","datePublished":"2021-06-11T13:08:49+00:00","breadcrumb":{"@id":"https:\/\/ninamartinelli.com.br\/blog2\/movel-elevado-a-condicao-de-obra-de-arte-com-madeira-cubo\/#breadcrumb"},"inLanguage":"pt-BR","potentialAction":[{"@type":"ReadAction","target":["https:\/\/ninamartinelli.com.br\/blog2\/movel-elevado-a-condicao-de-obra-de-arte-com-madeira-cubo\/"]}]},{"@type":"ImageObject","inLanguage":"pt-BR","@id":"https:\/\/ninamartinelli.com.br\/blog2\/movel-elevado-a-condicao-de-obra-de-arte-com-madeira-cubo\/#primaryimage","url":"https:\/\/ninamartinelli.com.br\/blog2\/wp-content\/uploads\/2021\/06\/madeira-cubo5.jpg","contentUrl":"https:\/\/ninamartinelli.com.br\/blog2\/wp-content\/uploads\/2021\/06\/madeira-cubo5.jpg","width":900,"height":900},{"@type":"BreadcrumbList","@id":"https:\/\/ninamartinelli.com.br\/blog2\/movel-elevado-a-condicao-de-obra-de-arte-com-madeira-cubo\/#breadcrumb","itemListElement":[{"@type":"ListItem","position":1,"name":"In\u00edcio","item":"https:\/\/ninamartinelli.com.br\/blog2\/"},{"@type":"ListItem","position":2,"name":"M\u00f3vel elevado \u00e0 condi\u00e7\u00e3o de obra de arte com Madeira Cubo"}]},{"@type":"WebSite","@id":"https:\/\/ninamartinelli.com.br\/blog2\/#website","url":"https:\/\/ninamartinelli.com.br\/blog2\/","name":"Nina Martinelli","description":"#Nina_Martinelli","publisher":{"@id":"https:\/\/ninamartinelli.com.br\/blog2\/#organization"},"potentialAction":[{"@type":"SearchAction","target":{"@type":"EntryPoint","urlTemplate":"https:\/\/ninamartinelli.com.br\/blog2\/?s={search_term_string}"},"query-input":{"@type":"PropertyValueSpecification","valueRequired":true,"valueName":"search_term_string"}}],"inLanguage":"pt-BR"},{"@type":"Organization","@id":"https:\/\/ninamartinelli.com.br\/blog2\/#organization","name":"Blog Novidades","url":"https:\/\/ninamartinelli.com.br\/blog2\/","logo":{"@type":"ImageObject","inLanguage":"pt-BR","@id":"https:\/\/ninamartinelli.com.br\/blog2\/#\/schema\/logo\/image\/","url":"http:\/\/blog.ninamartinelli.com.br\/wp-content\/uploads\/2022\/03\/logo_nina_blog.png","contentUrl":"http:\/\/blog.ninamartinelli.com.br\/wp-content\/uploads\/2022\/03\/logo_nina_blog.png","width":500,"height":104,"caption":"Blog Novidades"},"image":{"@id":"https:\/\/ninamartinelli.com.br\/blog2\/#\/schema\/logo\/image\/"}},{"@type":"Person","@id":"https:\/\/ninamartinelli.com.br\/blog2\/#\/schema\/person\/880a2cdee0a047e9b55254085d24f922","name":"Comunica\u00e7\u00e3o Nina","image":{"@type":"ImageObject","inLanguage":"pt-BR","@id":"https:\/\/ninamartinelli.com.br\/blog2\/#\/schema\/person\/image\/","url":"https:\/\/secure.gravatar.com\/avatar\/0d3d763fb83768dd001497d074d4c4f6?s=96&d=mm&r=g","contentUrl":"https:\/\/secure.gravatar.com\/avatar\/0d3d763fb83768dd001497d074d4c4f6?s=96&d=mm&r=g","caption":"Comunica\u00e7\u00e3o Nina"},"sameAs":["http:\/\/ninamartinelli.com.br","http:\/\/facebook.com.br\/ninamartinellioficial","http:\/\/instagram.com\/ninamartinellioficial"],"url":"https:\/\/ninamartinelli.com.br\/blog2\/author\/nina\/"}]}},"_links":{"self":[{"href":"https:\/\/ninamartinelli.com.br\/blog2\/wp-json\/wp\/v2\/posts\/1451","targetHints":{"allow":["GET"]}}],"collection":[{"href":"https:\/\/ninamartinelli.com.br\/blog2\/wp-json\/wp\/v2\/posts"}],"about":[{"href":"https:\/\/ninamartinelli.com.br\/blog2\/wp-json\/wp\/v2\/types\/post"}],"author":[{"embeddable":true,"href":"https:\/\/ninamartinelli.com.br\/blog2\/wp-json\/wp\/v2\/users\/1"}],"replies":[{"embeddable":true,"href":"https:\/\/ninamartinelli.com.br\/blog2\/wp-json\/wp\/v2\/comments?post=1451"}],"version-history":[{"count":10,"href":"https:\/\/ninamartinelli.com.br\/blog2\/wp-json\/wp\/v2\/posts\/1451\/revisions"}],"predecessor-version":[{"id":1463,"href":"https:\/\/ninamartinelli.com.br\/blog2\/wp-json\/wp\/v2\/posts\/1451\/revisions\/1463"}],"wp:featuredmedia":[{"embeddable":true,"href":"https:\/\/ninamartinelli.com.br\/blog2\/wp-json\/wp\/v2\/media\/1455"}],"wp:attachment":[{"href":"https:\/\/ninamartinelli.com.br\/blog2\/wp-json\/wp\/v2\/media?parent=1451"}],"wp:term":[{"taxonomy":"category","embeddable":true,"href":"https:\/\/ninamartinelli.com.br\/blog2\/wp-json\/wp\/v2\/categories?post=1451"},{"taxonomy":"post_tag","embeddable":true,"href":"https:\/\/ninamartinelli.com.br\/blog2\/wp-json\/wp\/v2\/tags?post=1451"}],"curies":[{"name":"wp","href":"https:\/\/api.w.org\/{rel}","templated":true}]}}