{"id":1439,"date":"2021-06-04T16:42:23","date_gmt":"2021-06-04T19:42:23","guid":{"rendered":"http:\/\/blog.ninamartinelli.com.br\/?p=1439"},"modified":"2021-06-07T09:46:02","modified_gmt":"2021-06-07T12:46:02","slug":"siena-ressalta-paixao-de-motociclista-pela-magia-da-harley-davidson","status":"publish","type":"post","link":"https:\/\/ninamartinelli.com.br\/blog2\/siena-ressalta-paixao-de-motociclista-pela-magia-da-harley-davidson\/","title":{"rendered":"Siena ressalta paix\u00e3o de motociclista pela magia da Harley-Davidson"},"content":{"rendered":"<p><strong><em>Harley-Davidson &#8211; Empres\u00e1rio de Imperatriz, no Maranh\u00e3o quis uma garagem ambientada com v\u00e1rios elementos que conectam ao conceito e estilo da marca<\/em><\/strong><\/p>\n<p>Harley-Davidson:<em> \u201cTroque meras lembran\u00e7as por momentos inesquec\u00edveis\u201d<\/em>. Esse foi, por muito tempo, um dos principais slogans da marca de motocicletas, h\u00e1 mais de um s\u00e9culo consagrada como uma das mais desej\u00e1veis do mundo.<\/p>\n<p>E em Imperatriz, segunda maior cidade do estado do Maranh\u00e3o, um empres\u00e1rio e motociclista de 60 anos, elevou sua paix\u00e3o a outro patamar.<\/p>\n<p>E ele decidiu criar, em casa, n\u00e3o uma mera garagem para simplesmente abrigar sua Harley-Davidson. Mas, sim, uma esp\u00e9cie de \u2018santu\u00e1rio\u2019, onde ela pudesse ser cuidada e adorada, por ele e pelos amigos tamb\u00e9m aficionados desse universo t\u00e3o especial.<\/p>\n<p>A reforma do im\u00f3vel coube ao <strong>St\u00fadio Fabr\u00edzzio Bravin Arquitetura<\/strong>, tamb\u00e9m de Imperatriz, e o projeto de interiores \u2013 inclusive da garagem, ficou a cargo de <strong>Marla Bravin. <\/strong><\/p>\n<p>Ent\u00e3o, ela tratou de buscar materiais e elementos para transformar o local num verdadeiro lounge.<\/p>\n<p>Um lugar onde o cliente pudesse, por exemplo, tamb\u00e9m reunir amigos. Al\u00e9m de expor acess\u00f3rios e trajes colecionados ao longo de muitos anos de amor \u00e0 moto, ao motociclismo e \u00e0s estradas.<\/p>\n<p>Voltado estrategicamente para a \u00e1rea de lazer e \u00e0 piscina da resid\u00eancia, o espa\u00e7o pedia personalidade, conforto e descontra\u00e7\u00e3o. E, claro, tinha que evidenciar ao m\u00e1ximo a beleza e a presen\u00e7a ic\u00f4nica da Harley-Davidson que seria a estrela do ambiente.<\/p>\n<h3>Parede cenogr\u00e1fica<\/h3>\n<p><img loading=\"lazy\" decoding=\"async\" class=\"alignleft wp-image-1441 size-medium\" src=\"http:\/\/blog.ninamartinelli.com.br\/wp-content\/uploads\/2021\/06\/siena-300x300.jpg\" alt=\"\" width=\"300\" height=\"300\" srcset=\"https:\/\/ninamartinelli.com.br\/blog2\/wp-content\/uploads\/2021\/06\/siena-300x300.jpg 300w, https:\/\/ninamartinelli.com.br\/blog2\/wp-content\/uploads\/2021\/06\/siena-150x150.jpg 150w, https:\/\/ninamartinelli.com.br\/blog2\/wp-content\/uploads\/2021\/06\/siena-50x50.jpg 50w, https:\/\/ninamartinelli.com.br\/blog2\/wp-content\/uploads\/2021\/06\/siena.jpg 500w\" sizes=\"auto, (max-width: 300px) 100vw, 300px\" \/>Da elabora\u00e7\u00e3o do conceito \u00e0 especifica\u00e7\u00e3o do revestimento Siena, da Nina Martinelli, para criar uma parede de destaque, Marla deu um passo r\u00e1pido e certeiro.<\/p>\n<p>E escolheu o produto na cor Rosso, que, na verdade, \u00e9 um tom alaranjado, muito pr\u00f3ximo daquele t\u00e3o conhecido e presente na logomarca Harley-Davidson. O produto \u00e9 disponibilizado, tamb\u00e9m, nas cores Bianco e Paglia.<\/p>\n<p><em>\u201cNosso cliente queria um ambiente bem bacana.\u00a0 E um espa\u00e7o onde ele pudesse se divertir, receber outros motociclistas que, como ele, amam as Harley\u2019s, e tudo o que envolve esse universo&#8221;, <\/em>descreve.<\/p>\n<p><em>&#8220;Ent\u00e3o, optamos pelo Siena Rosso porque ele nos trouxe exatamente o efeito que a gente buscava, evocando o estilo da marca, na sua cor t\u00e3o caracter\u00edstica\u201d<\/em>, explica a profissional.<\/p>\n<p><em>\u201cA parede revestida com o Siena virou uma moldura, um cen\u00e1rio estiloso, para destacar ainda mais a beleza e a impon\u00eancia da motocicleta do cliente\u201d<\/em>, diz ela.<br \/>\nFeito em cer\u00e2mica, medindo 23,5 x 32 cm, o Siena tem formato de trap\u00e9zio e relevos 3D, numa refer\u00eancia \u00e0s constru\u00e7\u00f5es com design arrojado. E que s\u00e3o quase sempre transformadas em refer\u00eancias no universo da arquitetura.<\/p>\n<p>Marla acrescentou ao projeto placas tem\u00e1ticas. E, tamb\u00e9m, ilustra\u00e7\u00f5es de rotas mundialmente consagradas por motociclistas, al\u00e9m de piso cer\u00e2mico que lembra cimento queimado.<\/p>\n<p>Outras superf\u00edcies foram pintadas em tons escuros. E o local recebeu prateleiras em a\u00e7o para acomodar acess\u00f3rios, como, por exemplo, capacetes, botas, cabideiro para macac\u00f5es e outros itens &#8211; leg\u00edtimos da marca Harley-Davidson.<\/p>\n<p>Como resultado, a combina\u00e7\u00e3o deixou o ambiente \u2018masculino\u2019 na medida certa e, por isso, convidativo, elegante e acolhedor. \u201c<em>O cliente ficou muito satisfeito e n\u00f3s tamb\u00e9m. Ent\u00e3o, achamos que o Siena foi uma escolha acertada e que nos trouxe exatamente o resultado pretendido\u201d<\/em>, finaliza Marla.<\/p>\n<h4><a href=\"http:\/\/blog.ninamartinelli.com.br\/category\/colezione-design\/\" target=\"_blank\" rel=\"noopener noreferrer\">CLIQUE AQUI e veja outros ambientes com o revestimento Siena<\/a><\/h4>\n<hr \/>\n<p><img loading=\"lazy\" decoding=\"async\" class=\"aligncenter wp-image-1444 size-full\" src=\"http:\/\/blog.ninamartinelli.com.br\/wp-content\/uploads\/2021\/06\/siena-2.jpg\" alt=\"Revestimento Siena Rosso em garagem de motocicleta\" width=\"1000\" height=\"500\" srcset=\"https:\/\/ninamartinelli.com.br\/blog2\/wp-content\/uploads\/2021\/06\/siena-2.jpg 1000w, https:\/\/ninamartinelli.com.br\/blog2\/wp-content\/uploads\/2021\/06\/siena-2-300x150.jpg 300w, https:\/\/ninamartinelli.com.br\/blog2\/wp-content\/uploads\/2021\/06\/siena-2-768x384.jpg 768w\" sizes=\"auto, (max-width: 1000px) 100vw, 1000px\" \/><\/p>\n<hr \/>\n<h4>Garagem-lounge para abrigar e expor uma Harley Davidson \u2013 Imperatriz\/MA<br \/>\nRevestimento Siena Rosso<br \/>\nProjeto arquitet\u00f4nico e design de interiores: Studio Fabrizzio Bravin \u2013 Marla Bravin<br \/>\n<a href=\"https:\/\/www.instagram.com\/fbravinarquitetura\/\" target=\"_blank\" rel=\"noopener noreferrer\">@fbravinarquitetura<\/a> \/<a href=\"https:\/\/www.instagram.com\/marlabravininteriores\/\" target=\"_blank\" rel=\"noopener noreferrer\">@marlabravininteriores<\/a><\/h4>\n","protected":false},"excerpt":{"rendered":"<p>Harley-Davidson &#8211; Empres\u00e1rio de Imperatriz, no Maranh\u00e3o quis uma garagem ambientada com v\u00e1rios elementos que<\/p>\n","protected":false},"author":1,"featured_media":1443,"comment_status":"open","ping_status":"open","sticky":false,"template":"","format":"standard","meta":{"footnotes":""},"categories":[59,51,26],"tags":[103,107,106,105],"class_list":["post-1439","post","type-post","status-publish","format-standard","has-post-thumbnail","hentry","category-ceramica","category-colezione-design","category-revestimentos","tag-garagem","tag-lounge","tag-motocicleta","tag-siena"],"yoast_head":"<!-- This site is optimized with the Yoast SEO plugin v26.8 - https:\/\/yoast.com\/product\/yoast-seo-wordpress\/ -->\n<title>Siena ressalta paix\u00e3o de motociclista pela magia da Harley-Davidson - Blog Nina<\/title>\n<meta name=\"description\" content=\"Harley-Davidson - Empres\u00e1rio do Maranh\u00e3o quis uma garagem ambientada com elementos que o conectassem \u00e0 magia da marca\" \/>\n<meta name=\"robots\" content=\"index, follow, max-snippet:-1, max-image-preview:large, max-video-preview:-1\" \/>\n<link rel=\"canonical\" href=\"https:\/\/ninamartinelli.com.br\/blog2\/siena-ressalta-paixao-de-motociclista-pela-magia-da-harley-davidson\/\" \/>\n<meta property=\"og:locale\" content=\"pt_BR\" \/>\n<meta property=\"og:type\" content=\"article\" \/>\n<meta property=\"og:title\" content=\"Siena ressalta paix\u00e3o de motociclista pela magia da Harley-Davidson - Blog Nina\" \/>\n<meta property=\"og:description\" content=\"Harley-Davidson - Empres\u00e1rio do Maranh\u00e3o quis uma garagem ambientada com elementos que o conectassem \u00e0 magia da marca\" \/>\n<meta property=\"og:url\" content=\"https:\/\/ninamartinelli.com.br\/blog2\/siena-ressalta-paixao-de-motociclista-pela-magia-da-harley-davidson\/\" \/>\n<meta property=\"og:site_name\" content=\"Blog Nina\" \/>\n<meta property=\"article:author\" content=\"http:\/\/facebook.com.br\/ninamartinellioficial\" \/>\n<meta property=\"article:published_time\" content=\"2021-06-04T19:42:23+00:00\" \/>\n<meta property=\"article:modified_time\" content=\"2021-06-07T12:46:02+00:00\" \/>\n<meta property=\"og:image\" content=\"https:\/\/ninamartinelli.com.br\/blog2\/wp-content\/uploads\/2021\/06\/siena-1.jpg\" \/>\n\t<meta property=\"og:image:width\" content=\"900\" \/>\n\t<meta property=\"og:image:height\" content=\"900\" \/>\n\t<meta property=\"og:image:type\" content=\"image\/jpeg\" \/>\n<meta name=\"author\" content=\"Comunica\u00e7\u00e3o Nina\" \/>\n<meta name=\"twitter:card\" content=\"summary_large_image\" \/>\n<meta name=\"twitter:label1\" content=\"Escrito por\" \/>\n\t<meta name=\"twitter:data1\" content=\"Comunica\u00e7\u00e3o Nina\" \/>\n\t<meta name=\"twitter:label2\" content=\"Est. tempo de leitura\" \/>\n\t<meta name=\"twitter:data2\" content=\"3 minutos\" \/>\n<script type=\"application\/ld+json\" class=\"yoast-schema-graph\">{\"@context\":\"https:\/\/schema.org\",\"@graph\":[{\"@type\":\"Article\",\"@id\":\"https:\/\/ninamartinelli.com.br\/blog2\/siena-ressalta-paixao-de-motociclista-pela-magia-da-harley-davidson\/#article\",\"isPartOf\":{\"@id\":\"https:\/\/ninamartinelli.com.br\/blog2\/siena-ressalta-paixao-de-motociclista-pela-magia-da-harley-davidson\/\"},\"author\":{\"name\":\"Comunica\u00e7\u00e3o Nina\",\"@id\":\"https:\/\/ninamartinelli.com.br\/blog2\/#\/schema\/person\/880a2cdee0a047e9b55254085d24f922\"},\"headline\":\"Siena ressalta paix\u00e3o de motociclista pela magia da Harley-Davidson\",\"datePublished\":\"2021-06-04T19:42:23+00:00\",\"dateModified\":\"2021-06-07T12:46:02+00:00\",\"mainEntityOfPage\":{\"@id\":\"https:\/\/ninamartinelli.com.br\/blog2\/siena-ressalta-paixao-de-motociclista-pela-magia-da-harley-davidson\/\"},\"wordCount\":619,\"commentCount\":0,\"publisher\":{\"@id\":\"https:\/\/ninamartinelli.com.br\/blog2\/#organization\"},\"image\":{\"@id\":\"https:\/\/ninamartinelli.com.br\/blog2\/siena-ressalta-paixao-de-motociclista-pela-magia-da-harley-davidson\/#primaryimage\"},\"thumbnailUrl\":\"https:\/\/ninamartinelli.com.br\/blog2\/wp-content\/uploads\/2021\/06\/siena-1.jpg\",\"keywords\":[\"garagem\",\"lounge\",\"motocicleta\",\"siena\"],\"articleSection\":[\"Cer\u00e2mica\",\"Colezione Design\",\"Revestimentos\"],\"inLanguage\":\"pt-BR\",\"potentialAction\":[{\"@type\":\"CommentAction\",\"name\":\"Comment\",\"target\":[\"https:\/\/ninamartinelli.com.br\/blog2\/siena-ressalta-paixao-de-motociclista-pela-magia-da-harley-davidson\/#respond\"]}]},{\"@type\":\"WebPage\",\"@id\":\"https:\/\/ninamartinelli.com.br\/blog2\/siena-ressalta-paixao-de-motociclista-pela-magia-da-harley-davidson\/\",\"url\":\"https:\/\/ninamartinelli.com.br\/blog2\/siena-ressalta-paixao-de-motociclista-pela-magia-da-harley-davidson\/\",\"name\":\"Siena ressalta paix\u00e3o de motociclista pela magia da Harley-Davidson - Blog Nina\",\"isPartOf\":{\"@id\":\"https:\/\/ninamartinelli.com.br\/blog2\/#website\"},\"primaryImageOfPage\":{\"@id\":\"https:\/\/ninamartinelli.com.br\/blog2\/siena-ressalta-paixao-de-motociclista-pela-magia-da-harley-davidson\/#primaryimage\"},\"image\":{\"@id\":\"https:\/\/ninamartinelli.com.br\/blog2\/siena-ressalta-paixao-de-motociclista-pela-magia-da-harley-davidson\/#primaryimage\"},\"thumbnailUrl\":\"https:\/\/ninamartinelli.com.br\/blog2\/wp-content\/uploads\/2021\/06\/siena-1.jpg\",\"datePublished\":\"2021-06-04T19:42:23+00:00\",\"dateModified\":\"2021-06-07T12:46:02+00:00\",\"description\":\"Harley-Davidson - Empres\u00e1rio do Maranh\u00e3o quis uma garagem ambientada com elementos que o conectassem \u00e0 magia da marca\",\"breadcrumb\":{\"@id\":\"https:\/\/ninamartinelli.com.br\/blog2\/siena-ressalta-paixao-de-motociclista-pela-magia-da-harley-davidson\/#breadcrumb\"},\"inLanguage\":\"pt-BR\",\"potentialAction\":[{\"@type\":\"ReadAction\",\"target\":[\"https:\/\/ninamartinelli.com.br\/blog2\/siena-ressalta-paixao-de-motociclista-pela-magia-da-harley-davidson\/\"]}]},{\"@type\":\"ImageObject\",\"inLanguage\":\"pt-BR\",\"@id\":\"https:\/\/ninamartinelli.com.br\/blog2\/siena-ressalta-paixao-de-motociclista-pela-magia-da-harley-davidson\/#primaryimage\",\"url\":\"https:\/\/ninamartinelli.com.br\/blog2\/wp-content\/uploads\/2021\/06\/siena-1.jpg\",\"contentUrl\":\"https:\/\/ninamartinelli.com.br\/blog2\/wp-content\/uploads\/2021\/06\/siena-1.jpg\",\"width\":900,\"height\":900},{\"@type\":\"BreadcrumbList\",\"@id\":\"https:\/\/ninamartinelli.com.br\/blog2\/siena-ressalta-paixao-de-motociclista-pela-magia-da-harley-davidson\/#breadcrumb\",\"itemListElement\":[{\"@type\":\"ListItem\",\"position\":1,\"name\":\"In\u00edcio\",\"item\":\"https:\/\/ninamartinelli.com.br\/blog2\/\"},{\"@type\":\"ListItem\",\"position\":2,\"name\":\"Siena ressalta paix\u00e3o de motociclista pela magia da Harley-Davidson\"}]},{\"@type\":\"WebSite\",\"@id\":\"https:\/\/ninamartinelli.com.br\/blog2\/#website\",\"url\":\"https:\/\/ninamartinelli.com.br\/blog2\/\",\"name\":\"Nina Martinelli\",\"description\":\"#Nina_Martinelli\",\"publisher\":{\"@id\":\"https:\/\/ninamartinelli.com.br\/blog2\/#organization\"},\"potentialAction\":[{\"@type\":\"SearchAction\",\"target\":{\"@type\":\"EntryPoint\",\"urlTemplate\":\"https:\/\/ninamartinelli.com.br\/blog2\/?s={search_term_string}\"},\"query-input\":{\"@type\":\"PropertyValueSpecification\",\"valueRequired\":true,\"valueName\":\"search_term_string\"}}],\"inLanguage\":\"pt-BR\"},{\"@type\":\"Organization\",\"@id\":\"https:\/\/ninamartinelli.com.br\/blog2\/#organization\",\"name\":\"Blog Novidades\",\"url\":\"https:\/\/ninamartinelli.com.br\/blog2\/\",\"logo\":{\"@type\":\"ImageObject\",\"inLanguage\":\"pt-BR\",\"@id\":\"https:\/\/ninamartinelli.com.br\/blog2\/#\/schema\/logo\/image\/\",\"url\":\"http:\/\/blog.ninamartinelli.com.br\/wp-content\/uploads\/2022\/03\/logo_nina_blog.png\",\"contentUrl\":\"http:\/\/blog.ninamartinelli.com.br\/wp-content\/uploads\/2022\/03\/logo_nina_blog.png\",\"width\":500,\"height\":104,\"caption\":\"Blog Novidades\"},\"image\":{\"@id\":\"https:\/\/ninamartinelli.com.br\/blog2\/#\/schema\/logo\/image\/\"}},{\"@type\":\"Person\",\"@id\":\"https:\/\/ninamartinelli.com.br\/blog2\/#\/schema\/person\/880a2cdee0a047e9b55254085d24f922\",\"name\":\"Comunica\u00e7\u00e3o Nina\",\"image\":{\"@type\":\"ImageObject\",\"inLanguage\":\"pt-BR\",\"@id\":\"https:\/\/ninamartinelli.com.br\/blog2\/#\/schema\/person\/image\/\",\"url\":\"https:\/\/secure.gravatar.com\/avatar\/0d3d763fb83768dd001497d074d4c4f6?s=96&d=mm&r=g\",\"contentUrl\":\"https:\/\/secure.gravatar.com\/avatar\/0d3d763fb83768dd001497d074d4c4f6?s=96&d=mm&r=g\",\"caption\":\"Comunica\u00e7\u00e3o Nina\"},\"sameAs\":[\"http:\/\/ninamartinelli.com.br\",\"http:\/\/facebook.com.br\/ninamartinellioficial\",\"http:\/\/instagram.com\/ninamartinellioficial\"],\"url\":\"https:\/\/ninamartinelli.com.br\/blog2\/author\/nina\/\"}]}<\/script>\n<!-- \/ Yoast SEO plugin. -->","yoast_head_json":{"title":"Siena ressalta paix\u00e3o de motociclista pela magia da Harley-Davidson - Blog Nina","description":"Harley-Davidson - Empres\u00e1rio do Maranh\u00e3o quis uma garagem ambientada com elementos que o conectassem \u00e0 magia da marca","robots":{"index":"index","follow":"follow","max-snippet":"max-snippet:-1","max-image-preview":"max-image-preview:large","max-video-preview":"max-video-preview:-1"},"canonical":"https:\/\/ninamartinelli.com.br\/blog2\/siena-ressalta-paixao-de-motociclista-pela-magia-da-harley-davidson\/","og_locale":"pt_BR","og_type":"article","og_title":"Siena ressalta paix\u00e3o de motociclista pela magia da Harley-Davidson - Blog Nina","og_description":"Harley-Davidson - Empres\u00e1rio do Maranh\u00e3o quis uma garagem ambientada com elementos que o conectassem \u00e0 magia da marca","og_url":"https:\/\/ninamartinelli.com.br\/blog2\/siena-ressalta-paixao-de-motociclista-pela-magia-da-harley-davidson\/","og_site_name":"Blog Nina","article_author":"http:\/\/facebook.com.br\/ninamartinellioficial","article_published_time":"2021-06-04T19:42:23+00:00","article_modified_time":"2021-06-07T12:46:02+00:00","og_image":[{"width":900,"height":900,"url":"https:\/\/ninamartinelli.com.br\/blog2\/wp-content\/uploads\/2021\/06\/siena-1.jpg","type":"image\/jpeg"}],"author":"Comunica\u00e7\u00e3o Nina","twitter_card":"summary_large_image","twitter_misc":{"Escrito por":"Comunica\u00e7\u00e3o Nina","Est. tempo de leitura":"3 minutos"},"schema":{"@context":"https:\/\/schema.org","@graph":[{"@type":"Article","@id":"https:\/\/ninamartinelli.com.br\/blog2\/siena-ressalta-paixao-de-motociclista-pela-magia-da-harley-davidson\/#article","isPartOf":{"@id":"https:\/\/ninamartinelli.com.br\/blog2\/siena-ressalta-paixao-de-motociclista-pela-magia-da-harley-davidson\/"},"author":{"name":"Comunica\u00e7\u00e3o Nina","@id":"https:\/\/ninamartinelli.com.br\/blog2\/#\/schema\/person\/880a2cdee0a047e9b55254085d24f922"},"headline":"Siena ressalta paix\u00e3o de motociclista pela magia da Harley-Davidson","datePublished":"2021-06-04T19:42:23+00:00","dateModified":"2021-06-07T12:46:02+00:00","mainEntityOfPage":{"@id":"https:\/\/ninamartinelli.com.br\/blog2\/siena-ressalta-paixao-de-motociclista-pela-magia-da-harley-davidson\/"},"wordCount":619,"commentCount":0,"publisher":{"@id":"https:\/\/ninamartinelli.com.br\/blog2\/#organization"},"image":{"@id":"https:\/\/ninamartinelli.com.br\/blog2\/siena-ressalta-paixao-de-motociclista-pela-magia-da-harley-davidson\/#primaryimage"},"thumbnailUrl":"https:\/\/ninamartinelli.com.br\/blog2\/wp-content\/uploads\/2021\/06\/siena-1.jpg","keywords":["garagem","lounge","motocicleta","siena"],"articleSection":["Cer\u00e2mica","Colezione Design","Revestimentos"],"inLanguage":"pt-BR","potentialAction":[{"@type":"CommentAction","name":"Comment","target":["https:\/\/ninamartinelli.com.br\/blog2\/siena-ressalta-paixao-de-motociclista-pela-magia-da-harley-davidson\/#respond"]}]},{"@type":"WebPage","@id":"https:\/\/ninamartinelli.com.br\/blog2\/siena-ressalta-paixao-de-motociclista-pela-magia-da-harley-davidson\/","url":"https:\/\/ninamartinelli.com.br\/blog2\/siena-ressalta-paixao-de-motociclista-pela-magia-da-harley-davidson\/","name":"Siena ressalta paix\u00e3o de motociclista pela magia da Harley-Davidson - Blog Nina","isPartOf":{"@id":"https:\/\/ninamartinelli.com.br\/blog2\/#website"},"primaryImageOfPage":{"@id":"https:\/\/ninamartinelli.com.br\/blog2\/siena-ressalta-paixao-de-motociclista-pela-magia-da-harley-davidson\/#primaryimage"},"image":{"@id":"https:\/\/ninamartinelli.com.br\/blog2\/siena-ressalta-paixao-de-motociclista-pela-magia-da-harley-davidson\/#primaryimage"},"thumbnailUrl":"https:\/\/ninamartinelli.com.br\/blog2\/wp-content\/uploads\/2021\/06\/siena-1.jpg","datePublished":"2021-06-04T19:42:23+00:00","dateModified":"2021-06-07T12:46:02+00:00","description":"Harley-Davidson - Empres\u00e1rio do Maranh\u00e3o quis uma garagem ambientada com elementos que o conectassem \u00e0 magia da marca","breadcrumb":{"@id":"https:\/\/ninamartinelli.com.br\/blog2\/siena-ressalta-paixao-de-motociclista-pela-magia-da-harley-davidson\/#breadcrumb"},"inLanguage":"pt-BR","potentialAction":[{"@type":"ReadAction","target":["https:\/\/ninamartinelli.com.br\/blog2\/siena-ressalta-paixao-de-motociclista-pela-magia-da-harley-davidson\/"]}]},{"@type":"ImageObject","inLanguage":"pt-BR","@id":"https:\/\/ninamartinelli.com.br\/blog2\/siena-ressalta-paixao-de-motociclista-pela-magia-da-harley-davidson\/#primaryimage","url":"https:\/\/ninamartinelli.com.br\/blog2\/wp-content\/uploads\/2021\/06\/siena-1.jpg","contentUrl":"https:\/\/ninamartinelli.com.br\/blog2\/wp-content\/uploads\/2021\/06\/siena-1.jpg","width":900,"height":900},{"@type":"BreadcrumbList","@id":"https:\/\/ninamartinelli.com.br\/blog2\/siena-ressalta-paixao-de-motociclista-pela-magia-da-harley-davidson\/#breadcrumb","itemListElement":[{"@type":"ListItem","position":1,"name":"In\u00edcio","item":"https:\/\/ninamartinelli.com.br\/blog2\/"},{"@type":"ListItem","position":2,"name":"Siena ressalta paix\u00e3o de motociclista pela magia da Harley-Davidson"}]},{"@type":"WebSite","@id":"https:\/\/ninamartinelli.com.br\/blog2\/#website","url":"https:\/\/ninamartinelli.com.br\/blog2\/","name":"Nina Martinelli","description":"#Nina_Martinelli","publisher":{"@id":"https:\/\/ninamartinelli.com.br\/blog2\/#organization"},"potentialAction":[{"@type":"SearchAction","target":{"@type":"EntryPoint","urlTemplate":"https:\/\/ninamartinelli.com.br\/blog2\/?s={search_term_string}"},"query-input":{"@type":"PropertyValueSpecification","valueRequired":true,"valueName":"search_term_string"}}],"inLanguage":"pt-BR"},{"@type":"Organization","@id":"https:\/\/ninamartinelli.com.br\/blog2\/#organization","name":"Blog Novidades","url":"https:\/\/ninamartinelli.com.br\/blog2\/","logo":{"@type":"ImageObject","inLanguage":"pt-BR","@id":"https:\/\/ninamartinelli.com.br\/blog2\/#\/schema\/logo\/image\/","url":"http:\/\/blog.ninamartinelli.com.br\/wp-content\/uploads\/2022\/03\/logo_nina_blog.png","contentUrl":"http:\/\/blog.ninamartinelli.com.br\/wp-content\/uploads\/2022\/03\/logo_nina_blog.png","width":500,"height":104,"caption":"Blog Novidades"},"image":{"@id":"https:\/\/ninamartinelli.com.br\/blog2\/#\/schema\/logo\/image\/"}},{"@type":"Person","@id":"https:\/\/ninamartinelli.com.br\/blog2\/#\/schema\/person\/880a2cdee0a047e9b55254085d24f922","name":"Comunica\u00e7\u00e3o Nina","image":{"@type":"ImageObject","inLanguage":"pt-BR","@id":"https:\/\/ninamartinelli.com.br\/blog2\/#\/schema\/person\/image\/","url":"https:\/\/secure.gravatar.com\/avatar\/0d3d763fb83768dd001497d074d4c4f6?s=96&d=mm&r=g","contentUrl":"https:\/\/secure.gravatar.com\/avatar\/0d3d763fb83768dd001497d074d4c4f6?s=96&d=mm&r=g","caption":"Comunica\u00e7\u00e3o Nina"},"sameAs":["http:\/\/ninamartinelli.com.br","http:\/\/facebook.com.br\/ninamartinellioficial","http:\/\/instagram.com\/ninamartinellioficial"],"url":"https:\/\/ninamartinelli.com.br\/blog2\/author\/nina\/"}]}},"_links":{"self":[{"href":"https:\/\/ninamartinelli.com.br\/blog2\/wp-json\/wp\/v2\/posts\/1439","targetHints":{"allow":["GET"]}}],"collection":[{"href":"https:\/\/ninamartinelli.com.br\/blog2\/wp-json\/wp\/v2\/posts"}],"about":[{"href":"https:\/\/ninamartinelli.com.br\/blog2\/wp-json\/wp\/v2\/types\/post"}],"author":[{"embeddable":true,"href":"https:\/\/ninamartinelli.com.br\/blog2\/wp-json\/wp\/v2\/users\/1"}],"replies":[{"embeddable":true,"href":"https:\/\/ninamartinelli.com.br\/blog2\/wp-json\/wp\/v2\/comments?post=1439"}],"version-history":[{"count":8,"href":"https:\/\/ninamartinelli.com.br\/blog2\/wp-json\/wp\/v2\/posts\/1439\/revisions"}],"predecessor-version":[{"id":1450,"href":"https:\/\/ninamartinelli.com.br\/blog2\/wp-json\/wp\/v2\/posts\/1439\/revisions\/1450"}],"wp:featuredmedia":[{"embeddable":true,"href":"https:\/\/ninamartinelli.com.br\/blog2\/wp-json\/wp\/v2\/media\/1443"}],"wp:attachment":[{"href":"https:\/\/ninamartinelli.com.br\/blog2\/wp-json\/wp\/v2\/media?parent=1439"}],"wp:term":[{"taxonomy":"category","embeddable":true,"href":"https:\/\/ninamartinelli.com.br\/blog2\/wp-json\/wp\/v2\/categories?post=1439"},{"taxonomy":"post_tag","embeddable":true,"href":"https:\/\/ninamartinelli.com.br\/blog2\/wp-json\/wp\/v2\/tags?post=1439"}],"curies":[{"name":"wp","href":"https:\/\/api.w.org\/{rel}","templated":true}]}}