{"id":141,"date":"2017-03-13T09:32:37","date_gmt":"2017-03-13T12:32:37","guid":{"rendered":"http:\/\/ninamartinelli.com.br\/imprensa\/?p=141"},"modified":"2019-09-12T09:47:22","modified_gmt":"2019-09-12T12:47:22","slug":"nina-martinelli-lancam-colecao-rendas-by-laura-gransotto","status":"publish","type":"post","link":"https:\/\/ninamartinelli.com.br\/blog2\/nina-martinelli-lancam-colecao-rendas-by-laura-gransotto\/","title":{"rendered":"Nina Martinelli lan\u00e7am a cole\u00e7\u00e3o Rendas by Laura Gransotto"},"content":{"rendered":"<p>A Cole\u00e7\u00e3o Rendas by Laura Gransoto explora os sentidos, a vis\u00e3o e o tato&#8230;um revestimento sensorial indicado para fachadas externas e paredes internas.<\/p>\n<p>A Parceria da Nina Martinelli com a Designer come\u00e7ou em 2015 no ambiente da Casa Cor Santa Catarina \u201c50 tons de branco\u201d, destaques na decora\u00e7\u00e3o eram as rendas e o revestimento cimenticio com relevos. No espa\u00e7o foi resgatado e valorizado o trabalho das artes\u00e3s de Florian\u00f3polis, e as rendas de bilro, tradi\u00e7\u00e3o da ilha desde os tempos antigos, elementos que \u00a0ficaram em perfeita harmonia com o ambiente contempor\u00e2neo, assim Laura conseguiu atrair a admira\u00e7\u00e3o dos visitantes e seu projeto foi eleito pelo voto popular como o melhor da Casa Cor.<\/p>\n<p>Laura Gransotto aprendeu a apreciar o trabalho manual das rendeiras quando come\u00e7ou a conceituar e pesquisar seu projeto de estreia na mostra da capital. Al\u00e9m disto, durante o desenvolvimento das pesquisas, junto a sua m\u00e3e, artista pl\u00e1stica, Laura resgatou o passado de sua fam\u00edlia e encontrou guardado muitas rendas e bordados crochetados pelas suas av\u00f3s e bisav\u00f3s. Gera\u00e7\u00f5es de mulheres habilidosas, bonitos trabalhos delicados datados alguns de mais de cem anos\u00a0Lembran\u00e7as familiares se fizeram presentes enquadradas na composi\u00e7\u00e3o de quadros que chamou a aten\u00e7\u00e3o dos visitantes na Casa Cor . Como designer e decoradora, ela gosta de usar refer\u00eancias afetivas e elementos artesanais para compor os seus ambientes, desta forma ela cria efeitos de aconchego e toca no sentimento das pessoas.<\/p>\n<p>Laura acredita que o mundo precisa e pede delicadeza, e junto com a Nina Martinelli conseguiu transportar esse belo trabalho para o cimento e criar uma linda cole\u00e7\u00e3o.<\/p>\n<p>Todos os projetos da Laura s\u00e3o feitos com paix\u00e3o e comprometimento, idealizados com a sensibilidade da alma, suas obras atraem a aten\u00e7\u00e3o e fazem sucesso.<\/p>\n<p>O resultado da parceria Laura Gransotto e Nina Martinelli n\u00e3o poderia ser diferente, uma cria\u00e7\u00e3o \u00fanica que vai al\u00e9m do belo, inspirada na admira\u00e7\u00e3o que a Designer tem pelo trabalho manual, o resultado se traduz em revestimentos que resgatam lembran\u00e7as e gestos de carinho e dedica\u00e7\u00e3o.<\/p>\n","protected":false},"excerpt":{"rendered":"<p>A Cole\u00e7\u00e3o Rendas by Laura Gransoto explora os sentidos, a vis\u00e3o e o tato&#8230;um revestimento<\/p>\n","protected":false},"author":1,"featured_media":143,"comment_status":"open","ping_status":"open","sticky":false,"template":"","format":"standard","meta":{"footnotes":""},"categories":[8,26],"tags":[],"class_list":["post-141","post","type-post","status-publish","format-standard","has-post-thumbnail","hentry","category-colezione-cemento","category-revestimentos"],"yoast_head":"<!-- This site is optimized with the Yoast SEO plugin v26.8 - https:\/\/yoast.com\/product\/yoast-seo-wordpress\/ -->\n<title>Nina Martinelli lan\u00e7am a cole\u00e7\u00e3o Rendas by Laura Gransotto - Blog Nina<\/title>\n<meta name=\"robots\" content=\"index, follow, max-snippet:-1, max-image-preview:large, max-video-preview:-1\" \/>\n<link rel=\"canonical\" href=\"https:\/\/ninamartinelli.com.br\/blog2\/nina-martinelli-lancam-colecao-rendas-by-laura-gransotto\/\" \/>\n<meta property=\"og:locale\" content=\"pt_BR\" \/>\n<meta property=\"og:type\" content=\"article\" \/>\n<meta property=\"og:title\" content=\"Nina Martinelli lan\u00e7am a cole\u00e7\u00e3o Rendas by Laura Gransotto - Blog Nina\" \/>\n<meta property=\"og:description\" content=\"A Cole\u00e7\u00e3o Rendas by Laura Gransoto explora os sentidos, a vis\u00e3o e o tato&#8230;um revestimento\" \/>\n<meta property=\"og:url\" content=\"https:\/\/ninamartinelli.com.br\/blog2\/nina-martinelli-lancam-colecao-rendas-by-laura-gransotto\/\" \/>\n<meta property=\"og:site_name\" content=\"Blog Nina\" \/>\n<meta property=\"article:author\" content=\"http:\/\/facebook.com.br\/ninamartinellioficial\" \/>\n<meta property=\"article:published_time\" content=\"2017-03-13T12:32:37+00:00\" \/>\n<meta property=\"article:modified_time\" content=\"2019-09-12T12:47:22+00:00\" \/>\n<meta property=\"og:image\" content=\"https:\/\/ninamartinelli.com.br\/blog2\/wp-content\/uploads\/2017\/03\/slider_01.jpg\" \/>\n\t<meta property=\"og:image:width\" content=\"940\" \/>\n\t<meta property=\"og:image:height\" content=\"430\" \/>\n\t<meta property=\"og:image:type\" content=\"image\/jpeg\" \/>\n<meta name=\"author\" content=\"Comunica\u00e7\u00e3o Nina\" \/>\n<meta name=\"twitter:card\" content=\"summary_large_image\" \/>\n<meta name=\"twitter:label1\" content=\"Escrito por\" \/>\n\t<meta name=\"twitter:data1\" content=\"Comunica\u00e7\u00e3o Nina\" \/>\n\t<meta name=\"twitter:label2\" content=\"Est. tempo de leitura\" \/>\n\t<meta name=\"twitter:data2\" content=\"2 minutos\" \/>\n<script type=\"application\/ld+json\" class=\"yoast-schema-graph\">{\"@context\":\"https:\/\/schema.org\",\"@graph\":[{\"@type\":\"Article\",\"@id\":\"https:\/\/ninamartinelli.com.br\/blog2\/nina-martinelli-lancam-colecao-rendas-by-laura-gransotto\/#article\",\"isPartOf\":{\"@id\":\"https:\/\/ninamartinelli.com.br\/blog2\/nina-martinelli-lancam-colecao-rendas-by-laura-gransotto\/\"},\"author\":{\"name\":\"Comunica\u00e7\u00e3o Nina\",\"@id\":\"https:\/\/ninamartinelli.com.br\/blog2\/#\/schema\/person\/880a2cdee0a047e9b55254085d24f922\"},\"headline\":\"Nina Martinelli lan\u00e7am a cole\u00e7\u00e3o Rendas by Laura Gransotto\",\"datePublished\":\"2017-03-13T12:32:37+00:00\",\"dateModified\":\"2019-09-12T12:47:22+00:00\",\"mainEntityOfPage\":{\"@id\":\"https:\/\/ninamartinelli.com.br\/blog2\/nina-martinelli-lancam-colecao-rendas-by-laura-gransotto\/\"},\"wordCount\":375,\"commentCount\":0,\"publisher\":{\"@id\":\"https:\/\/ninamartinelli.com.br\/blog2\/#organization\"},\"image\":{\"@id\":\"https:\/\/ninamartinelli.com.br\/blog2\/nina-martinelli-lancam-colecao-rendas-by-laura-gransotto\/#primaryimage\"},\"thumbnailUrl\":\"https:\/\/ninamartinelli.com.br\/blog2\/wp-content\/uploads\/2017\/03\/slider_01.jpg\",\"articleSection\":[\"Colezione Cemento\",\"Revestimentos\"],\"inLanguage\":\"pt-BR\",\"potentialAction\":[{\"@type\":\"CommentAction\",\"name\":\"Comment\",\"target\":[\"https:\/\/ninamartinelli.com.br\/blog2\/nina-martinelli-lancam-colecao-rendas-by-laura-gransotto\/#respond\"]}]},{\"@type\":\"WebPage\",\"@id\":\"https:\/\/ninamartinelli.com.br\/blog2\/nina-martinelli-lancam-colecao-rendas-by-laura-gransotto\/\",\"url\":\"https:\/\/ninamartinelli.com.br\/blog2\/nina-martinelli-lancam-colecao-rendas-by-laura-gransotto\/\",\"name\":\"Nina Martinelli lan\u00e7am a cole\u00e7\u00e3o Rendas by Laura Gransotto - Blog Nina\",\"isPartOf\":{\"@id\":\"https:\/\/ninamartinelli.com.br\/blog2\/#website\"},\"primaryImageOfPage\":{\"@id\":\"https:\/\/ninamartinelli.com.br\/blog2\/nina-martinelli-lancam-colecao-rendas-by-laura-gransotto\/#primaryimage\"},\"image\":{\"@id\":\"https:\/\/ninamartinelli.com.br\/blog2\/nina-martinelli-lancam-colecao-rendas-by-laura-gransotto\/#primaryimage\"},\"thumbnailUrl\":\"https:\/\/ninamartinelli.com.br\/blog2\/wp-content\/uploads\/2017\/03\/slider_01.jpg\",\"datePublished\":\"2017-03-13T12:32:37+00:00\",\"dateModified\":\"2019-09-12T12:47:22+00:00\",\"breadcrumb\":{\"@id\":\"https:\/\/ninamartinelli.com.br\/blog2\/nina-martinelli-lancam-colecao-rendas-by-laura-gransotto\/#breadcrumb\"},\"inLanguage\":\"pt-BR\",\"potentialAction\":[{\"@type\":\"ReadAction\",\"target\":[\"https:\/\/ninamartinelli.com.br\/blog2\/nina-martinelli-lancam-colecao-rendas-by-laura-gransotto\/\"]}]},{\"@type\":\"ImageObject\",\"inLanguage\":\"pt-BR\",\"@id\":\"https:\/\/ninamartinelli.com.br\/blog2\/nina-martinelli-lancam-colecao-rendas-by-laura-gransotto\/#primaryimage\",\"url\":\"https:\/\/ninamartinelli.com.br\/blog2\/wp-content\/uploads\/2017\/03\/slider_01.jpg\",\"contentUrl\":\"https:\/\/ninamartinelli.com.br\/blog2\/wp-content\/uploads\/2017\/03\/slider_01.jpg\",\"width\":940,\"height\":430},{\"@type\":\"BreadcrumbList\",\"@id\":\"https:\/\/ninamartinelli.com.br\/blog2\/nina-martinelli-lancam-colecao-rendas-by-laura-gransotto\/#breadcrumb\",\"itemListElement\":[{\"@type\":\"ListItem\",\"position\":1,\"name\":\"In\u00edcio\",\"item\":\"https:\/\/ninamartinelli.com.br\/blog2\/\"},{\"@type\":\"ListItem\",\"position\":2,\"name\":\"Nina Martinelli lan\u00e7am a cole\u00e7\u00e3o Rendas by Laura Gransotto\"}]},{\"@type\":\"WebSite\",\"@id\":\"https:\/\/ninamartinelli.com.br\/blog2\/#website\",\"url\":\"https:\/\/ninamartinelli.com.br\/blog2\/\",\"name\":\"Nina Martinelli\",\"description\":\"#Nina_Martinelli\",\"publisher\":{\"@id\":\"https:\/\/ninamartinelli.com.br\/blog2\/#organization\"},\"potentialAction\":[{\"@type\":\"SearchAction\",\"target\":{\"@type\":\"EntryPoint\",\"urlTemplate\":\"https:\/\/ninamartinelli.com.br\/blog2\/?s={search_term_string}\"},\"query-input\":{\"@type\":\"PropertyValueSpecification\",\"valueRequired\":true,\"valueName\":\"search_term_string\"}}],\"inLanguage\":\"pt-BR\"},{\"@type\":\"Organization\",\"@id\":\"https:\/\/ninamartinelli.com.br\/blog2\/#organization\",\"name\":\"Blog Novidades\",\"url\":\"https:\/\/ninamartinelli.com.br\/blog2\/\",\"logo\":{\"@type\":\"ImageObject\",\"inLanguage\":\"pt-BR\",\"@id\":\"https:\/\/ninamartinelli.com.br\/blog2\/#\/schema\/logo\/image\/\",\"url\":\"http:\/\/blog.ninamartinelli.com.br\/wp-content\/uploads\/2022\/03\/logo_nina_blog.png\",\"contentUrl\":\"http:\/\/blog.ninamartinelli.com.br\/wp-content\/uploads\/2022\/03\/logo_nina_blog.png\",\"width\":500,\"height\":104,\"caption\":\"Blog Novidades\"},\"image\":{\"@id\":\"https:\/\/ninamartinelli.com.br\/blog2\/#\/schema\/logo\/image\/\"}},{\"@type\":\"Person\",\"@id\":\"https:\/\/ninamartinelli.com.br\/blog2\/#\/schema\/person\/880a2cdee0a047e9b55254085d24f922\",\"name\":\"Comunica\u00e7\u00e3o Nina\",\"image\":{\"@type\":\"ImageObject\",\"inLanguage\":\"pt-BR\",\"@id\":\"https:\/\/ninamartinelli.com.br\/blog2\/#\/schema\/person\/image\/\",\"url\":\"https:\/\/secure.gravatar.com\/avatar\/0d3d763fb83768dd001497d074d4c4f6?s=96&d=mm&r=g\",\"contentUrl\":\"https:\/\/secure.gravatar.com\/avatar\/0d3d763fb83768dd001497d074d4c4f6?s=96&d=mm&r=g\",\"caption\":\"Comunica\u00e7\u00e3o Nina\"},\"sameAs\":[\"http:\/\/ninamartinelli.com.br\",\"http:\/\/facebook.com.br\/ninamartinellioficial\",\"http:\/\/instagram.com\/ninamartinellioficial\"],\"url\":\"https:\/\/ninamartinelli.com.br\/blog2\/author\/nina\/\"}]}<\/script>\n<!-- \/ Yoast SEO plugin. -->","yoast_head_json":{"title":"Nina Martinelli lan\u00e7am a cole\u00e7\u00e3o Rendas by Laura Gransotto - Blog Nina","robots":{"index":"index","follow":"follow","max-snippet":"max-snippet:-1","max-image-preview":"max-image-preview:large","max-video-preview":"max-video-preview:-1"},"canonical":"https:\/\/ninamartinelli.com.br\/blog2\/nina-martinelli-lancam-colecao-rendas-by-laura-gransotto\/","og_locale":"pt_BR","og_type":"article","og_title":"Nina Martinelli lan\u00e7am a cole\u00e7\u00e3o Rendas by Laura Gransotto - Blog Nina","og_description":"A Cole\u00e7\u00e3o Rendas by Laura Gransoto explora os sentidos, a vis\u00e3o e o tato&#8230;um revestimento","og_url":"https:\/\/ninamartinelli.com.br\/blog2\/nina-martinelli-lancam-colecao-rendas-by-laura-gransotto\/","og_site_name":"Blog Nina","article_author":"http:\/\/facebook.com.br\/ninamartinellioficial","article_published_time":"2017-03-13T12:32:37+00:00","article_modified_time":"2019-09-12T12:47:22+00:00","og_image":[{"width":940,"height":430,"url":"https:\/\/ninamartinelli.com.br\/blog2\/wp-content\/uploads\/2017\/03\/slider_01.jpg","type":"image\/jpeg"}],"author":"Comunica\u00e7\u00e3o Nina","twitter_card":"summary_large_image","twitter_misc":{"Escrito por":"Comunica\u00e7\u00e3o Nina","Est. tempo de leitura":"2 minutos"},"schema":{"@context":"https:\/\/schema.org","@graph":[{"@type":"Article","@id":"https:\/\/ninamartinelli.com.br\/blog2\/nina-martinelli-lancam-colecao-rendas-by-laura-gransotto\/#article","isPartOf":{"@id":"https:\/\/ninamartinelli.com.br\/blog2\/nina-martinelli-lancam-colecao-rendas-by-laura-gransotto\/"},"author":{"name":"Comunica\u00e7\u00e3o Nina","@id":"https:\/\/ninamartinelli.com.br\/blog2\/#\/schema\/person\/880a2cdee0a047e9b55254085d24f922"},"headline":"Nina Martinelli lan\u00e7am a cole\u00e7\u00e3o Rendas by Laura Gransotto","datePublished":"2017-03-13T12:32:37+00:00","dateModified":"2019-09-12T12:47:22+00:00","mainEntityOfPage":{"@id":"https:\/\/ninamartinelli.com.br\/blog2\/nina-martinelli-lancam-colecao-rendas-by-laura-gransotto\/"},"wordCount":375,"commentCount":0,"publisher":{"@id":"https:\/\/ninamartinelli.com.br\/blog2\/#organization"},"image":{"@id":"https:\/\/ninamartinelli.com.br\/blog2\/nina-martinelli-lancam-colecao-rendas-by-laura-gransotto\/#primaryimage"},"thumbnailUrl":"https:\/\/ninamartinelli.com.br\/blog2\/wp-content\/uploads\/2017\/03\/slider_01.jpg","articleSection":["Colezione Cemento","Revestimentos"],"inLanguage":"pt-BR","potentialAction":[{"@type":"CommentAction","name":"Comment","target":["https:\/\/ninamartinelli.com.br\/blog2\/nina-martinelli-lancam-colecao-rendas-by-laura-gransotto\/#respond"]}]},{"@type":"WebPage","@id":"https:\/\/ninamartinelli.com.br\/blog2\/nina-martinelli-lancam-colecao-rendas-by-laura-gransotto\/","url":"https:\/\/ninamartinelli.com.br\/blog2\/nina-martinelli-lancam-colecao-rendas-by-laura-gransotto\/","name":"Nina Martinelli lan\u00e7am a cole\u00e7\u00e3o Rendas by Laura Gransotto - Blog Nina","isPartOf":{"@id":"https:\/\/ninamartinelli.com.br\/blog2\/#website"},"primaryImageOfPage":{"@id":"https:\/\/ninamartinelli.com.br\/blog2\/nina-martinelli-lancam-colecao-rendas-by-laura-gransotto\/#primaryimage"},"image":{"@id":"https:\/\/ninamartinelli.com.br\/blog2\/nina-martinelli-lancam-colecao-rendas-by-laura-gransotto\/#primaryimage"},"thumbnailUrl":"https:\/\/ninamartinelli.com.br\/blog2\/wp-content\/uploads\/2017\/03\/slider_01.jpg","datePublished":"2017-03-13T12:32:37+00:00","dateModified":"2019-09-12T12:47:22+00:00","breadcrumb":{"@id":"https:\/\/ninamartinelli.com.br\/blog2\/nina-martinelli-lancam-colecao-rendas-by-laura-gransotto\/#breadcrumb"},"inLanguage":"pt-BR","potentialAction":[{"@type":"ReadAction","target":["https:\/\/ninamartinelli.com.br\/blog2\/nina-martinelli-lancam-colecao-rendas-by-laura-gransotto\/"]}]},{"@type":"ImageObject","inLanguage":"pt-BR","@id":"https:\/\/ninamartinelli.com.br\/blog2\/nina-martinelli-lancam-colecao-rendas-by-laura-gransotto\/#primaryimage","url":"https:\/\/ninamartinelli.com.br\/blog2\/wp-content\/uploads\/2017\/03\/slider_01.jpg","contentUrl":"https:\/\/ninamartinelli.com.br\/blog2\/wp-content\/uploads\/2017\/03\/slider_01.jpg","width":940,"height":430},{"@type":"BreadcrumbList","@id":"https:\/\/ninamartinelli.com.br\/blog2\/nina-martinelli-lancam-colecao-rendas-by-laura-gransotto\/#breadcrumb","itemListElement":[{"@type":"ListItem","position":1,"name":"In\u00edcio","item":"https:\/\/ninamartinelli.com.br\/blog2\/"},{"@type":"ListItem","position":2,"name":"Nina Martinelli lan\u00e7am a cole\u00e7\u00e3o Rendas by Laura Gransotto"}]},{"@type":"WebSite","@id":"https:\/\/ninamartinelli.com.br\/blog2\/#website","url":"https:\/\/ninamartinelli.com.br\/blog2\/","name":"Nina Martinelli","description":"#Nina_Martinelli","publisher":{"@id":"https:\/\/ninamartinelli.com.br\/blog2\/#organization"},"potentialAction":[{"@type":"SearchAction","target":{"@type":"EntryPoint","urlTemplate":"https:\/\/ninamartinelli.com.br\/blog2\/?s={search_term_string}"},"query-input":{"@type":"PropertyValueSpecification","valueRequired":true,"valueName":"search_term_string"}}],"inLanguage":"pt-BR"},{"@type":"Organization","@id":"https:\/\/ninamartinelli.com.br\/blog2\/#organization","name":"Blog Novidades","url":"https:\/\/ninamartinelli.com.br\/blog2\/","logo":{"@type":"ImageObject","inLanguage":"pt-BR","@id":"https:\/\/ninamartinelli.com.br\/blog2\/#\/schema\/logo\/image\/","url":"http:\/\/blog.ninamartinelli.com.br\/wp-content\/uploads\/2022\/03\/logo_nina_blog.png","contentUrl":"http:\/\/blog.ninamartinelli.com.br\/wp-content\/uploads\/2022\/03\/logo_nina_blog.png","width":500,"height":104,"caption":"Blog Novidades"},"image":{"@id":"https:\/\/ninamartinelli.com.br\/blog2\/#\/schema\/logo\/image\/"}},{"@type":"Person","@id":"https:\/\/ninamartinelli.com.br\/blog2\/#\/schema\/person\/880a2cdee0a047e9b55254085d24f922","name":"Comunica\u00e7\u00e3o Nina","image":{"@type":"ImageObject","inLanguage":"pt-BR","@id":"https:\/\/ninamartinelli.com.br\/blog2\/#\/schema\/person\/image\/","url":"https:\/\/secure.gravatar.com\/avatar\/0d3d763fb83768dd001497d074d4c4f6?s=96&d=mm&r=g","contentUrl":"https:\/\/secure.gravatar.com\/avatar\/0d3d763fb83768dd001497d074d4c4f6?s=96&d=mm&r=g","caption":"Comunica\u00e7\u00e3o Nina"},"sameAs":["http:\/\/ninamartinelli.com.br","http:\/\/facebook.com.br\/ninamartinellioficial","http:\/\/instagram.com\/ninamartinellioficial"],"url":"https:\/\/ninamartinelli.com.br\/blog2\/author\/nina\/"}]}},"_links":{"self":[{"href":"https:\/\/ninamartinelli.com.br\/blog2\/wp-json\/wp\/v2\/posts\/141","targetHints":{"allow":["GET"]}}],"collection":[{"href":"https:\/\/ninamartinelli.com.br\/blog2\/wp-json\/wp\/v2\/posts"}],"about":[{"href":"https:\/\/ninamartinelli.com.br\/blog2\/wp-json\/wp\/v2\/types\/post"}],"author":[{"embeddable":true,"href":"https:\/\/ninamartinelli.com.br\/blog2\/wp-json\/wp\/v2\/users\/1"}],"replies":[{"embeddable":true,"href":"https:\/\/ninamartinelli.com.br\/blog2\/wp-json\/wp\/v2\/comments?post=141"}],"version-history":[{"count":1,"href":"https:\/\/ninamartinelli.com.br\/blog2\/wp-json\/wp\/v2\/posts\/141\/revisions"}],"predecessor-version":[{"id":144,"href":"https:\/\/ninamartinelli.com.br\/blog2\/wp-json\/wp\/v2\/posts\/141\/revisions\/144"}],"wp:featuredmedia":[{"embeddable":true,"href":"https:\/\/ninamartinelli.com.br\/blog2\/wp-json\/wp\/v2\/media\/143"}],"wp:attachment":[{"href":"https:\/\/ninamartinelli.com.br\/blog2\/wp-json\/wp\/v2\/media?parent=141"}],"wp:term":[{"taxonomy":"category","embeddable":true,"href":"https:\/\/ninamartinelli.com.br\/blog2\/wp-json\/wp\/v2\/categories?post=141"},{"taxonomy":"post_tag","embeddable":true,"href":"https:\/\/ninamartinelli.com.br\/blog2\/wp-json\/wp\/v2\/tags?post=141"}],"curies":[{"name":"wp","href":"https:\/\/api.w.org\/{rel}","templated":true}]}}