{"id":1397,"date":"2021-04-23T16:11:56","date_gmt":"2021-04-23T19:11:56","guid":{"rendered":"http:\/\/blog.ninamartinelli.com.br\/?p=1397"},"modified":"2021-04-23T16:21:36","modified_gmt":"2021-04-23T19:21:36","slug":"toque-clean-e-contemporaneo-em-fachada-com-revestimento-luna","status":"publish","type":"post","link":"https:\/\/ninamartinelli.com.br\/blog2\/toque-clean-e-contemporaneo-em-fachada-com-revestimento-luna\/","title":{"rendered":"Toque clean e contempor\u00e2neo em fachada com revestimento Luna"},"content":{"rendered":"<p><em><strong>Revestimento dialoga com linhas retas, esquadrias em alum\u00ednio preto e um paisagismo elegante.<\/strong><\/em><\/p>\n<p>Era a primeira casa do casal de clientes da designer de interiores M\u00e1rcia Lazarini, do <strong>Studio Lazarini,<\/strong> de Ara\u00e7atuba\/SP. Com 37 e 45 anos, dois filhos pequenos, o casal, s\u00f3cio numa empresa na \u00e1rea de T.I. (Tecnologia da Informa\u00e7\u00e3o), queria uma casa moderna, imponente, mas com estilo clean, e que contasse com acabamentos nobres.<\/p>\n<p>A engenheira <strong>Mara Nunes<\/strong> e o arquiteto <strong>Junio Souza<\/strong> desenvolveram os projetos, e M\u00e1rcia Lazarini acompanhou tudo desde o in\u00edcio, ajudando na escolha de cada produto aplicado na obra, fazendo, tamb\u00e9m, todo o design de interiores e o paisagismo.<\/p>\n<p>Os desejos do casal foram materializados num sobrado de 200m\u00b2, num condom\u00ednio de alto padr\u00e3o da cidade. No pavimento t\u00e9rreo, os ambientes foram divididos em living social, living jantar integrado \u00e0 cozinha gourmet, \u00e1rea de servi\u00e7o, lavabo, home office e piscina com spa. No andar superior, o sobrado conta com home theater e tr\u00eas su\u00edtes, sendo uma master.<br \/>\nCom o correr dos meses e o avan\u00e7ar das obras, a pandemia do novo Coronav\u00edrus modificou os planos do casal, que, se antes ficava muito tempo fora de casa por conta da rotina intensa de trabalho, passou a atender os clientes remotamente, no modo home-office.<\/p>\n<p>A brinquedoteca inicialmente projetada acabou se transformando nesse ambiente de trabalho, t\u00e3o importante nos dias de hoje.<\/p>\n<h3>Fachada marcante<\/h3>\n<p><img loading=\"lazy\" decoding=\"async\" class=\"alignleft wp-image-1402 size-medium\" src=\"http:\/\/blog.ninamartinelli.com.br\/wp-content\/uploads\/2021\/04\/luna-2-300x300.jpg\" alt=\"\" width=\"300\" height=\"300\" srcset=\"https:\/\/ninamartinelli.com.br\/blog2\/wp-content\/uploads\/2021\/04\/luna-2-300x300.jpg 300w, https:\/\/ninamartinelli.com.br\/blog2\/wp-content\/uploads\/2021\/04\/luna-2-150x150.jpg 150w, https:\/\/ninamartinelli.com.br\/blog2\/wp-content\/uploads\/2021\/04\/luna-2-50x50.jpg 50w, https:\/\/ninamartinelli.com.br\/blog2\/wp-content\/uploads\/2021\/04\/luna-2.jpg 500w\" sizes=\"auto, (max-width: 300px) 100vw, 300px\" \/>Para dar um toque de contemporaneidade \u00e0 fachada, M\u00e1rcia Lazarini orientou a especifica\u00e7\u00e3o do revestimento Luna, da Nina Martinelli.<br \/>\nFeito em cimento arquitet\u00f4nico, o revestimento mede 12,5X50cm, e tem design inspirado na natureza, com suas curvas majestosas. \u00c9 disponibilizado nas cores Bianco, Beije, Concreto e Grigio, esta, a escolhida por M\u00e1rcia e seus colegas de projeto.<\/p>\n<p>Ela explica a op\u00e7\u00e3o, sendo que o pr\u00f3prio design da fachada foi planejado para evidenciar o produto. <em>\u201cCriamos essa fachada para destacar o bel\u00edssimo revestimento da Nina Martinelli. Usamos 20m\u00b2, com pagina\u00e7\u00e3o vertical. Valorizamos o p\u00e9 direito duplo e os tons de cinza. A rusticidade do ciment\u00edcio harmonizou-se perfeitamente com as esquadrias em alum\u00ednio preto e o colorido do paisagismo\u201d<\/em>, explica ela. A ilumina\u00e7\u00e3o do jardim tamb\u00e9m ajudou a destacar ainda mais o relevo do revestimento. <em>\u201cTodos n\u00f3s amamos o resultado!\u201d<\/em>, garante.<\/p>\n<p>O revestimento Luna Grigio foi adquirido, assim como os demais acabamentos da obra, foram adquiridos na <strong>Construart<\/strong>, em Ara\u00e7atuba.<\/p>\n<hr \/>\n<p><img loading=\"lazy\" decoding=\"async\" class=\"size-full wp-image-1405 aligncenter\" src=\"http:\/\/blog.ninamartinelli.com.br\/wp-content\/uploads\/2021\/04\/luna-3.jpg\" alt=\"\" width=\"1000\" height=\"500\" srcset=\"https:\/\/ninamartinelli.com.br\/blog2\/wp-content\/uploads\/2021\/04\/luna-3.jpg 1000w, https:\/\/ninamartinelli.com.br\/blog2\/wp-content\/uploads\/2021\/04\/luna-3-300x150.jpg 300w, https:\/\/ninamartinelli.com.br\/blog2\/wp-content\/uploads\/2021\/04\/luna-3-768x384.jpg 768w\" sizes=\"auto, (max-width: 1000px) 100vw, 1000px\" \/><\/p>\n<p><img loading=\"lazy\" decoding=\"async\" class=\"size-full wp-image-1404 aligncenter\" src=\"http:\/\/blog.ninamartinelli.com.br\/wp-content\/uploads\/2021\/04\/luna-4.jpg\" alt=\"\" width=\"1000\" height=\"500\" srcset=\"https:\/\/ninamartinelli.com.br\/blog2\/wp-content\/uploads\/2021\/04\/luna-4.jpg 1000w, https:\/\/ninamartinelli.com.br\/blog2\/wp-content\/uploads\/2021\/04\/luna-4-300x150.jpg 300w, https:\/\/ninamartinelli.com.br\/blog2\/wp-content\/uploads\/2021\/04\/luna-4-768x384.jpg 768w\" sizes=\"auto, (max-width: 1000px) 100vw, 1000px\" \/><\/p>\n<hr \/>\n<h4>Fachada de resid\u00eancia \u2013 Condom\u00ednio Barcelona, Ara\u00e7atuba\/SP<br \/>\nRevestimento \u2013 Luna &#8211; 12,5 x 50 cm, na cor Grigio<br \/>\nProjeto de engenharia \u2013 Mara Nunes<br \/>\nProjeto arquitet\u00f4nico \u2013 Junio Souza &#8211; <a href=\"https:\/\/www.instagram.com\/arq.juniosouza\/\" target=\"_blank\" rel=\"noopener noreferrer\">@arqjuniosouza<\/a><br \/>\nDesign de Interiores e supervis\u00e3o &#8211; M\u00e1rcia Lazarini \u2013 Studio Lazarini \u2013\u00a0<a href=\"https:\/\/www.instagram.com\/studio_lazarini\/\" target=\"_blank\" rel=\"noopener noreferrer\">@studiolazarini<\/a><\/h4>\n","protected":false},"excerpt":{"rendered":"<p>Revestimento dialoga com linhas retas, esquadrias em alum\u00ednio preto e um paisagismo elegante. Era a<\/p>\n","protected":false},"author":1,"featured_media":1408,"comment_status":"open","ping_status":"open","sticky":false,"template":"","format":"standard","meta":{"footnotes":""},"categories":[60,8,26],"tags":[66,46,67],"class_list":["post-1397","post","type-post","status-publish","format-standard","has-post-thumbnail","hentry","category-cimento","category-colezione-cemento","category-revestimentos","tag-fachada","tag-revestimento","tag-revestimento-3d"],"yoast_head":"<!-- This site is optimized with the Yoast SEO plugin v26.8 - https:\/\/yoast.com\/product\/yoast-seo-wordpress\/ -->\n<title>Toque clean e contempor\u00e2neo em fachada com revestimento Luna - Blog Nina<\/title>\n<meta name=\"robots\" content=\"index, follow, max-snippet:-1, max-image-preview:large, max-video-preview:-1\" \/>\n<link rel=\"canonical\" href=\"https:\/\/ninamartinelli.com.br\/blog2\/toque-clean-e-contemporaneo-em-fachada-com-revestimento-luna\/\" \/>\n<meta property=\"og:locale\" content=\"pt_BR\" \/>\n<meta property=\"og:type\" content=\"article\" \/>\n<meta property=\"og:title\" content=\"Toque clean e contempor\u00e2neo em fachada com revestimento Luna - Blog Nina\" \/>\n<meta property=\"og:description\" content=\"Revestimento dialoga com linhas retas, esquadrias em alum\u00ednio preto e um paisagismo elegante. Era a\" \/>\n<meta property=\"og:url\" content=\"https:\/\/ninamartinelli.com.br\/blog2\/toque-clean-e-contemporaneo-em-fachada-com-revestimento-luna\/\" \/>\n<meta property=\"og:site_name\" content=\"Blog Nina\" \/>\n<meta property=\"article:author\" content=\"http:\/\/facebook.com.br\/ninamartinellioficial\" \/>\n<meta property=\"article:published_time\" content=\"2021-04-23T19:11:56+00:00\" \/>\n<meta property=\"article:modified_time\" content=\"2021-04-23T19:21:36+00:00\" \/>\n<meta property=\"og:image\" content=\"https:\/\/ninamartinelli.com.br\/blog2\/wp-content\/uploads\/2021\/04\/luna-5.jpg\" \/>\n\t<meta property=\"og:image:width\" content=\"900\" \/>\n\t<meta property=\"og:image:height\" content=\"900\" \/>\n\t<meta property=\"og:image:type\" content=\"image\/jpeg\" \/>\n<meta name=\"author\" content=\"Comunica\u00e7\u00e3o Nina\" \/>\n<meta name=\"twitter:card\" content=\"summary_large_image\" \/>\n<meta name=\"twitter:label1\" content=\"Escrito por\" \/>\n\t<meta name=\"twitter:data1\" content=\"Comunica\u00e7\u00e3o Nina\" \/>\n\t<meta name=\"twitter:label2\" content=\"Est. tempo de leitura\" \/>\n\t<meta name=\"twitter:data2\" content=\"2 minutos\" \/>\n<script type=\"application\/ld+json\" class=\"yoast-schema-graph\">{\"@context\":\"https:\/\/schema.org\",\"@graph\":[{\"@type\":\"Article\",\"@id\":\"https:\/\/ninamartinelli.com.br\/blog2\/toque-clean-e-contemporaneo-em-fachada-com-revestimento-luna\/#article\",\"isPartOf\":{\"@id\":\"https:\/\/ninamartinelli.com.br\/blog2\/toque-clean-e-contemporaneo-em-fachada-com-revestimento-luna\/\"},\"author\":{\"name\":\"Comunica\u00e7\u00e3o Nina\",\"@id\":\"https:\/\/ninamartinelli.com.br\/blog2\/#\/schema\/person\/880a2cdee0a047e9b55254085d24f922\"},\"headline\":\"Toque clean e contempor\u00e2neo em fachada com revestimento Luna\",\"datePublished\":\"2021-04-23T19:11:56+00:00\",\"dateModified\":\"2021-04-23T19:21:36+00:00\",\"mainEntityOfPage\":{\"@id\":\"https:\/\/ninamartinelli.com.br\/blog2\/toque-clean-e-contemporaneo-em-fachada-com-revestimento-luna\/\"},\"wordCount\":467,\"commentCount\":0,\"publisher\":{\"@id\":\"https:\/\/ninamartinelli.com.br\/blog2\/#organization\"},\"image\":{\"@id\":\"https:\/\/ninamartinelli.com.br\/blog2\/toque-clean-e-contemporaneo-em-fachada-com-revestimento-luna\/#primaryimage\"},\"thumbnailUrl\":\"https:\/\/ninamartinelli.com.br\/blog2\/wp-content\/uploads\/2021\/04\/luna-5.jpg\",\"keywords\":[\"fachada\",\"revestimento\",\"revestimento 3D\"],\"articleSection\":[\"Cimento\",\"Colezione Cemento\",\"Revestimentos\"],\"inLanguage\":\"pt-BR\",\"potentialAction\":[{\"@type\":\"CommentAction\",\"name\":\"Comment\",\"target\":[\"https:\/\/ninamartinelli.com.br\/blog2\/toque-clean-e-contemporaneo-em-fachada-com-revestimento-luna\/#respond\"]}]},{\"@type\":\"WebPage\",\"@id\":\"https:\/\/ninamartinelli.com.br\/blog2\/toque-clean-e-contemporaneo-em-fachada-com-revestimento-luna\/\",\"url\":\"https:\/\/ninamartinelli.com.br\/blog2\/toque-clean-e-contemporaneo-em-fachada-com-revestimento-luna\/\",\"name\":\"Toque clean e contempor\u00e2neo em fachada com revestimento Luna - Blog Nina\",\"isPartOf\":{\"@id\":\"https:\/\/ninamartinelli.com.br\/blog2\/#website\"},\"primaryImageOfPage\":{\"@id\":\"https:\/\/ninamartinelli.com.br\/blog2\/toque-clean-e-contemporaneo-em-fachada-com-revestimento-luna\/#primaryimage\"},\"image\":{\"@id\":\"https:\/\/ninamartinelli.com.br\/blog2\/toque-clean-e-contemporaneo-em-fachada-com-revestimento-luna\/#primaryimage\"},\"thumbnailUrl\":\"https:\/\/ninamartinelli.com.br\/blog2\/wp-content\/uploads\/2021\/04\/luna-5.jpg\",\"datePublished\":\"2021-04-23T19:11:56+00:00\",\"dateModified\":\"2021-04-23T19:21:36+00:00\",\"breadcrumb\":{\"@id\":\"https:\/\/ninamartinelli.com.br\/blog2\/toque-clean-e-contemporaneo-em-fachada-com-revestimento-luna\/#breadcrumb\"},\"inLanguage\":\"pt-BR\",\"potentialAction\":[{\"@type\":\"ReadAction\",\"target\":[\"https:\/\/ninamartinelli.com.br\/blog2\/toque-clean-e-contemporaneo-em-fachada-com-revestimento-luna\/\"]}]},{\"@type\":\"ImageObject\",\"inLanguage\":\"pt-BR\",\"@id\":\"https:\/\/ninamartinelli.com.br\/blog2\/toque-clean-e-contemporaneo-em-fachada-com-revestimento-luna\/#primaryimage\",\"url\":\"https:\/\/ninamartinelli.com.br\/blog2\/wp-content\/uploads\/2021\/04\/luna-5.jpg\",\"contentUrl\":\"https:\/\/ninamartinelli.com.br\/blog2\/wp-content\/uploads\/2021\/04\/luna-5.jpg\",\"width\":900,\"height\":900},{\"@type\":\"BreadcrumbList\",\"@id\":\"https:\/\/ninamartinelli.com.br\/blog2\/toque-clean-e-contemporaneo-em-fachada-com-revestimento-luna\/#breadcrumb\",\"itemListElement\":[{\"@type\":\"ListItem\",\"position\":1,\"name\":\"In\u00edcio\",\"item\":\"https:\/\/ninamartinelli.com.br\/blog2\/\"},{\"@type\":\"ListItem\",\"position\":2,\"name\":\"Toque clean e contempor\u00e2neo em fachada com revestimento Luna\"}]},{\"@type\":\"WebSite\",\"@id\":\"https:\/\/ninamartinelli.com.br\/blog2\/#website\",\"url\":\"https:\/\/ninamartinelli.com.br\/blog2\/\",\"name\":\"Nina Martinelli\",\"description\":\"#Nina_Martinelli\",\"publisher\":{\"@id\":\"https:\/\/ninamartinelli.com.br\/blog2\/#organization\"},\"potentialAction\":[{\"@type\":\"SearchAction\",\"target\":{\"@type\":\"EntryPoint\",\"urlTemplate\":\"https:\/\/ninamartinelli.com.br\/blog2\/?s={search_term_string}\"},\"query-input\":{\"@type\":\"PropertyValueSpecification\",\"valueRequired\":true,\"valueName\":\"search_term_string\"}}],\"inLanguage\":\"pt-BR\"},{\"@type\":\"Organization\",\"@id\":\"https:\/\/ninamartinelli.com.br\/blog2\/#organization\",\"name\":\"Blog Novidades\",\"url\":\"https:\/\/ninamartinelli.com.br\/blog2\/\",\"logo\":{\"@type\":\"ImageObject\",\"inLanguage\":\"pt-BR\",\"@id\":\"https:\/\/ninamartinelli.com.br\/blog2\/#\/schema\/logo\/image\/\",\"url\":\"http:\/\/blog.ninamartinelli.com.br\/wp-content\/uploads\/2022\/03\/logo_nina_blog.png\",\"contentUrl\":\"http:\/\/blog.ninamartinelli.com.br\/wp-content\/uploads\/2022\/03\/logo_nina_blog.png\",\"width\":500,\"height\":104,\"caption\":\"Blog Novidades\"},\"image\":{\"@id\":\"https:\/\/ninamartinelli.com.br\/blog2\/#\/schema\/logo\/image\/\"}},{\"@type\":\"Person\",\"@id\":\"https:\/\/ninamartinelli.com.br\/blog2\/#\/schema\/person\/880a2cdee0a047e9b55254085d24f922\",\"name\":\"Comunica\u00e7\u00e3o Nina\",\"image\":{\"@type\":\"ImageObject\",\"inLanguage\":\"pt-BR\",\"@id\":\"https:\/\/ninamartinelli.com.br\/blog2\/#\/schema\/person\/image\/\",\"url\":\"https:\/\/secure.gravatar.com\/avatar\/0d3d763fb83768dd001497d074d4c4f6?s=96&d=mm&r=g\",\"contentUrl\":\"https:\/\/secure.gravatar.com\/avatar\/0d3d763fb83768dd001497d074d4c4f6?s=96&d=mm&r=g\",\"caption\":\"Comunica\u00e7\u00e3o Nina\"},\"sameAs\":[\"http:\/\/ninamartinelli.com.br\",\"http:\/\/facebook.com.br\/ninamartinellioficial\",\"http:\/\/instagram.com\/ninamartinellioficial\"],\"url\":\"https:\/\/ninamartinelli.com.br\/blog2\/author\/nina\/\"}]}<\/script>\n<!-- \/ Yoast SEO plugin. -->","yoast_head_json":{"title":"Toque clean e contempor\u00e2neo em fachada com revestimento Luna - Blog Nina","robots":{"index":"index","follow":"follow","max-snippet":"max-snippet:-1","max-image-preview":"max-image-preview:large","max-video-preview":"max-video-preview:-1"},"canonical":"https:\/\/ninamartinelli.com.br\/blog2\/toque-clean-e-contemporaneo-em-fachada-com-revestimento-luna\/","og_locale":"pt_BR","og_type":"article","og_title":"Toque clean e contempor\u00e2neo em fachada com revestimento Luna - Blog Nina","og_description":"Revestimento dialoga com linhas retas, esquadrias em alum\u00ednio preto e um paisagismo elegante. Era a","og_url":"https:\/\/ninamartinelli.com.br\/blog2\/toque-clean-e-contemporaneo-em-fachada-com-revestimento-luna\/","og_site_name":"Blog Nina","article_author":"http:\/\/facebook.com.br\/ninamartinellioficial","article_published_time":"2021-04-23T19:11:56+00:00","article_modified_time":"2021-04-23T19:21:36+00:00","og_image":[{"width":900,"height":900,"url":"https:\/\/ninamartinelli.com.br\/blog2\/wp-content\/uploads\/2021\/04\/luna-5.jpg","type":"image\/jpeg"}],"author":"Comunica\u00e7\u00e3o Nina","twitter_card":"summary_large_image","twitter_misc":{"Escrito por":"Comunica\u00e7\u00e3o Nina","Est. tempo de leitura":"2 minutos"},"schema":{"@context":"https:\/\/schema.org","@graph":[{"@type":"Article","@id":"https:\/\/ninamartinelli.com.br\/blog2\/toque-clean-e-contemporaneo-em-fachada-com-revestimento-luna\/#article","isPartOf":{"@id":"https:\/\/ninamartinelli.com.br\/blog2\/toque-clean-e-contemporaneo-em-fachada-com-revestimento-luna\/"},"author":{"name":"Comunica\u00e7\u00e3o Nina","@id":"https:\/\/ninamartinelli.com.br\/blog2\/#\/schema\/person\/880a2cdee0a047e9b55254085d24f922"},"headline":"Toque clean e contempor\u00e2neo em fachada com revestimento Luna","datePublished":"2021-04-23T19:11:56+00:00","dateModified":"2021-04-23T19:21:36+00:00","mainEntityOfPage":{"@id":"https:\/\/ninamartinelli.com.br\/blog2\/toque-clean-e-contemporaneo-em-fachada-com-revestimento-luna\/"},"wordCount":467,"commentCount":0,"publisher":{"@id":"https:\/\/ninamartinelli.com.br\/blog2\/#organization"},"image":{"@id":"https:\/\/ninamartinelli.com.br\/blog2\/toque-clean-e-contemporaneo-em-fachada-com-revestimento-luna\/#primaryimage"},"thumbnailUrl":"https:\/\/ninamartinelli.com.br\/blog2\/wp-content\/uploads\/2021\/04\/luna-5.jpg","keywords":["fachada","revestimento","revestimento 3D"],"articleSection":["Cimento","Colezione Cemento","Revestimentos"],"inLanguage":"pt-BR","potentialAction":[{"@type":"CommentAction","name":"Comment","target":["https:\/\/ninamartinelli.com.br\/blog2\/toque-clean-e-contemporaneo-em-fachada-com-revestimento-luna\/#respond"]}]},{"@type":"WebPage","@id":"https:\/\/ninamartinelli.com.br\/blog2\/toque-clean-e-contemporaneo-em-fachada-com-revestimento-luna\/","url":"https:\/\/ninamartinelli.com.br\/blog2\/toque-clean-e-contemporaneo-em-fachada-com-revestimento-luna\/","name":"Toque clean e contempor\u00e2neo em fachada com revestimento Luna - Blog Nina","isPartOf":{"@id":"https:\/\/ninamartinelli.com.br\/blog2\/#website"},"primaryImageOfPage":{"@id":"https:\/\/ninamartinelli.com.br\/blog2\/toque-clean-e-contemporaneo-em-fachada-com-revestimento-luna\/#primaryimage"},"image":{"@id":"https:\/\/ninamartinelli.com.br\/blog2\/toque-clean-e-contemporaneo-em-fachada-com-revestimento-luna\/#primaryimage"},"thumbnailUrl":"https:\/\/ninamartinelli.com.br\/blog2\/wp-content\/uploads\/2021\/04\/luna-5.jpg","datePublished":"2021-04-23T19:11:56+00:00","dateModified":"2021-04-23T19:21:36+00:00","breadcrumb":{"@id":"https:\/\/ninamartinelli.com.br\/blog2\/toque-clean-e-contemporaneo-em-fachada-com-revestimento-luna\/#breadcrumb"},"inLanguage":"pt-BR","potentialAction":[{"@type":"ReadAction","target":["https:\/\/ninamartinelli.com.br\/blog2\/toque-clean-e-contemporaneo-em-fachada-com-revestimento-luna\/"]}]},{"@type":"ImageObject","inLanguage":"pt-BR","@id":"https:\/\/ninamartinelli.com.br\/blog2\/toque-clean-e-contemporaneo-em-fachada-com-revestimento-luna\/#primaryimage","url":"https:\/\/ninamartinelli.com.br\/blog2\/wp-content\/uploads\/2021\/04\/luna-5.jpg","contentUrl":"https:\/\/ninamartinelli.com.br\/blog2\/wp-content\/uploads\/2021\/04\/luna-5.jpg","width":900,"height":900},{"@type":"BreadcrumbList","@id":"https:\/\/ninamartinelli.com.br\/blog2\/toque-clean-e-contemporaneo-em-fachada-com-revestimento-luna\/#breadcrumb","itemListElement":[{"@type":"ListItem","position":1,"name":"In\u00edcio","item":"https:\/\/ninamartinelli.com.br\/blog2\/"},{"@type":"ListItem","position":2,"name":"Toque clean e contempor\u00e2neo em fachada com revestimento Luna"}]},{"@type":"WebSite","@id":"https:\/\/ninamartinelli.com.br\/blog2\/#website","url":"https:\/\/ninamartinelli.com.br\/blog2\/","name":"Nina Martinelli","description":"#Nina_Martinelli","publisher":{"@id":"https:\/\/ninamartinelli.com.br\/blog2\/#organization"},"potentialAction":[{"@type":"SearchAction","target":{"@type":"EntryPoint","urlTemplate":"https:\/\/ninamartinelli.com.br\/blog2\/?s={search_term_string}"},"query-input":{"@type":"PropertyValueSpecification","valueRequired":true,"valueName":"search_term_string"}}],"inLanguage":"pt-BR"},{"@type":"Organization","@id":"https:\/\/ninamartinelli.com.br\/blog2\/#organization","name":"Blog Novidades","url":"https:\/\/ninamartinelli.com.br\/blog2\/","logo":{"@type":"ImageObject","inLanguage":"pt-BR","@id":"https:\/\/ninamartinelli.com.br\/blog2\/#\/schema\/logo\/image\/","url":"http:\/\/blog.ninamartinelli.com.br\/wp-content\/uploads\/2022\/03\/logo_nina_blog.png","contentUrl":"http:\/\/blog.ninamartinelli.com.br\/wp-content\/uploads\/2022\/03\/logo_nina_blog.png","width":500,"height":104,"caption":"Blog Novidades"},"image":{"@id":"https:\/\/ninamartinelli.com.br\/blog2\/#\/schema\/logo\/image\/"}},{"@type":"Person","@id":"https:\/\/ninamartinelli.com.br\/blog2\/#\/schema\/person\/880a2cdee0a047e9b55254085d24f922","name":"Comunica\u00e7\u00e3o Nina","image":{"@type":"ImageObject","inLanguage":"pt-BR","@id":"https:\/\/ninamartinelli.com.br\/blog2\/#\/schema\/person\/image\/","url":"https:\/\/secure.gravatar.com\/avatar\/0d3d763fb83768dd001497d074d4c4f6?s=96&d=mm&r=g","contentUrl":"https:\/\/secure.gravatar.com\/avatar\/0d3d763fb83768dd001497d074d4c4f6?s=96&d=mm&r=g","caption":"Comunica\u00e7\u00e3o Nina"},"sameAs":["http:\/\/ninamartinelli.com.br","http:\/\/facebook.com.br\/ninamartinellioficial","http:\/\/instagram.com\/ninamartinellioficial"],"url":"https:\/\/ninamartinelli.com.br\/blog2\/author\/nina\/"}]}},"_links":{"self":[{"href":"https:\/\/ninamartinelli.com.br\/blog2\/wp-json\/wp\/v2\/posts\/1397","targetHints":{"allow":["GET"]}}],"collection":[{"href":"https:\/\/ninamartinelli.com.br\/blog2\/wp-json\/wp\/v2\/posts"}],"about":[{"href":"https:\/\/ninamartinelli.com.br\/blog2\/wp-json\/wp\/v2\/types\/post"}],"author":[{"embeddable":true,"href":"https:\/\/ninamartinelli.com.br\/blog2\/wp-json\/wp\/v2\/users\/1"}],"replies":[{"embeddable":true,"href":"https:\/\/ninamartinelli.com.br\/blog2\/wp-json\/wp\/v2\/comments?post=1397"}],"version-history":[{"count":7,"href":"https:\/\/ninamartinelli.com.br\/blog2\/wp-json\/wp\/v2\/posts\/1397\/revisions"}],"predecessor-version":[{"id":1409,"href":"https:\/\/ninamartinelli.com.br\/blog2\/wp-json\/wp\/v2\/posts\/1397\/revisions\/1409"}],"wp:featuredmedia":[{"embeddable":true,"href":"https:\/\/ninamartinelli.com.br\/blog2\/wp-json\/wp\/v2\/media\/1408"}],"wp:attachment":[{"href":"https:\/\/ninamartinelli.com.br\/blog2\/wp-json\/wp\/v2\/media?parent=1397"}],"wp:term":[{"taxonomy":"category","embeddable":true,"href":"https:\/\/ninamartinelli.com.br\/blog2\/wp-json\/wp\/v2\/categories?post=1397"},{"taxonomy":"post_tag","embeddable":true,"href":"https:\/\/ninamartinelli.com.br\/blog2\/wp-json\/wp\/v2\/tags?post=1397"}],"curies":[{"name":"wp","href":"https:\/\/api.w.org\/{rel}","templated":true}]}}