{"id":1377,"date":"2021-04-12T14:15:33","date_gmt":"2021-04-12T17:15:33","guid":{"rendered":"http:\/\/blog.ninamartinelli.com.br\/?p=1377"},"modified":"2021-04-12T14:15:33","modified_gmt":"2021-04-12T17:15:33","slug":"cotto-vecchio-na-fachada-sofisticacao-e-aconchego-em-residencia","status":"publish","type":"post","link":"https:\/\/ninamartinelli.com.br\/blog2\/cotto-vecchio-na-fachada-sofisticacao-e-aconchego-em-residencia\/","title":{"rendered":"Cotto Vecchio na fachada &#8211; sofistica\u00e7\u00e3o e aconchego em resid\u00eancia"},"content":{"rendered":"<p><em><strong>Volumetria de grandes dimens\u00f5es que abriga a garagem foi revestida com o piso cer\u00e2mico, ganhando ares de p\u00f3rtico<\/strong><\/em><\/p>\n<p>Na regi\u00e3o central do Estado de S\u00e3o Paulo, uma fam\u00edlia composta por um casal com um filho adolescente idealizou uma nova resid\u00eancia que abrigasse um estilo de vida muito greg\u00e1rio, j\u00e1 que amam os momentos juntos e tamb\u00e9m recebendo amigos e familiares.<\/p>\n<p>Precisava ser uma casa moderna e confort\u00e1vel, mas tamb\u00e9m convidativa e acolhedora. Onde todos pudessem desfrutar dos ambientes internos e contemplarem belos jardins, ao alcance dos olhos e das m\u00e3os&#8230;<\/p>\n<p>As arquitetas Camila Borgo e Viviane Denadai, s\u00f3cias propriet\u00e1rias do <strong>Studio Neuville Arquitetura &amp; Design<\/strong>, abra\u00e7aram o desafio com entusiasmo. Projetaram um im\u00f3vel com aproximadamente 370,00 m\u00b2, constru\u00eddo em um terreno de 1.000 m\u00b2, de forma que todos os ambientes tivessem vista para jardim e da piscina, alocados bem no centro do terreno. A casa \u00e9 dividida em tr\u00eas su\u00edtes, vesti\u00e1rio, \u00e1rea de lazer, \u00e1rea social, escrit\u00f3rio, sala de jogos, home theater e garagem.<\/p>\n<p>O condom\u00ednio onde est\u00e1 localizada busca ser exemplo de sustentabilidade. As ruas receberam pisos drenantes e, as cal\u00e7adas, plantio de grama, para uma permeabilidade ainda mais completa. Aspectos que tamb\u00e9m ajudam a dar ao local aquele clima de interior, com a tranquilidade das pequenas cidades.<\/p>\n<p>Apaixonados por festas \u201cde encher o sal\u00e3o\u201d, e tamb\u00e9m por momentos de sossego mais reservados, como por exemplo deliciosas sess\u00f5es de filmes, os clientes queriam ambientes amplos e \u00e1reas de conv\u00edvio, espa\u00e7os bem iluminados, ventilados, com verde e aconchego. A integra\u00e7\u00e3o foi o conceito b\u00e1sico usado como ponto de partida para Camila e Viviane. <em>\u201cOs ambientes se comunicam de forma simples. O corredor que leva aos dormit\u00f3rios, apesar de extenso \u00e9 iluminado. Na verdade, \u00e9 uma passarela particular, com vista para \u00e1rea de jardim e piscina. Assim, os propriet\u00e1rios podem contemplar o entorno enquanto circulam pelos ambientes\u201d<\/em>, explicam.<\/p>\n<h3>Fachada valorizada<\/h3>\n<p><img loading=\"lazy\" decoding=\"async\" class=\"alignleft wp-image-1028 size-medium\" src=\"http:\/\/blog.ninamartinelli.com.br\/wp-content\/uploads\/2020\/05\/piso-cotto-vecchio-nero-300x300.jpg\" alt=\"\" width=\"300\" height=\"300\" srcset=\"https:\/\/ninamartinelli.com.br\/blog2\/wp-content\/uploads\/2020\/05\/piso-cotto-vecchio-nero-300x300.jpg 300w, https:\/\/ninamartinelli.com.br\/blog2\/wp-content\/uploads\/2020\/05\/piso-cotto-vecchio-nero-150x150.jpg 150w, https:\/\/ninamartinelli.com.br\/blog2\/wp-content\/uploads\/2020\/05\/piso-cotto-vecchio-nero-50x50.jpg 50w, https:\/\/ninamartinelli.com.br\/blog2\/wp-content\/uploads\/2020\/05\/piso-cotto-vecchio-nero.jpg 500w\" sizes=\"auto, (max-width: 300px) 100vw, 300px\" \/>As linhas contempor\u00e2neas da casa inclu\u00edram uma grande \u2018caixa\u2019 onde foi idealizada a garagem. A esse elemento, as profissionais quiseram dar ares de \u201cp\u00f3rtico\u201d, valorizando a volumetria de grandes propor\u00e7\u00f5es. \u201c<em>Transformamos esse bloco aplicando ent\u00e3o um material r\u00fastico, o que conferiu muita personalidade\u201d<\/em>, dizem.<br \/>\nO material r\u00fastico, no caso, \u00e9 o piso <strong>Cotto Vecchio N\u00f3bile Nero<\/strong>, feito em cer\u00e2mica natural, em tonalidades t\u00edpicas dos tradicionais materiais cer\u00e2micos, mas apresentado em dimens\u00f5es exclusivas e variadas, possibilitando alto grau de diferencia\u00e7\u00e3o nas pagina\u00e7\u00f5es. Integra a Colezione Eleganza.<\/p>\n<p><em>\u201cComo vem em pe\u00e7as irregulares, exigem um pouco mais de aten\u00e7\u00e3o na composi\u00e7\u00e3o de pagina\u00e7\u00e3o. Para n\u00f3s n\u00e3o foi um problema, pois gostamos de elementos que trazem esse visual mais natural\u201d,<\/em> afirmam as arquitetas. \u201c<em>Cada pe\u00e7a foi encaixada como um lego, para criar a pagina\u00e7\u00e3o ideal, sendo assim, foram necess\u00e1rios espa\u00e7amentos maiores e menores entre as pe\u00e7as\u201d<\/em>, detalham elas.<\/p>\n<hr \/>\n<figure id=\"attachment_1382\" aria-describedby=\"caption-attachment-1382\" style=\"width: 546px\" class=\"wp-caption aligncenter\"><img loading=\"lazy\" decoding=\"async\" class=\"wp-image-1382 size-full\" src=\"http:\/\/blog.ninamartinelli.com.br\/wp-content\/uploads\/2021\/04\/DIMENSOES_COTTO_NOBILE.jpg\" alt=\"\" width=\"546\" height=\"250\" srcset=\"https:\/\/ninamartinelli.com.br\/blog2\/wp-content\/uploads\/2021\/04\/DIMENSOES_COTTO_NOBILE.jpg 546w, https:\/\/ninamartinelli.com.br\/blog2\/wp-content\/uploads\/2021\/04\/DIMENSOES_COTTO_NOBILE-300x137.jpg 300w\" sizes=\"auto, (max-width: 546px) 100vw, 546px\" \/><figcaption id=\"caption-attachment-1382\" class=\"wp-caption-text\">Dimens\u00f5es do Cotto Vecchio Nobile: pagina\u00e7\u00f5es surpreendentes.<\/figcaption><\/figure>\n<hr \/>\n<p>Al\u00e9m de dar muita personalidade \u00e0s paredes onde foi aplicado, segundo Camila e Viviane, a textura e a colora\u00e7\u00e3o exclusivas do Cotto Vecchio N\u00f3bile Nero dialogam perfeitamente com cobog\u00f3s, tamb\u00e9m utilizados na fachada, camuflando com charme a \u00e1rea de servi\u00e7o.<\/p>\n<p><em>\u201c\u00c9 um produto atemporal, r\u00fastico e sofisticado, que foi o encaixe perfeito para nosso projeto contempor\u00e2neo, trazendo o que os clientes queriam. Achamos o resultado incr\u00edvel e surpreendente, e os clientes amaram. \u00c9 algo realmente diferente de tudo o que viram, exatamente como eles desejavam\u201d<\/em>, concluem.<\/p>\n<p>O Cotto Vecchio N\u00f3bile Nero foi adquirido na <strong>Condec Premium Acabamentos,<\/strong> em Ja\u00fa\/SP.<\/p>\n<hr \/>\n<p style=\"text-align: center;\"><img loading=\"lazy\" decoding=\"async\" class=\"size-full wp-image-1391 aligncenter\" src=\"http:\/\/blog.ninamartinelli.com.br\/wp-content\/uploads\/2021\/04\/cotto-vecchio-nobile-nero3.jpg\" alt=\"\" width=\"1000\" height=\"500\" srcset=\"https:\/\/ninamartinelli.com.br\/blog2\/wp-content\/uploads\/2021\/04\/cotto-vecchio-nobile-nero3.jpg 1000w, https:\/\/ninamartinelli.com.br\/blog2\/wp-content\/uploads\/2021\/04\/cotto-vecchio-nobile-nero3-300x150.jpg 300w, https:\/\/ninamartinelli.com.br\/blog2\/wp-content\/uploads\/2021\/04\/cotto-vecchio-nobile-nero3-768x384.jpg 768w\" sizes=\"auto, (max-width: 1000px) 100vw, 1000px\" \/><\/p>\n<p style=\"text-align: center;\"><img loading=\"lazy\" decoding=\"async\" class=\"size-full wp-image-1392 aligncenter\" src=\"http:\/\/blog.ninamartinelli.com.br\/wp-content\/uploads\/2021\/04\/cotto-vecchio-nobile-nero2.jpg\" alt=\"\" width=\"1000\" height=\"500\" srcset=\"https:\/\/ninamartinelli.com.br\/blog2\/wp-content\/uploads\/2021\/04\/cotto-vecchio-nobile-nero2.jpg 1000w, https:\/\/ninamartinelli.com.br\/blog2\/wp-content\/uploads\/2021\/04\/cotto-vecchio-nobile-nero2-300x150.jpg 300w, https:\/\/ninamartinelli.com.br\/blog2\/wp-content\/uploads\/2021\/04\/cotto-vecchio-nobile-nero2-768x384.jpg 768w\" sizes=\"auto, (max-width: 1000px) 100vw, 1000px\" \/><\/p>\n<hr \/>\n<h4>Revestimento com piso Cotto Vecchio N\u00f3bile Nero &#8211; Volumetria da garagem \u2013 parte da fachada<\/h4>\n<h4>Projeto \u2013 Camila Borgo e Viviane Denadai \u2013 Studio Neuville Arquitetura e Design \u2013 Ja\u00fa SP<br \/>\nInstagram: <a href=\"https:\/\/www.instagram.com\/studioneuville\/\" target=\"_blank\" rel=\"noopener noreferrer\">@studioneuville<\/a><br \/>\nFotos: Divulga\u00e7\u00e3o<\/h4>\n","protected":false},"excerpt":{"rendered":"<p>Volumetria de grandes dimens\u00f5es que abriga a garagem foi revestida com o piso cer\u00e2mico, ganhando<\/p>\n","protected":false},"author":1,"featured_media":1390,"comment_status":"open","ping_status":"open","sticky":false,"template":"","format":"standard","meta":{"footnotes":""},"categories":[59,21,26],"tags":[66,103,24,46],"class_list":["post-1377","post","type-post","status-publish","format-standard","has-post-thumbnail","hentry","category-ceramica","category-pisos","category-revestimentos","tag-fachada","tag-garagem","tag-piso","tag-revestimento"],"yoast_head":"<!-- This site is optimized with the Yoast SEO plugin v26.8 - https:\/\/yoast.com\/product\/yoast-seo-wordpress\/ -->\n<title>Cotto Vecchio na fachada - sofistica\u00e7\u00e3o e aconchego em resid\u00eancia - Blog Nina<\/title>\n<meta name=\"robots\" content=\"index, follow, max-snippet:-1, max-image-preview:large, max-video-preview:-1\" \/>\n<link rel=\"canonical\" href=\"https:\/\/ninamartinelli.com.br\/blog2\/cotto-vecchio-na-fachada-sofisticacao-e-aconchego-em-residencia\/\" \/>\n<meta property=\"og:locale\" content=\"pt_BR\" \/>\n<meta property=\"og:type\" content=\"article\" \/>\n<meta property=\"og:title\" content=\"Cotto Vecchio na fachada - sofistica\u00e7\u00e3o e aconchego em resid\u00eancia - Blog Nina\" \/>\n<meta property=\"og:description\" content=\"Volumetria de grandes dimens\u00f5es que abriga a garagem foi revestida com o piso cer\u00e2mico, ganhando\" \/>\n<meta property=\"og:url\" content=\"https:\/\/ninamartinelli.com.br\/blog2\/cotto-vecchio-na-fachada-sofisticacao-e-aconchego-em-residencia\/\" \/>\n<meta property=\"og:site_name\" content=\"Blog Nina\" \/>\n<meta property=\"article:author\" content=\"http:\/\/facebook.com.br\/ninamartinellioficial\" \/>\n<meta property=\"article:published_time\" content=\"2021-04-12T17:15:33+00:00\" \/>\n<meta property=\"og:image\" content=\"https:\/\/ninamartinelli.com.br\/blog2\/wp-content\/uploads\/2021\/04\/cotto-vecchio-nobile-nero1.jpg\" \/>\n\t<meta property=\"og:image:width\" content=\"1000\" \/>\n\t<meta property=\"og:image:height\" content=\"1000\" \/>\n\t<meta property=\"og:image:type\" content=\"image\/jpeg\" \/>\n<meta name=\"author\" content=\"Comunica\u00e7\u00e3o Nina\" \/>\n<meta name=\"twitter:card\" content=\"summary_large_image\" \/>\n<meta name=\"twitter:label1\" content=\"Escrito por\" \/>\n\t<meta name=\"twitter:data1\" content=\"Comunica\u00e7\u00e3o Nina\" \/>\n\t<meta name=\"twitter:label2\" content=\"Est. tempo de leitura\" \/>\n\t<meta name=\"twitter:data2\" content=\"3 minutos\" \/>\n<script type=\"application\/ld+json\" class=\"yoast-schema-graph\">{\"@context\":\"https:\/\/schema.org\",\"@graph\":[{\"@type\":\"Article\",\"@id\":\"https:\/\/ninamartinelli.com.br\/blog2\/cotto-vecchio-na-fachada-sofisticacao-e-aconchego-em-residencia\/#article\",\"isPartOf\":{\"@id\":\"https:\/\/ninamartinelli.com.br\/blog2\/cotto-vecchio-na-fachada-sofisticacao-e-aconchego-em-residencia\/\"},\"author\":{\"name\":\"Comunica\u00e7\u00e3o Nina\",\"@id\":\"https:\/\/ninamartinelli.com.br\/blog2\/#\/schema\/person\/880a2cdee0a047e9b55254085d24f922\"},\"headline\":\"Cotto Vecchio na fachada &#8211; sofistica\u00e7\u00e3o e aconchego em resid\u00eancia\",\"datePublished\":\"2021-04-12T17:15:33+00:00\",\"mainEntityOfPage\":{\"@id\":\"https:\/\/ninamartinelli.com.br\/blog2\/cotto-vecchio-na-fachada-sofisticacao-e-aconchego-em-residencia\/\"},\"wordCount\":674,\"commentCount\":0,\"publisher\":{\"@id\":\"https:\/\/ninamartinelli.com.br\/blog2\/#organization\"},\"image\":{\"@id\":\"https:\/\/ninamartinelli.com.br\/blog2\/cotto-vecchio-na-fachada-sofisticacao-e-aconchego-em-residencia\/#primaryimage\"},\"thumbnailUrl\":\"https:\/\/ninamartinelli.com.br\/blog2\/wp-content\/uploads\/2021\/04\/cotto-vecchio-nobile-nero1.jpg\",\"keywords\":[\"fachada\",\"garagem\",\"piso\",\"revestimento\"],\"articleSection\":[\"Cer\u00e2mica\",\"Pisos\",\"Revestimentos\"],\"inLanguage\":\"pt-BR\",\"potentialAction\":[{\"@type\":\"CommentAction\",\"name\":\"Comment\",\"target\":[\"https:\/\/ninamartinelli.com.br\/blog2\/cotto-vecchio-na-fachada-sofisticacao-e-aconchego-em-residencia\/#respond\"]}]},{\"@type\":\"WebPage\",\"@id\":\"https:\/\/ninamartinelli.com.br\/blog2\/cotto-vecchio-na-fachada-sofisticacao-e-aconchego-em-residencia\/\",\"url\":\"https:\/\/ninamartinelli.com.br\/blog2\/cotto-vecchio-na-fachada-sofisticacao-e-aconchego-em-residencia\/\",\"name\":\"Cotto Vecchio na fachada - sofistica\u00e7\u00e3o e aconchego em resid\u00eancia - Blog Nina\",\"isPartOf\":{\"@id\":\"https:\/\/ninamartinelli.com.br\/blog2\/#website\"},\"primaryImageOfPage\":{\"@id\":\"https:\/\/ninamartinelli.com.br\/blog2\/cotto-vecchio-na-fachada-sofisticacao-e-aconchego-em-residencia\/#primaryimage\"},\"image\":{\"@id\":\"https:\/\/ninamartinelli.com.br\/blog2\/cotto-vecchio-na-fachada-sofisticacao-e-aconchego-em-residencia\/#primaryimage\"},\"thumbnailUrl\":\"https:\/\/ninamartinelli.com.br\/blog2\/wp-content\/uploads\/2021\/04\/cotto-vecchio-nobile-nero1.jpg\",\"datePublished\":\"2021-04-12T17:15:33+00:00\",\"breadcrumb\":{\"@id\":\"https:\/\/ninamartinelli.com.br\/blog2\/cotto-vecchio-na-fachada-sofisticacao-e-aconchego-em-residencia\/#breadcrumb\"},\"inLanguage\":\"pt-BR\",\"potentialAction\":[{\"@type\":\"ReadAction\",\"target\":[\"https:\/\/ninamartinelli.com.br\/blog2\/cotto-vecchio-na-fachada-sofisticacao-e-aconchego-em-residencia\/\"]}]},{\"@type\":\"ImageObject\",\"inLanguage\":\"pt-BR\",\"@id\":\"https:\/\/ninamartinelli.com.br\/blog2\/cotto-vecchio-na-fachada-sofisticacao-e-aconchego-em-residencia\/#primaryimage\",\"url\":\"https:\/\/ninamartinelli.com.br\/blog2\/wp-content\/uploads\/2021\/04\/cotto-vecchio-nobile-nero1.jpg\",\"contentUrl\":\"https:\/\/ninamartinelli.com.br\/blog2\/wp-content\/uploads\/2021\/04\/cotto-vecchio-nobile-nero1.jpg\",\"width\":1000,\"height\":1000},{\"@type\":\"BreadcrumbList\",\"@id\":\"https:\/\/ninamartinelli.com.br\/blog2\/cotto-vecchio-na-fachada-sofisticacao-e-aconchego-em-residencia\/#breadcrumb\",\"itemListElement\":[{\"@type\":\"ListItem\",\"position\":1,\"name\":\"In\u00edcio\",\"item\":\"https:\/\/ninamartinelli.com.br\/blog2\/\"},{\"@type\":\"ListItem\",\"position\":2,\"name\":\"Cotto Vecchio na fachada &#8211; sofistica\u00e7\u00e3o e aconchego em resid\u00eancia\"}]},{\"@type\":\"WebSite\",\"@id\":\"https:\/\/ninamartinelli.com.br\/blog2\/#website\",\"url\":\"https:\/\/ninamartinelli.com.br\/blog2\/\",\"name\":\"Nina Martinelli\",\"description\":\"#Nina_Martinelli\",\"publisher\":{\"@id\":\"https:\/\/ninamartinelli.com.br\/blog2\/#organization\"},\"potentialAction\":[{\"@type\":\"SearchAction\",\"target\":{\"@type\":\"EntryPoint\",\"urlTemplate\":\"https:\/\/ninamartinelli.com.br\/blog2\/?s={search_term_string}\"},\"query-input\":{\"@type\":\"PropertyValueSpecification\",\"valueRequired\":true,\"valueName\":\"search_term_string\"}}],\"inLanguage\":\"pt-BR\"},{\"@type\":\"Organization\",\"@id\":\"https:\/\/ninamartinelli.com.br\/blog2\/#organization\",\"name\":\"Blog Novidades\",\"url\":\"https:\/\/ninamartinelli.com.br\/blog2\/\",\"logo\":{\"@type\":\"ImageObject\",\"inLanguage\":\"pt-BR\",\"@id\":\"https:\/\/ninamartinelli.com.br\/blog2\/#\/schema\/logo\/image\/\",\"url\":\"http:\/\/blog.ninamartinelli.com.br\/wp-content\/uploads\/2022\/03\/logo_nina_blog.png\",\"contentUrl\":\"http:\/\/blog.ninamartinelli.com.br\/wp-content\/uploads\/2022\/03\/logo_nina_blog.png\",\"width\":500,\"height\":104,\"caption\":\"Blog Novidades\"},\"image\":{\"@id\":\"https:\/\/ninamartinelli.com.br\/blog2\/#\/schema\/logo\/image\/\"}},{\"@type\":\"Person\",\"@id\":\"https:\/\/ninamartinelli.com.br\/blog2\/#\/schema\/person\/880a2cdee0a047e9b55254085d24f922\",\"name\":\"Comunica\u00e7\u00e3o Nina\",\"image\":{\"@type\":\"ImageObject\",\"inLanguage\":\"pt-BR\",\"@id\":\"https:\/\/ninamartinelli.com.br\/blog2\/#\/schema\/person\/image\/\",\"url\":\"https:\/\/secure.gravatar.com\/avatar\/0d3d763fb83768dd001497d074d4c4f6?s=96&d=mm&r=g\",\"contentUrl\":\"https:\/\/secure.gravatar.com\/avatar\/0d3d763fb83768dd001497d074d4c4f6?s=96&d=mm&r=g\",\"caption\":\"Comunica\u00e7\u00e3o Nina\"},\"sameAs\":[\"http:\/\/ninamartinelli.com.br\",\"http:\/\/facebook.com.br\/ninamartinellioficial\",\"http:\/\/instagram.com\/ninamartinellioficial\"],\"url\":\"https:\/\/ninamartinelli.com.br\/blog2\/author\/nina\/\"}]}<\/script>\n<!-- \/ Yoast SEO plugin. -->","yoast_head_json":{"title":"Cotto Vecchio na fachada - sofistica\u00e7\u00e3o e aconchego em resid\u00eancia - Blog Nina","robots":{"index":"index","follow":"follow","max-snippet":"max-snippet:-1","max-image-preview":"max-image-preview:large","max-video-preview":"max-video-preview:-1"},"canonical":"https:\/\/ninamartinelli.com.br\/blog2\/cotto-vecchio-na-fachada-sofisticacao-e-aconchego-em-residencia\/","og_locale":"pt_BR","og_type":"article","og_title":"Cotto Vecchio na fachada - sofistica\u00e7\u00e3o e aconchego em resid\u00eancia - Blog Nina","og_description":"Volumetria de grandes dimens\u00f5es que abriga a garagem foi revestida com o piso cer\u00e2mico, ganhando","og_url":"https:\/\/ninamartinelli.com.br\/blog2\/cotto-vecchio-na-fachada-sofisticacao-e-aconchego-em-residencia\/","og_site_name":"Blog Nina","article_author":"http:\/\/facebook.com.br\/ninamartinellioficial","article_published_time":"2021-04-12T17:15:33+00:00","og_image":[{"width":1000,"height":1000,"url":"https:\/\/ninamartinelli.com.br\/blog2\/wp-content\/uploads\/2021\/04\/cotto-vecchio-nobile-nero1.jpg","type":"image\/jpeg"}],"author":"Comunica\u00e7\u00e3o Nina","twitter_card":"summary_large_image","twitter_misc":{"Escrito por":"Comunica\u00e7\u00e3o Nina","Est. tempo de leitura":"3 minutos"},"schema":{"@context":"https:\/\/schema.org","@graph":[{"@type":"Article","@id":"https:\/\/ninamartinelli.com.br\/blog2\/cotto-vecchio-na-fachada-sofisticacao-e-aconchego-em-residencia\/#article","isPartOf":{"@id":"https:\/\/ninamartinelli.com.br\/blog2\/cotto-vecchio-na-fachada-sofisticacao-e-aconchego-em-residencia\/"},"author":{"name":"Comunica\u00e7\u00e3o Nina","@id":"https:\/\/ninamartinelli.com.br\/blog2\/#\/schema\/person\/880a2cdee0a047e9b55254085d24f922"},"headline":"Cotto Vecchio na fachada &#8211; sofistica\u00e7\u00e3o e aconchego em resid\u00eancia","datePublished":"2021-04-12T17:15:33+00:00","mainEntityOfPage":{"@id":"https:\/\/ninamartinelli.com.br\/blog2\/cotto-vecchio-na-fachada-sofisticacao-e-aconchego-em-residencia\/"},"wordCount":674,"commentCount":0,"publisher":{"@id":"https:\/\/ninamartinelli.com.br\/blog2\/#organization"},"image":{"@id":"https:\/\/ninamartinelli.com.br\/blog2\/cotto-vecchio-na-fachada-sofisticacao-e-aconchego-em-residencia\/#primaryimage"},"thumbnailUrl":"https:\/\/ninamartinelli.com.br\/blog2\/wp-content\/uploads\/2021\/04\/cotto-vecchio-nobile-nero1.jpg","keywords":["fachada","garagem","piso","revestimento"],"articleSection":["Cer\u00e2mica","Pisos","Revestimentos"],"inLanguage":"pt-BR","potentialAction":[{"@type":"CommentAction","name":"Comment","target":["https:\/\/ninamartinelli.com.br\/blog2\/cotto-vecchio-na-fachada-sofisticacao-e-aconchego-em-residencia\/#respond"]}]},{"@type":"WebPage","@id":"https:\/\/ninamartinelli.com.br\/blog2\/cotto-vecchio-na-fachada-sofisticacao-e-aconchego-em-residencia\/","url":"https:\/\/ninamartinelli.com.br\/blog2\/cotto-vecchio-na-fachada-sofisticacao-e-aconchego-em-residencia\/","name":"Cotto Vecchio na fachada - sofistica\u00e7\u00e3o e aconchego em resid\u00eancia - Blog Nina","isPartOf":{"@id":"https:\/\/ninamartinelli.com.br\/blog2\/#website"},"primaryImageOfPage":{"@id":"https:\/\/ninamartinelli.com.br\/blog2\/cotto-vecchio-na-fachada-sofisticacao-e-aconchego-em-residencia\/#primaryimage"},"image":{"@id":"https:\/\/ninamartinelli.com.br\/blog2\/cotto-vecchio-na-fachada-sofisticacao-e-aconchego-em-residencia\/#primaryimage"},"thumbnailUrl":"https:\/\/ninamartinelli.com.br\/blog2\/wp-content\/uploads\/2021\/04\/cotto-vecchio-nobile-nero1.jpg","datePublished":"2021-04-12T17:15:33+00:00","breadcrumb":{"@id":"https:\/\/ninamartinelli.com.br\/blog2\/cotto-vecchio-na-fachada-sofisticacao-e-aconchego-em-residencia\/#breadcrumb"},"inLanguage":"pt-BR","potentialAction":[{"@type":"ReadAction","target":["https:\/\/ninamartinelli.com.br\/blog2\/cotto-vecchio-na-fachada-sofisticacao-e-aconchego-em-residencia\/"]}]},{"@type":"ImageObject","inLanguage":"pt-BR","@id":"https:\/\/ninamartinelli.com.br\/blog2\/cotto-vecchio-na-fachada-sofisticacao-e-aconchego-em-residencia\/#primaryimage","url":"https:\/\/ninamartinelli.com.br\/blog2\/wp-content\/uploads\/2021\/04\/cotto-vecchio-nobile-nero1.jpg","contentUrl":"https:\/\/ninamartinelli.com.br\/blog2\/wp-content\/uploads\/2021\/04\/cotto-vecchio-nobile-nero1.jpg","width":1000,"height":1000},{"@type":"BreadcrumbList","@id":"https:\/\/ninamartinelli.com.br\/blog2\/cotto-vecchio-na-fachada-sofisticacao-e-aconchego-em-residencia\/#breadcrumb","itemListElement":[{"@type":"ListItem","position":1,"name":"In\u00edcio","item":"https:\/\/ninamartinelli.com.br\/blog2\/"},{"@type":"ListItem","position":2,"name":"Cotto Vecchio na fachada &#8211; sofistica\u00e7\u00e3o e aconchego em resid\u00eancia"}]},{"@type":"WebSite","@id":"https:\/\/ninamartinelli.com.br\/blog2\/#website","url":"https:\/\/ninamartinelli.com.br\/blog2\/","name":"Nina Martinelli","description":"#Nina_Martinelli","publisher":{"@id":"https:\/\/ninamartinelli.com.br\/blog2\/#organization"},"potentialAction":[{"@type":"SearchAction","target":{"@type":"EntryPoint","urlTemplate":"https:\/\/ninamartinelli.com.br\/blog2\/?s={search_term_string}"},"query-input":{"@type":"PropertyValueSpecification","valueRequired":true,"valueName":"search_term_string"}}],"inLanguage":"pt-BR"},{"@type":"Organization","@id":"https:\/\/ninamartinelli.com.br\/blog2\/#organization","name":"Blog Novidades","url":"https:\/\/ninamartinelli.com.br\/blog2\/","logo":{"@type":"ImageObject","inLanguage":"pt-BR","@id":"https:\/\/ninamartinelli.com.br\/blog2\/#\/schema\/logo\/image\/","url":"http:\/\/blog.ninamartinelli.com.br\/wp-content\/uploads\/2022\/03\/logo_nina_blog.png","contentUrl":"http:\/\/blog.ninamartinelli.com.br\/wp-content\/uploads\/2022\/03\/logo_nina_blog.png","width":500,"height":104,"caption":"Blog Novidades"},"image":{"@id":"https:\/\/ninamartinelli.com.br\/blog2\/#\/schema\/logo\/image\/"}},{"@type":"Person","@id":"https:\/\/ninamartinelli.com.br\/blog2\/#\/schema\/person\/880a2cdee0a047e9b55254085d24f922","name":"Comunica\u00e7\u00e3o Nina","image":{"@type":"ImageObject","inLanguage":"pt-BR","@id":"https:\/\/ninamartinelli.com.br\/blog2\/#\/schema\/person\/image\/","url":"https:\/\/secure.gravatar.com\/avatar\/0d3d763fb83768dd001497d074d4c4f6?s=96&d=mm&r=g","contentUrl":"https:\/\/secure.gravatar.com\/avatar\/0d3d763fb83768dd001497d074d4c4f6?s=96&d=mm&r=g","caption":"Comunica\u00e7\u00e3o Nina"},"sameAs":["http:\/\/ninamartinelli.com.br","http:\/\/facebook.com.br\/ninamartinellioficial","http:\/\/instagram.com\/ninamartinellioficial"],"url":"https:\/\/ninamartinelli.com.br\/blog2\/author\/nina\/"}]}},"_links":{"self":[{"href":"https:\/\/ninamartinelli.com.br\/blog2\/wp-json\/wp\/v2\/posts\/1377","targetHints":{"allow":["GET"]}}],"collection":[{"href":"https:\/\/ninamartinelli.com.br\/blog2\/wp-json\/wp\/v2\/posts"}],"about":[{"href":"https:\/\/ninamartinelli.com.br\/blog2\/wp-json\/wp\/v2\/types\/post"}],"author":[{"embeddable":true,"href":"https:\/\/ninamartinelli.com.br\/blog2\/wp-json\/wp\/v2\/users\/1"}],"replies":[{"embeddable":true,"href":"https:\/\/ninamartinelli.com.br\/blog2\/wp-json\/wp\/v2\/comments?post=1377"}],"version-history":[{"count":13,"href":"https:\/\/ninamartinelli.com.br\/blog2\/wp-json\/wp\/v2\/posts\/1377\/revisions"}],"predecessor-version":[{"id":1395,"href":"https:\/\/ninamartinelli.com.br\/blog2\/wp-json\/wp\/v2\/posts\/1377\/revisions\/1395"}],"wp:featuredmedia":[{"embeddable":true,"href":"https:\/\/ninamartinelli.com.br\/blog2\/wp-json\/wp\/v2\/media\/1390"}],"wp:attachment":[{"href":"https:\/\/ninamartinelli.com.br\/blog2\/wp-json\/wp\/v2\/media?parent=1377"}],"wp:term":[{"taxonomy":"category","embeddable":true,"href":"https:\/\/ninamartinelli.com.br\/blog2\/wp-json\/wp\/v2\/categories?post=1377"},{"taxonomy":"post_tag","embeddable":true,"href":"https:\/\/ninamartinelli.com.br\/blog2\/wp-json\/wp\/v2\/tags?post=1377"}],"curies":[{"name":"wp","href":"https:\/\/api.w.org\/{rel}","templated":true}]}}