{"id":1367,"date":"2021-04-01T14:38:28","date_gmt":"2021-04-01T17:38:28","guid":{"rendered":"http:\/\/blog.ninamartinelli.com.br\/?p=1367"},"modified":"2021-05-06T16:15:26","modified_gmt":"2021-05-06T19:15:26","slug":"programa-mais-voce-da-rede-globo-recebe-o-brick-devon-em-seu-novo-estudio","status":"publish","type":"post","link":"https:\/\/ninamartinelli.com.br\/blog2\/programa-mais-voce-da-rede-globo-recebe-o-brick-devon-em-seu-novo-estudio\/","title":{"rendered":"Programa &#8216;MAIS VOC\u00ca&#8217; da Rede Globo recebe o Brick Devon em seu novo est\u00fadio"},"content":{"rendered":"<p><em><strong>O matinal da Rede Globo renova o est\u00fadio para a temporada 2021<\/strong><\/em><\/p>\n<p><strong>Quer saber mais? Acesse o link no portal GShow &gt;&gt;&gt; <\/strong><\/p>\n<p><strong><a href=\"https:\/\/gshow.globo.com\/programas\/mais-voce\/ep\/facilidades\/noticia\/conheca-os-bricks-tijolinhos-aplicados-nas-paredes-do-novo-estudio-do-mais-voce.ghtml\" target=\"_blank\" rel=\"noopener noreferrer\">https:\/\/gshow.globo.com\/programas\/mais-voce\/ep\/facilidades\/noticia\/conheca-os-bricks-tijolinhos-aplicados-nas-paredes-do-novo-estudio-do-mais-voce.ghtml\u00a0<\/a><\/strong><\/p>\n<hr \/>\n<p>O programa <strong>MAIS VOC\u00ca<\/strong> est\u00e1 na programa\u00e7\u00e3o da Rede Globo desde 1999. Com in\u00edcio da transmiss\u00e3o em S\u00e3o Paulo, passou um tempo sendo transmitido na cidade do Rio de Janeiro.<\/p>\n<p>Com o retorno a S\u00e3o Paulo em 2021, ocorreu assim a demanda de um projeto para o cen\u00e1rio da nova temporada. Sob supervis\u00e3o da cen\u00f3grafa <strong>Larissa Marreco <\/strong>e equipe, o novo cen\u00e1rio contou com materiais de verdade, fugindo de itens cenogr\u00e1ficos. Com 195 metros quadrados de \u00e1rea total, o novo cen\u00e1rio do programa mais Mais Voc\u00ea conta com a cl\u00e1ssica cozinha, a bancada do Louro Jos\u00e9 &#8211; item que foi mantido a pedido da apresentadora do programa; um espa\u00e7o para o escrit\u00f3rio, a mesa do caf\u00e9 da manh\u00e3. &#8220;A decora\u00e7\u00e3o cont\u00e9m livros, objetos de recorda\u00e7\u00e3o, horta e flores&#8221;, afirma Larissa.<\/p>\n<p><img loading=\"lazy\" decoding=\"async\" class=\"alignleft wp-image-1330 size-medium\" src=\"http:\/\/blog.ninamartinelli.com.br\/wp-content\/uploads\/2021\/03\/devon_-300x300.jpg\" alt=\"\" width=\"300\" height=\"300\" srcset=\"https:\/\/ninamartinelli.com.br\/blog2\/wp-content\/uploads\/2021\/03\/devon_-300x300.jpg 300w, https:\/\/ninamartinelli.com.br\/blog2\/wp-content\/uploads\/2021\/03\/devon_-150x150.jpg 150w, https:\/\/ninamartinelli.com.br\/blog2\/wp-content\/uploads\/2021\/03\/devon_-50x50.jpg 50w, https:\/\/ninamartinelli.com.br\/blog2\/wp-content\/uploads\/2021\/03\/devon_.jpg 500w\" sizes=\"auto, (max-width: 300px) 100vw, 300px\" \/><em><strong>Na parede do est\u00fadio, 70 m\u00b2 do brick Devon se harmonizam com todo o espa\u00e7o, inclusive circundando o tel\u00e3o central que exibe diversos conte\u00fados durante a edi\u00e7\u00e3o do programa.<\/strong><\/em> Sutis linhas org\u00e2nicas e de baixo relevo fazem parte da ess\u00eancia deste modelo de brick. A tonalidade clara com uma superf\u00edcie acetinada d\u00e1 um tom elegante e harmonioso ao ambiente e ainda transmite muito aconchego.<\/p>\n<p>&nbsp;<\/p>\n","protected":false},"excerpt":{"rendered":"<p>O matinal da Rede Globo renova o est\u00fadio para a temporada 2021 Quer saber mais?<\/p>\n","protected":false},"author":1,"featured_media":1423,"comment_status":"open","ping_status":"open","sticky":false,"template":"","format":"standard","meta":{"footnotes":""},"categories":[59,16,26],"tags":[36,101,102,63],"class_list":["post-1367","post","type-post","status-publish","format-standard","has-post-thumbnail","hentry","category-ceramica","category-colezione-brick","category-revestimentos","tag-brick","tag-mais-voce","tag-rede-globo","tag-tijolinho"],"yoast_head":"<!-- This site is optimized with the Yoast SEO plugin v26.8 - https:\/\/yoast.com\/product\/yoast-seo-wordpress\/ -->\n<title>Programa &#039;MAIS VOC\u00ca&#039; da Rede Globo recebe o Brick Devon em seu novo est\u00fadio - Blog Nina<\/title>\n<meta name=\"robots\" content=\"index, follow, max-snippet:-1, max-image-preview:large, max-video-preview:-1\" \/>\n<link rel=\"canonical\" href=\"https:\/\/ninamartinelli.com.br\/blog2\/programa-mais-voce-da-rede-globo-recebe-o-brick-devon-em-seu-novo-estudio\/\" \/>\n<meta property=\"og:locale\" content=\"pt_BR\" \/>\n<meta property=\"og:type\" content=\"article\" \/>\n<meta property=\"og:title\" content=\"Programa &#039;MAIS VOC\u00ca&#039; da Rede Globo recebe o Brick Devon em seu novo est\u00fadio - Blog Nina\" \/>\n<meta property=\"og:description\" content=\"O matinal da Rede Globo renova o est\u00fadio para a temporada 2021 Quer saber mais?\" \/>\n<meta property=\"og:url\" content=\"https:\/\/ninamartinelli.com.br\/blog2\/programa-mais-voce-da-rede-globo-recebe-o-brick-devon-em-seu-novo-estudio\/\" \/>\n<meta property=\"og:site_name\" content=\"Blog Nina\" \/>\n<meta property=\"article:author\" content=\"http:\/\/facebook.com.br\/ninamartinellioficial\" \/>\n<meta property=\"article:published_time\" content=\"2021-04-01T17:38:28+00:00\" \/>\n<meta property=\"article:modified_time\" content=\"2021-05-06T19:15:26+00:00\" \/>\n<meta property=\"og:image\" content=\"https:\/\/ninamartinelli.com.br\/blog2\/wp-content\/uploads\/2021\/04\/brick-estudio-mais-voce.jpg\" \/>\n\t<meta property=\"og:image:width\" content=\"900\" \/>\n\t<meta property=\"og:image:height\" content=\"900\" \/>\n\t<meta property=\"og:image:type\" content=\"image\/jpeg\" \/>\n<meta name=\"author\" content=\"Comunica\u00e7\u00e3o Nina\" \/>\n<meta name=\"twitter:card\" content=\"summary_large_image\" \/>\n<meta name=\"twitter:label1\" content=\"Escrito por\" \/>\n\t<meta name=\"twitter:data1\" content=\"Comunica\u00e7\u00e3o Nina\" \/>\n\t<meta name=\"twitter:label2\" content=\"Est. tempo de leitura\" \/>\n\t<meta name=\"twitter:data2\" content=\"1 minuto\" \/>\n<script type=\"application\/ld+json\" class=\"yoast-schema-graph\">{\"@context\":\"https:\/\/schema.org\",\"@graph\":[{\"@type\":\"Article\",\"@id\":\"https:\/\/ninamartinelli.com.br\/blog2\/programa-mais-voce-da-rede-globo-recebe-o-brick-devon-em-seu-novo-estudio\/#article\",\"isPartOf\":{\"@id\":\"https:\/\/ninamartinelli.com.br\/blog2\/programa-mais-voce-da-rede-globo-recebe-o-brick-devon-em-seu-novo-estudio\/\"},\"author\":{\"name\":\"Comunica\u00e7\u00e3o Nina\",\"@id\":\"https:\/\/ninamartinelli.com.br\/blog2\/#\/schema\/person\/880a2cdee0a047e9b55254085d24f922\"},\"headline\":\"Programa &#8216;MAIS VOC\u00ca&#8217; da Rede Globo recebe o Brick Devon em seu novo est\u00fadio\",\"datePublished\":\"2021-04-01T17:38:28+00:00\",\"dateModified\":\"2021-05-06T19:15:26+00:00\",\"mainEntityOfPage\":{\"@id\":\"https:\/\/ninamartinelli.com.br\/blog2\/programa-mais-voce-da-rede-globo-recebe-o-brick-devon-em-seu-novo-estudio\/\"},\"wordCount\":267,\"commentCount\":0,\"publisher\":{\"@id\":\"https:\/\/ninamartinelli.com.br\/blog2\/#organization\"},\"image\":{\"@id\":\"https:\/\/ninamartinelli.com.br\/blog2\/programa-mais-voce-da-rede-globo-recebe-o-brick-devon-em-seu-novo-estudio\/#primaryimage\"},\"thumbnailUrl\":\"https:\/\/ninamartinelli.com.br\/blog2\/wp-content\/uploads\/2021\/04\/brick-estudio-mais-voce.jpg\",\"keywords\":[\"brick\",\"mais voce\",\"rede globo\",\"tijolinho\"],\"articleSection\":[\"Cer\u00e2mica\",\"Colezione Brick\",\"Revestimentos\"],\"inLanguage\":\"pt-BR\",\"potentialAction\":[{\"@type\":\"CommentAction\",\"name\":\"Comment\",\"target\":[\"https:\/\/ninamartinelli.com.br\/blog2\/programa-mais-voce-da-rede-globo-recebe-o-brick-devon-em-seu-novo-estudio\/#respond\"]}]},{\"@type\":\"WebPage\",\"@id\":\"https:\/\/ninamartinelli.com.br\/blog2\/programa-mais-voce-da-rede-globo-recebe-o-brick-devon-em-seu-novo-estudio\/\",\"url\":\"https:\/\/ninamartinelli.com.br\/blog2\/programa-mais-voce-da-rede-globo-recebe-o-brick-devon-em-seu-novo-estudio\/\",\"name\":\"Programa 'MAIS VOC\u00ca' da Rede Globo recebe o Brick Devon em seu novo est\u00fadio - Blog Nina\",\"isPartOf\":{\"@id\":\"https:\/\/ninamartinelli.com.br\/blog2\/#website\"},\"primaryImageOfPage\":{\"@id\":\"https:\/\/ninamartinelli.com.br\/blog2\/programa-mais-voce-da-rede-globo-recebe-o-brick-devon-em-seu-novo-estudio\/#primaryimage\"},\"image\":{\"@id\":\"https:\/\/ninamartinelli.com.br\/blog2\/programa-mais-voce-da-rede-globo-recebe-o-brick-devon-em-seu-novo-estudio\/#primaryimage\"},\"thumbnailUrl\":\"https:\/\/ninamartinelli.com.br\/blog2\/wp-content\/uploads\/2021\/04\/brick-estudio-mais-voce.jpg\",\"datePublished\":\"2021-04-01T17:38:28+00:00\",\"dateModified\":\"2021-05-06T19:15:26+00:00\",\"breadcrumb\":{\"@id\":\"https:\/\/ninamartinelli.com.br\/blog2\/programa-mais-voce-da-rede-globo-recebe-o-brick-devon-em-seu-novo-estudio\/#breadcrumb\"},\"inLanguage\":\"pt-BR\",\"potentialAction\":[{\"@type\":\"ReadAction\",\"target\":[\"https:\/\/ninamartinelli.com.br\/blog2\/programa-mais-voce-da-rede-globo-recebe-o-brick-devon-em-seu-novo-estudio\/\"]}]},{\"@type\":\"ImageObject\",\"inLanguage\":\"pt-BR\",\"@id\":\"https:\/\/ninamartinelli.com.br\/blog2\/programa-mais-voce-da-rede-globo-recebe-o-brick-devon-em-seu-novo-estudio\/#primaryimage\",\"url\":\"https:\/\/ninamartinelli.com.br\/blog2\/wp-content\/uploads\/2021\/04\/brick-estudio-mais-voce.jpg\",\"contentUrl\":\"https:\/\/ninamartinelli.com.br\/blog2\/wp-content\/uploads\/2021\/04\/brick-estudio-mais-voce.jpg\",\"width\":900,\"height\":900},{\"@type\":\"BreadcrumbList\",\"@id\":\"https:\/\/ninamartinelli.com.br\/blog2\/programa-mais-voce-da-rede-globo-recebe-o-brick-devon-em-seu-novo-estudio\/#breadcrumb\",\"itemListElement\":[{\"@type\":\"ListItem\",\"position\":1,\"name\":\"In\u00edcio\",\"item\":\"https:\/\/ninamartinelli.com.br\/blog2\/\"},{\"@type\":\"ListItem\",\"position\":2,\"name\":\"Programa &#8216;MAIS VOC\u00ca&#8217; da Rede Globo recebe o Brick Devon em seu novo est\u00fadio\"}]},{\"@type\":\"WebSite\",\"@id\":\"https:\/\/ninamartinelli.com.br\/blog2\/#website\",\"url\":\"https:\/\/ninamartinelli.com.br\/blog2\/\",\"name\":\"Nina Martinelli\",\"description\":\"#Nina_Martinelli\",\"publisher\":{\"@id\":\"https:\/\/ninamartinelli.com.br\/blog2\/#organization\"},\"potentialAction\":[{\"@type\":\"SearchAction\",\"target\":{\"@type\":\"EntryPoint\",\"urlTemplate\":\"https:\/\/ninamartinelli.com.br\/blog2\/?s={search_term_string}\"},\"query-input\":{\"@type\":\"PropertyValueSpecification\",\"valueRequired\":true,\"valueName\":\"search_term_string\"}}],\"inLanguage\":\"pt-BR\"},{\"@type\":\"Organization\",\"@id\":\"https:\/\/ninamartinelli.com.br\/blog2\/#organization\",\"name\":\"Blog Novidades\",\"url\":\"https:\/\/ninamartinelli.com.br\/blog2\/\",\"logo\":{\"@type\":\"ImageObject\",\"inLanguage\":\"pt-BR\",\"@id\":\"https:\/\/ninamartinelli.com.br\/blog2\/#\/schema\/logo\/image\/\",\"url\":\"http:\/\/blog.ninamartinelli.com.br\/wp-content\/uploads\/2022\/03\/logo_nina_blog.png\",\"contentUrl\":\"http:\/\/blog.ninamartinelli.com.br\/wp-content\/uploads\/2022\/03\/logo_nina_blog.png\",\"width\":500,\"height\":104,\"caption\":\"Blog Novidades\"},\"image\":{\"@id\":\"https:\/\/ninamartinelli.com.br\/blog2\/#\/schema\/logo\/image\/\"}},{\"@type\":\"Person\",\"@id\":\"https:\/\/ninamartinelli.com.br\/blog2\/#\/schema\/person\/880a2cdee0a047e9b55254085d24f922\",\"name\":\"Comunica\u00e7\u00e3o Nina\",\"image\":{\"@type\":\"ImageObject\",\"inLanguage\":\"pt-BR\",\"@id\":\"https:\/\/ninamartinelli.com.br\/blog2\/#\/schema\/person\/image\/\",\"url\":\"https:\/\/secure.gravatar.com\/avatar\/0d3d763fb83768dd001497d074d4c4f6?s=96&d=mm&r=g\",\"contentUrl\":\"https:\/\/secure.gravatar.com\/avatar\/0d3d763fb83768dd001497d074d4c4f6?s=96&d=mm&r=g\",\"caption\":\"Comunica\u00e7\u00e3o Nina\"},\"sameAs\":[\"http:\/\/ninamartinelli.com.br\",\"http:\/\/facebook.com.br\/ninamartinellioficial\",\"http:\/\/instagram.com\/ninamartinellioficial\"],\"url\":\"https:\/\/ninamartinelli.com.br\/blog2\/author\/nina\/\"}]}<\/script>\n<!-- \/ Yoast SEO plugin. -->","yoast_head_json":{"title":"Programa 'MAIS VOC\u00ca' da Rede Globo recebe o Brick Devon em seu novo est\u00fadio - Blog Nina","robots":{"index":"index","follow":"follow","max-snippet":"max-snippet:-1","max-image-preview":"max-image-preview:large","max-video-preview":"max-video-preview:-1"},"canonical":"https:\/\/ninamartinelli.com.br\/blog2\/programa-mais-voce-da-rede-globo-recebe-o-brick-devon-em-seu-novo-estudio\/","og_locale":"pt_BR","og_type":"article","og_title":"Programa 'MAIS VOC\u00ca' da Rede Globo recebe o Brick Devon em seu novo est\u00fadio - Blog Nina","og_description":"O matinal da Rede Globo renova o est\u00fadio para a temporada 2021 Quer saber mais?","og_url":"https:\/\/ninamartinelli.com.br\/blog2\/programa-mais-voce-da-rede-globo-recebe-o-brick-devon-em-seu-novo-estudio\/","og_site_name":"Blog Nina","article_author":"http:\/\/facebook.com.br\/ninamartinellioficial","article_published_time":"2021-04-01T17:38:28+00:00","article_modified_time":"2021-05-06T19:15:26+00:00","og_image":[{"width":900,"height":900,"url":"https:\/\/ninamartinelli.com.br\/blog2\/wp-content\/uploads\/2021\/04\/brick-estudio-mais-voce.jpg","type":"image\/jpeg"}],"author":"Comunica\u00e7\u00e3o Nina","twitter_card":"summary_large_image","twitter_misc":{"Escrito por":"Comunica\u00e7\u00e3o Nina","Est. tempo de leitura":"1 minuto"},"schema":{"@context":"https:\/\/schema.org","@graph":[{"@type":"Article","@id":"https:\/\/ninamartinelli.com.br\/blog2\/programa-mais-voce-da-rede-globo-recebe-o-brick-devon-em-seu-novo-estudio\/#article","isPartOf":{"@id":"https:\/\/ninamartinelli.com.br\/blog2\/programa-mais-voce-da-rede-globo-recebe-o-brick-devon-em-seu-novo-estudio\/"},"author":{"name":"Comunica\u00e7\u00e3o Nina","@id":"https:\/\/ninamartinelli.com.br\/blog2\/#\/schema\/person\/880a2cdee0a047e9b55254085d24f922"},"headline":"Programa &#8216;MAIS VOC\u00ca&#8217; da Rede Globo recebe o Brick Devon em seu novo est\u00fadio","datePublished":"2021-04-01T17:38:28+00:00","dateModified":"2021-05-06T19:15:26+00:00","mainEntityOfPage":{"@id":"https:\/\/ninamartinelli.com.br\/blog2\/programa-mais-voce-da-rede-globo-recebe-o-brick-devon-em-seu-novo-estudio\/"},"wordCount":267,"commentCount":0,"publisher":{"@id":"https:\/\/ninamartinelli.com.br\/blog2\/#organization"},"image":{"@id":"https:\/\/ninamartinelli.com.br\/blog2\/programa-mais-voce-da-rede-globo-recebe-o-brick-devon-em-seu-novo-estudio\/#primaryimage"},"thumbnailUrl":"https:\/\/ninamartinelli.com.br\/blog2\/wp-content\/uploads\/2021\/04\/brick-estudio-mais-voce.jpg","keywords":["brick","mais voce","rede globo","tijolinho"],"articleSection":["Cer\u00e2mica","Colezione Brick","Revestimentos"],"inLanguage":"pt-BR","potentialAction":[{"@type":"CommentAction","name":"Comment","target":["https:\/\/ninamartinelli.com.br\/blog2\/programa-mais-voce-da-rede-globo-recebe-o-brick-devon-em-seu-novo-estudio\/#respond"]}]},{"@type":"WebPage","@id":"https:\/\/ninamartinelli.com.br\/blog2\/programa-mais-voce-da-rede-globo-recebe-o-brick-devon-em-seu-novo-estudio\/","url":"https:\/\/ninamartinelli.com.br\/blog2\/programa-mais-voce-da-rede-globo-recebe-o-brick-devon-em-seu-novo-estudio\/","name":"Programa 'MAIS VOC\u00ca' da Rede Globo recebe o Brick Devon em seu novo est\u00fadio - Blog Nina","isPartOf":{"@id":"https:\/\/ninamartinelli.com.br\/blog2\/#website"},"primaryImageOfPage":{"@id":"https:\/\/ninamartinelli.com.br\/blog2\/programa-mais-voce-da-rede-globo-recebe-o-brick-devon-em-seu-novo-estudio\/#primaryimage"},"image":{"@id":"https:\/\/ninamartinelli.com.br\/blog2\/programa-mais-voce-da-rede-globo-recebe-o-brick-devon-em-seu-novo-estudio\/#primaryimage"},"thumbnailUrl":"https:\/\/ninamartinelli.com.br\/blog2\/wp-content\/uploads\/2021\/04\/brick-estudio-mais-voce.jpg","datePublished":"2021-04-01T17:38:28+00:00","dateModified":"2021-05-06T19:15:26+00:00","breadcrumb":{"@id":"https:\/\/ninamartinelli.com.br\/blog2\/programa-mais-voce-da-rede-globo-recebe-o-brick-devon-em-seu-novo-estudio\/#breadcrumb"},"inLanguage":"pt-BR","potentialAction":[{"@type":"ReadAction","target":["https:\/\/ninamartinelli.com.br\/blog2\/programa-mais-voce-da-rede-globo-recebe-o-brick-devon-em-seu-novo-estudio\/"]}]},{"@type":"ImageObject","inLanguage":"pt-BR","@id":"https:\/\/ninamartinelli.com.br\/blog2\/programa-mais-voce-da-rede-globo-recebe-o-brick-devon-em-seu-novo-estudio\/#primaryimage","url":"https:\/\/ninamartinelli.com.br\/blog2\/wp-content\/uploads\/2021\/04\/brick-estudio-mais-voce.jpg","contentUrl":"https:\/\/ninamartinelli.com.br\/blog2\/wp-content\/uploads\/2021\/04\/brick-estudio-mais-voce.jpg","width":900,"height":900},{"@type":"BreadcrumbList","@id":"https:\/\/ninamartinelli.com.br\/blog2\/programa-mais-voce-da-rede-globo-recebe-o-brick-devon-em-seu-novo-estudio\/#breadcrumb","itemListElement":[{"@type":"ListItem","position":1,"name":"In\u00edcio","item":"https:\/\/ninamartinelli.com.br\/blog2\/"},{"@type":"ListItem","position":2,"name":"Programa &#8216;MAIS VOC\u00ca&#8217; da Rede Globo recebe o Brick Devon em seu novo est\u00fadio"}]},{"@type":"WebSite","@id":"https:\/\/ninamartinelli.com.br\/blog2\/#website","url":"https:\/\/ninamartinelli.com.br\/blog2\/","name":"Nina Martinelli","description":"#Nina_Martinelli","publisher":{"@id":"https:\/\/ninamartinelli.com.br\/blog2\/#organization"},"potentialAction":[{"@type":"SearchAction","target":{"@type":"EntryPoint","urlTemplate":"https:\/\/ninamartinelli.com.br\/blog2\/?s={search_term_string}"},"query-input":{"@type":"PropertyValueSpecification","valueRequired":true,"valueName":"search_term_string"}}],"inLanguage":"pt-BR"},{"@type":"Organization","@id":"https:\/\/ninamartinelli.com.br\/blog2\/#organization","name":"Blog Novidades","url":"https:\/\/ninamartinelli.com.br\/blog2\/","logo":{"@type":"ImageObject","inLanguage":"pt-BR","@id":"https:\/\/ninamartinelli.com.br\/blog2\/#\/schema\/logo\/image\/","url":"http:\/\/blog.ninamartinelli.com.br\/wp-content\/uploads\/2022\/03\/logo_nina_blog.png","contentUrl":"http:\/\/blog.ninamartinelli.com.br\/wp-content\/uploads\/2022\/03\/logo_nina_blog.png","width":500,"height":104,"caption":"Blog Novidades"},"image":{"@id":"https:\/\/ninamartinelli.com.br\/blog2\/#\/schema\/logo\/image\/"}},{"@type":"Person","@id":"https:\/\/ninamartinelli.com.br\/blog2\/#\/schema\/person\/880a2cdee0a047e9b55254085d24f922","name":"Comunica\u00e7\u00e3o Nina","image":{"@type":"ImageObject","inLanguage":"pt-BR","@id":"https:\/\/ninamartinelli.com.br\/blog2\/#\/schema\/person\/image\/","url":"https:\/\/secure.gravatar.com\/avatar\/0d3d763fb83768dd001497d074d4c4f6?s=96&d=mm&r=g","contentUrl":"https:\/\/secure.gravatar.com\/avatar\/0d3d763fb83768dd001497d074d4c4f6?s=96&d=mm&r=g","caption":"Comunica\u00e7\u00e3o Nina"},"sameAs":["http:\/\/ninamartinelli.com.br","http:\/\/facebook.com.br\/ninamartinellioficial","http:\/\/instagram.com\/ninamartinellioficial"],"url":"https:\/\/ninamartinelli.com.br\/blog2\/author\/nina\/"}]}},"_links":{"self":[{"href":"https:\/\/ninamartinelli.com.br\/blog2\/wp-json\/wp\/v2\/posts\/1367","targetHints":{"allow":["GET"]}}],"collection":[{"href":"https:\/\/ninamartinelli.com.br\/blog2\/wp-json\/wp\/v2\/posts"}],"about":[{"href":"https:\/\/ninamartinelli.com.br\/blog2\/wp-json\/wp\/v2\/types\/post"}],"author":[{"embeddable":true,"href":"https:\/\/ninamartinelli.com.br\/blog2\/wp-json\/wp\/v2\/users\/1"}],"replies":[{"embeddable":true,"href":"https:\/\/ninamartinelli.com.br\/blog2\/wp-json\/wp\/v2\/comments?post=1367"}],"version-history":[{"count":7,"href":"https:\/\/ninamartinelli.com.br\/blog2\/wp-json\/wp\/v2\/posts\/1367\/revisions"}],"predecessor-version":[{"id":1372,"href":"https:\/\/ninamartinelli.com.br\/blog2\/wp-json\/wp\/v2\/posts\/1367\/revisions\/1372"}],"wp:featuredmedia":[{"embeddable":true,"href":"https:\/\/ninamartinelli.com.br\/blog2\/wp-json\/wp\/v2\/media\/1423"}],"wp:attachment":[{"href":"https:\/\/ninamartinelli.com.br\/blog2\/wp-json\/wp\/v2\/media?parent=1367"}],"wp:term":[{"taxonomy":"category","embeddable":true,"href":"https:\/\/ninamartinelli.com.br\/blog2\/wp-json\/wp\/v2\/categories?post=1367"},{"taxonomy":"post_tag","embeddable":true,"href":"https:\/\/ninamartinelli.com.br\/blog2\/wp-json\/wp\/v2\/tags?post=1367"}],"curies":[{"name":"wp","href":"https:\/\/api.w.org\/{rel}","templated":true}]}}