{"id":1336,"date":"2021-03-23T15:19:39","date_gmt":"2021-03-23T18:19:39","guid":{"rendered":"http:\/\/blog.ninamartinelli.com.br\/?p=1336"},"modified":"2024-12-04T09:29:49","modified_gmt":"2024-12-04T12:29:49","slug":"celebracao-da-natureza-nina-martinelli-leva-design-vivo-e-beleza-a-expo-revestir-2021","status":"publish","type":"post","link":"https:\/\/ninamartinelli.com.br\/blog2\/celebracao-da-natureza-nina-martinelli-leva-design-vivo-e-beleza-a-expo-revestir-2021\/","title":{"rendered":"Celebra\u00e7\u00e3o da Natureza \u2013 Nina Martinelli leva design vivo e beleza \u00e0 Expo Revestir 2021"},"content":{"rendered":"<p><strong><em>Bricks Formare inspirados em nas condi\u00e7\u00f5es do tempo s\u00e3o a novidade para a edi\u00e7\u00e3o em formato 100% digital<\/em><\/strong><\/p>\n<p>Cores, texturas, formas e dimens\u00f5es da natureza, que, transpostas para os ambientes criados pelo homem, provocam o olhar, o toque, e despertam as sensa\u00e7\u00f5es mais genu\u00ednas de pertencimento, aconchego e conforto. Para espa\u00e7os que n\u00e3o abrigam, mas sim, abra\u00e7am quem os ocupa.<\/p>\n<p>Em tempos onde casa e trabalho se confundem, se integram e pedem mais acolhimento, foi assim que a Nina Martinelli selecionou os produtos que est\u00e1 levando \u00e0 Expo Revestir 2021, maior evento de tend\u00eancias e acabamentos em arquitetura , design e decora\u00e7\u00e3o da Am\u00e9rica Latina, que acontece de 22 a 26 de mar\u00e7o, em vers\u00e3o totalmente digital, pelo site www.exporevestir.com.br. O espa\u00e7o virtual da Nina Martinelli no evento foi cuidadosamente preenchido com 18 fam\u00edlias de produtos cuja inspira\u00e7\u00e3o vem, essencialmente, da natureza, que \u00e9 sempre generosa na diversidade e, por meio de processos de fabrica\u00e7\u00e3o artesanal, consciente e primorosa, resulta na produ\u00e7\u00e3o de acabamentos ao mesmo tempo elegantes e despojados.<\/p>\n<p>Os bricks cer\u00e2micos, as facetas de tijolinhos, s\u00e3o destaque, como itens consagrad\u00edssimos no portif\u00f3lio Nina Martinelli, e que na Expo Revestir 2021 est\u00e3o presentes com representantes da <em><strong>Colezione Brick, nas fam\u00edlias Cer\u00e2mica Natural, Formare, Colore, Ampliato, Essenza Bianca e Essenza Natur<\/strong>a<\/em>.<\/p>\n<hr \/>\n<p><img loading=\"lazy\" decoding=\"async\" class=\"size-full wp-image-1342 aligncenter\" src=\"http:\/\/blog.ninamartinelli.com.br\/wp-content\/uploads\/2021\/03\/expo_rev_formare_giorno.png\" alt=\"\" width=\"1000\" height=\"500\" srcset=\"https:\/\/ninamartinelli.com.br\/blog2\/wp-content\/uploads\/2021\/03\/expo_rev_formare_giorno.png 1000w, https:\/\/ninamartinelli.com.br\/blog2\/wp-content\/uploads\/2021\/03\/expo_rev_formare_giorno-300x150.png 300w, https:\/\/ninamartinelli.com.br\/blog2\/wp-content\/uploads\/2021\/03\/expo_rev_formare_giorno-768x384.png 768w\" sizes=\"auto, (max-width: 1000px) 100vw, 1000px\" \/><\/p>\n<hr \/>\n<p>Parada obrigat\u00f3ria no \u2018estande digital\u2019 para contemplar, por exemplo, o Brick Escocia \u2013 da fam\u00edlia Essenza Natura. \u00c0s caracter\u00edsticas que j\u00e1 fazem do produto um queridinho dos arquitetos e designers, soma-se um diferencial a mais: a sua tonalidade cinza, inspirada na Cor do Ano Pantone 2021 Ultimate Gray, que evoca solidez e praticidade.<\/p>\n<p>Preste tamb\u00e9m aten\u00e7\u00e3o ao<strong> Brick Devon<\/strong>, da fam\u00edlia Brick Essenza Bianca. Com seus itens em tonalidades claras, que sempre d\u00e3o leveza e harmonia aos ambientes, agu\u00e7ando tamb\u00e9m a sensa\u00e7\u00e3o de proximidade. As sutis linhas org\u00e2nicas e de baixo relevo, do modelo Devon, com uma composi\u00e7\u00e3o em cer\u00e2mica branca e delicados pontos esverdeados, produzem um resultado que encantou produtores da TV nacional e foi parar no nov\u00edssimo cen\u00e1rio de uma das revistas matinais mais assistidas do Brasil.<\/p>\n<hr \/>\n<p><img loading=\"lazy\" decoding=\"async\" class=\"size-full wp-image-1343 aligncenter\" src=\"http:\/\/blog.ninamartinelli.com.br\/wp-content\/uploads\/2021\/03\/expo_rev_escocia-devon.png\" alt=\"\" width=\"1000\" height=\"500\" srcset=\"https:\/\/ninamartinelli.com.br\/blog2\/wp-content\/uploads\/2021\/03\/expo_rev_escocia-devon.png 1000w, https:\/\/ninamartinelli.com.br\/blog2\/wp-content\/uploads\/2021\/03\/expo_rev_escocia-devon-300x150.png 300w, https:\/\/ninamartinelli.com.br\/blog2\/wp-content\/uploads\/2021\/03\/expo_rev_escocia-devon-768x384.png 768w\" sizes=\"auto, (max-width: 1000px) 100vw, 1000px\" \/><\/p>\n<p>&nbsp;<\/p>\n<hr \/>\n<p>Mas o espa\u00e7o virtual da Nina Martinelli na Expo Revestir 2021 ainda oferece muito mais. As aplica\u00e7\u00f5es de seus produtos podem ser conferidas em belas imagens de cases reais, com lind\u00edssimos trabalhos de arquitetos de todo o Brasil, que especificam a marca em seus projetos.<\/p>\n<p>Revestimentos ciment\u00edcios em 3D, pisos cer\u00e2micos, mosaicos, pisos e acabamentos de conforto t\u00e9rmico, e cobog\u00f3s em cimento\u2013 inclusive este, com assinatura criativa da design brasileira Rosa Pinc, est\u00e3o entre os atrativos que d\u00e3o ao visitante um robusto e impressionante panorama da consist\u00eancia, autenticidade e qualidade dos produtos Nina Martinelli.<\/p>\n<figure id=\"attachment_1345\" aria-describedby=\"caption-attachment-1345\" style=\"width: 400px\" class=\"wp-caption alignleft\"><img loading=\"lazy\" decoding=\"async\" class=\"wp-image-1345\" src=\"http:\/\/blog.ninamartinelli.com.br\/wp-content\/uploads\/2021\/03\/painel-300x269.png\" alt=\"\" width=\"400\" height=\"359\" srcset=\"https:\/\/ninamartinelli.com.br\/blog2\/wp-content\/uploads\/2021\/03\/painel-300x269.png 300w, https:\/\/ninamartinelli.com.br\/blog2\/wp-content\/uploads\/2021\/03\/painel.png 557w\" sizes=\"auto, (max-width: 400px) 100vw, 400px\" \/><figcaption id=\"caption-attachment-1345\" class=\"wp-caption-text\">Parcial do painel digital Nina Martinelli na Expo Revestir 2021.<\/figcaption><\/figure>\n<p><strong>Uma participa\u00e7\u00e3o inteligente, moderna e que honra uma das principais premissas da marca: ofertar ao mercado verdadeiras obras primas, que representam a simbiose perfeita entre o homem e a natureza. Nesses tempos t\u00e3o desafiadores, conex\u00e3o melhor n\u00e3o h\u00e1.<\/strong><\/p>\n<p>Para assegurar uma intera\u00e7\u00e3o din\u00e2mica com os visitantes da feira, a Nina Martinelli escalou seu time de atendimento com estrat\u00e9gias e condi\u00e7\u00f5es especiais para dar respostas \u00e1geis e completas a todas as demandas que surgirem a partir do evento.<\/p>\n","protected":false},"excerpt":{"rendered":"<p>Bricks Formare inspirados em nas condi\u00e7\u00f5es do tempo s\u00e3o a novidade para a edi\u00e7\u00e3o em<\/p>\n","protected":false},"author":1,"featured_media":1341,"comment_status":"open","ping_status":"open","sticky":false,"template":"","format":"standard","meta":{"footnotes":""},"categories":[97,59,60,16,48,19],"tags":[98,99,100],"class_list":["post-1336","post","type-post","status-publish","format-standard","has-post-thumbnail","hentry","category-lancamentos-2021","category-ceramica","category-cimento","category-colezione-brick","category-expo-revestir","category-mostras-e-eventos","tag-expo-revestir","tag-feira","tag-lancamentos"],"yoast_head":"<!-- This site is optimized with the Yoast SEO plugin v26.8 - https:\/\/yoast.com\/product\/yoast-seo-wordpress\/ -->\n<title>Celebra\u00e7\u00e3o da Natureza \u2013 Nina Martinelli leva design vivo e beleza \u00e0 Expo Revestir 2021 - Blog Nina<\/title>\n<meta name=\"robots\" content=\"index, follow, max-snippet:-1, max-image-preview:large, max-video-preview:-1\" \/>\n<link rel=\"canonical\" href=\"https:\/\/ninamartinelli.com.br\/blog2\/celebracao-da-natureza-nina-martinelli-leva-design-vivo-e-beleza-a-expo-revestir-2021\/\" \/>\n<meta property=\"og:locale\" content=\"pt_BR\" \/>\n<meta property=\"og:type\" content=\"article\" \/>\n<meta property=\"og:title\" content=\"Celebra\u00e7\u00e3o da Natureza \u2013 Nina Martinelli leva design vivo e beleza \u00e0 Expo Revestir 2021 - Blog Nina\" \/>\n<meta property=\"og:description\" content=\"Bricks Formare inspirados em nas condi\u00e7\u00f5es do tempo s\u00e3o a novidade para a edi\u00e7\u00e3o em\" \/>\n<meta property=\"og:url\" content=\"https:\/\/ninamartinelli.com.br\/blog2\/celebracao-da-natureza-nina-martinelli-leva-design-vivo-e-beleza-a-expo-revestir-2021\/\" \/>\n<meta property=\"og:site_name\" content=\"Blog Nina\" \/>\n<meta property=\"article:author\" content=\"http:\/\/facebook.com.br\/ninamartinellioficial\" \/>\n<meta property=\"article:published_time\" content=\"2021-03-23T18:19:39+00:00\" \/>\n<meta property=\"article:modified_time\" content=\"2024-12-04T12:29:49+00:00\" \/>\n<meta property=\"og:image\" content=\"https:\/\/ninamartinelli.com.br\/blog2\/wp-content\/uploads\/2021\/03\/expo_rev1.png\" \/>\n\t<meta property=\"og:image:width\" content=\"900\" \/>\n\t<meta property=\"og:image:height\" content=\"900\" \/>\n\t<meta property=\"og:image:type\" content=\"image\/png\" \/>\n<meta name=\"author\" content=\"Comunica\u00e7\u00e3o Nina\" \/>\n<meta name=\"twitter:card\" content=\"summary_large_image\" \/>\n<meta name=\"twitter:label1\" content=\"Escrito por\" \/>\n\t<meta name=\"twitter:data1\" content=\"Comunica\u00e7\u00e3o Nina\" \/>\n\t<meta name=\"twitter:label2\" content=\"Est. tempo de leitura\" \/>\n\t<meta name=\"twitter:data2\" content=\"4 minutos\" \/>\n<script type=\"application\/ld+json\" class=\"yoast-schema-graph\">{\"@context\":\"https:\/\/schema.org\",\"@graph\":[{\"@type\":\"Article\",\"@id\":\"https:\/\/ninamartinelli.com.br\/blog2\/celebracao-da-natureza-nina-martinelli-leva-design-vivo-e-beleza-a-expo-revestir-2021\/#article\",\"isPartOf\":{\"@id\":\"https:\/\/ninamartinelli.com.br\/blog2\/celebracao-da-natureza-nina-martinelli-leva-design-vivo-e-beleza-a-expo-revestir-2021\/\"},\"author\":{\"name\":\"Comunica\u00e7\u00e3o Nina\",\"@id\":\"https:\/\/ninamartinelli.com.br\/blog2\/#\/schema\/person\/880a2cdee0a047e9b55254085d24f922\"},\"headline\":\"Celebra\u00e7\u00e3o da Natureza \u2013 Nina Martinelli leva design vivo e beleza \u00e0 Expo Revestir 2021\",\"datePublished\":\"2021-03-23T18:19:39+00:00\",\"dateModified\":\"2024-12-04T12:29:49+00:00\",\"mainEntityOfPage\":{\"@id\":\"https:\/\/ninamartinelli.com.br\/blog2\/celebracao-da-natureza-nina-martinelli-leva-design-vivo-e-beleza-a-expo-revestir-2021\/\"},\"wordCount\":591,\"commentCount\":0,\"publisher\":{\"@id\":\"https:\/\/ninamartinelli.com.br\/blog2\/#organization\"},\"image\":{\"@id\":\"https:\/\/ninamartinelli.com.br\/blog2\/celebracao-da-natureza-nina-martinelli-leva-design-vivo-e-beleza-a-expo-revestir-2021\/#primaryimage\"},\"thumbnailUrl\":\"https:\/\/ninamartinelli.com.br\/blog2\/wp-content\/uploads\/2021\/03\/expo_rev1.png\",\"keywords\":[\"expo revestir\",\"feira\",\"lan\u00e7amentos\"],\"articleSection\":[\":: LAN\u00c7AMENTOS 2021 ::\",\"Cer\u00e2mica\",\"Cimento\",\"Colezione Brick\",\"EXPO Revestir\",\"Mostras e Eventos\"],\"inLanguage\":\"pt-BR\",\"potentialAction\":[{\"@type\":\"CommentAction\",\"name\":\"Comment\",\"target\":[\"https:\/\/ninamartinelli.com.br\/blog2\/celebracao-da-natureza-nina-martinelli-leva-design-vivo-e-beleza-a-expo-revestir-2021\/#respond\"]}]},{\"@type\":\"WebPage\",\"@id\":\"https:\/\/ninamartinelli.com.br\/blog2\/celebracao-da-natureza-nina-martinelli-leva-design-vivo-e-beleza-a-expo-revestir-2021\/\",\"url\":\"https:\/\/ninamartinelli.com.br\/blog2\/celebracao-da-natureza-nina-martinelli-leva-design-vivo-e-beleza-a-expo-revestir-2021\/\",\"name\":\"Celebra\u00e7\u00e3o da Natureza \u2013 Nina Martinelli leva design vivo e beleza \u00e0 Expo Revestir 2021 - Blog Nina\",\"isPartOf\":{\"@id\":\"https:\/\/ninamartinelli.com.br\/blog2\/#website\"},\"primaryImageOfPage\":{\"@id\":\"https:\/\/ninamartinelli.com.br\/blog2\/celebracao-da-natureza-nina-martinelli-leva-design-vivo-e-beleza-a-expo-revestir-2021\/#primaryimage\"},\"image\":{\"@id\":\"https:\/\/ninamartinelli.com.br\/blog2\/celebracao-da-natureza-nina-martinelli-leva-design-vivo-e-beleza-a-expo-revestir-2021\/#primaryimage\"},\"thumbnailUrl\":\"https:\/\/ninamartinelli.com.br\/blog2\/wp-content\/uploads\/2021\/03\/expo_rev1.png\",\"datePublished\":\"2021-03-23T18:19:39+00:00\",\"dateModified\":\"2024-12-04T12:29:49+00:00\",\"breadcrumb\":{\"@id\":\"https:\/\/ninamartinelli.com.br\/blog2\/celebracao-da-natureza-nina-martinelli-leva-design-vivo-e-beleza-a-expo-revestir-2021\/#breadcrumb\"},\"inLanguage\":\"pt-BR\",\"potentialAction\":[{\"@type\":\"ReadAction\",\"target\":[\"https:\/\/ninamartinelli.com.br\/blog2\/celebracao-da-natureza-nina-martinelli-leva-design-vivo-e-beleza-a-expo-revestir-2021\/\"]}]},{\"@type\":\"ImageObject\",\"inLanguage\":\"pt-BR\",\"@id\":\"https:\/\/ninamartinelli.com.br\/blog2\/celebracao-da-natureza-nina-martinelli-leva-design-vivo-e-beleza-a-expo-revestir-2021\/#primaryimage\",\"url\":\"https:\/\/ninamartinelli.com.br\/blog2\/wp-content\/uploads\/2021\/03\/expo_rev1.png\",\"contentUrl\":\"https:\/\/ninamartinelli.com.br\/blog2\/wp-content\/uploads\/2021\/03\/expo_rev1.png\",\"width\":900,\"height\":900},{\"@type\":\"BreadcrumbList\",\"@id\":\"https:\/\/ninamartinelli.com.br\/blog2\/celebracao-da-natureza-nina-martinelli-leva-design-vivo-e-beleza-a-expo-revestir-2021\/#breadcrumb\",\"itemListElement\":[{\"@type\":\"ListItem\",\"position\":1,\"name\":\"In\u00edcio\",\"item\":\"https:\/\/ninamartinelli.com.br\/blog2\/\"},{\"@type\":\"ListItem\",\"position\":2,\"name\":\"Celebra\u00e7\u00e3o da Natureza \u2013 Nina Martinelli leva design vivo e beleza \u00e0 Expo Revestir 2021\"}]},{\"@type\":\"WebSite\",\"@id\":\"https:\/\/ninamartinelli.com.br\/blog2\/#website\",\"url\":\"https:\/\/ninamartinelli.com.br\/blog2\/\",\"name\":\"Nina Martinelli\",\"description\":\"#Nina_Martinelli\",\"publisher\":{\"@id\":\"https:\/\/ninamartinelli.com.br\/blog2\/#organization\"},\"potentialAction\":[{\"@type\":\"SearchAction\",\"target\":{\"@type\":\"EntryPoint\",\"urlTemplate\":\"https:\/\/ninamartinelli.com.br\/blog2\/?s={search_term_string}\"},\"query-input\":{\"@type\":\"PropertyValueSpecification\",\"valueRequired\":true,\"valueName\":\"search_term_string\"}}],\"inLanguage\":\"pt-BR\"},{\"@type\":\"Organization\",\"@id\":\"https:\/\/ninamartinelli.com.br\/blog2\/#organization\",\"name\":\"Blog Novidades\",\"url\":\"https:\/\/ninamartinelli.com.br\/blog2\/\",\"logo\":{\"@type\":\"ImageObject\",\"inLanguage\":\"pt-BR\",\"@id\":\"https:\/\/ninamartinelli.com.br\/blog2\/#\/schema\/logo\/image\/\",\"url\":\"http:\/\/blog.ninamartinelli.com.br\/wp-content\/uploads\/2022\/03\/logo_nina_blog.png\",\"contentUrl\":\"http:\/\/blog.ninamartinelli.com.br\/wp-content\/uploads\/2022\/03\/logo_nina_blog.png\",\"width\":500,\"height\":104,\"caption\":\"Blog Novidades\"},\"image\":{\"@id\":\"https:\/\/ninamartinelli.com.br\/blog2\/#\/schema\/logo\/image\/\"}},{\"@type\":\"Person\",\"@id\":\"https:\/\/ninamartinelli.com.br\/blog2\/#\/schema\/person\/880a2cdee0a047e9b55254085d24f922\",\"name\":\"Comunica\u00e7\u00e3o Nina\",\"image\":{\"@type\":\"ImageObject\",\"inLanguage\":\"pt-BR\",\"@id\":\"https:\/\/ninamartinelli.com.br\/blog2\/#\/schema\/person\/image\/\",\"url\":\"https:\/\/secure.gravatar.com\/avatar\/0d3d763fb83768dd001497d074d4c4f6?s=96&d=mm&r=g\",\"contentUrl\":\"https:\/\/secure.gravatar.com\/avatar\/0d3d763fb83768dd001497d074d4c4f6?s=96&d=mm&r=g\",\"caption\":\"Comunica\u00e7\u00e3o Nina\"},\"sameAs\":[\"http:\/\/ninamartinelli.com.br\",\"http:\/\/facebook.com.br\/ninamartinellioficial\",\"http:\/\/instagram.com\/ninamartinellioficial\"],\"url\":\"https:\/\/ninamartinelli.com.br\/blog2\/author\/nina\/\"}]}<\/script>\n<!-- \/ Yoast SEO plugin. -->","yoast_head_json":{"title":"Celebra\u00e7\u00e3o da Natureza \u2013 Nina Martinelli leva design vivo e beleza \u00e0 Expo Revestir 2021 - Blog Nina","robots":{"index":"index","follow":"follow","max-snippet":"max-snippet:-1","max-image-preview":"max-image-preview:large","max-video-preview":"max-video-preview:-1"},"canonical":"https:\/\/ninamartinelli.com.br\/blog2\/celebracao-da-natureza-nina-martinelli-leva-design-vivo-e-beleza-a-expo-revestir-2021\/","og_locale":"pt_BR","og_type":"article","og_title":"Celebra\u00e7\u00e3o da Natureza \u2013 Nina Martinelli leva design vivo e beleza \u00e0 Expo Revestir 2021 - Blog Nina","og_description":"Bricks Formare inspirados em nas condi\u00e7\u00f5es do tempo s\u00e3o a novidade para a edi\u00e7\u00e3o em","og_url":"https:\/\/ninamartinelli.com.br\/blog2\/celebracao-da-natureza-nina-martinelli-leva-design-vivo-e-beleza-a-expo-revestir-2021\/","og_site_name":"Blog Nina","article_author":"http:\/\/facebook.com.br\/ninamartinellioficial","article_published_time":"2021-03-23T18:19:39+00:00","article_modified_time":"2024-12-04T12:29:49+00:00","og_image":[{"width":900,"height":900,"url":"https:\/\/ninamartinelli.com.br\/blog2\/wp-content\/uploads\/2021\/03\/expo_rev1.png","type":"image\/png"}],"author":"Comunica\u00e7\u00e3o Nina","twitter_card":"summary_large_image","twitter_misc":{"Escrito por":"Comunica\u00e7\u00e3o Nina","Est. tempo de leitura":"4 minutos"},"schema":{"@context":"https:\/\/schema.org","@graph":[{"@type":"Article","@id":"https:\/\/ninamartinelli.com.br\/blog2\/celebracao-da-natureza-nina-martinelli-leva-design-vivo-e-beleza-a-expo-revestir-2021\/#article","isPartOf":{"@id":"https:\/\/ninamartinelli.com.br\/blog2\/celebracao-da-natureza-nina-martinelli-leva-design-vivo-e-beleza-a-expo-revestir-2021\/"},"author":{"name":"Comunica\u00e7\u00e3o Nina","@id":"https:\/\/ninamartinelli.com.br\/blog2\/#\/schema\/person\/880a2cdee0a047e9b55254085d24f922"},"headline":"Celebra\u00e7\u00e3o da Natureza \u2013 Nina Martinelli leva design vivo e beleza \u00e0 Expo Revestir 2021","datePublished":"2021-03-23T18:19:39+00:00","dateModified":"2024-12-04T12:29:49+00:00","mainEntityOfPage":{"@id":"https:\/\/ninamartinelli.com.br\/blog2\/celebracao-da-natureza-nina-martinelli-leva-design-vivo-e-beleza-a-expo-revestir-2021\/"},"wordCount":591,"commentCount":0,"publisher":{"@id":"https:\/\/ninamartinelli.com.br\/blog2\/#organization"},"image":{"@id":"https:\/\/ninamartinelli.com.br\/blog2\/celebracao-da-natureza-nina-martinelli-leva-design-vivo-e-beleza-a-expo-revestir-2021\/#primaryimage"},"thumbnailUrl":"https:\/\/ninamartinelli.com.br\/blog2\/wp-content\/uploads\/2021\/03\/expo_rev1.png","keywords":["expo revestir","feira","lan\u00e7amentos"],"articleSection":[":: LAN\u00c7AMENTOS 2021 ::","Cer\u00e2mica","Cimento","Colezione Brick","EXPO Revestir","Mostras e Eventos"],"inLanguage":"pt-BR","potentialAction":[{"@type":"CommentAction","name":"Comment","target":["https:\/\/ninamartinelli.com.br\/blog2\/celebracao-da-natureza-nina-martinelli-leva-design-vivo-e-beleza-a-expo-revestir-2021\/#respond"]}]},{"@type":"WebPage","@id":"https:\/\/ninamartinelli.com.br\/blog2\/celebracao-da-natureza-nina-martinelli-leva-design-vivo-e-beleza-a-expo-revestir-2021\/","url":"https:\/\/ninamartinelli.com.br\/blog2\/celebracao-da-natureza-nina-martinelli-leva-design-vivo-e-beleza-a-expo-revestir-2021\/","name":"Celebra\u00e7\u00e3o da Natureza \u2013 Nina Martinelli leva design vivo e beleza \u00e0 Expo Revestir 2021 - Blog Nina","isPartOf":{"@id":"https:\/\/ninamartinelli.com.br\/blog2\/#website"},"primaryImageOfPage":{"@id":"https:\/\/ninamartinelli.com.br\/blog2\/celebracao-da-natureza-nina-martinelli-leva-design-vivo-e-beleza-a-expo-revestir-2021\/#primaryimage"},"image":{"@id":"https:\/\/ninamartinelli.com.br\/blog2\/celebracao-da-natureza-nina-martinelli-leva-design-vivo-e-beleza-a-expo-revestir-2021\/#primaryimage"},"thumbnailUrl":"https:\/\/ninamartinelli.com.br\/blog2\/wp-content\/uploads\/2021\/03\/expo_rev1.png","datePublished":"2021-03-23T18:19:39+00:00","dateModified":"2024-12-04T12:29:49+00:00","breadcrumb":{"@id":"https:\/\/ninamartinelli.com.br\/blog2\/celebracao-da-natureza-nina-martinelli-leva-design-vivo-e-beleza-a-expo-revestir-2021\/#breadcrumb"},"inLanguage":"pt-BR","potentialAction":[{"@type":"ReadAction","target":["https:\/\/ninamartinelli.com.br\/blog2\/celebracao-da-natureza-nina-martinelli-leva-design-vivo-e-beleza-a-expo-revestir-2021\/"]}]},{"@type":"ImageObject","inLanguage":"pt-BR","@id":"https:\/\/ninamartinelli.com.br\/blog2\/celebracao-da-natureza-nina-martinelli-leva-design-vivo-e-beleza-a-expo-revestir-2021\/#primaryimage","url":"https:\/\/ninamartinelli.com.br\/blog2\/wp-content\/uploads\/2021\/03\/expo_rev1.png","contentUrl":"https:\/\/ninamartinelli.com.br\/blog2\/wp-content\/uploads\/2021\/03\/expo_rev1.png","width":900,"height":900},{"@type":"BreadcrumbList","@id":"https:\/\/ninamartinelli.com.br\/blog2\/celebracao-da-natureza-nina-martinelli-leva-design-vivo-e-beleza-a-expo-revestir-2021\/#breadcrumb","itemListElement":[{"@type":"ListItem","position":1,"name":"In\u00edcio","item":"https:\/\/ninamartinelli.com.br\/blog2\/"},{"@type":"ListItem","position":2,"name":"Celebra\u00e7\u00e3o da Natureza \u2013 Nina Martinelli leva design vivo e beleza \u00e0 Expo Revestir 2021"}]},{"@type":"WebSite","@id":"https:\/\/ninamartinelli.com.br\/blog2\/#website","url":"https:\/\/ninamartinelli.com.br\/blog2\/","name":"Nina Martinelli","description":"#Nina_Martinelli","publisher":{"@id":"https:\/\/ninamartinelli.com.br\/blog2\/#organization"},"potentialAction":[{"@type":"SearchAction","target":{"@type":"EntryPoint","urlTemplate":"https:\/\/ninamartinelli.com.br\/blog2\/?s={search_term_string}"},"query-input":{"@type":"PropertyValueSpecification","valueRequired":true,"valueName":"search_term_string"}}],"inLanguage":"pt-BR"},{"@type":"Organization","@id":"https:\/\/ninamartinelli.com.br\/blog2\/#organization","name":"Blog Novidades","url":"https:\/\/ninamartinelli.com.br\/blog2\/","logo":{"@type":"ImageObject","inLanguage":"pt-BR","@id":"https:\/\/ninamartinelli.com.br\/blog2\/#\/schema\/logo\/image\/","url":"http:\/\/blog.ninamartinelli.com.br\/wp-content\/uploads\/2022\/03\/logo_nina_blog.png","contentUrl":"http:\/\/blog.ninamartinelli.com.br\/wp-content\/uploads\/2022\/03\/logo_nina_blog.png","width":500,"height":104,"caption":"Blog Novidades"},"image":{"@id":"https:\/\/ninamartinelli.com.br\/blog2\/#\/schema\/logo\/image\/"}},{"@type":"Person","@id":"https:\/\/ninamartinelli.com.br\/blog2\/#\/schema\/person\/880a2cdee0a047e9b55254085d24f922","name":"Comunica\u00e7\u00e3o Nina","image":{"@type":"ImageObject","inLanguage":"pt-BR","@id":"https:\/\/ninamartinelli.com.br\/blog2\/#\/schema\/person\/image\/","url":"https:\/\/secure.gravatar.com\/avatar\/0d3d763fb83768dd001497d074d4c4f6?s=96&d=mm&r=g","contentUrl":"https:\/\/secure.gravatar.com\/avatar\/0d3d763fb83768dd001497d074d4c4f6?s=96&d=mm&r=g","caption":"Comunica\u00e7\u00e3o Nina"},"sameAs":["http:\/\/ninamartinelli.com.br","http:\/\/facebook.com.br\/ninamartinellioficial","http:\/\/instagram.com\/ninamartinellioficial"],"url":"https:\/\/ninamartinelli.com.br\/blog2\/author\/nina\/"}]}},"_links":{"self":[{"href":"https:\/\/ninamartinelli.com.br\/blog2\/wp-json\/wp\/v2\/posts\/1336","targetHints":{"allow":["GET"]}}],"collection":[{"href":"https:\/\/ninamartinelli.com.br\/blog2\/wp-json\/wp\/v2\/posts"}],"about":[{"href":"https:\/\/ninamartinelli.com.br\/blog2\/wp-json\/wp\/v2\/types\/post"}],"author":[{"embeddable":true,"href":"https:\/\/ninamartinelli.com.br\/blog2\/wp-json\/wp\/v2\/users\/1"}],"replies":[{"embeddable":true,"href":"https:\/\/ninamartinelli.com.br\/blog2\/wp-json\/wp\/v2\/comments?post=1336"}],"version-history":[{"count":6,"href":"https:\/\/ninamartinelli.com.br\/blog2\/wp-json\/wp\/v2\/posts\/1336\/revisions"}],"predecessor-version":[{"id":2574,"href":"https:\/\/ninamartinelli.com.br\/blog2\/wp-json\/wp\/v2\/posts\/1336\/revisions\/2574"}],"wp:featuredmedia":[{"embeddable":true,"href":"https:\/\/ninamartinelli.com.br\/blog2\/wp-json\/wp\/v2\/media\/1341"}],"wp:attachment":[{"href":"https:\/\/ninamartinelli.com.br\/blog2\/wp-json\/wp\/v2\/media?parent=1336"}],"wp:term":[{"taxonomy":"category","embeddable":true,"href":"https:\/\/ninamartinelli.com.br\/blog2\/wp-json\/wp\/v2\/categories?post=1336"},{"taxonomy":"post_tag","embeddable":true,"href":"https:\/\/ninamartinelli.com.br\/blog2\/wp-json\/wp\/v2\/tags?post=1336"}],"curies":[{"name":"wp","href":"https:\/\/api.w.org\/{rel}","templated":true}]}}