{"id":1311,"date":"2021-02-19T10:36:28","date_gmt":"2021-02-19T13:36:28","guid":{"rendered":"http:\/\/blog.ninamartinelli.com.br\/?p=1311"},"modified":"2021-02-19T10:36:28","modified_gmt":"2021-02-19T13:36:28","slug":"madeira-esagonale-transforma-balcao-em-elemento-de-destaque","status":"publish","type":"post","link":"https:\/\/ninamartinelli.com.br\/blog2\/madeira-esagonale-transforma-balcao-em-elemento-de-destaque\/","title":{"rendered":"Madeira Esagonale transforma balc\u00e3o em elemento de destaque"},"content":{"rendered":"<p><em><strong>Com seu relevo e formas geom\u00e9tricas, revestimento acrescentou uma textura diferenciada ao separador de ambientes<\/strong><\/em><\/p>\n<p>Em S\u00e3o Lu\u00eds do Maranh\u00e3o uma fam\u00edlia de vida agitada, achou que o apartamento, localizado num bairro nobre da cidade, merecia uma boa repaginada, para ficar mais moderno e contempor\u00e2neo.<br \/>\nA tarefa de dar cara nova ao im\u00f3vel foi entregue ao arquiteto Ulysses Costa, que h\u00e1 mais de 18 anos atende clientes exigentes na capital maranhense e em outras localidades.<br \/>\nCom 80m2, tr\u00eas dormit\u00f3rios, dois banheiros, varanda, sala, jantar e cozinha tipo americana, o apartamento serve atualmente muito mais para os filhos do casal, que cursam faculdade na capital maranhense. Os pais passam bom tempo no interior, e queriam que o apartamento fosse todo renovado.<\/p>\n<h3>Nova mob\u00edlia, boiseries e revestimentos<\/h3>\n<p>Ulysses esbanjou criatividade e bom gosto. Para acolher a mob\u00edlia quase que inteiramente nova escolhida para os espa\u00e7os, usou pisos em porcelanato de grandes dimens\u00f5es, rebaixou um pouco o teto com gesso, embutiu fitas de LED e caprichou nos demais itens de ilumina\u00e7\u00e3o.<\/p>\n<p><img loading=\"lazy\" decoding=\"async\" class=\"alignleft wp-image-1314\" src=\"http:\/\/blog.ninamartinelli.com.br\/wp-content\/uploads\/2021\/02\/madeira_esagonale1.jpg\" alt=\"\" width=\"300\" height=\"300\" srcset=\"https:\/\/ninamartinelli.com.br\/blog2\/wp-content\/uploads\/2021\/02\/madeira_esagonale1.jpg 500w, https:\/\/ninamartinelli.com.br\/blog2\/wp-content\/uploads\/2021\/02\/madeira_esagonale1-300x300.jpg 300w, https:\/\/ninamartinelli.com.br\/blog2\/wp-content\/uploads\/2021\/02\/madeira_esagonale1-150x150.jpg 150w, https:\/\/ninamartinelli.com.br\/blog2\/wp-content\/uploads\/2021\/02\/madeira_esagonale1-50x50.jpg 50w\" sizes=\"auto, (max-width: 300px) 100vw, 300px\" \/>Nas paredes, pintadas com tons neutros, instalou boiseries, que deram um charme especial \u00e0 sala de jantar. E para demarcar a divis\u00e3o entre esse ambiente e a cozinha americana, no balc\u00e3o, Ulysses especificou o revestimento <strong>Esagonale<\/strong>, da Nina Martinelli. Feito com descartes de madeira natural, pe\u00e7as cortadas e moldadas uma a uma artesanalmente, tem relevo e forma geom\u00e9tricas, o que confere ao produto um efeito tridimensional impressionante. \u00c9 o queridinho dos arquitetos e designers que desejam dar personalidade a paredes internas, em espa\u00e7os diferenciados e, at\u00e9 mesmo, para confec\u00e7\u00e3o de cabeceiras de camas, pain\u00e9is variados e revestimento de m\u00f3veis.\u00a0Esagonale \u00e9 disponibilizado em pe\u00e7as medindo 17x30cm, de f\u00e1cil aplica\u00e7\u00e3o e acabamento despojado, mas com sofistica\u00e7\u00e3o.<\/p>\n<p>Segundo Ulysses, o Esagonale casou perfeitamente com o conceito de linhas modernas e atemporais, e se encaixou ao projeto que exigia naturalidade e eleg\u00e2ncia. O profissional conta que o revestimento dialoga com outros elementos escolhidos para a obra, entre eles, o nanoglass branco da bancada, e a madeira dos m\u00f3veis de design.<\/p>\n<p><strong><em>\u201cOs clientes adoraram e eu tamb\u00e9m fiquei muito satisfeito. O produto foi um diferencial, tendo em vista que foi aplicado num elemento separador de ambientes, que se transformou num ponto de destaque. Trouxe harmonia e modernidade, como quer\u00edamos\u201d<\/em>,<\/strong> diz.<\/p>\n<hr \/>\n<p><img loading=\"lazy\" decoding=\"async\" class=\"size-full wp-image-1320 aligncenter\" src=\"http:\/\/blog.ninamartinelli.com.br\/wp-content\/uploads\/2021\/02\/madeira_esagonale3.jpg\" alt=\"\" width=\"1000\" height=\"500\" srcset=\"https:\/\/ninamartinelli.com.br\/blog2\/wp-content\/uploads\/2021\/02\/madeira_esagonale3.jpg 1000w, https:\/\/ninamartinelli.com.br\/blog2\/wp-content\/uploads\/2021\/02\/madeira_esagonale3-300x150.jpg 300w, https:\/\/ninamartinelli.com.br\/blog2\/wp-content\/uploads\/2021\/02\/madeira_esagonale3-768x384.jpg 768w\" sizes=\"auto, (max-width: 1000px) 100vw, 1000px\" \/><\/p>\n<p><img loading=\"lazy\" decoding=\"async\" class=\"size-full wp-image-1321 aligncenter\" src=\"http:\/\/blog.ninamartinelli.com.br\/wp-content\/uploads\/2021\/02\/madeira_esagonale4.jpg\" alt=\"\" width=\"1000\" height=\"500\" srcset=\"https:\/\/ninamartinelli.com.br\/blog2\/wp-content\/uploads\/2021\/02\/madeira_esagonale4.jpg 1000w, https:\/\/ninamartinelli.com.br\/blog2\/wp-content\/uploads\/2021\/02\/madeira_esagonale4-300x150.jpg 300w, https:\/\/ninamartinelli.com.br\/blog2\/wp-content\/uploads\/2021\/02\/madeira_esagonale4-768x384.jpg 768w\" sizes=\"auto, (max-width: 1000px) 100vw, 1000px\" \/><\/p>\n<hr \/>\n<h4>Cozinha americana \u2013 apartamento S\u00e3o Lu\u00eds &#8211; MA<br \/>\nEsagonale \u2013 balc\u00e3o que divide a cozinha e a sala de jantar<br \/>\nProjeto \u2013 Ulysses Costa \u2013 <a href=\"https:\/\/www.instagram.com\/arq.ulyssescosta\/\" target=\"_blank\" rel=\"noopener noreferrer\">@arq.ulyssescosta<\/a><br \/>\nFotos: Ulysses Costa<\/h4>\n","protected":false},"excerpt":{"rendered":"<p>Com seu relevo e formas geom\u00e9tricas, revestimento acrescentou uma textura diferenciada ao separador de ambientes<\/p>\n","protected":false},"author":1,"featured_media":1317,"comment_status":"open","ping_status":"open","sticky":false,"template":"","format":"standard","meta":{"footnotes":""},"categories":[11,61,26],"tags":[95,35,46],"class_list":["post-1311","post","type-post","status-publish","format-standard","has-post-thumbnail","hentry","category-colezione-madeira","category-madeira-natural","category-revestimentos","tag-balcao","tag-madeira","tag-revestimento"],"yoast_head":"<!-- This site is optimized with the Yoast SEO plugin v26.8 - https:\/\/yoast.com\/product\/yoast-seo-wordpress\/ -->\n<title>Madeira Esagonale transforma balc\u00e3o em elemento de destaque - Blog Nina<\/title>\n<meta name=\"robots\" content=\"index, follow, max-snippet:-1, max-image-preview:large, max-video-preview:-1\" \/>\n<link rel=\"canonical\" href=\"https:\/\/ninamartinelli.com.br\/blog2\/madeira-esagonale-transforma-balcao-em-elemento-de-destaque\/\" \/>\n<meta property=\"og:locale\" content=\"pt_BR\" \/>\n<meta property=\"og:type\" content=\"article\" \/>\n<meta property=\"og:title\" content=\"Madeira Esagonale transforma balc\u00e3o em elemento de destaque - Blog Nina\" \/>\n<meta property=\"og:description\" content=\"Com seu relevo e formas geom\u00e9tricas, revestimento acrescentou uma textura diferenciada ao separador de ambientes\" \/>\n<meta property=\"og:url\" content=\"https:\/\/ninamartinelli.com.br\/blog2\/madeira-esagonale-transforma-balcao-em-elemento-de-destaque\/\" \/>\n<meta property=\"og:site_name\" content=\"Blog Nina\" \/>\n<meta property=\"article:author\" content=\"http:\/\/facebook.com.br\/ninamartinellioficial\" \/>\n<meta property=\"article:published_time\" content=\"2021-02-19T13:36:28+00:00\" \/>\n<meta property=\"og:image\" content=\"https:\/\/ninamartinelli.com.br\/blog2\/wp-content\/uploads\/2021\/02\/madeira_esagonale2.jpg\" \/>\n\t<meta property=\"og:image:width\" content=\"900\" \/>\n\t<meta property=\"og:image:height\" content=\"900\" \/>\n\t<meta property=\"og:image:type\" content=\"image\/jpeg\" \/>\n<meta name=\"author\" content=\"Comunica\u00e7\u00e3o Nina\" \/>\n<meta name=\"twitter:card\" content=\"summary_large_image\" \/>\n<meta name=\"twitter:label1\" content=\"Escrito por\" \/>\n\t<meta name=\"twitter:data1\" content=\"Comunica\u00e7\u00e3o Nina\" \/>\n\t<meta name=\"twitter:label2\" content=\"Est. tempo de leitura\" \/>\n\t<meta name=\"twitter:data2\" content=\"2 minutos\" \/>\n<script type=\"application\/ld+json\" class=\"yoast-schema-graph\">{\"@context\":\"https:\/\/schema.org\",\"@graph\":[{\"@type\":\"Article\",\"@id\":\"https:\/\/ninamartinelli.com.br\/blog2\/madeira-esagonale-transforma-balcao-em-elemento-de-destaque\/#article\",\"isPartOf\":{\"@id\":\"https:\/\/ninamartinelli.com.br\/blog2\/madeira-esagonale-transforma-balcao-em-elemento-de-destaque\/\"},\"author\":{\"name\":\"Comunica\u00e7\u00e3o Nina\",\"@id\":\"https:\/\/ninamartinelli.com.br\/blog2\/#\/schema\/person\/880a2cdee0a047e9b55254085d24f922\"},\"headline\":\"Madeira Esagonale transforma balc\u00e3o em elemento de destaque\",\"datePublished\":\"2021-02-19T13:36:28+00:00\",\"mainEntityOfPage\":{\"@id\":\"https:\/\/ninamartinelli.com.br\/blog2\/madeira-esagonale-transforma-balcao-em-elemento-de-destaque\/\"},\"wordCount\":439,\"commentCount\":0,\"publisher\":{\"@id\":\"https:\/\/ninamartinelli.com.br\/blog2\/#organization\"},\"image\":{\"@id\":\"https:\/\/ninamartinelli.com.br\/blog2\/madeira-esagonale-transforma-balcao-em-elemento-de-destaque\/#primaryimage\"},\"thumbnailUrl\":\"https:\/\/ninamartinelli.com.br\/blog2\/wp-content\/uploads\/2021\/02\/madeira_esagonale2.jpg\",\"keywords\":[\"balcao\",\"madeira\",\"revestimento\"],\"articleSection\":[\"Colezione Madeira\",\"Madeira natural\",\"Revestimentos\"],\"inLanguage\":\"pt-BR\",\"potentialAction\":[{\"@type\":\"CommentAction\",\"name\":\"Comment\",\"target\":[\"https:\/\/ninamartinelli.com.br\/blog2\/madeira-esagonale-transforma-balcao-em-elemento-de-destaque\/#respond\"]}]},{\"@type\":\"WebPage\",\"@id\":\"https:\/\/ninamartinelli.com.br\/blog2\/madeira-esagonale-transforma-balcao-em-elemento-de-destaque\/\",\"url\":\"https:\/\/ninamartinelli.com.br\/blog2\/madeira-esagonale-transforma-balcao-em-elemento-de-destaque\/\",\"name\":\"Madeira Esagonale transforma balc\u00e3o em elemento de destaque - Blog Nina\",\"isPartOf\":{\"@id\":\"https:\/\/ninamartinelli.com.br\/blog2\/#website\"},\"primaryImageOfPage\":{\"@id\":\"https:\/\/ninamartinelli.com.br\/blog2\/madeira-esagonale-transforma-balcao-em-elemento-de-destaque\/#primaryimage\"},\"image\":{\"@id\":\"https:\/\/ninamartinelli.com.br\/blog2\/madeira-esagonale-transforma-balcao-em-elemento-de-destaque\/#primaryimage\"},\"thumbnailUrl\":\"https:\/\/ninamartinelli.com.br\/blog2\/wp-content\/uploads\/2021\/02\/madeira_esagonale2.jpg\",\"datePublished\":\"2021-02-19T13:36:28+00:00\",\"breadcrumb\":{\"@id\":\"https:\/\/ninamartinelli.com.br\/blog2\/madeira-esagonale-transforma-balcao-em-elemento-de-destaque\/#breadcrumb\"},\"inLanguage\":\"pt-BR\",\"potentialAction\":[{\"@type\":\"ReadAction\",\"target\":[\"https:\/\/ninamartinelli.com.br\/blog2\/madeira-esagonale-transforma-balcao-em-elemento-de-destaque\/\"]}]},{\"@type\":\"ImageObject\",\"inLanguage\":\"pt-BR\",\"@id\":\"https:\/\/ninamartinelli.com.br\/blog2\/madeira-esagonale-transforma-balcao-em-elemento-de-destaque\/#primaryimage\",\"url\":\"https:\/\/ninamartinelli.com.br\/blog2\/wp-content\/uploads\/2021\/02\/madeira_esagonale2.jpg\",\"contentUrl\":\"https:\/\/ninamartinelli.com.br\/blog2\/wp-content\/uploads\/2021\/02\/madeira_esagonale2.jpg\",\"width\":900,\"height\":900},{\"@type\":\"BreadcrumbList\",\"@id\":\"https:\/\/ninamartinelli.com.br\/blog2\/madeira-esagonale-transforma-balcao-em-elemento-de-destaque\/#breadcrumb\",\"itemListElement\":[{\"@type\":\"ListItem\",\"position\":1,\"name\":\"In\u00edcio\",\"item\":\"https:\/\/ninamartinelli.com.br\/blog2\/\"},{\"@type\":\"ListItem\",\"position\":2,\"name\":\"Madeira Esagonale transforma balc\u00e3o em elemento de destaque\"}]},{\"@type\":\"WebSite\",\"@id\":\"https:\/\/ninamartinelli.com.br\/blog2\/#website\",\"url\":\"https:\/\/ninamartinelli.com.br\/blog2\/\",\"name\":\"Nina Martinelli\",\"description\":\"#Nina_Martinelli\",\"publisher\":{\"@id\":\"https:\/\/ninamartinelli.com.br\/blog2\/#organization\"},\"potentialAction\":[{\"@type\":\"SearchAction\",\"target\":{\"@type\":\"EntryPoint\",\"urlTemplate\":\"https:\/\/ninamartinelli.com.br\/blog2\/?s={search_term_string}\"},\"query-input\":{\"@type\":\"PropertyValueSpecification\",\"valueRequired\":true,\"valueName\":\"search_term_string\"}}],\"inLanguage\":\"pt-BR\"},{\"@type\":\"Organization\",\"@id\":\"https:\/\/ninamartinelli.com.br\/blog2\/#organization\",\"name\":\"Blog Novidades\",\"url\":\"https:\/\/ninamartinelli.com.br\/blog2\/\",\"logo\":{\"@type\":\"ImageObject\",\"inLanguage\":\"pt-BR\",\"@id\":\"https:\/\/ninamartinelli.com.br\/blog2\/#\/schema\/logo\/image\/\",\"url\":\"http:\/\/blog.ninamartinelli.com.br\/wp-content\/uploads\/2022\/03\/logo_nina_blog.png\",\"contentUrl\":\"http:\/\/blog.ninamartinelli.com.br\/wp-content\/uploads\/2022\/03\/logo_nina_blog.png\",\"width\":500,\"height\":104,\"caption\":\"Blog Novidades\"},\"image\":{\"@id\":\"https:\/\/ninamartinelli.com.br\/blog2\/#\/schema\/logo\/image\/\"}},{\"@type\":\"Person\",\"@id\":\"https:\/\/ninamartinelli.com.br\/blog2\/#\/schema\/person\/880a2cdee0a047e9b55254085d24f922\",\"name\":\"Comunica\u00e7\u00e3o Nina\",\"image\":{\"@type\":\"ImageObject\",\"inLanguage\":\"pt-BR\",\"@id\":\"https:\/\/ninamartinelli.com.br\/blog2\/#\/schema\/person\/image\/\",\"url\":\"https:\/\/secure.gravatar.com\/avatar\/0d3d763fb83768dd001497d074d4c4f6?s=96&d=mm&r=g\",\"contentUrl\":\"https:\/\/secure.gravatar.com\/avatar\/0d3d763fb83768dd001497d074d4c4f6?s=96&d=mm&r=g\",\"caption\":\"Comunica\u00e7\u00e3o Nina\"},\"sameAs\":[\"http:\/\/ninamartinelli.com.br\",\"http:\/\/facebook.com.br\/ninamartinellioficial\",\"http:\/\/instagram.com\/ninamartinellioficial\"],\"url\":\"https:\/\/ninamartinelli.com.br\/blog2\/author\/nina\/\"}]}<\/script>\n<!-- \/ Yoast SEO plugin. -->","yoast_head_json":{"title":"Madeira Esagonale transforma balc\u00e3o em elemento de destaque - Blog Nina","robots":{"index":"index","follow":"follow","max-snippet":"max-snippet:-1","max-image-preview":"max-image-preview:large","max-video-preview":"max-video-preview:-1"},"canonical":"https:\/\/ninamartinelli.com.br\/blog2\/madeira-esagonale-transforma-balcao-em-elemento-de-destaque\/","og_locale":"pt_BR","og_type":"article","og_title":"Madeira Esagonale transforma balc\u00e3o em elemento de destaque - Blog Nina","og_description":"Com seu relevo e formas geom\u00e9tricas, revestimento acrescentou uma textura diferenciada ao separador de ambientes","og_url":"https:\/\/ninamartinelli.com.br\/blog2\/madeira-esagonale-transforma-balcao-em-elemento-de-destaque\/","og_site_name":"Blog Nina","article_author":"http:\/\/facebook.com.br\/ninamartinellioficial","article_published_time":"2021-02-19T13:36:28+00:00","og_image":[{"width":900,"height":900,"url":"https:\/\/ninamartinelli.com.br\/blog2\/wp-content\/uploads\/2021\/02\/madeira_esagonale2.jpg","type":"image\/jpeg"}],"author":"Comunica\u00e7\u00e3o Nina","twitter_card":"summary_large_image","twitter_misc":{"Escrito por":"Comunica\u00e7\u00e3o Nina","Est. tempo de leitura":"2 minutos"},"schema":{"@context":"https:\/\/schema.org","@graph":[{"@type":"Article","@id":"https:\/\/ninamartinelli.com.br\/blog2\/madeira-esagonale-transforma-balcao-em-elemento-de-destaque\/#article","isPartOf":{"@id":"https:\/\/ninamartinelli.com.br\/blog2\/madeira-esagonale-transforma-balcao-em-elemento-de-destaque\/"},"author":{"name":"Comunica\u00e7\u00e3o Nina","@id":"https:\/\/ninamartinelli.com.br\/blog2\/#\/schema\/person\/880a2cdee0a047e9b55254085d24f922"},"headline":"Madeira Esagonale transforma balc\u00e3o em elemento de destaque","datePublished":"2021-02-19T13:36:28+00:00","mainEntityOfPage":{"@id":"https:\/\/ninamartinelli.com.br\/blog2\/madeira-esagonale-transforma-balcao-em-elemento-de-destaque\/"},"wordCount":439,"commentCount":0,"publisher":{"@id":"https:\/\/ninamartinelli.com.br\/blog2\/#organization"},"image":{"@id":"https:\/\/ninamartinelli.com.br\/blog2\/madeira-esagonale-transforma-balcao-em-elemento-de-destaque\/#primaryimage"},"thumbnailUrl":"https:\/\/ninamartinelli.com.br\/blog2\/wp-content\/uploads\/2021\/02\/madeira_esagonale2.jpg","keywords":["balcao","madeira","revestimento"],"articleSection":["Colezione Madeira","Madeira natural","Revestimentos"],"inLanguage":"pt-BR","potentialAction":[{"@type":"CommentAction","name":"Comment","target":["https:\/\/ninamartinelli.com.br\/blog2\/madeira-esagonale-transforma-balcao-em-elemento-de-destaque\/#respond"]}]},{"@type":"WebPage","@id":"https:\/\/ninamartinelli.com.br\/blog2\/madeira-esagonale-transforma-balcao-em-elemento-de-destaque\/","url":"https:\/\/ninamartinelli.com.br\/blog2\/madeira-esagonale-transforma-balcao-em-elemento-de-destaque\/","name":"Madeira Esagonale transforma balc\u00e3o em elemento de destaque - Blog Nina","isPartOf":{"@id":"https:\/\/ninamartinelli.com.br\/blog2\/#website"},"primaryImageOfPage":{"@id":"https:\/\/ninamartinelli.com.br\/blog2\/madeira-esagonale-transforma-balcao-em-elemento-de-destaque\/#primaryimage"},"image":{"@id":"https:\/\/ninamartinelli.com.br\/blog2\/madeira-esagonale-transforma-balcao-em-elemento-de-destaque\/#primaryimage"},"thumbnailUrl":"https:\/\/ninamartinelli.com.br\/blog2\/wp-content\/uploads\/2021\/02\/madeira_esagonale2.jpg","datePublished":"2021-02-19T13:36:28+00:00","breadcrumb":{"@id":"https:\/\/ninamartinelli.com.br\/blog2\/madeira-esagonale-transforma-balcao-em-elemento-de-destaque\/#breadcrumb"},"inLanguage":"pt-BR","potentialAction":[{"@type":"ReadAction","target":["https:\/\/ninamartinelli.com.br\/blog2\/madeira-esagonale-transforma-balcao-em-elemento-de-destaque\/"]}]},{"@type":"ImageObject","inLanguage":"pt-BR","@id":"https:\/\/ninamartinelli.com.br\/blog2\/madeira-esagonale-transforma-balcao-em-elemento-de-destaque\/#primaryimage","url":"https:\/\/ninamartinelli.com.br\/blog2\/wp-content\/uploads\/2021\/02\/madeira_esagonale2.jpg","contentUrl":"https:\/\/ninamartinelli.com.br\/blog2\/wp-content\/uploads\/2021\/02\/madeira_esagonale2.jpg","width":900,"height":900},{"@type":"BreadcrumbList","@id":"https:\/\/ninamartinelli.com.br\/blog2\/madeira-esagonale-transforma-balcao-em-elemento-de-destaque\/#breadcrumb","itemListElement":[{"@type":"ListItem","position":1,"name":"In\u00edcio","item":"https:\/\/ninamartinelli.com.br\/blog2\/"},{"@type":"ListItem","position":2,"name":"Madeira Esagonale transforma balc\u00e3o em elemento de destaque"}]},{"@type":"WebSite","@id":"https:\/\/ninamartinelli.com.br\/blog2\/#website","url":"https:\/\/ninamartinelli.com.br\/blog2\/","name":"Nina Martinelli","description":"#Nina_Martinelli","publisher":{"@id":"https:\/\/ninamartinelli.com.br\/blog2\/#organization"},"potentialAction":[{"@type":"SearchAction","target":{"@type":"EntryPoint","urlTemplate":"https:\/\/ninamartinelli.com.br\/blog2\/?s={search_term_string}"},"query-input":{"@type":"PropertyValueSpecification","valueRequired":true,"valueName":"search_term_string"}}],"inLanguage":"pt-BR"},{"@type":"Organization","@id":"https:\/\/ninamartinelli.com.br\/blog2\/#organization","name":"Blog Novidades","url":"https:\/\/ninamartinelli.com.br\/blog2\/","logo":{"@type":"ImageObject","inLanguage":"pt-BR","@id":"https:\/\/ninamartinelli.com.br\/blog2\/#\/schema\/logo\/image\/","url":"http:\/\/blog.ninamartinelli.com.br\/wp-content\/uploads\/2022\/03\/logo_nina_blog.png","contentUrl":"http:\/\/blog.ninamartinelli.com.br\/wp-content\/uploads\/2022\/03\/logo_nina_blog.png","width":500,"height":104,"caption":"Blog Novidades"},"image":{"@id":"https:\/\/ninamartinelli.com.br\/blog2\/#\/schema\/logo\/image\/"}},{"@type":"Person","@id":"https:\/\/ninamartinelli.com.br\/blog2\/#\/schema\/person\/880a2cdee0a047e9b55254085d24f922","name":"Comunica\u00e7\u00e3o Nina","image":{"@type":"ImageObject","inLanguage":"pt-BR","@id":"https:\/\/ninamartinelli.com.br\/blog2\/#\/schema\/person\/image\/","url":"https:\/\/secure.gravatar.com\/avatar\/0d3d763fb83768dd001497d074d4c4f6?s=96&d=mm&r=g","contentUrl":"https:\/\/secure.gravatar.com\/avatar\/0d3d763fb83768dd001497d074d4c4f6?s=96&d=mm&r=g","caption":"Comunica\u00e7\u00e3o Nina"},"sameAs":["http:\/\/ninamartinelli.com.br","http:\/\/facebook.com.br\/ninamartinellioficial","http:\/\/instagram.com\/ninamartinellioficial"],"url":"https:\/\/ninamartinelli.com.br\/blog2\/author\/nina\/"}]}},"_links":{"self":[{"href":"https:\/\/ninamartinelli.com.br\/blog2\/wp-json\/wp\/v2\/posts\/1311","targetHints":{"allow":["GET"]}}],"collection":[{"href":"https:\/\/ninamartinelli.com.br\/blog2\/wp-json\/wp\/v2\/posts"}],"about":[{"href":"https:\/\/ninamartinelli.com.br\/blog2\/wp-json\/wp\/v2\/types\/post"}],"author":[{"embeddable":true,"href":"https:\/\/ninamartinelli.com.br\/blog2\/wp-json\/wp\/v2\/users\/1"}],"replies":[{"embeddable":true,"href":"https:\/\/ninamartinelli.com.br\/blog2\/wp-json\/wp\/v2\/comments?post=1311"}],"version-history":[{"count":7,"href":"https:\/\/ninamartinelli.com.br\/blog2\/wp-json\/wp\/v2\/posts\/1311\/revisions"}],"predecessor-version":[{"id":1322,"href":"https:\/\/ninamartinelli.com.br\/blog2\/wp-json\/wp\/v2\/posts\/1311\/revisions\/1322"}],"wp:featuredmedia":[{"embeddable":true,"href":"https:\/\/ninamartinelli.com.br\/blog2\/wp-json\/wp\/v2\/media\/1317"}],"wp:attachment":[{"href":"https:\/\/ninamartinelli.com.br\/blog2\/wp-json\/wp\/v2\/media?parent=1311"}],"wp:term":[{"taxonomy":"category","embeddable":true,"href":"https:\/\/ninamartinelli.com.br\/blog2\/wp-json\/wp\/v2\/categories?post=1311"},{"taxonomy":"post_tag","embeddable":true,"href":"https:\/\/ninamartinelli.com.br\/blog2\/wp-json\/wp\/v2\/tags?post=1311"}],"curies":[{"name":"wp","href":"https:\/\/api.w.org\/{rel}","templated":true}]}}