{"id":1296,"date":"2021-02-09T15:50:11","date_gmt":"2021-02-09T18:50:11","guid":{"rendered":"http:\/\/blog.ninamartinelli.com.br\/?p=1296"},"modified":"2021-02-10T08:21:36","modified_gmt":"2021-02-10T11:21:36","slug":"estilo-que-sobe-pelas-paredes-piso-volti-renova-area-externa-em-casa-dos-anos-70","status":"publish","type":"post","link":"https:\/\/ninamartinelli.com.br\/blog2\/estilo-que-sobe-pelas-paredes-piso-volti-renova-area-externa-em-casa-dos-anos-70\/","title":{"rendered":"Estilo que sobe pelas paredes \u2013 piso Volti renova \u00e1rea externa em casa dos anos 70"},"content":{"rendered":"<p>Era uma casa familiar t\u00edpica dos anos 1970, um im\u00f3vel que n\u00e3o chamava a aten\u00e7\u00e3o, num bairro tranquilo de Ja\u00fa, na regi\u00e3o central do Estado de S\u00e3o Paulo. A cidade \u00e9 importante polo industrial cal\u00e7adista e de agroneg\u00f3cio.<br \/>\nEntretanto, os olhares treinados do casal de arquiteto<strong>s Gabriela Guedes e Alexandre Scudilio<\/strong> n\u00e3o deixaram a edifica\u00e7\u00e3o passar batida, e viram ali muito potencial. Decidiram compr\u00e1-lo para abrigar seu escrit\u00f3rio.<\/p>\n<p>Por meio de um Retrofit \u2013 uma reforma criteriosa para modernizar antigas estruturas, aproveitando v\u00e1rios elementos originais, eles transformaram o im\u00f3vel num charmos\u00edssimo espa\u00e7o para atender seus clientes, de toda a regi\u00e3o. Localizada numa rua tranquila, entre o Centro expandido da cidade e a regi\u00e3o da antiga e bela esta\u00e7\u00e3o ferrovi\u00e1ria, uma \u00e1rea arborizada e de f\u00e1cil acesso, a casa tem 150m2, num terreno de bom tamanho \u2013 250m\u00b2. Gabriela e Alexandre adaptaram os c\u00f4modos cl\u00e1ssicos para transform\u00e1-los nos espa\u00e7os essenciais ao bom andamento do escrit\u00f3rio \u2013 recep\u00e7\u00e3o, sala do arquiteto, sal\u00e3o de trabalho, sanit\u00e1rios feminino (acess\u00edvel) e masculino, copa, garagem para dois ve\u00edculos e \u00e1rea externa.<\/p>\n<p>Jovens, esportistas, amantes da natureza e do estilo de vida mais acolhedor e saud\u00e1vel do interior, os profissionais idealizaram um projeto de conceito contempor\u00e2neo, aproveitando materiais preexistentes no im\u00f3vel e incorporando novos elementos.<\/p>\n<h3>Paineis decorativos<\/h3>\n<p><img loading=\"lazy\" decoding=\"async\" class=\"alignleft wp-image-1307\" src=\"http:\/\/blog.ninamartinelli.com.br\/wp-content\/uploads\/2021\/02\/volti_.jpg\" alt=\"\" width=\"250\" height=\"250\" srcset=\"https:\/\/ninamartinelli.com.br\/blog2\/wp-content\/uploads\/2021\/02\/volti_.jpg 800w, https:\/\/ninamartinelli.com.br\/blog2\/wp-content\/uploads\/2021\/02\/volti_-300x300.jpg 300w, https:\/\/ninamartinelli.com.br\/blog2\/wp-content\/uploads\/2021\/02\/volti_-150x150.jpg 150w, https:\/\/ninamartinelli.com.br\/blog2\/wp-content\/uploads\/2021\/02\/volti_-768x768.jpg 768w, https:\/\/ninamartinelli.com.br\/blog2\/wp-content\/uploads\/2021\/02\/volti_-50x50.jpg 50w\" sizes=\"auto, (max-width: 250px) 100vw, 250px\" \/>Na \u00e1rea externa, para transformar superf\u00edcies neutras em elementos decorativos, os profissionais especificaram o piso <strong>Volti<\/strong>, da Nina Martinelli.<br \/>\nIntegrante da Linha Eleganza, \u00e9 produzido em cer\u00e2mica com toque r\u00fastico, original e sofisticado.<br \/>\nMedindo 13,5&#215;23 cm, as pe\u00e7as podem ser assentadas em diferentes pagina\u00e7\u00f5es. Gabriela e Alexandre escolheram forma\u00e7\u00e3o hexagonal, e ousaram ainda mais, optando por um mix com duas das tr\u00eas cores em que o Volti \u00e9 disponibilizado \u2013 o Nero e o Rosso. O Paglia \u00e9 outra cor que integra o portif\u00f3lio da f\u00e1brica para esse produto.<\/p>\n<p>A criatividade dos profissionais fez com que o estilo subisse, literalmente, pelas paredes externas ao im\u00f3vel, e Gabriela explica a ideia. <em>\u201cO produto Volti foi especificado por trazer um aspecto r\u00fastico e moderno para a \u00e1rea externa. E as cores foram escolhidas por comporem com os tons dos materiais cer\u00e2micos, reaproveitados da constru\u00e7\u00e3o original, onde ambos formaram pain\u00e9is decorativos nos muros de divisa\u201d<\/em>, descreve.<\/p>\n<p>Para dar um acabamento ainda mais personalizado, no rodap\u00e9 o piso foi assentado com as pe\u00e7as alinhadas. Toda a composi\u00e7\u00e3o consumiu um total de 50m\u00b2 do Volti Rosso e mais 5m\u00b2 do Nero, estrategicamente distribu\u00eddos na forma\u00e7\u00e3o extremamente elegante e despojada.<\/p>\n<h3>Perfeito com tons amadeirados<\/h3>\n<p>Para Gabriela, o Volti dialoga perfeitamente com os tons amadeirados e cores, tanto quente quanto frias. Um lindo pergolado em madeira, um paisagismo cuidadoso e uma ilumina\u00e7\u00e3o pensada com muito crit\u00e9rio, completam, harmonizam e valorizam ainda mais o projeto. O assentamento foi realizado com argamassa AC III sobre um contrapiso regularizado com massa de areia, cimento e \u00e1gua. O rejuntamento, sem colora\u00e7\u00e3o, foi feito com 10 mil\u00edmetros, devido \u00e0s pequenas varia\u00e7\u00f5es de medidas das pe\u00e7as. Foi utilizada massa mista de areia, cimento, \u00e1gua e um toque de cal para evitar fissuras.<\/p>\n<p>O resultado, conforme Gabriela, agradou em cheio.<em> \u201cAdoramos o resultado e os produtos j\u00e1 est\u00e3o sendo aplicados e especificados em outras obras, com o diferencial de que os clientes agora podem visualizar o efeito diretamente no escrit\u00f3rio que os especifica\u201d<\/em>, comenta a profissional.<\/p>\n<p>Para ela, a diversidade de formatos, cores e pagina\u00e7\u00f5es poss\u00edveis pode tornar os projetos ainda mais originais. <em>\u201cAbusem da criatividade!\u201d<\/em>, recomenda. \u201c<em>Os produtos s\u00e3o exclusivos e de excelente qualidade, al\u00e9m da Nina Martinelli possuir um atendimento pr\u00e9 e p\u00f3s-venda \u00fanico. <\/em><em>S\u00f3 temos a agradecer\u201d<\/em>, conclui.<\/p>\n<p>O piso Volti foi adquirido em Ja\u00fa, na Pascano Materiais Para Constru\u00e7\u00e3o.<\/p>\n<hr \/>\n<p><img loading=\"lazy\" decoding=\"async\" class=\"size-full wp-image-1302 aligncenter\" src=\"http:\/\/blog.ninamartinelli.com.br\/wp-content\/uploads\/2021\/02\/volti-rosso-nero2.jpg\" alt=\"\" width=\"1000\" height=\"500\" srcset=\"https:\/\/ninamartinelli.com.br\/blog2\/wp-content\/uploads\/2021\/02\/volti-rosso-nero2.jpg 1000w, https:\/\/ninamartinelli.com.br\/blog2\/wp-content\/uploads\/2021\/02\/volti-rosso-nero2-300x150.jpg 300w, https:\/\/ninamartinelli.com.br\/blog2\/wp-content\/uploads\/2021\/02\/volti-rosso-nero2-768x384.jpg 768w\" sizes=\"auto, (max-width: 1000px) 100vw, 1000px\" \/><\/p>\n<p><img loading=\"lazy\" decoding=\"async\" class=\"size-full wp-image-1303 aligncenter\" src=\"http:\/\/blog.ninamartinelli.com.br\/wp-content\/uploads\/2021\/02\/volti-rosso-nero3.jpg\" alt=\"\" width=\"1000\" height=\"500\" srcset=\"https:\/\/ninamartinelli.com.br\/blog2\/wp-content\/uploads\/2021\/02\/volti-rosso-nero3.jpg 1000w, https:\/\/ninamartinelli.com.br\/blog2\/wp-content\/uploads\/2021\/02\/volti-rosso-nero3-300x150.jpg 300w, https:\/\/ninamartinelli.com.br\/blog2\/wp-content\/uploads\/2021\/02\/volti-rosso-nero3-768x384.jpg 768w\" sizes=\"auto, (max-width: 1000px) 100vw, 1000px\" \/><\/p>\n<hr \/>\n<h4>\u00c1rea externa \u2013 casa transformada em escrit\u00f3rio de arquitetura \u2013 Ja\u00fa\/SP<br \/>\nPiso Volti \u2013 Rosso e Nero, aplicados em composi\u00e7\u00e3o hexagonal \u2013 piso e parede<br \/>\nProjeto \u2013 Gabriela Guedes e Alexandre Scudilio \u2013 Scudilio Arquitetura \u2013 <a href=\"https:\/\/www.instagram.com\/scudilioarquitetura\/\" target=\"_blank\" rel=\"noopener noreferrer\">@scudilioarquitetura<\/a><br \/>\nFotos: Gabriela Guedes<\/h4>\n","protected":false},"excerpt":{"rendered":"<p>Era uma casa familiar t\u00edpica dos anos 1970, um im\u00f3vel que n\u00e3o chamava a aten\u00e7\u00e3o,<\/p>\n","protected":false},"author":1,"featured_media":1299,"comment_status":"open","ping_status":"open","sticky":false,"template":"","format":"standard","meta":{"footnotes":""},"categories":[59,20,21],"tags":[94,24,93,92],"class_list":["post-1296","post","type-post","status-publish","format-standard","has-post-thumbnail","hentry","category-ceramica","category-colezione-eleganza","category-pisos","tag-losango","tag-piso","tag-piso-ceramico","tag-volti"],"yoast_head":"<!-- This site is optimized with the Yoast SEO plugin v26.8 - https:\/\/yoast.com\/product\/yoast-seo-wordpress\/ -->\n<title>Estilo que sobe pelas paredes \u2013 piso Volti renova \u00e1rea externa em casa dos anos 70 - Blog Nina<\/title>\n<meta name=\"robots\" content=\"index, follow, max-snippet:-1, max-image-preview:large, max-video-preview:-1\" \/>\n<link rel=\"canonical\" href=\"https:\/\/ninamartinelli.com.br\/blog2\/estilo-que-sobe-pelas-paredes-piso-volti-renova-area-externa-em-casa-dos-anos-70\/\" \/>\n<meta property=\"og:locale\" content=\"pt_BR\" \/>\n<meta property=\"og:type\" content=\"article\" \/>\n<meta property=\"og:title\" content=\"Estilo que sobe pelas paredes \u2013 piso Volti renova \u00e1rea externa em casa dos anos 70 - Blog Nina\" \/>\n<meta property=\"og:description\" content=\"Era uma casa familiar t\u00edpica dos anos 1970, um im\u00f3vel que n\u00e3o chamava a aten\u00e7\u00e3o,\" \/>\n<meta property=\"og:url\" content=\"https:\/\/ninamartinelli.com.br\/blog2\/estilo-que-sobe-pelas-paredes-piso-volti-renova-area-externa-em-casa-dos-anos-70\/\" \/>\n<meta property=\"og:site_name\" content=\"Blog Nina\" \/>\n<meta property=\"article:author\" content=\"http:\/\/facebook.com.br\/ninamartinellioficial\" \/>\n<meta property=\"article:published_time\" content=\"2021-02-09T18:50:11+00:00\" \/>\n<meta property=\"article:modified_time\" content=\"2021-02-10T11:21:36+00:00\" \/>\n<meta property=\"og:image\" content=\"https:\/\/ninamartinelli.com.br\/blog2\/wp-content\/uploads\/2021\/02\/volti-rosso-nero1.jpg\" \/>\n\t<meta property=\"og:image:width\" content=\"900\" \/>\n\t<meta property=\"og:image:height\" content=\"900\" \/>\n\t<meta property=\"og:image:type\" content=\"image\/jpeg\" \/>\n<meta name=\"author\" content=\"Comunica\u00e7\u00e3o Nina\" \/>\n<meta name=\"twitter:card\" content=\"summary_large_image\" \/>\n<meta name=\"twitter:label1\" content=\"Escrito por\" \/>\n\t<meta name=\"twitter:data1\" content=\"Comunica\u00e7\u00e3o Nina\" \/>\n\t<meta name=\"twitter:label2\" content=\"Est. tempo de leitura\" \/>\n\t<meta name=\"twitter:data2\" content=\"3 minutos\" \/>\n<script type=\"application\/ld+json\" class=\"yoast-schema-graph\">{\"@context\":\"https:\/\/schema.org\",\"@graph\":[{\"@type\":\"Article\",\"@id\":\"https:\/\/ninamartinelli.com.br\/blog2\/estilo-que-sobe-pelas-paredes-piso-volti-renova-area-externa-em-casa-dos-anos-70\/#article\",\"isPartOf\":{\"@id\":\"https:\/\/ninamartinelli.com.br\/blog2\/estilo-que-sobe-pelas-paredes-piso-volti-renova-area-externa-em-casa-dos-anos-70\/\"},\"author\":{\"name\":\"Comunica\u00e7\u00e3o Nina\",\"@id\":\"https:\/\/ninamartinelli.com.br\/blog2\/#\/schema\/person\/880a2cdee0a047e9b55254085d24f922\"},\"headline\":\"Estilo que sobe pelas paredes \u2013 piso Volti renova \u00e1rea externa em casa dos anos 70\",\"datePublished\":\"2021-02-09T18:50:11+00:00\",\"dateModified\":\"2021-02-10T11:21:36+00:00\",\"mainEntityOfPage\":{\"@id\":\"https:\/\/ninamartinelli.com.br\/blog2\/estilo-que-sobe-pelas-paredes-piso-volti-renova-area-externa-em-casa-dos-anos-70\/\"},\"wordCount\":705,\"commentCount\":0,\"publisher\":{\"@id\":\"https:\/\/ninamartinelli.com.br\/blog2\/#organization\"},\"image\":{\"@id\":\"https:\/\/ninamartinelli.com.br\/blog2\/estilo-que-sobe-pelas-paredes-piso-volti-renova-area-externa-em-casa-dos-anos-70\/#primaryimage\"},\"thumbnailUrl\":\"https:\/\/ninamartinelli.com.br\/blog2\/wp-content\/uploads\/2021\/02\/volti-rosso-nero1.jpg\",\"keywords\":[\"losango\",\"piso\",\"piso ceramico\",\"volti\"],\"articleSection\":[\"Cer\u00e2mica\",\"Colezione Eleganza\",\"Pisos\"],\"inLanguage\":\"pt-BR\",\"potentialAction\":[{\"@type\":\"CommentAction\",\"name\":\"Comment\",\"target\":[\"https:\/\/ninamartinelli.com.br\/blog2\/estilo-que-sobe-pelas-paredes-piso-volti-renova-area-externa-em-casa-dos-anos-70\/#respond\"]}]},{\"@type\":\"WebPage\",\"@id\":\"https:\/\/ninamartinelli.com.br\/blog2\/estilo-que-sobe-pelas-paredes-piso-volti-renova-area-externa-em-casa-dos-anos-70\/\",\"url\":\"https:\/\/ninamartinelli.com.br\/blog2\/estilo-que-sobe-pelas-paredes-piso-volti-renova-area-externa-em-casa-dos-anos-70\/\",\"name\":\"Estilo que sobe pelas paredes \u2013 piso Volti renova \u00e1rea externa em casa dos anos 70 - Blog Nina\",\"isPartOf\":{\"@id\":\"https:\/\/ninamartinelli.com.br\/blog2\/#website\"},\"primaryImageOfPage\":{\"@id\":\"https:\/\/ninamartinelli.com.br\/blog2\/estilo-que-sobe-pelas-paredes-piso-volti-renova-area-externa-em-casa-dos-anos-70\/#primaryimage\"},\"image\":{\"@id\":\"https:\/\/ninamartinelli.com.br\/blog2\/estilo-que-sobe-pelas-paredes-piso-volti-renova-area-externa-em-casa-dos-anos-70\/#primaryimage\"},\"thumbnailUrl\":\"https:\/\/ninamartinelli.com.br\/blog2\/wp-content\/uploads\/2021\/02\/volti-rosso-nero1.jpg\",\"datePublished\":\"2021-02-09T18:50:11+00:00\",\"dateModified\":\"2021-02-10T11:21:36+00:00\",\"breadcrumb\":{\"@id\":\"https:\/\/ninamartinelli.com.br\/blog2\/estilo-que-sobe-pelas-paredes-piso-volti-renova-area-externa-em-casa-dos-anos-70\/#breadcrumb\"},\"inLanguage\":\"pt-BR\",\"potentialAction\":[{\"@type\":\"ReadAction\",\"target\":[\"https:\/\/ninamartinelli.com.br\/blog2\/estilo-que-sobe-pelas-paredes-piso-volti-renova-area-externa-em-casa-dos-anos-70\/\"]}]},{\"@type\":\"ImageObject\",\"inLanguage\":\"pt-BR\",\"@id\":\"https:\/\/ninamartinelli.com.br\/blog2\/estilo-que-sobe-pelas-paredes-piso-volti-renova-area-externa-em-casa-dos-anos-70\/#primaryimage\",\"url\":\"https:\/\/ninamartinelli.com.br\/blog2\/wp-content\/uploads\/2021\/02\/volti-rosso-nero1.jpg\",\"contentUrl\":\"https:\/\/ninamartinelli.com.br\/blog2\/wp-content\/uploads\/2021\/02\/volti-rosso-nero1.jpg\",\"width\":900,\"height\":900},{\"@type\":\"BreadcrumbList\",\"@id\":\"https:\/\/ninamartinelli.com.br\/blog2\/estilo-que-sobe-pelas-paredes-piso-volti-renova-area-externa-em-casa-dos-anos-70\/#breadcrumb\",\"itemListElement\":[{\"@type\":\"ListItem\",\"position\":1,\"name\":\"In\u00edcio\",\"item\":\"https:\/\/ninamartinelli.com.br\/blog2\/\"},{\"@type\":\"ListItem\",\"position\":2,\"name\":\"Estilo que sobe pelas paredes \u2013 piso Volti renova \u00e1rea externa em casa dos anos 70\"}]},{\"@type\":\"WebSite\",\"@id\":\"https:\/\/ninamartinelli.com.br\/blog2\/#website\",\"url\":\"https:\/\/ninamartinelli.com.br\/blog2\/\",\"name\":\"Nina Martinelli\",\"description\":\"#Nina_Martinelli\",\"publisher\":{\"@id\":\"https:\/\/ninamartinelli.com.br\/blog2\/#organization\"},\"potentialAction\":[{\"@type\":\"SearchAction\",\"target\":{\"@type\":\"EntryPoint\",\"urlTemplate\":\"https:\/\/ninamartinelli.com.br\/blog2\/?s={search_term_string}\"},\"query-input\":{\"@type\":\"PropertyValueSpecification\",\"valueRequired\":true,\"valueName\":\"search_term_string\"}}],\"inLanguage\":\"pt-BR\"},{\"@type\":\"Organization\",\"@id\":\"https:\/\/ninamartinelli.com.br\/blog2\/#organization\",\"name\":\"Blog Novidades\",\"url\":\"https:\/\/ninamartinelli.com.br\/blog2\/\",\"logo\":{\"@type\":\"ImageObject\",\"inLanguage\":\"pt-BR\",\"@id\":\"https:\/\/ninamartinelli.com.br\/blog2\/#\/schema\/logo\/image\/\",\"url\":\"http:\/\/blog.ninamartinelli.com.br\/wp-content\/uploads\/2022\/03\/logo_nina_blog.png\",\"contentUrl\":\"http:\/\/blog.ninamartinelli.com.br\/wp-content\/uploads\/2022\/03\/logo_nina_blog.png\",\"width\":500,\"height\":104,\"caption\":\"Blog Novidades\"},\"image\":{\"@id\":\"https:\/\/ninamartinelli.com.br\/blog2\/#\/schema\/logo\/image\/\"}},{\"@type\":\"Person\",\"@id\":\"https:\/\/ninamartinelli.com.br\/blog2\/#\/schema\/person\/880a2cdee0a047e9b55254085d24f922\",\"name\":\"Comunica\u00e7\u00e3o Nina\",\"image\":{\"@type\":\"ImageObject\",\"inLanguage\":\"pt-BR\",\"@id\":\"https:\/\/ninamartinelli.com.br\/blog2\/#\/schema\/person\/image\/\",\"url\":\"https:\/\/secure.gravatar.com\/avatar\/0d3d763fb83768dd001497d074d4c4f6?s=96&d=mm&r=g\",\"contentUrl\":\"https:\/\/secure.gravatar.com\/avatar\/0d3d763fb83768dd001497d074d4c4f6?s=96&d=mm&r=g\",\"caption\":\"Comunica\u00e7\u00e3o Nina\"},\"sameAs\":[\"http:\/\/ninamartinelli.com.br\",\"http:\/\/facebook.com.br\/ninamartinellioficial\",\"http:\/\/instagram.com\/ninamartinellioficial\"],\"url\":\"https:\/\/ninamartinelli.com.br\/blog2\/author\/nina\/\"}]}<\/script>\n<!-- \/ Yoast SEO plugin. -->","yoast_head_json":{"title":"Estilo que sobe pelas paredes \u2013 piso Volti renova \u00e1rea externa em casa dos anos 70 - Blog Nina","robots":{"index":"index","follow":"follow","max-snippet":"max-snippet:-1","max-image-preview":"max-image-preview:large","max-video-preview":"max-video-preview:-1"},"canonical":"https:\/\/ninamartinelli.com.br\/blog2\/estilo-que-sobe-pelas-paredes-piso-volti-renova-area-externa-em-casa-dos-anos-70\/","og_locale":"pt_BR","og_type":"article","og_title":"Estilo que sobe pelas paredes \u2013 piso Volti renova \u00e1rea externa em casa dos anos 70 - Blog Nina","og_description":"Era uma casa familiar t\u00edpica dos anos 1970, um im\u00f3vel que n\u00e3o chamava a aten\u00e7\u00e3o,","og_url":"https:\/\/ninamartinelli.com.br\/blog2\/estilo-que-sobe-pelas-paredes-piso-volti-renova-area-externa-em-casa-dos-anos-70\/","og_site_name":"Blog Nina","article_author":"http:\/\/facebook.com.br\/ninamartinellioficial","article_published_time":"2021-02-09T18:50:11+00:00","article_modified_time":"2021-02-10T11:21:36+00:00","og_image":[{"width":900,"height":900,"url":"https:\/\/ninamartinelli.com.br\/blog2\/wp-content\/uploads\/2021\/02\/volti-rosso-nero1.jpg","type":"image\/jpeg"}],"author":"Comunica\u00e7\u00e3o Nina","twitter_card":"summary_large_image","twitter_misc":{"Escrito por":"Comunica\u00e7\u00e3o Nina","Est. tempo de leitura":"3 minutos"},"schema":{"@context":"https:\/\/schema.org","@graph":[{"@type":"Article","@id":"https:\/\/ninamartinelli.com.br\/blog2\/estilo-que-sobe-pelas-paredes-piso-volti-renova-area-externa-em-casa-dos-anos-70\/#article","isPartOf":{"@id":"https:\/\/ninamartinelli.com.br\/blog2\/estilo-que-sobe-pelas-paredes-piso-volti-renova-area-externa-em-casa-dos-anos-70\/"},"author":{"name":"Comunica\u00e7\u00e3o Nina","@id":"https:\/\/ninamartinelli.com.br\/blog2\/#\/schema\/person\/880a2cdee0a047e9b55254085d24f922"},"headline":"Estilo que sobe pelas paredes \u2013 piso Volti renova \u00e1rea externa em casa dos anos 70","datePublished":"2021-02-09T18:50:11+00:00","dateModified":"2021-02-10T11:21:36+00:00","mainEntityOfPage":{"@id":"https:\/\/ninamartinelli.com.br\/blog2\/estilo-que-sobe-pelas-paredes-piso-volti-renova-area-externa-em-casa-dos-anos-70\/"},"wordCount":705,"commentCount":0,"publisher":{"@id":"https:\/\/ninamartinelli.com.br\/blog2\/#organization"},"image":{"@id":"https:\/\/ninamartinelli.com.br\/blog2\/estilo-que-sobe-pelas-paredes-piso-volti-renova-area-externa-em-casa-dos-anos-70\/#primaryimage"},"thumbnailUrl":"https:\/\/ninamartinelli.com.br\/blog2\/wp-content\/uploads\/2021\/02\/volti-rosso-nero1.jpg","keywords":["losango","piso","piso ceramico","volti"],"articleSection":["Cer\u00e2mica","Colezione Eleganza","Pisos"],"inLanguage":"pt-BR","potentialAction":[{"@type":"CommentAction","name":"Comment","target":["https:\/\/ninamartinelli.com.br\/blog2\/estilo-que-sobe-pelas-paredes-piso-volti-renova-area-externa-em-casa-dos-anos-70\/#respond"]}]},{"@type":"WebPage","@id":"https:\/\/ninamartinelli.com.br\/blog2\/estilo-que-sobe-pelas-paredes-piso-volti-renova-area-externa-em-casa-dos-anos-70\/","url":"https:\/\/ninamartinelli.com.br\/blog2\/estilo-que-sobe-pelas-paredes-piso-volti-renova-area-externa-em-casa-dos-anos-70\/","name":"Estilo que sobe pelas paredes \u2013 piso Volti renova \u00e1rea externa em casa dos anos 70 - Blog Nina","isPartOf":{"@id":"https:\/\/ninamartinelli.com.br\/blog2\/#website"},"primaryImageOfPage":{"@id":"https:\/\/ninamartinelli.com.br\/blog2\/estilo-que-sobe-pelas-paredes-piso-volti-renova-area-externa-em-casa-dos-anos-70\/#primaryimage"},"image":{"@id":"https:\/\/ninamartinelli.com.br\/blog2\/estilo-que-sobe-pelas-paredes-piso-volti-renova-area-externa-em-casa-dos-anos-70\/#primaryimage"},"thumbnailUrl":"https:\/\/ninamartinelli.com.br\/blog2\/wp-content\/uploads\/2021\/02\/volti-rosso-nero1.jpg","datePublished":"2021-02-09T18:50:11+00:00","dateModified":"2021-02-10T11:21:36+00:00","breadcrumb":{"@id":"https:\/\/ninamartinelli.com.br\/blog2\/estilo-que-sobe-pelas-paredes-piso-volti-renova-area-externa-em-casa-dos-anos-70\/#breadcrumb"},"inLanguage":"pt-BR","potentialAction":[{"@type":"ReadAction","target":["https:\/\/ninamartinelli.com.br\/blog2\/estilo-que-sobe-pelas-paredes-piso-volti-renova-area-externa-em-casa-dos-anos-70\/"]}]},{"@type":"ImageObject","inLanguage":"pt-BR","@id":"https:\/\/ninamartinelli.com.br\/blog2\/estilo-que-sobe-pelas-paredes-piso-volti-renova-area-externa-em-casa-dos-anos-70\/#primaryimage","url":"https:\/\/ninamartinelli.com.br\/blog2\/wp-content\/uploads\/2021\/02\/volti-rosso-nero1.jpg","contentUrl":"https:\/\/ninamartinelli.com.br\/blog2\/wp-content\/uploads\/2021\/02\/volti-rosso-nero1.jpg","width":900,"height":900},{"@type":"BreadcrumbList","@id":"https:\/\/ninamartinelli.com.br\/blog2\/estilo-que-sobe-pelas-paredes-piso-volti-renova-area-externa-em-casa-dos-anos-70\/#breadcrumb","itemListElement":[{"@type":"ListItem","position":1,"name":"In\u00edcio","item":"https:\/\/ninamartinelli.com.br\/blog2\/"},{"@type":"ListItem","position":2,"name":"Estilo que sobe pelas paredes \u2013 piso Volti renova \u00e1rea externa em casa dos anos 70"}]},{"@type":"WebSite","@id":"https:\/\/ninamartinelli.com.br\/blog2\/#website","url":"https:\/\/ninamartinelli.com.br\/blog2\/","name":"Nina Martinelli","description":"#Nina_Martinelli","publisher":{"@id":"https:\/\/ninamartinelli.com.br\/blog2\/#organization"},"potentialAction":[{"@type":"SearchAction","target":{"@type":"EntryPoint","urlTemplate":"https:\/\/ninamartinelli.com.br\/blog2\/?s={search_term_string}"},"query-input":{"@type":"PropertyValueSpecification","valueRequired":true,"valueName":"search_term_string"}}],"inLanguage":"pt-BR"},{"@type":"Organization","@id":"https:\/\/ninamartinelli.com.br\/blog2\/#organization","name":"Blog Novidades","url":"https:\/\/ninamartinelli.com.br\/blog2\/","logo":{"@type":"ImageObject","inLanguage":"pt-BR","@id":"https:\/\/ninamartinelli.com.br\/blog2\/#\/schema\/logo\/image\/","url":"http:\/\/blog.ninamartinelli.com.br\/wp-content\/uploads\/2022\/03\/logo_nina_blog.png","contentUrl":"http:\/\/blog.ninamartinelli.com.br\/wp-content\/uploads\/2022\/03\/logo_nina_blog.png","width":500,"height":104,"caption":"Blog Novidades"},"image":{"@id":"https:\/\/ninamartinelli.com.br\/blog2\/#\/schema\/logo\/image\/"}},{"@type":"Person","@id":"https:\/\/ninamartinelli.com.br\/blog2\/#\/schema\/person\/880a2cdee0a047e9b55254085d24f922","name":"Comunica\u00e7\u00e3o Nina","image":{"@type":"ImageObject","inLanguage":"pt-BR","@id":"https:\/\/ninamartinelli.com.br\/blog2\/#\/schema\/person\/image\/","url":"https:\/\/secure.gravatar.com\/avatar\/0d3d763fb83768dd001497d074d4c4f6?s=96&d=mm&r=g","contentUrl":"https:\/\/secure.gravatar.com\/avatar\/0d3d763fb83768dd001497d074d4c4f6?s=96&d=mm&r=g","caption":"Comunica\u00e7\u00e3o Nina"},"sameAs":["http:\/\/ninamartinelli.com.br","http:\/\/facebook.com.br\/ninamartinellioficial","http:\/\/instagram.com\/ninamartinellioficial"],"url":"https:\/\/ninamartinelli.com.br\/blog2\/author\/nina\/"}]}},"_links":{"self":[{"href":"https:\/\/ninamartinelli.com.br\/blog2\/wp-json\/wp\/v2\/posts\/1296","targetHints":{"allow":["GET"]}}],"collection":[{"href":"https:\/\/ninamartinelli.com.br\/blog2\/wp-json\/wp\/v2\/posts"}],"about":[{"href":"https:\/\/ninamartinelli.com.br\/blog2\/wp-json\/wp\/v2\/types\/post"}],"author":[{"embeddable":true,"href":"https:\/\/ninamartinelli.com.br\/blog2\/wp-json\/wp\/v2\/users\/1"}],"replies":[{"embeddable":true,"href":"https:\/\/ninamartinelli.com.br\/blog2\/wp-json\/wp\/v2\/comments?post=1296"}],"version-history":[{"count":9,"href":"https:\/\/ninamartinelli.com.br\/blog2\/wp-json\/wp\/v2\/posts\/1296\/revisions"}],"predecessor-version":[{"id":1309,"href":"https:\/\/ninamartinelli.com.br\/blog2\/wp-json\/wp\/v2\/posts\/1296\/revisions\/1309"}],"wp:featuredmedia":[{"embeddable":true,"href":"https:\/\/ninamartinelli.com.br\/blog2\/wp-json\/wp\/v2\/media\/1299"}],"wp:attachment":[{"href":"https:\/\/ninamartinelli.com.br\/blog2\/wp-json\/wp\/v2\/media?parent=1296"}],"wp:term":[{"taxonomy":"category","embeddable":true,"href":"https:\/\/ninamartinelli.com.br\/blog2\/wp-json\/wp\/v2\/categories?post=1296"},{"taxonomy":"post_tag","embeddable":true,"href":"https:\/\/ninamartinelli.com.br\/blog2\/wp-json\/wp\/v2\/tags?post=1296"}],"curies":[{"name":"wp","href":"https:\/\/api.w.org\/{rel}","templated":true}]}}