{"id":1271,"date":"2021-01-08T11:25:29","date_gmt":"2021-01-08T14:25:29","guid":{"rendered":"http:\/\/blog.ninamartinelli.com.br\/?p=1271"},"modified":"2021-01-08T11:25:46","modified_gmt":"2021-01-08T14:25:46","slug":"era-uma-parede-mas-virou-escultura-com-madeira-cubo","status":"publish","type":"post","link":"https:\/\/ninamartinelli.com.br\/blog2\/era-uma-parede-mas-virou-escultura-com-madeira-cubo\/","title":{"rendered":"Era uma parede, mas virou escultura, com Madeira Cubo."},"content":{"rendered":"<p><em><strong>Tirando partido de uma ilumina\u00e7\u00e3o especial j\u00e1 existente, revestimento deu personalidade e destaque ao espa\u00e7o<\/strong><\/em><\/p>\n<p>Quando recebeu dos clientes do desafio de renovar o home-living de uma bel\u00edssima casa em Presidente Prudente\/SP, a arquiteta e designer de interiores Carolina Viafora foi em busca de elementos que ajudassem a dar personalidade ao espa\u00e7o. Havia alguns desafios, entre eles, o de aproveitar elementos e recursos que j\u00e1 existiam no espa\u00e7o e tamb\u00e9m fazer com que os novos materiais dialogassem com os j\u00e1 existentes, e que os donos, um casal j\u00e1 com filhos adultos, gostavam muito.<\/p>\n<p><img loading=\"lazy\" decoding=\"async\" class=\"alignleft wp-image-1276 size-medium\" src=\"http:\/\/blog.ninamartinelli.com.br\/wp-content\/uploads\/2021\/01\/madeira-cubo-2-300x300.jpg\" alt=\"\" width=\"300\" height=\"300\" srcset=\"https:\/\/ninamartinelli.com.br\/blog2\/wp-content\/uploads\/2021\/01\/madeira-cubo-2-300x300.jpg 300w, https:\/\/ninamartinelli.com.br\/blog2\/wp-content\/uploads\/2021\/01\/madeira-cubo-2-150x150.jpg 150w, https:\/\/ninamartinelli.com.br\/blog2\/wp-content\/uploads\/2021\/01\/madeira-cubo-2-50x50.jpg 50w, https:\/\/ninamartinelli.com.br\/blog2\/wp-content\/uploads\/2021\/01\/madeira-cubo-2.jpg 500w\" sizes=\"auto, (max-width: 300px) 100vw, 300px\" \/>Para criar um ponto focal de destaque, que chamasse a aten\u00e7\u00e3o de quem entrasse pelo hall da resid\u00eancia, Carolina escolheu uma parede estrat\u00e9gica no home, e que antes era pouco explorada.<br \/>\nAl\u00e7\u00e1-la da condi\u00e7\u00e3o de neutralidade para a de protagonista do ambiente foi um desafio alcan\u00e7ado, segundo a profissional, com a escolha do revestimento <strong>Madeira Cubo<\/strong>, da Nina Martinelli.<\/p>\n<p>Integrante da linha Madeira Nina Martinelli consiste em pe\u00e7as fabricadas com um toque r\u00fastico, mas sem perder a sofistica\u00e7\u00e3o e estilo. S\u00e3o disponibilizados em placas e alguns modelos podem ter os tons canela e tabaco al\u00e9m, claro, da tonalidade natural da madeira. Este \u00faltimo, por sinal, foi o escolhido por Carolina. A produ\u00e7\u00e3o \u00e9 inteiramente artesanal.<br \/>\nAplicados em paredes internas, como acabamento ou complemento de projetos de marcenaria exclusivos, ou mesmo fazendo as vezes de cabeceiras de camas, por exemplo, garantem um efeito tridimensional que surpreende o olhar.<\/p>\n<p>Carolina garante que o objetivo foi alcan\u00e7ado com louvor. <em>\u201cFicou realmente surpreendente. Todos gostamos, os clientes, eu, nossa equipe. O revestimento harmoniza perfeitamente com os outros elementos em madeira que j\u00e1 havia no local, bem como com o estilo s\u00f3brio que foi mantido. Tamb\u00e9m conseguimos um efeito bel\u00edssimo por conta da ilumina\u00e7\u00e3o que j\u00e1 estava instalada, e que torna a parede ainda mais destacada\u201d<\/em>, finaliza.<br \/>\nO produto foi adquirido na Fina Decor Acabamentos, tamb\u00e9m de Presidente Prudente, loja especializada em acabamentos de alta qualidade e sofistica\u00e7\u00e3o.<\/p>\n<hr \/>\n<p><img loading=\"lazy\" decoding=\"async\" class=\"size-full wp-image-1278 aligncenter\" src=\"http:\/\/blog.ninamartinelli.com.br\/wp-content\/uploads\/2021\/01\/madeira-cubo-3.jpg\" alt=\"\" width=\"1000\" height=\"500\" srcset=\"https:\/\/ninamartinelli.com.br\/blog2\/wp-content\/uploads\/2021\/01\/madeira-cubo-3.jpg 1000w, https:\/\/ninamartinelli.com.br\/blog2\/wp-content\/uploads\/2021\/01\/madeira-cubo-3-300x150.jpg 300w, https:\/\/ninamartinelli.com.br\/blog2\/wp-content\/uploads\/2021\/01\/madeira-cubo-3-768x384.jpg 768w\" sizes=\"auto, (max-width: 1000px) 100vw, 1000px\" \/><\/p>\n<p><img loading=\"lazy\" decoding=\"async\" class=\"size-full wp-image-1279 aligncenter\" src=\"http:\/\/blog.ninamartinelli.com.br\/wp-content\/uploads\/2021\/01\/madeira-cubo-4.jpg\" alt=\"\" width=\"1000\" height=\"500\" srcset=\"https:\/\/ninamartinelli.com.br\/blog2\/wp-content\/uploads\/2021\/01\/madeira-cubo-4.jpg 1000w, https:\/\/ninamartinelli.com.br\/blog2\/wp-content\/uploads\/2021\/01\/madeira-cubo-4-300x150.jpg 300w, https:\/\/ninamartinelli.com.br\/blog2\/wp-content\/uploads\/2021\/01\/madeira-cubo-4-768x384.jpg 768w\" sizes=\"auto, (max-width: 1000px) 100vw, 1000px\" \/><\/p>\n<p>&nbsp;<\/p>\n<hr \/>\n<h4>Home Living em resid\u00eancia de Presidente Prudente\/SP<br \/>\nMadeira Cubo \u2013 parede de destaque<br \/>\nProjeto: Carolina Viafora \u2013 Arquitetura e Interiores <a href=\"https:\/\/www.instagram.com\/carolinaviaforaarquitetura\/\" target=\"_blank\" rel=\"noopener noreferrer\">@carolinaviaforaarquitetura<\/a><br \/>\nFotos: Carolina Viafora<\/h4>\n<h4>Loja: Fina Decor <a href=\"https:\/\/www.instagram.com\/finadecoracabamentos\/\" target=\"_blank\" rel=\"noopener noreferrer\">@finadecoracabamentos<\/a><\/h4>\n","protected":false},"excerpt":{"rendered":"<p>Tirando partido de uma ilumina\u00e7\u00e3o especial j\u00e1 existente, revestimento deu personalidade e destaque ao espa\u00e7o<\/p>\n","protected":false},"author":1,"featured_media":1275,"comment_status":"open","ping_status":"open","sticky":false,"template":"","format":"standard","meta":{"footnotes":""},"categories":[11,61,26],"tags":[35,46,91],"class_list":["post-1271","post","type-post","status-publish","format-standard","has-post-thumbnail","hentry","category-colezione-madeira","category-madeira-natural","category-revestimentos","tag-madeira","tag-revestimento","tag-sala"],"yoast_head":"<!-- This site is optimized with the Yoast SEO plugin v26.8 - https:\/\/yoast.com\/product\/yoast-seo-wordpress\/ -->\n<title>Era uma parede, mas virou escultura, com Madeira Cubo. - Blog Nina<\/title>\n<meta name=\"robots\" content=\"index, follow, max-snippet:-1, max-image-preview:large, max-video-preview:-1\" \/>\n<link rel=\"canonical\" href=\"https:\/\/ninamartinelli.com.br\/blog2\/era-uma-parede-mas-virou-escultura-com-madeira-cubo\/\" \/>\n<meta property=\"og:locale\" content=\"pt_BR\" \/>\n<meta property=\"og:type\" content=\"article\" \/>\n<meta property=\"og:title\" content=\"Era uma parede, mas virou escultura, com Madeira Cubo. - Blog Nina\" \/>\n<meta property=\"og:description\" content=\"Tirando partido de uma ilumina\u00e7\u00e3o especial j\u00e1 existente, revestimento deu personalidade e destaque ao espa\u00e7o\" \/>\n<meta property=\"og:url\" content=\"https:\/\/ninamartinelli.com.br\/blog2\/era-uma-parede-mas-virou-escultura-com-madeira-cubo\/\" \/>\n<meta property=\"og:site_name\" content=\"Blog Nina\" \/>\n<meta property=\"article:author\" content=\"http:\/\/facebook.com.br\/ninamartinellioficial\" \/>\n<meta property=\"article:published_time\" content=\"2021-01-08T14:25:29+00:00\" \/>\n<meta property=\"article:modified_time\" content=\"2021-01-08T14:25:46+00:00\" \/>\n<meta property=\"og:image\" content=\"https:\/\/ninamartinelli.com.br\/blog2\/wp-content\/uploads\/2021\/01\/madeira-cubo-1.jpg\" \/>\n\t<meta property=\"og:image:width\" content=\"900\" \/>\n\t<meta property=\"og:image:height\" content=\"900\" \/>\n\t<meta property=\"og:image:type\" content=\"image\/jpeg\" \/>\n<meta name=\"author\" content=\"Comunica\u00e7\u00e3o Nina\" \/>\n<meta name=\"twitter:card\" content=\"summary_large_image\" \/>\n<meta name=\"twitter:label1\" content=\"Escrito por\" \/>\n\t<meta name=\"twitter:data1\" content=\"Comunica\u00e7\u00e3o Nina\" \/>\n\t<meta name=\"twitter:label2\" content=\"Est. tempo de leitura\" \/>\n\t<meta name=\"twitter:data2\" content=\"2 minutos\" \/>\n<script type=\"application\/ld+json\" class=\"yoast-schema-graph\">{\"@context\":\"https:\/\/schema.org\",\"@graph\":[{\"@type\":\"Article\",\"@id\":\"https:\/\/ninamartinelli.com.br\/blog2\/era-uma-parede-mas-virou-escultura-com-madeira-cubo\/#article\",\"isPartOf\":{\"@id\":\"https:\/\/ninamartinelli.com.br\/blog2\/era-uma-parede-mas-virou-escultura-com-madeira-cubo\/\"},\"author\":{\"name\":\"Comunica\u00e7\u00e3o Nina\",\"@id\":\"https:\/\/ninamartinelli.com.br\/blog2\/#\/schema\/person\/880a2cdee0a047e9b55254085d24f922\"},\"headline\":\"Era uma parede, mas virou escultura, com Madeira Cubo.\",\"datePublished\":\"2021-01-08T14:25:29+00:00\",\"dateModified\":\"2021-01-08T14:25:46+00:00\",\"mainEntityOfPage\":{\"@id\":\"https:\/\/ninamartinelli.com.br\/blog2\/era-uma-parede-mas-virou-escultura-com-madeira-cubo\/\"},\"wordCount\":389,\"commentCount\":0,\"publisher\":{\"@id\":\"https:\/\/ninamartinelli.com.br\/blog2\/#organization\"},\"image\":{\"@id\":\"https:\/\/ninamartinelli.com.br\/blog2\/era-uma-parede-mas-virou-escultura-com-madeira-cubo\/#primaryimage\"},\"thumbnailUrl\":\"https:\/\/ninamartinelli.com.br\/blog2\/wp-content\/uploads\/2021\/01\/madeira-cubo-1.jpg\",\"keywords\":[\"madeira\",\"revestimento\",\"sala\"],\"articleSection\":[\"Colezione Madeira\",\"Madeira natural\",\"Revestimentos\"],\"inLanguage\":\"pt-BR\",\"potentialAction\":[{\"@type\":\"CommentAction\",\"name\":\"Comment\",\"target\":[\"https:\/\/ninamartinelli.com.br\/blog2\/era-uma-parede-mas-virou-escultura-com-madeira-cubo\/#respond\"]}]},{\"@type\":\"WebPage\",\"@id\":\"https:\/\/ninamartinelli.com.br\/blog2\/era-uma-parede-mas-virou-escultura-com-madeira-cubo\/\",\"url\":\"https:\/\/ninamartinelli.com.br\/blog2\/era-uma-parede-mas-virou-escultura-com-madeira-cubo\/\",\"name\":\"Era uma parede, mas virou escultura, com Madeira Cubo. - Blog Nina\",\"isPartOf\":{\"@id\":\"https:\/\/ninamartinelli.com.br\/blog2\/#website\"},\"primaryImageOfPage\":{\"@id\":\"https:\/\/ninamartinelli.com.br\/blog2\/era-uma-parede-mas-virou-escultura-com-madeira-cubo\/#primaryimage\"},\"image\":{\"@id\":\"https:\/\/ninamartinelli.com.br\/blog2\/era-uma-parede-mas-virou-escultura-com-madeira-cubo\/#primaryimage\"},\"thumbnailUrl\":\"https:\/\/ninamartinelli.com.br\/blog2\/wp-content\/uploads\/2021\/01\/madeira-cubo-1.jpg\",\"datePublished\":\"2021-01-08T14:25:29+00:00\",\"dateModified\":\"2021-01-08T14:25:46+00:00\",\"breadcrumb\":{\"@id\":\"https:\/\/ninamartinelli.com.br\/blog2\/era-uma-parede-mas-virou-escultura-com-madeira-cubo\/#breadcrumb\"},\"inLanguage\":\"pt-BR\",\"potentialAction\":[{\"@type\":\"ReadAction\",\"target\":[\"https:\/\/ninamartinelli.com.br\/blog2\/era-uma-parede-mas-virou-escultura-com-madeira-cubo\/\"]}]},{\"@type\":\"ImageObject\",\"inLanguage\":\"pt-BR\",\"@id\":\"https:\/\/ninamartinelli.com.br\/blog2\/era-uma-parede-mas-virou-escultura-com-madeira-cubo\/#primaryimage\",\"url\":\"https:\/\/ninamartinelli.com.br\/blog2\/wp-content\/uploads\/2021\/01\/madeira-cubo-1.jpg\",\"contentUrl\":\"https:\/\/ninamartinelli.com.br\/blog2\/wp-content\/uploads\/2021\/01\/madeira-cubo-1.jpg\",\"width\":900,\"height\":900},{\"@type\":\"BreadcrumbList\",\"@id\":\"https:\/\/ninamartinelli.com.br\/blog2\/era-uma-parede-mas-virou-escultura-com-madeira-cubo\/#breadcrumb\",\"itemListElement\":[{\"@type\":\"ListItem\",\"position\":1,\"name\":\"In\u00edcio\",\"item\":\"https:\/\/ninamartinelli.com.br\/blog2\/\"},{\"@type\":\"ListItem\",\"position\":2,\"name\":\"Era uma parede, mas virou escultura, com Madeira Cubo.\"}]},{\"@type\":\"WebSite\",\"@id\":\"https:\/\/ninamartinelli.com.br\/blog2\/#website\",\"url\":\"https:\/\/ninamartinelli.com.br\/blog2\/\",\"name\":\"Nina Martinelli\",\"description\":\"#Nina_Martinelli\",\"publisher\":{\"@id\":\"https:\/\/ninamartinelli.com.br\/blog2\/#organization\"},\"potentialAction\":[{\"@type\":\"SearchAction\",\"target\":{\"@type\":\"EntryPoint\",\"urlTemplate\":\"https:\/\/ninamartinelli.com.br\/blog2\/?s={search_term_string}\"},\"query-input\":{\"@type\":\"PropertyValueSpecification\",\"valueRequired\":true,\"valueName\":\"search_term_string\"}}],\"inLanguage\":\"pt-BR\"},{\"@type\":\"Organization\",\"@id\":\"https:\/\/ninamartinelli.com.br\/blog2\/#organization\",\"name\":\"Blog Novidades\",\"url\":\"https:\/\/ninamartinelli.com.br\/blog2\/\",\"logo\":{\"@type\":\"ImageObject\",\"inLanguage\":\"pt-BR\",\"@id\":\"https:\/\/ninamartinelli.com.br\/blog2\/#\/schema\/logo\/image\/\",\"url\":\"http:\/\/blog.ninamartinelli.com.br\/wp-content\/uploads\/2022\/03\/logo_nina_blog.png\",\"contentUrl\":\"http:\/\/blog.ninamartinelli.com.br\/wp-content\/uploads\/2022\/03\/logo_nina_blog.png\",\"width\":500,\"height\":104,\"caption\":\"Blog Novidades\"},\"image\":{\"@id\":\"https:\/\/ninamartinelli.com.br\/blog2\/#\/schema\/logo\/image\/\"}},{\"@type\":\"Person\",\"@id\":\"https:\/\/ninamartinelli.com.br\/blog2\/#\/schema\/person\/880a2cdee0a047e9b55254085d24f922\",\"name\":\"Comunica\u00e7\u00e3o Nina\",\"image\":{\"@type\":\"ImageObject\",\"inLanguage\":\"pt-BR\",\"@id\":\"https:\/\/ninamartinelli.com.br\/blog2\/#\/schema\/person\/image\/\",\"url\":\"https:\/\/secure.gravatar.com\/avatar\/0d3d763fb83768dd001497d074d4c4f6?s=96&d=mm&r=g\",\"contentUrl\":\"https:\/\/secure.gravatar.com\/avatar\/0d3d763fb83768dd001497d074d4c4f6?s=96&d=mm&r=g\",\"caption\":\"Comunica\u00e7\u00e3o Nina\"},\"sameAs\":[\"http:\/\/ninamartinelli.com.br\",\"http:\/\/facebook.com.br\/ninamartinellioficial\",\"http:\/\/instagram.com\/ninamartinellioficial\"],\"url\":\"https:\/\/ninamartinelli.com.br\/blog2\/author\/nina\/\"}]}<\/script>\n<!-- \/ Yoast SEO plugin. -->","yoast_head_json":{"title":"Era uma parede, mas virou escultura, com Madeira Cubo. - Blog Nina","robots":{"index":"index","follow":"follow","max-snippet":"max-snippet:-1","max-image-preview":"max-image-preview:large","max-video-preview":"max-video-preview:-1"},"canonical":"https:\/\/ninamartinelli.com.br\/blog2\/era-uma-parede-mas-virou-escultura-com-madeira-cubo\/","og_locale":"pt_BR","og_type":"article","og_title":"Era uma parede, mas virou escultura, com Madeira Cubo. - Blog Nina","og_description":"Tirando partido de uma ilumina\u00e7\u00e3o especial j\u00e1 existente, revestimento deu personalidade e destaque ao espa\u00e7o","og_url":"https:\/\/ninamartinelli.com.br\/blog2\/era-uma-parede-mas-virou-escultura-com-madeira-cubo\/","og_site_name":"Blog Nina","article_author":"http:\/\/facebook.com.br\/ninamartinellioficial","article_published_time":"2021-01-08T14:25:29+00:00","article_modified_time":"2021-01-08T14:25:46+00:00","og_image":[{"width":900,"height":900,"url":"https:\/\/ninamartinelli.com.br\/blog2\/wp-content\/uploads\/2021\/01\/madeira-cubo-1.jpg","type":"image\/jpeg"}],"author":"Comunica\u00e7\u00e3o Nina","twitter_card":"summary_large_image","twitter_misc":{"Escrito por":"Comunica\u00e7\u00e3o Nina","Est. tempo de leitura":"2 minutos"},"schema":{"@context":"https:\/\/schema.org","@graph":[{"@type":"Article","@id":"https:\/\/ninamartinelli.com.br\/blog2\/era-uma-parede-mas-virou-escultura-com-madeira-cubo\/#article","isPartOf":{"@id":"https:\/\/ninamartinelli.com.br\/blog2\/era-uma-parede-mas-virou-escultura-com-madeira-cubo\/"},"author":{"name":"Comunica\u00e7\u00e3o Nina","@id":"https:\/\/ninamartinelli.com.br\/blog2\/#\/schema\/person\/880a2cdee0a047e9b55254085d24f922"},"headline":"Era uma parede, mas virou escultura, com Madeira Cubo.","datePublished":"2021-01-08T14:25:29+00:00","dateModified":"2021-01-08T14:25:46+00:00","mainEntityOfPage":{"@id":"https:\/\/ninamartinelli.com.br\/blog2\/era-uma-parede-mas-virou-escultura-com-madeira-cubo\/"},"wordCount":389,"commentCount":0,"publisher":{"@id":"https:\/\/ninamartinelli.com.br\/blog2\/#organization"},"image":{"@id":"https:\/\/ninamartinelli.com.br\/blog2\/era-uma-parede-mas-virou-escultura-com-madeira-cubo\/#primaryimage"},"thumbnailUrl":"https:\/\/ninamartinelli.com.br\/blog2\/wp-content\/uploads\/2021\/01\/madeira-cubo-1.jpg","keywords":["madeira","revestimento","sala"],"articleSection":["Colezione Madeira","Madeira natural","Revestimentos"],"inLanguage":"pt-BR","potentialAction":[{"@type":"CommentAction","name":"Comment","target":["https:\/\/ninamartinelli.com.br\/blog2\/era-uma-parede-mas-virou-escultura-com-madeira-cubo\/#respond"]}]},{"@type":"WebPage","@id":"https:\/\/ninamartinelli.com.br\/blog2\/era-uma-parede-mas-virou-escultura-com-madeira-cubo\/","url":"https:\/\/ninamartinelli.com.br\/blog2\/era-uma-parede-mas-virou-escultura-com-madeira-cubo\/","name":"Era uma parede, mas virou escultura, com Madeira Cubo. - Blog Nina","isPartOf":{"@id":"https:\/\/ninamartinelli.com.br\/blog2\/#website"},"primaryImageOfPage":{"@id":"https:\/\/ninamartinelli.com.br\/blog2\/era-uma-parede-mas-virou-escultura-com-madeira-cubo\/#primaryimage"},"image":{"@id":"https:\/\/ninamartinelli.com.br\/blog2\/era-uma-parede-mas-virou-escultura-com-madeira-cubo\/#primaryimage"},"thumbnailUrl":"https:\/\/ninamartinelli.com.br\/blog2\/wp-content\/uploads\/2021\/01\/madeira-cubo-1.jpg","datePublished":"2021-01-08T14:25:29+00:00","dateModified":"2021-01-08T14:25:46+00:00","breadcrumb":{"@id":"https:\/\/ninamartinelli.com.br\/blog2\/era-uma-parede-mas-virou-escultura-com-madeira-cubo\/#breadcrumb"},"inLanguage":"pt-BR","potentialAction":[{"@type":"ReadAction","target":["https:\/\/ninamartinelli.com.br\/blog2\/era-uma-parede-mas-virou-escultura-com-madeira-cubo\/"]}]},{"@type":"ImageObject","inLanguage":"pt-BR","@id":"https:\/\/ninamartinelli.com.br\/blog2\/era-uma-parede-mas-virou-escultura-com-madeira-cubo\/#primaryimage","url":"https:\/\/ninamartinelli.com.br\/blog2\/wp-content\/uploads\/2021\/01\/madeira-cubo-1.jpg","contentUrl":"https:\/\/ninamartinelli.com.br\/blog2\/wp-content\/uploads\/2021\/01\/madeira-cubo-1.jpg","width":900,"height":900},{"@type":"BreadcrumbList","@id":"https:\/\/ninamartinelli.com.br\/blog2\/era-uma-parede-mas-virou-escultura-com-madeira-cubo\/#breadcrumb","itemListElement":[{"@type":"ListItem","position":1,"name":"In\u00edcio","item":"https:\/\/ninamartinelli.com.br\/blog2\/"},{"@type":"ListItem","position":2,"name":"Era uma parede, mas virou escultura, com Madeira Cubo."}]},{"@type":"WebSite","@id":"https:\/\/ninamartinelli.com.br\/blog2\/#website","url":"https:\/\/ninamartinelli.com.br\/blog2\/","name":"Nina Martinelli","description":"#Nina_Martinelli","publisher":{"@id":"https:\/\/ninamartinelli.com.br\/blog2\/#organization"},"potentialAction":[{"@type":"SearchAction","target":{"@type":"EntryPoint","urlTemplate":"https:\/\/ninamartinelli.com.br\/blog2\/?s={search_term_string}"},"query-input":{"@type":"PropertyValueSpecification","valueRequired":true,"valueName":"search_term_string"}}],"inLanguage":"pt-BR"},{"@type":"Organization","@id":"https:\/\/ninamartinelli.com.br\/blog2\/#organization","name":"Blog Novidades","url":"https:\/\/ninamartinelli.com.br\/blog2\/","logo":{"@type":"ImageObject","inLanguage":"pt-BR","@id":"https:\/\/ninamartinelli.com.br\/blog2\/#\/schema\/logo\/image\/","url":"http:\/\/blog.ninamartinelli.com.br\/wp-content\/uploads\/2022\/03\/logo_nina_blog.png","contentUrl":"http:\/\/blog.ninamartinelli.com.br\/wp-content\/uploads\/2022\/03\/logo_nina_blog.png","width":500,"height":104,"caption":"Blog Novidades"},"image":{"@id":"https:\/\/ninamartinelli.com.br\/blog2\/#\/schema\/logo\/image\/"}},{"@type":"Person","@id":"https:\/\/ninamartinelli.com.br\/blog2\/#\/schema\/person\/880a2cdee0a047e9b55254085d24f922","name":"Comunica\u00e7\u00e3o Nina","image":{"@type":"ImageObject","inLanguage":"pt-BR","@id":"https:\/\/ninamartinelli.com.br\/blog2\/#\/schema\/person\/image\/","url":"https:\/\/secure.gravatar.com\/avatar\/0d3d763fb83768dd001497d074d4c4f6?s=96&d=mm&r=g","contentUrl":"https:\/\/secure.gravatar.com\/avatar\/0d3d763fb83768dd001497d074d4c4f6?s=96&d=mm&r=g","caption":"Comunica\u00e7\u00e3o Nina"},"sameAs":["http:\/\/ninamartinelli.com.br","http:\/\/facebook.com.br\/ninamartinellioficial","http:\/\/instagram.com\/ninamartinellioficial"],"url":"https:\/\/ninamartinelli.com.br\/blog2\/author\/nina\/"}]}},"_links":{"self":[{"href":"https:\/\/ninamartinelli.com.br\/blog2\/wp-json\/wp\/v2\/posts\/1271","targetHints":{"allow":["GET"]}}],"collection":[{"href":"https:\/\/ninamartinelli.com.br\/blog2\/wp-json\/wp\/v2\/posts"}],"about":[{"href":"https:\/\/ninamartinelli.com.br\/blog2\/wp-json\/wp\/v2\/types\/post"}],"author":[{"embeddable":true,"href":"https:\/\/ninamartinelli.com.br\/blog2\/wp-json\/wp\/v2\/users\/1"}],"replies":[{"embeddable":true,"href":"https:\/\/ninamartinelli.com.br\/blog2\/wp-json\/wp\/v2\/comments?post=1271"}],"version-history":[{"count":5,"href":"https:\/\/ninamartinelli.com.br\/blog2\/wp-json\/wp\/v2\/posts\/1271\/revisions"}],"predecessor-version":[{"id":1280,"href":"https:\/\/ninamartinelli.com.br\/blog2\/wp-json\/wp\/v2\/posts\/1271\/revisions\/1280"}],"wp:featuredmedia":[{"embeddable":true,"href":"https:\/\/ninamartinelli.com.br\/blog2\/wp-json\/wp\/v2\/media\/1275"}],"wp:attachment":[{"href":"https:\/\/ninamartinelli.com.br\/blog2\/wp-json\/wp\/v2\/media?parent=1271"}],"wp:term":[{"taxonomy":"category","embeddable":true,"href":"https:\/\/ninamartinelli.com.br\/blog2\/wp-json\/wp\/v2\/categories?post=1271"},{"taxonomy":"post_tag","embeddable":true,"href":"https:\/\/ninamartinelli.com.br\/blog2\/wp-json\/wp\/v2\/tags?post=1271"}],"curies":[{"name":"wp","href":"https:\/\/api.w.org\/{rel}","templated":true}]}}