{"id":1260,"date":"2020-12-14T11:21:53","date_gmt":"2020-12-14T14:21:53","guid":{"rendered":"http:\/\/blog.ninamartinelli.com.br\/?p=1260"},"modified":"2020-12-14T11:21:53","modified_gmt":"2020-12-14T14:21:53","slug":"refeitorio-corporativo-esbanja-aconchego-e-praticidade-com-brick-vecchio-nero","status":"publish","type":"post","link":"https:\/\/ninamartinelli.com.br\/blog2\/refeitorio-corporativo-esbanja-aconchego-e-praticidade-com-brick-vecchio-nero\/","title":{"rendered":"Refeit\u00f3rio corporativo esbanja aconchego e praticidade, com Brick Vecchio Nero"},"content":{"rendered":"<p><em><strong>Tijolinhos revestem paredes de destaque do ambiente, com capacidade para 104 colaboradores simultaneamente, e favorece relaxamento e conforto.<\/strong><\/em><\/p>\n<p>Um dos maiores players no segmento de m\u00e1quinas, ferramentas e gases industriais, medicinais e de refrigera\u00e7\u00e3o do Mato Grosso, apresentou uma preocupa\u00e7\u00e3o extremamente bem vinda, ao idealizar sua nova sede corporativa e centro de distribui\u00e7\u00e3o, em V\u00e1rzea Grande, na regi\u00e3o metropolitana de Cuiab\u00e1.<\/p>\n<p>A empresa desejava proporcionar aos funcion\u00e1rios um ambiente acolhedor e aconchegante, e o refeit\u00f3rio foi o espa\u00e7o escolhido para essa finalidade.<br \/>\nCom o projeto do galp\u00e3o e da \u00e1rea administrativa j\u00e1 prontos para serem executados num terreno de 42 mil m2, a empresa entregou a miss\u00e3o de transformar o refeit\u00f3rio num local confort\u00e1vel e acolhedor \u00e0 arquiteta e designer <strong>Fernanda Milhim,<\/strong> da capital mato-grossense.<\/p>\n<p><em>\u201cEntrei para colaborar com a empresa, fiz alguns ajustes nos projetos que j\u00e1 estavam prontos e passei a me dedicar a essa tarefa de fazer do refeit\u00f3rio esse lugar t\u00e3o especial\u201d,<\/em> conta ela.<br \/>\nFernanda idealizou o projeto com base num conceito que alia bem estar, seguran\u00e7a, praticidade e durabilidade.<\/p>\n<h3>Espa\u00e7o para renovar energias<\/h3>\n<p><img loading=\"lazy\" decoding=\"async\" class=\"alignleft wp-image-1086\" src=\"http:\/\/blog.ninamartinelli.com.br\/wp-content\/uploads\/2020\/07\/vecchio-nero4.jpg\" alt=\"\" width=\"350\" height=\"350\" srcset=\"https:\/\/ninamartinelli.com.br\/blog2\/wp-content\/uploads\/2020\/07\/vecchio-nero4.jpg 500w, https:\/\/ninamartinelli.com.br\/blog2\/wp-content\/uploads\/2020\/07\/vecchio-nero4-300x300.jpg 300w, https:\/\/ninamartinelli.com.br\/blog2\/wp-content\/uploads\/2020\/07\/vecchio-nero4-150x150.jpg 150w, https:\/\/ninamartinelli.com.br\/blog2\/wp-content\/uploads\/2020\/07\/vecchio-nero4-50x50.jpg 50w\" sizes=\"auto, (max-width: 350px) 100vw, 350px\" \/>Com capacidade para atender 104 pessoas simultaneamente, o projeto de interiores do refeit\u00f3rio tira partido de muitas e v\u00e1rias janelas envidra\u00e7adas, o que permite muita luminosidade natural.<br \/>\nAl\u00e9m disso, Fernanda optou por revestir colunas de concreto com imbuia, contrastando com algumas paredes brancas de f\u00e1cil limpeza, e compondo com paredes de destaque revestidas em com o <strong>Brick Vecchio Nero,<\/strong> da Nina Martinelli Pisos e Revestimentos.<\/p>\n<p>Os famosos e consagrados \u2018tijolinhos\u2019 da Nina Martinelli, nessa vers\u00e3o, medem 7&#215;23,5 cm e integram uma ampla cole\u00e7\u00e3o com mais de 60 modelos diferentes. O <strong>Brick Vecchio Nero<\/strong> tem pe\u00e7as feitas uma a uma, com modo de produ\u00e7\u00e3o sustent\u00e1vel, contendo materiais reciclados em sua composi\u00e7\u00e3o, o que confere ao produto um toque diferenciado e \u00fanico. O revestimento que vira ponto focal no espa\u00e7o, dialoga perfeitamente com os m\u00f3veis e demais materiais, inclusive a madeira e as muitas plantas, inseridas caprichosamente em nichos que formam ilhas, para dar ainda mais harmonia ao ambiente.<\/p>\n<p>Para Fernanda, os objetivos tra\u00e7ados pelos clientes e propostos em seu projeto de interiores para o refeit\u00f3rio foram plenamente alcan\u00e7ados. <em>\u201cFicou lindo, aconchegante, acolhedor, agrad\u00e1vel e pr\u00e1tico\u201d<\/em>, enumera ela. \u201c<em>Al\u00e9m disso, o conjunto foi feito para durar, dar pouca manuten\u00e7\u00e3o e ser utilizado em sua plenitude, com muita seguran\u00e7a\u201d<\/em>, acrescenta. Fernanda diz que o Brick Vecchio Nero foi como a \u201ccereja do bolo\u201d nessa composi\u00e7\u00e3o. \u201c<em>Casou muito bem com nossa proposta, ficamos muito satisfeitos e tanto os que trabalham na empresa quanto os visitantes sempre se surpreendem positivamente com o ambiente do refeit\u00f3rio\u201d<\/em>, conclui.<\/p>\n<hr \/>\n<p><img loading=\"lazy\" decoding=\"async\" class=\"size-full wp-image-1267 aligncenter\" src=\"http:\/\/blog.ninamartinelli.com.br\/wp-content\/uploads\/2020\/12\/brick-vecchio-nero2.jpg\" alt=\"\" width=\"1000\" height=\"500\" srcset=\"https:\/\/ninamartinelli.com.br\/blog2\/wp-content\/uploads\/2020\/12\/brick-vecchio-nero2.jpg 1000w, https:\/\/ninamartinelli.com.br\/blog2\/wp-content\/uploads\/2020\/12\/brick-vecchio-nero2-300x150.jpg 300w, https:\/\/ninamartinelli.com.br\/blog2\/wp-content\/uploads\/2020\/12\/brick-vecchio-nero2-768x384.jpg 768w\" sizes=\"auto, (max-width: 1000px) 100vw, 1000px\" \/><\/p>\n<p><img loading=\"lazy\" decoding=\"async\" class=\"size-full wp-image-1268 aligncenter\" src=\"http:\/\/blog.ninamartinelli.com.br\/wp-content\/uploads\/2020\/12\/brick-vecchio-nero3.jpg\" alt=\"\" width=\"1000\" height=\"500\" srcset=\"https:\/\/ninamartinelli.com.br\/blog2\/wp-content\/uploads\/2020\/12\/brick-vecchio-nero3.jpg 1000w, https:\/\/ninamartinelli.com.br\/blog2\/wp-content\/uploads\/2020\/12\/brick-vecchio-nero3-300x150.jpg 300w, https:\/\/ninamartinelli.com.br\/blog2\/wp-content\/uploads\/2020\/12\/brick-vecchio-nero3-768x384.jpg 768w\" sizes=\"auto, (max-width: 1000px) 100vw, 1000px\" \/><\/p>\n<hr \/>\n<h4>Refeit\u00f3rio Corporativo em V\u00e1rzea Grande &#8211; MT<br \/>\nBrick Vecchio Nero, aplicado em paredes de destaque<br \/>\nProjeto de Interiores, fachada, interven\u00e7\u00f5es, paisagismo e acabamentos \u2013 Fernanda Milhim Arquitetura &#8211; <a href=\"https:\/\/www.instagram.com\/fernandamilhimarquitetura\/\" target=\"_blank\" rel=\"noopener noreferrer\">@fernandamilhimarquitetura<\/a><br \/>\nProjeto Estrutural do Centro de Distribui\u00e7\u00e3o e pr\u00e9dio administrativo \u2013 Eng. Civil \u2013 Helynton Moreschi<br \/>\nProjeto Arquitet\u00f4nico \u2013 Neuza Moreschi<br \/>\nAcompanhamento e execu\u00e7\u00e3o \u2013 Eng. Civis Andr\u00e9 Wender e Rodolfo Oliveira<br \/>\nFotos: Fernanda Milhim<\/h4>\n","protected":false},"excerpt":{"rendered":"<p>Tijolinhos revestem paredes de destaque do ambiente, com capacidade para 104 colaboradores simultaneamente, e favorece<\/p>\n","protected":false},"author":1,"featured_media":1265,"comment_status":"open","ping_status":"open","sticky":false,"template":"","format":"standard","meta":{"footnotes":""},"categories":[59,16,26],"tags":[36,89,90],"class_list":["post-1260","post","type-post","status-publish","format-standard","has-post-thumbnail","hentry","category-ceramica","category-colezione-brick","category-revestimentos","tag-brick","tag-refeitorio","tag-vecchio-nero"],"yoast_head":"<!-- This site is optimized with the Yoast SEO plugin v26.8 - https:\/\/yoast.com\/product\/yoast-seo-wordpress\/ -->\n<title>Refeit\u00f3rio corporativo esbanja aconchego e praticidade, com Brick Vecchio Nero - Blog Nina<\/title>\n<meta name=\"robots\" content=\"index, follow, max-snippet:-1, max-image-preview:large, max-video-preview:-1\" \/>\n<link rel=\"canonical\" href=\"https:\/\/ninamartinelli.com.br\/blog2\/refeitorio-corporativo-esbanja-aconchego-e-praticidade-com-brick-vecchio-nero\/\" \/>\n<meta property=\"og:locale\" content=\"pt_BR\" \/>\n<meta property=\"og:type\" content=\"article\" \/>\n<meta property=\"og:title\" content=\"Refeit\u00f3rio corporativo esbanja aconchego e praticidade, com Brick Vecchio Nero - Blog Nina\" \/>\n<meta property=\"og:description\" content=\"Tijolinhos revestem paredes de destaque do ambiente, com capacidade para 104 colaboradores simultaneamente, e favorece\" \/>\n<meta property=\"og:url\" content=\"https:\/\/ninamartinelli.com.br\/blog2\/refeitorio-corporativo-esbanja-aconchego-e-praticidade-com-brick-vecchio-nero\/\" \/>\n<meta property=\"og:site_name\" content=\"Blog Nina\" \/>\n<meta property=\"article:author\" content=\"http:\/\/facebook.com.br\/ninamartinellioficial\" \/>\n<meta property=\"article:published_time\" content=\"2020-12-14T14:21:53+00:00\" \/>\n<meta property=\"og:image\" content=\"https:\/\/ninamartinelli.com.br\/blog2\/wp-content\/uploads\/2020\/12\/brick-vecchio-nero1.jpg\" \/>\n\t<meta property=\"og:image:width\" content=\"900\" \/>\n\t<meta property=\"og:image:height\" content=\"900\" \/>\n\t<meta property=\"og:image:type\" content=\"image\/jpeg\" \/>\n<meta name=\"author\" content=\"Comunica\u00e7\u00e3o Nina\" \/>\n<meta name=\"twitter:card\" content=\"summary_large_image\" \/>\n<meta name=\"twitter:label1\" content=\"Escrito por\" \/>\n\t<meta name=\"twitter:data1\" content=\"Comunica\u00e7\u00e3o Nina\" \/>\n\t<meta name=\"twitter:label2\" content=\"Est. tempo de leitura\" \/>\n\t<meta name=\"twitter:data2\" content=\"3 minutos\" \/>\n<script type=\"application\/ld+json\" class=\"yoast-schema-graph\">{\"@context\":\"https:\/\/schema.org\",\"@graph\":[{\"@type\":\"Article\",\"@id\":\"https:\/\/ninamartinelli.com.br\/blog2\/refeitorio-corporativo-esbanja-aconchego-e-praticidade-com-brick-vecchio-nero\/#article\",\"isPartOf\":{\"@id\":\"https:\/\/ninamartinelli.com.br\/blog2\/refeitorio-corporativo-esbanja-aconchego-e-praticidade-com-brick-vecchio-nero\/\"},\"author\":{\"name\":\"Comunica\u00e7\u00e3o Nina\",\"@id\":\"https:\/\/ninamartinelli.com.br\/blog2\/#\/schema\/person\/880a2cdee0a047e9b55254085d24f922\"},\"headline\":\"Refeit\u00f3rio corporativo esbanja aconchego e praticidade, com Brick Vecchio Nero\",\"datePublished\":\"2020-12-14T14:21:53+00:00\",\"mainEntityOfPage\":{\"@id\":\"https:\/\/ninamartinelli.com.br\/blog2\/refeitorio-corporativo-esbanja-aconchego-e-praticidade-com-brick-vecchio-nero\/\"},\"wordCount\":540,\"commentCount\":0,\"publisher\":{\"@id\":\"https:\/\/ninamartinelli.com.br\/blog2\/#organization\"},\"image\":{\"@id\":\"https:\/\/ninamartinelli.com.br\/blog2\/refeitorio-corporativo-esbanja-aconchego-e-praticidade-com-brick-vecchio-nero\/#primaryimage\"},\"thumbnailUrl\":\"https:\/\/ninamartinelli.com.br\/blog2\/wp-content\/uploads\/2020\/12\/brick-vecchio-nero1.jpg\",\"keywords\":[\"brick\",\"refeitorio\",\"vecchio nero\"],\"articleSection\":[\"Cer\u00e2mica\",\"Colezione Brick\",\"Revestimentos\"],\"inLanguage\":\"pt-BR\",\"potentialAction\":[{\"@type\":\"CommentAction\",\"name\":\"Comment\",\"target\":[\"https:\/\/ninamartinelli.com.br\/blog2\/refeitorio-corporativo-esbanja-aconchego-e-praticidade-com-brick-vecchio-nero\/#respond\"]}]},{\"@type\":\"WebPage\",\"@id\":\"https:\/\/ninamartinelli.com.br\/blog2\/refeitorio-corporativo-esbanja-aconchego-e-praticidade-com-brick-vecchio-nero\/\",\"url\":\"https:\/\/ninamartinelli.com.br\/blog2\/refeitorio-corporativo-esbanja-aconchego-e-praticidade-com-brick-vecchio-nero\/\",\"name\":\"Refeit\u00f3rio corporativo esbanja aconchego e praticidade, com Brick Vecchio Nero - Blog Nina\",\"isPartOf\":{\"@id\":\"https:\/\/ninamartinelli.com.br\/blog2\/#website\"},\"primaryImageOfPage\":{\"@id\":\"https:\/\/ninamartinelli.com.br\/blog2\/refeitorio-corporativo-esbanja-aconchego-e-praticidade-com-brick-vecchio-nero\/#primaryimage\"},\"image\":{\"@id\":\"https:\/\/ninamartinelli.com.br\/blog2\/refeitorio-corporativo-esbanja-aconchego-e-praticidade-com-brick-vecchio-nero\/#primaryimage\"},\"thumbnailUrl\":\"https:\/\/ninamartinelli.com.br\/blog2\/wp-content\/uploads\/2020\/12\/brick-vecchio-nero1.jpg\",\"datePublished\":\"2020-12-14T14:21:53+00:00\",\"breadcrumb\":{\"@id\":\"https:\/\/ninamartinelli.com.br\/blog2\/refeitorio-corporativo-esbanja-aconchego-e-praticidade-com-brick-vecchio-nero\/#breadcrumb\"},\"inLanguage\":\"pt-BR\",\"potentialAction\":[{\"@type\":\"ReadAction\",\"target\":[\"https:\/\/ninamartinelli.com.br\/blog2\/refeitorio-corporativo-esbanja-aconchego-e-praticidade-com-brick-vecchio-nero\/\"]}]},{\"@type\":\"ImageObject\",\"inLanguage\":\"pt-BR\",\"@id\":\"https:\/\/ninamartinelli.com.br\/blog2\/refeitorio-corporativo-esbanja-aconchego-e-praticidade-com-brick-vecchio-nero\/#primaryimage\",\"url\":\"https:\/\/ninamartinelli.com.br\/blog2\/wp-content\/uploads\/2020\/12\/brick-vecchio-nero1.jpg\",\"contentUrl\":\"https:\/\/ninamartinelli.com.br\/blog2\/wp-content\/uploads\/2020\/12\/brick-vecchio-nero1.jpg\",\"width\":900,\"height\":900},{\"@type\":\"BreadcrumbList\",\"@id\":\"https:\/\/ninamartinelli.com.br\/blog2\/refeitorio-corporativo-esbanja-aconchego-e-praticidade-com-brick-vecchio-nero\/#breadcrumb\",\"itemListElement\":[{\"@type\":\"ListItem\",\"position\":1,\"name\":\"In\u00edcio\",\"item\":\"https:\/\/ninamartinelli.com.br\/blog2\/\"},{\"@type\":\"ListItem\",\"position\":2,\"name\":\"Refeit\u00f3rio corporativo esbanja aconchego e praticidade, com Brick Vecchio Nero\"}]},{\"@type\":\"WebSite\",\"@id\":\"https:\/\/ninamartinelli.com.br\/blog2\/#website\",\"url\":\"https:\/\/ninamartinelli.com.br\/blog2\/\",\"name\":\"Nina Martinelli\",\"description\":\"#Nina_Martinelli\",\"publisher\":{\"@id\":\"https:\/\/ninamartinelli.com.br\/blog2\/#organization\"},\"potentialAction\":[{\"@type\":\"SearchAction\",\"target\":{\"@type\":\"EntryPoint\",\"urlTemplate\":\"https:\/\/ninamartinelli.com.br\/blog2\/?s={search_term_string}\"},\"query-input\":{\"@type\":\"PropertyValueSpecification\",\"valueRequired\":true,\"valueName\":\"search_term_string\"}}],\"inLanguage\":\"pt-BR\"},{\"@type\":\"Organization\",\"@id\":\"https:\/\/ninamartinelli.com.br\/blog2\/#organization\",\"name\":\"Blog Novidades\",\"url\":\"https:\/\/ninamartinelli.com.br\/blog2\/\",\"logo\":{\"@type\":\"ImageObject\",\"inLanguage\":\"pt-BR\",\"@id\":\"https:\/\/ninamartinelli.com.br\/blog2\/#\/schema\/logo\/image\/\",\"url\":\"http:\/\/blog.ninamartinelli.com.br\/wp-content\/uploads\/2022\/03\/logo_nina_blog.png\",\"contentUrl\":\"http:\/\/blog.ninamartinelli.com.br\/wp-content\/uploads\/2022\/03\/logo_nina_blog.png\",\"width\":500,\"height\":104,\"caption\":\"Blog Novidades\"},\"image\":{\"@id\":\"https:\/\/ninamartinelli.com.br\/blog2\/#\/schema\/logo\/image\/\"}},{\"@type\":\"Person\",\"@id\":\"https:\/\/ninamartinelli.com.br\/blog2\/#\/schema\/person\/880a2cdee0a047e9b55254085d24f922\",\"name\":\"Comunica\u00e7\u00e3o Nina\",\"image\":{\"@type\":\"ImageObject\",\"inLanguage\":\"pt-BR\",\"@id\":\"https:\/\/ninamartinelli.com.br\/blog2\/#\/schema\/person\/image\/\",\"url\":\"https:\/\/secure.gravatar.com\/avatar\/0d3d763fb83768dd001497d074d4c4f6?s=96&d=mm&r=g\",\"contentUrl\":\"https:\/\/secure.gravatar.com\/avatar\/0d3d763fb83768dd001497d074d4c4f6?s=96&d=mm&r=g\",\"caption\":\"Comunica\u00e7\u00e3o Nina\"},\"sameAs\":[\"http:\/\/ninamartinelli.com.br\",\"http:\/\/facebook.com.br\/ninamartinellioficial\",\"http:\/\/instagram.com\/ninamartinellioficial\"],\"url\":\"https:\/\/ninamartinelli.com.br\/blog2\/author\/nina\/\"}]}<\/script>\n<!-- \/ Yoast SEO plugin. -->","yoast_head_json":{"title":"Refeit\u00f3rio corporativo esbanja aconchego e praticidade, com Brick Vecchio Nero - Blog Nina","robots":{"index":"index","follow":"follow","max-snippet":"max-snippet:-1","max-image-preview":"max-image-preview:large","max-video-preview":"max-video-preview:-1"},"canonical":"https:\/\/ninamartinelli.com.br\/blog2\/refeitorio-corporativo-esbanja-aconchego-e-praticidade-com-brick-vecchio-nero\/","og_locale":"pt_BR","og_type":"article","og_title":"Refeit\u00f3rio corporativo esbanja aconchego e praticidade, com Brick Vecchio Nero - Blog Nina","og_description":"Tijolinhos revestem paredes de destaque do ambiente, com capacidade para 104 colaboradores simultaneamente, e favorece","og_url":"https:\/\/ninamartinelli.com.br\/blog2\/refeitorio-corporativo-esbanja-aconchego-e-praticidade-com-brick-vecchio-nero\/","og_site_name":"Blog Nina","article_author":"http:\/\/facebook.com.br\/ninamartinellioficial","article_published_time":"2020-12-14T14:21:53+00:00","og_image":[{"width":900,"height":900,"url":"https:\/\/ninamartinelli.com.br\/blog2\/wp-content\/uploads\/2020\/12\/brick-vecchio-nero1.jpg","type":"image\/jpeg"}],"author":"Comunica\u00e7\u00e3o Nina","twitter_card":"summary_large_image","twitter_misc":{"Escrito por":"Comunica\u00e7\u00e3o Nina","Est. tempo de leitura":"3 minutos"},"schema":{"@context":"https:\/\/schema.org","@graph":[{"@type":"Article","@id":"https:\/\/ninamartinelli.com.br\/blog2\/refeitorio-corporativo-esbanja-aconchego-e-praticidade-com-brick-vecchio-nero\/#article","isPartOf":{"@id":"https:\/\/ninamartinelli.com.br\/blog2\/refeitorio-corporativo-esbanja-aconchego-e-praticidade-com-brick-vecchio-nero\/"},"author":{"name":"Comunica\u00e7\u00e3o Nina","@id":"https:\/\/ninamartinelli.com.br\/blog2\/#\/schema\/person\/880a2cdee0a047e9b55254085d24f922"},"headline":"Refeit\u00f3rio corporativo esbanja aconchego e praticidade, com Brick Vecchio Nero","datePublished":"2020-12-14T14:21:53+00:00","mainEntityOfPage":{"@id":"https:\/\/ninamartinelli.com.br\/blog2\/refeitorio-corporativo-esbanja-aconchego-e-praticidade-com-brick-vecchio-nero\/"},"wordCount":540,"commentCount":0,"publisher":{"@id":"https:\/\/ninamartinelli.com.br\/blog2\/#organization"},"image":{"@id":"https:\/\/ninamartinelli.com.br\/blog2\/refeitorio-corporativo-esbanja-aconchego-e-praticidade-com-brick-vecchio-nero\/#primaryimage"},"thumbnailUrl":"https:\/\/ninamartinelli.com.br\/blog2\/wp-content\/uploads\/2020\/12\/brick-vecchio-nero1.jpg","keywords":["brick","refeitorio","vecchio nero"],"articleSection":["Cer\u00e2mica","Colezione Brick","Revestimentos"],"inLanguage":"pt-BR","potentialAction":[{"@type":"CommentAction","name":"Comment","target":["https:\/\/ninamartinelli.com.br\/blog2\/refeitorio-corporativo-esbanja-aconchego-e-praticidade-com-brick-vecchio-nero\/#respond"]}]},{"@type":"WebPage","@id":"https:\/\/ninamartinelli.com.br\/blog2\/refeitorio-corporativo-esbanja-aconchego-e-praticidade-com-brick-vecchio-nero\/","url":"https:\/\/ninamartinelli.com.br\/blog2\/refeitorio-corporativo-esbanja-aconchego-e-praticidade-com-brick-vecchio-nero\/","name":"Refeit\u00f3rio corporativo esbanja aconchego e praticidade, com Brick Vecchio Nero - Blog Nina","isPartOf":{"@id":"https:\/\/ninamartinelli.com.br\/blog2\/#website"},"primaryImageOfPage":{"@id":"https:\/\/ninamartinelli.com.br\/blog2\/refeitorio-corporativo-esbanja-aconchego-e-praticidade-com-brick-vecchio-nero\/#primaryimage"},"image":{"@id":"https:\/\/ninamartinelli.com.br\/blog2\/refeitorio-corporativo-esbanja-aconchego-e-praticidade-com-brick-vecchio-nero\/#primaryimage"},"thumbnailUrl":"https:\/\/ninamartinelli.com.br\/blog2\/wp-content\/uploads\/2020\/12\/brick-vecchio-nero1.jpg","datePublished":"2020-12-14T14:21:53+00:00","breadcrumb":{"@id":"https:\/\/ninamartinelli.com.br\/blog2\/refeitorio-corporativo-esbanja-aconchego-e-praticidade-com-brick-vecchio-nero\/#breadcrumb"},"inLanguage":"pt-BR","potentialAction":[{"@type":"ReadAction","target":["https:\/\/ninamartinelli.com.br\/blog2\/refeitorio-corporativo-esbanja-aconchego-e-praticidade-com-brick-vecchio-nero\/"]}]},{"@type":"ImageObject","inLanguage":"pt-BR","@id":"https:\/\/ninamartinelli.com.br\/blog2\/refeitorio-corporativo-esbanja-aconchego-e-praticidade-com-brick-vecchio-nero\/#primaryimage","url":"https:\/\/ninamartinelli.com.br\/blog2\/wp-content\/uploads\/2020\/12\/brick-vecchio-nero1.jpg","contentUrl":"https:\/\/ninamartinelli.com.br\/blog2\/wp-content\/uploads\/2020\/12\/brick-vecchio-nero1.jpg","width":900,"height":900},{"@type":"BreadcrumbList","@id":"https:\/\/ninamartinelli.com.br\/blog2\/refeitorio-corporativo-esbanja-aconchego-e-praticidade-com-brick-vecchio-nero\/#breadcrumb","itemListElement":[{"@type":"ListItem","position":1,"name":"In\u00edcio","item":"https:\/\/ninamartinelli.com.br\/blog2\/"},{"@type":"ListItem","position":2,"name":"Refeit\u00f3rio corporativo esbanja aconchego e praticidade, com Brick Vecchio Nero"}]},{"@type":"WebSite","@id":"https:\/\/ninamartinelli.com.br\/blog2\/#website","url":"https:\/\/ninamartinelli.com.br\/blog2\/","name":"Nina Martinelli","description":"#Nina_Martinelli","publisher":{"@id":"https:\/\/ninamartinelli.com.br\/blog2\/#organization"},"potentialAction":[{"@type":"SearchAction","target":{"@type":"EntryPoint","urlTemplate":"https:\/\/ninamartinelli.com.br\/blog2\/?s={search_term_string}"},"query-input":{"@type":"PropertyValueSpecification","valueRequired":true,"valueName":"search_term_string"}}],"inLanguage":"pt-BR"},{"@type":"Organization","@id":"https:\/\/ninamartinelli.com.br\/blog2\/#organization","name":"Blog Novidades","url":"https:\/\/ninamartinelli.com.br\/blog2\/","logo":{"@type":"ImageObject","inLanguage":"pt-BR","@id":"https:\/\/ninamartinelli.com.br\/blog2\/#\/schema\/logo\/image\/","url":"http:\/\/blog.ninamartinelli.com.br\/wp-content\/uploads\/2022\/03\/logo_nina_blog.png","contentUrl":"http:\/\/blog.ninamartinelli.com.br\/wp-content\/uploads\/2022\/03\/logo_nina_blog.png","width":500,"height":104,"caption":"Blog Novidades"},"image":{"@id":"https:\/\/ninamartinelli.com.br\/blog2\/#\/schema\/logo\/image\/"}},{"@type":"Person","@id":"https:\/\/ninamartinelli.com.br\/blog2\/#\/schema\/person\/880a2cdee0a047e9b55254085d24f922","name":"Comunica\u00e7\u00e3o Nina","image":{"@type":"ImageObject","inLanguage":"pt-BR","@id":"https:\/\/ninamartinelli.com.br\/blog2\/#\/schema\/person\/image\/","url":"https:\/\/secure.gravatar.com\/avatar\/0d3d763fb83768dd001497d074d4c4f6?s=96&d=mm&r=g","contentUrl":"https:\/\/secure.gravatar.com\/avatar\/0d3d763fb83768dd001497d074d4c4f6?s=96&d=mm&r=g","caption":"Comunica\u00e7\u00e3o Nina"},"sameAs":["http:\/\/ninamartinelli.com.br","http:\/\/facebook.com.br\/ninamartinellioficial","http:\/\/instagram.com\/ninamartinellioficial"],"url":"https:\/\/ninamartinelli.com.br\/blog2\/author\/nina\/"}]}},"_links":{"self":[{"href":"https:\/\/ninamartinelli.com.br\/blog2\/wp-json\/wp\/v2\/posts\/1260","targetHints":{"allow":["GET"]}}],"collection":[{"href":"https:\/\/ninamartinelli.com.br\/blog2\/wp-json\/wp\/v2\/posts"}],"about":[{"href":"https:\/\/ninamartinelli.com.br\/blog2\/wp-json\/wp\/v2\/types\/post"}],"author":[{"embeddable":true,"href":"https:\/\/ninamartinelli.com.br\/blog2\/wp-json\/wp\/v2\/users\/1"}],"replies":[{"embeddable":true,"href":"https:\/\/ninamartinelli.com.br\/blog2\/wp-json\/wp\/v2\/comments?post=1260"}],"version-history":[{"count":6,"href":"https:\/\/ninamartinelli.com.br\/blog2\/wp-json\/wp\/v2\/posts\/1260\/revisions"}],"predecessor-version":[{"id":1269,"href":"https:\/\/ninamartinelli.com.br\/blog2\/wp-json\/wp\/v2\/posts\/1260\/revisions\/1269"}],"wp:featuredmedia":[{"embeddable":true,"href":"https:\/\/ninamartinelli.com.br\/blog2\/wp-json\/wp\/v2\/media\/1265"}],"wp:attachment":[{"href":"https:\/\/ninamartinelli.com.br\/blog2\/wp-json\/wp\/v2\/media?parent=1260"}],"wp:term":[{"taxonomy":"category","embeddable":true,"href":"https:\/\/ninamartinelli.com.br\/blog2\/wp-json\/wp\/v2\/categories?post=1260"},{"taxonomy":"post_tag","embeddable":true,"href":"https:\/\/ninamartinelli.com.br\/blog2\/wp-json\/wp\/v2\/tags?post=1260"}],"curies":[{"name":"wp","href":"https:\/\/api.w.org\/{rel}","templated":true}]}}