{"id":1239,"date":"2020-12-03T15:30:42","date_gmt":"2020-12-03T18:30:42","guid":{"rendered":"http:\/\/blog.ninamartinelli.com.br\/?p=1239"},"modified":"2020-12-03T15:35:04","modified_gmt":"2020-12-03T18:35:04","slug":"uma-parede-solar-mas-com-conforto-termico-beleza-e-protecao","status":"publish","type":"post","link":"https:\/\/ninamartinelli.com.br\/blog2\/uma-parede-solar-mas-com-conforto-termico-beleza-e-protecao\/","title":{"rendered":"Uma parede \u201csolar\u201d, mas com conforto t\u00e9rmico, beleza e prote\u00e7\u00e3o"},"content":{"rendered":"<p><em><strong>Cobog\u00f3 Brise Clair e Sombre trazem personalidade a espa\u00e7o que agora est\u00e1 livre do calor intenso, da chuva e do vento, mas com muito charme<\/strong><\/em><\/p>\n<p>Uma casa de 750 m2 num charmoso condom\u00ednio de alto padr\u00e3o em S\u00e3o Jos\u00e9 dos Campos\/SP, constru\u00edda h\u00e1 apenas oito anos, com estilo contempor\u00e2neo e volumetria reta&#8230; em princ\u00edpio, poderia parecer perfeita, certo? Errado.<\/p>\n<p>Para a fam\u00edlia propriet\u00e1ria e moradora do belo im\u00f3vel, ainda faltavam v\u00e1rios elementos e toques que dessem personalidade ao lugar, e que resolvessem alguns problemas pr\u00e1ticos. A tarefa de aprimorar e dar nova vida e ainda mais beleza ao que j\u00e1 tinha potencial, foi entregue \u00e0 arquiteta<strong> Eliane Altenfelder<\/strong>, do escrit\u00f3rio Altenfelder Arquitetura e Constru\u00e7\u00e3o, que tamb\u00e9m fica nessa important\u00edssima cidade polo do Vale do Para\u00edba.<\/p>\n<p>A profissional conta que as interven\u00e7\u00f5es foram abrangentes. <em>\u201cFoi uma reforma muito grande, na \u00e1rea de lazer, piscina, \u00e1rea gourmet, varanda e fachada. Foi tamb\u00e9m um trabalho muito interessante de fazer. Apesar do estilo da casa e de ser uma constru\u00e7\u00e3o recente, a fam\u00edlia, que \u00e9 muito querida e ama receber, desejava ambientes com mais sofistica\u00e7\u00e3o, personalidade e descontra\u00e7\u00e3o\u201d<\/em>, diz ela.<\/p>\n<p>Na varanda da resid\u00eancia, uma das laterais abertas deixava o espa\u00e7o vulner\u00e1vel ao vento, \u00e0 chuva e ao sol forte. Erguer pura e simplesmente uma parede n\u00e3o era uma op\u00e7\u00e3o, j\u00e1 que a ideia era manter a ventila\u00e7\u00e3o e acrescentar algum elemento diferenciado ao ambiente. Foi a\u00ed que Eliana optou pelo Cobog\u00f3 da Nina Martinelli, nos dois modelos que s\u00e3o sucesso quando se trata de prote\u00e7\u00e3o com circula\u00e7\u00e3o de ar garantida \u2013 <strong>o Brise Clair e o Brise Sombre<\/strong>, feitos em concreto arquitet\u00f4nico e sob assinatura da designer <strong>Rosa Pinc.<\/strong><\/p>\n<p><img loading=\"lazy\" decoding=\"async\" class=\"alignleft wp-image-625 size-medium\" src=\"http:\/\/blog.ninamartinelli.com.br\/wp-content\/uploads\/2019\/04\/cobogo-brise-1-300x300.png\" alt=\"\" width=\"300\" height=\"300\" srcset=\"https:\/\/ninamartinelli.com.br\/blog2\/wp-content\/uploads\/2019\/04\/cobogo-brise-1-300x300.png 300w, https:\/\/ninamartinelli.com.br\/blog2\/wp-content\/uploads\/2019\/04\/cobogo-brise-1-150x150.png 150w, https:\/\/ninamartinelli.com.br\/blog2\/wp-content\/uploads\/2019\/04\/cobogo-brise-1-768x768.png 768w, https:\/\/ninamartinelli.com.br\/blog2\/wp-content\/uploads\/2019\/04\/cobogo-brise-1-50x50.png 50w, https:\/\/ninamartinelli.com.br\/blog2\/wp-content\/uploads\/2019\/04\/cobogo-brise-1.png 800w\" sizes=\"auto, (max-width: 300px) 100vw, 300px\" \/>S\u00e3o pe\u00e7as vazadas, medindo 30x30x7,5 cm, cujo design segue tend\u00eancia do estilo industrial e s\u00e3o amplamente usadas como divis\u00f3rias e fachadas, oferecendo aos ambientes caracter\u00edsticas sustent\u00e1veis, tornando-se tamb\u00e9m aliados na economia de energia, j\u00e1 que filtram a radia\u00e7\u00e3o solar e permitem a t\u00e3o desejada ventila\u00e7\u00e3o cruzada.<br \/>\nA empresa disponibiliza as pe\u00e7as nas cores Bianco e Concreto, mas Eliane optou n\u00e3o s\u00f3 pelo Bianco, como fez um pedido ainda mais espec\u00edfico: que o produto n\u00e3o recebesse a resina hidro repelente normalmente aplicado, para que a parede vazada recebesse outro acabamento, bastante surpreendente.<\/p>\n<p>&nbsp;<\/p>\n<h3>Cores prim\u00e1rias<\/h3>\n<p>O cobog\u00f3 foi colorido em um tom amarelo vibrante que, por sua vez, dialoga com o revestimento azul na \u00e1rea da churrasqueira e da piscina, e tamb\u00e9m comp\u00f5e um conjunto alegre e harm\u00f4nico com o vermelho, cor escolhida para a \u00e1rea da academia de gin\u00e1stica. \u201c<em>Al\u00e9m disso, como o restante da casa ficou em tons neutros, especialmente os cinzas, os pontos focais em cores prim\u00e1rias na \u00e1rea de lazer surpreenderam e agradaram a todos\u201d<\/em>, garante a arquiteta.<\/p>\n<p>O produto Nina Martinelli foi adquirido na Toque Final Boutique, loja especializada em acabamentos com qualidade, funcionalidade e design impec\u00e1veis. \u201c<em>Todos ficamos muito satisfeitos. Clientes, as pessoas que frequentam a casa, e n\u00f3s tamb\u00e9m. Ficou lindo, alegre e acolhedor, como os moradores\u201d<\/em>, finaliza Eliane.<\/p>\n<hr \/>\n<p><img loading=\"lazy\" decoding=\"async\" class=\"size-full wp-image-1252 aligncenter\" src=\"http:\/\/blog.ninamartinelli.com.br\/wp-content\/uploads\/2020\/12\/brise2.jpg\" alt=\"\" width=\"1000\" height=\"500\" srcset=\"https:\/\/ninamartinelli.com.br\/blog2\/wp-content\/uploads\/2020\/12\/brise2.jpg 1000w, https:\/\/ninamartinelli.com.br\/blog2\/wp-content\/uploads\/2020\/12\/brise2-300x150.jpg 300w, https:\/\/ninamartinelli.com.br\/blog2\/wp-content\/uploads\/2020\/12\/brise2-768x384.jpg 768w\" sizes=\"auto, (max-width: 1000px) 100vw, 1000px\" \/><\/p>\n<p><img loading=\"lazy\" decoding=\"async\" class=\"size-full wp-image-1253 aligncenter\" src=\"http:\/\/blog.ninamartinelli.com.br\/wp-content\/uploads\/2020\/12\/brise3.jpg\" alt=\"\" width=\"1000\" height=\"500\" srcset=\"https:\/\/ninamartinelli.com.br\/blog2\/wp-content\/uploads\/2020\/12\/brise3.jpg 1000w, https:\/\/ninamartinelli.com.br\/blog2\/wp-content\/uploads\/2020\/12\/brise3-300x150.jpg 300w, https:\/\/ninamartinelli.com.br\/blog2\/wp-content\/uploads\/2020\/12\/brise3-768x384.jpg 768w\" sizes=\"auto, (max-width: 1000px) 100vw, 1000px\" \/><\/p>\n<hr \/>\n<h3>Casa contempor\u00e2nea em S\u00e3o Jos\u00e9 dos Campos\/SP<br \/>\nCobog\u00f3 Brise Clair &amp; Sombre \u2013 colorido pelo cliente em amarelo<br \/>\nProjeto: Eliane Altenfelder \u2013 Altenfelder Arquitetura e Constru\u00e7\u00e3o <a href=\"https:\/\/www.instagram.com\/altenfelder_arquitetura\/\" target=\"_blank\" rel=\"noopener noreferrer\">@altenfelder_arquitetura<\/a><br \/>\nFotos: Altenfelder Arquitetura e Constru\u00e7\u00e3o<\/h3>\n","protected":false},"excerpt":{"rendered":"<p>Cobog\u00f3 Brise Clair e Sombre trazem personalidade a espa\u00e7o que agora est\u00e1 livre do calor<\/p>\n","protected":false},"author":1,"featured_media":1251,"comment_status":"open","ping_status":"open","sticky":false,"template":"","format":"standard","meta":{"footnotes":""},"categories":[60,42,26],"tags":[43,87,88],"class_list":["post-1239","post","type-post","status-publish","format-standard","has-post-thumbnail","hentry","category-cimento","category-colezione-cobogo","category-revestimentos","tag-cobogo","tag-lazer","tag-varando"],"yoast_head":"<!-- This site is optimized with the Yoast SEO plugin v26.8 - https:\/\/yoast.com\/product\/yoast-seo-wordpress\/ -->\n<title>Uma parede \u201csolar\u201d, mas com conforto t\u00e9rmico, beleza e prote\u00e7\u00e3o - Blog Nina<\/title>\n<meta name=\"robots\" content=\"index, follow, max-snippet:-1, max-image-preview:large, max-video-preview:-1\" \/>\n<link rel=\"canonical\" href=\"https:\/\/ninamartinelli.com.br\/blog2\/uma-parede-solar-mas-com-conforto-termico-beleza-e-protecao\/\" \/>\n<meta property=\"og:locale\" content=\"pt_BR\" \/>\n<meta property=\"og:type\" content=\"article\" \/>\n<meta property=\"og:title\" content=\"Uma parede \u201csolar\u201d, mas com conforto t\u00e9rmico, beleza e prote\u00e7\u00e3o - Blog Nina\" \/>\n<meta property=\"og:description\" content=\"Cobog\u00f3 Brise Clair e Sombre trazem personalidade a espa\u00e7o que agora est\u00e1 livre do calor\" \/>\n<meta property=\"og:url\" content=\"https:\/\/ninamartinelli.com.br\/blog2\/uma-parede-solar-mas-com-conforto-termico-beleza-e-protecao\/\" \/>\n<meta property=\"og:site_name\" content=\"Blog Nina\" \/>\n<meta property=\"article:author\" content=\"http:\/\/facebook.com.br\/ninamartinellioficial\" \/>\n<meta property=\"article:published_time\" content=\"2020-12-03T18:30:42+00:00\" \/>\n<meta property=\"article:modified_time\" content=\"2020-12-03T18:35:04+00:00\" \/>\n<meta property=\"og:image\" content=\"https:\/\/ninamartinelli.com.br\/blog2\/wp-content\/uploads\/2020\/12\/brise1.jpg\" \/>\n\t<meta property=\"og:image:width\" content=\"900\" \/>\n\t<meta property=\"og:image:height\" content=\"900\" \/>\n\t<meta property=\"og:image:type\" content=\"image\/jpeg\" \/>\n<meta name=\"author\" content=\"Comunica\u00e7\u00e3o Nina\" \/>\n<meta name=\"twitter:card\" content=\"summary_large_image\" \/>\n<meta name=\"twitter:label1\" content=\"Escrito por\" \/>\n\t<meta name=\"twitter:data1\" content=\"Comunica\u00e7\u00e3o Nina\" \/>\n\t<meta name=\"twitter:label2\" content=\"Est. tempo de leitura\" \/>\n\t<meta name=\"twitter:data2\" content=\"3 minutos\" \/>\n<script type=\"application\/ld+json\" class=\"yoast-schema-graph\">{\"@context\":\"https:\/\/schema.org\",\"@graph\":[{\"@type\":\"Article\",\"@id\":\"https:\/\/ninamartinelli.com.br\/blog2\/uma-parede-solar-mas-com-conforto-termico-beleza-e-protecao\/#article\",\"isPartOf\":{\"@id\":\"https:\/\/ninamartinelli.com.br\/blog2\/uma-parede-solar-mas-com-conforto-termico-beleza-e-protecao\/\"},\"author\":{\"name\":\"Comunica\u00e7\u00e3o Nina\",\"@id\":\"https:\/\/ninamartinelli.com.br\/blog2\/#\/schema\/person\/880a2cdee0a047e9b55254085d24f922\"},\"headline\":\"Uma parede \u201csolar\u201d, mas com conforto t\u00e9rmico, beleza e prote\u00e7\u00e3o\",\"datePublished\":\"2020-12-03T18:30:42+00:00\",\"dateModified\":\"2020-12-03T18:35:04+00:00\",\"mainEntityOfPage\":{\"@id\":\"https:\/\/ninamartinelli.com.br\/blog2\/uma-parede-solar-mas-com-conforto-termico-beleza-e-protecao\/\"},\"wordCount\":594,\"commentCount\":0,\"publisher\":{\"@id\":\"https:\/\/ninamartinelli.com.br\/blog2\/#organization\"},\"image\":{\"@id\":\"https:\/\/ninamartinelli.com.br\/blog2\/uma-parede-solar-mas-com-conforto-termico-beleza-e-protecao\/#primaryimage\"},\"thumbnailUrl\":\"https:\/\/ninamartinelli.com.br\/blog2\/wp-content\/uploads\/2020\/12\/brise1.jpg\",\"keywords\":[\"cobogo\",\"lazer\",\"varando\"],\"articleSection\":[\"Cimento\",\"Colezione Cobog\u00f3\",\"Revestimentos\"],\"inLanguage\":\"pt-BR\",\"potentialAction\":[{\"@type\":\"CommentAction\",\"name\":\"Comment\",\"target\":[\"https:\/\/ninamartinelli.com.br\/blog2\/uma-parede-solar-mas-com-conforto-termico-beleza-e-protecao\/#respond\"]}]},{\"@type\":\"WebPage\",\"@id\":\"https:\/\/ninamartinelli.com.br\/blog2\/uma-parede-solar-mas-com-conforto-termico-beleza-e-protecao\/\",\"url\":\"https:\/\/ninamartinelli.com.br\/blog2\/uma-parede-solar-mas-com-conforto-termico-beleza-e-protecao\/\",\"name\":\"Uma parede \u201csolar\u201d, mas com conforto t\u00e9rmico, beleza e prote\u00e7\u00e3o - Blog Nina\",\"isPartOf\":{\"@id\":\"https:\/\/ninamartinelli.com.br\/blog2\/#website\"},\"primaryImageOfPage\":{\"@id\":\"https:\/\/ninamartinelli.com.br\/blog2\/uma-parede-solar-mas-com-conforto-termico-beleza-e-protecao\/#primaryimage\"},\"image\":{\"@id\":\"https:\/\/ninamartinelli.com.br\/blog2\/uma-parede-solar-mas-com-conforto-termico-beleza-e-protecao\/#primaryimage\"},\"thumbnailUrl\":\"https:\/\/ninamartinelli.com.br\/blog2\/wp-content\/uploads\/2020\/12\/brise1.jpg\",\"datePublished\":\"2020-12-03T18:30:42+00:00\",\"dateModified\":\"2020-12-03T18:35:04+00:00\",\"breadcrumb\":{\"@id\":\"https:\/\/ninamartinelli.com.br\/blog2\/uma-parede-solar-mas-com-conforto-termico-beleza-e-protecao\/#breadcrumb\"},\"inLanguage\":\"pt-BR\",\"potentialAction\":[{\"@type\":\"ReadAction\",\"target\":[\"https:\/\/ninamartinelli.com.br\/blog2\/uma-parede-solar-mas-com-conforto-termico-beleza-e-protecao\/\"]}]},{\"@type\":\"ImageObject\",\"inLanguage\":\"pt-BR\",\"@id\":\"https:\/\/ninamartinelli.com.br\/blog2\/uma-parede-solar-mas-com-conforto-termico-beleza-e-protecao\/#primaryimage\",\"url\":\"https:\/\/ninamartinelli.com.br\/blog2\/wp-content\/uploads\/2020\/12\/brise1.jpg\",\"contentUrl\":\"https:\/\/ninamartinelli.com.br\/blog2\/wp-content\/uploads\/2020\/12\/brise1.jpg\",\"width\":900,\"height\":900},{\"@type\":\"BreadcrumbList\",\"@id\":\"https:\/\/ninamartinelli.com.br\/blog2\/uma-parede-solar-mas-com-conforto-termico-beleza-e-protecao\/#breadcrumb\",\"itemListElement\":[{\"@type\":\"ListItem\",\"position\":1,\"name\":\"In\u00edcio\",\"item\":\"https:\/\/ninamartinelli.com.br\/blog2\/\"},{\"@type\":\"ListItem\",\"position\":2,\"name\":\"Uma parede \u201csolar\u201d, mas com conforto t\u00e9rmico, beleza e prote\u00e7\u00e3o\"}]},{\"@type\":\"WebSite\",\"@id\":\"https:\/\/ninamartinelli.com.br\/blog2\/#website\",\"url\":\"https:\/\/ninamartinelli.com.br\/blog2\/\",\"name\":\"Nina Martinelli\",\"description\":\"#Nina_Martinelli\",\"publisher\":{\"@id\":\"https:\/\/ninamartinelli.com.br\/blog2\/#organization\"},\"potentialAction\":[{\"@type\":\"SearchAction\",\"target\":{\"@type\":\"EntryPoint\",\"urlTemplate\":\"https:\/\/ninamartinelli.com.br\/blog2\/?s={search_term_string}\"},\"query-input\":{\"@type\":\"PropertyValueSpecification\",\"valueRequired\":true,\"valueName\":\"search_term_string\"}}],\"inLanguage\":\"pt-BR\"},{\"@type\":\"Organization\",\"@id\":\"https:\/\/ninamartinelli.com.br\/blog2\/#organization\",\"name\":\"Blog Novidades\",\"url\":\"https:\/\/ninamartinelli.com.br\/blog2\/\",\"logo\":{\"@type\":\"ImageObject\",\"inLanguage\":\"pt-BR\",\"@id\":\"https:\/\/ninamartinelli.com.br\/blog2\/#\/schema\/logo\/image\/\",\"url\":\"http:\/\/blog.ninamartinelli.com.br\/wp-content\/uploads\/2022\/03\/logo_nina_blog.png\",\"contentUrl\":\"http:\/\/blog.ninamartinelli.com.br\/wp-content\/uploads\/2022\/03\/logo_nina_blog.png\",\"width\":500,\"height\":104,\"caption\":\"Blog Novidades\"},\"image\":{\"@id\":\"https:\/\/ninamartinelli.com.br\/blog2\/#\/schema\/logo\/image\/\"}},{\"@type\":\"Person\",\"@id\":\"https:\/\/ninamartinelli.com.br\/blog2\/#\/schema\/person\/880a2cdee0a047e9b55254085d24f922\",\"name\":\"Comunica\u00e7\u00e3o Nina\",\"image\":{\"@type\":\"ImageObject\",\"inLanguage\":\"pt-BR\",\"@id\":\"https:\/\/ninamartinelli.com.br\/blog2\/#\/schema\/person\/image\/\",\"url\":\"https:\/\/secure.gravatar.com\/avatar\/0d3d763fb83768dd001497d074d4c4f6?s=96&d=mm&r=g\",\"contentUrl\":\"https:\/\/secure.gravatar.com\/avatar\/0d3d763fb83768dd001497d074d4c4f6?s=96&d=mm&r=g\",\"caption\":\"Comunica\u00e7\u00e3o Nina\"},\"sameAs\":[\"http:\/\/ninamartinelli.com.br\",\"http:\/\/facebook.com.br\/ninamartinellioficial\",\"http:\/\/instagram.com\/ninamartinellioficial\"],\"url\":\"https:\/\/ninamartinelli.com.br\/blog2\/author\/nina\/\"}]}<\/script>\n<!-- \/ Yoast SEO plugin. -->","yoast_head_json":{"title":"Uma parede \u201csolar\u201d, mas com conforto t\u00e9rmico, beleza e prote\u00e7\u00e3o - Blog Nina","robots":{"index":"index","follow":"follow","max-snippet":"max-snippet:-1","max-image-preview":"max-image-preview:large","max-video-preview":"max-video-preview:-1"},"canonical":"https:\/\/ninamartinelli.com.br\/blog2\/uma-parede-solar-mas-com-conforto-termico-beleza-e-protecao\/","og_locale":"pt_BR","og_type":"article","og_title":"Uma parede \u201csolar\u201d, mas com conforto t\u00e9rmico, beleza e prote\u00e7\u00e3o - Blog Nina","og_description":"Cobog\u00f3 Brise Clair e Sombre trazem personalidade a espa\u00e7o que agora est\u00e1 livre do calor","og_url":"https:\/\/ninamartinelli.com.br\/blog2\/uma-parede-solar-mas-com-conforto-termico-beleza-e-protecao\/","og_site_name":"Blog Nina","article_author":"http:\/\/facebook.com.br\/ninamartinellioficial","article_published_time":"2020-12-03T18:30:42+00:00","article_modified_time":"2020-12-03T18:35:04+00:00","og_image":[{"width":900,"height":900,"url":"https:\/\/ninamartinelli.com.br\/blog2\/wp-content\/uploads\/2020\/12\/brise1.jpg","type":"image\/jpeg"}],"author":"Comunica\u00e7\u00e3o Nina","twitter_card":"summary_large_image","twitter_misc":{"Escrito por":"Comunica\u00e7\u00e3o Nina","Est. tempo de leitura":"3 minutos"},"schema":{"@context":"https:\/\/schema.org","@graph":[{"@type":"Article","@id":"https:\/\/ninamartinelli.com.br\/blog2\/uma-parede-solar-mas-com-conforto-termico-beleza-e-protecao\/#article","isPartOf":{"@id":"https:\/\/ninamartinelli.com.br\/blog2\/uma-parede-solar-mas-com-conforto-termico-beleza-e-protecao\/"},"author":{"name":"Comunica\u00e7\u00e3o Nina","@id":"https:\/\/ninamartinelli.com.br\/blog2\/#\/schema\/person\/880a2cdee0a047e9b55254085d24f922"},"headline":"Uma parede \u201csolar\u201d, mas com conforto t\u00e9rmico, beleza e prote\u00e7\u00e3o","datePublished":"2020-12-03T18:30:42+00:00","dateModified":"2020-12-03T18:35:04+00:00","mainEntityOfPage":{"@id":"https:\/\/ninamartinelli.com.br\/blog2\/uma-parede-solar-mas-com-conforto-termico-beleza-e-protecao\/"},"wordCount":594,"commentCount":0,"publisher":{"@id":"https:\/\/ninamartinelli.com.br\/blog2\/#organization"},"image":{"@id":"https:\/\/ninamartinelli.com.br\/blog2\/uma-parede-solar-mas-com-conforto-termico-beleza-e-protecao\/#primaryimage"},"thumbnailUrl":"https:\/\/ninamartinelli.com.br\/blog2\/wp-content\/uploads\/2020\/12\/brise1.jpg","keywords":["cobogo","lazer","varando"],"articleSection":["Cimento","Colezione Cobog\u00f3","Revestimentos"],"inLanguage":"pt-BR","potentialAction":[{"@type":"CommentAction","name":"Comment","target":["https:\/\/ninamartinelli.com.br\/blog2\/uma-parede-solar-mas-com-conforto-termico-beleza-e-protecao\/#respond"]}]},{"@type":"WebPage","@id":"https:\/\/ninamartinelli.com.br\/blog2\/uma-parede-solar-mas-com-conforto-termico-beleza-e-protecao\/","url":"https:\/\/ninamartinelli.com.br\/blog2\/uma-parede-solar-mas-com-conforto-termico-beleza-e-protecao\/","name":"Uma parede \u201csolar\u201d, mas com conforto t\u00e9rmico, beleza e prote\u00e7\u00e3o - Blog Nina","isPartOf":{"@id":"https:\/\/ninamartinelli.com.br\/blog2\/#website"},"primaryImageOfPage":{"@id":"https:\/\/ninamartinelli.com.br\/blog2\/uma-parede-solar-mas-com-conforto-termico-beleza-e-protecao\/#primaryimage"},"image":{"@id":"https:\/\/ninamartinelli.com.br\/blog2\/uma-parede-solar-mas-com-conforto-termico-beleza-e-protecao\/#primaryimage"},"thumbnailUrl":"https:\/\/ninamartinelli.com.br\/blog2\/wp-content\/uploads\/2020\/12\/brise1.jpg","datePublished":"2020-12-03T18:30:42+00:00","dateModified":"2020-12-03T18:35:04+00:00","breadcrumb":{"@id":"https:\/\/ninamartinelli.com.br\/blog2\/uma-parede-solar-mas-com-conforto-termico-beleza-e-protecao\/#breadcrumb"},"inLanguage":"pt-BR","potentialAction":[{"@type":"ReadAction","target":["https:\/\/ninamartinelli.com.br\/blog2\/uma-parede-solar-mas-com-conforto-termico-beleza-e-protecao\/"]}]},{"@type":"ImageObject","inLanguage":"pt-BR","@id":"https:\/\/ninamartinelli.com.br\/blog2\/uma-parede-solar-mas-com-conforto-termico-beleza-e-protecao\/#primaryimage","url":"https:\/\/ninamartinelli.com.br\/blog2\/wp-content\/uploads\/2020\/12\/brise1.jpg","contentUrl":"https:\/\/ninamartinelli.com.br\/blog2\/wp-content\/uploads\/2020\/12\/brise1.jpg","width":900,"height":900},{"@type":"BreadcrumbList","@id":"https:\/\/ninamartinelli.com.br\/blog2\/uma-parede-solar-mas-com-conforto-termico-beleza-e-protecao\/#breadcrumb","itemListElement":[{"@type":"ListItem","position":1,"name":"In\u00edcio","item":"https:\/\/ninamartinelli.com.br\/blog2\/"},{"@type":"ListItem","position":2,"name":"Uma parede \u201csolar\u201d, mas com conforto t\u00e9rmico, beleza e prote\u00e7\u00e3o"}]},{"@type":"WebSite","@id":"https:\/\/ninamartinelli.com.br\/blog2\/#website","url":"https:\/\/ninamartinelli.com.br\/blog2\/","name":"Nina Martinelli","description":"#Nina_Martinelli","publisher":{"@id":"https:\/\/ninamartinelli.com.br\/blog2\/#organization"},"potentialAction":[{"@type":"SearchAction","target":{"@type":"EntryPoint","urlTemplate":"https:\/\/ninamartinelli.com.br\/blog2\/?s={search_term_string}"},"query-input":{"@type":"PropertyValueSpecification","valueRequired":true,"valueName":"search_term_string"}}],"inLanguage":"pt-BR"},{"@type":"Organization","@id":"https:\/\/ninamartinelli.com.br\/blog2\/#organization","name":"Blog Novidades","url":"https:\/\/ninamartinelli.com.br\/blog2\/","logo":{"@type":"ImageObject","inLanguage":"pt-BR","@id":"https:\/\/ninamartinelli.com.br\/blog2\/#\/schema\/logo\/image\/","url":"http:\/\/blog.ninamartinelli.com.br\/wp-content\/uploads\/2022\/03\/logo_nina_blog.png","contentUrl":"http:\/\/blog.ninamartinelli.com.br\/wp-content\/uploads\/2022\/03\/logo_nina_blog.png","width":500,"height":104,"caption":"Blog Novidades"},"image":{"@id":"https:\/\/ninamartinelli.com.br\/blog2\/#\/schema\/logo\/image\/"}},{"@type":"Person","@id":"https:\/\/ninamartinelli.com.br\/blog2\/#\/schema\/person\/880a2cdee0a047e9b55254085d24f922","name":"Comunica\u00e7\u00e3o Nina","image":{"@type":"ImageObject","inLanguage":"pt-BR","@id":"https:\/\/ninamartinelli.com.br\/blog2\/#\/schema\/person\/image\/","url":"https:\/\/secure.gravatar.com\/avatar\/0d3d763fb83768dd001497d074d4c4f6?s=96&d=mm&r=g","contentUrl":"https:\/\/secure.gravatar.com\/avatar\/0d3d763fb83768dd001497d074d4c4f6?s=96&d=mm&r=g","caption":"Comunica\u00e7\u00e3o Nina"},"sameAs":["http:\/\/ninamartinelli.com.br","http:\/\/facebook.com.br\/ninamartinellioficial","http:\/\/instagram.com\/ninamartinellioficial"],"url":"https:\/\/ninamartinelli.com.br\/blog2\/author\/nina\/"}]}},"_links":{"self":[{"href":"https:\/\/ninamartinelli.com.br\/blog2\/wp-json\/wp\/v2\/posts\/1239","targetHints":{"allow":["GET"]}}],"collection":[{"href":"https:\/\/ninamartinelli.com.br\/blog2\/wp-json\/wp\/v2\/posts"}],"about":[{"href":"https:\/\/ninamartinelli.com.br\/blog2\/wp-json\/wp\/v2\/types\/post"}],"author":[{"embeddable":true,"href":"https:\/\/ninamartinelli.com.br\/blog2\/wp-json\/wp\/v2\/users\/1"}],"replies":[{"embeddable":true,"href":"https:\/\/ninamartinelli.com.br\/blog2\/wp-json\/wp\/v2\/comments?post=1239"}],"version-history":[{"count":8,"href":"https:\/\/ninamartinelli.com.br\/blog2\/wp-json\/wp\/v2\/posts\/1239\/revisions"}],"predecessor-version":[{"id":1257,"href":"https:\/\/ninamartinelli.com.br\/blog2\/wp-json\/wp\/v2\/posts\/1239\/revisions\/1257"}],"wp:featuredmedia":[{"embeddable":true,"href":"https:\/\/ninamartinelli.com.br\/blog2\/wp-json\/wp\/v2\/media\/1251"}],"wp:attachment":[{"href":"https:\/\/ninamartinelli.com.br\/blog2\/wp-json\/wp\/v2\/media?parent=1239"}],"wp:term":[{"taxonomy":"category","embeddable":true,"href":"https:\/\/ninamartinelli.com.br\/blog2\/wp-json\/wp\/v2\/categories?post=1239"},{"taxonomy":"post_tag","embeddable":true,"href":"https:\/\/ninamartinelli.com.br\/blog2\/wp-json\/wp\/v2\/tags?post=1239"}],"curies":[{"name":"wp","href":"https:\/\/api.w.org\/{rel}","templated":true}]}}