{"id":1223,"date":"2020-10-16T14:49:21","date_gmt":"2020-10-16T17:49:21","guid":{"rendered":"http:\/\/blog.ninamartinelli.com.br\/?p=1223"},"modified":"2020-10-16T15:01:36","modified_gmt":"2020-10-16T18:01:36","slug":"madeira-vecchio-o-toque-sutil-de-rusticidade-numa-casa-moderna-em-minas","status":"publish","type":"post","link":"https:\/\/ninamartinelli.com.br\/blog2\/madeira-vecchio-o-toque-sutil-de-rusticidade-numa-casa-moderna-em-minas\/","title":{"rendered":"Madeira Vecchio, o toque sutil de rusticidade numa casa moderna em Minas"},"content":{"rendered":"<p><em><strong>Revestimento ciment\u00edcio reproduz com perfei\u00e7\u00e3o o aspecto da madeira de demoli\u00e7\u00e3o, dando aconchego a espa\u00e7o integrado perfeito para bons encontros<\/strong><\/em><\/p>\n<p>O equil\u00edbrio entre o r\u00fastico e o moderno, entre o imponente e o aconchegante, muitas vezes \u00e9 bem dif\u00edcil de alcan\u00e7ar. Ainda mais em espa\u00e7os amplos e integrados, em que o olhar precisa ser capturado pelos elementos certos e, no dia a dia, o uso do ambiente tem que ser pr\u00e1tico e, ao mesmo tempo, prazeroso.<br \/>\nDesafio que a arquiteta <strong>Fernanda Lohmann<\/strong>, do escrit\u00f3rio Lohmann Design, Arquitetura e Interiores, de Pouso Alegre\/MG, abra\u00e7ou com muita criatividade e olhar apurado, visando atender os desejos dos clientes, um jovem casal que trabalha muito e tem um filho de um aninho de idade.<\/p>\n<p>Os clientes, que constru\u00edram a resid\u00eancia em Ira\u00ed, a 50 minutos de Uberl\u00e2ndia, no Tri\u00e2ngulo Mineiro, t\u00eam gosto ecl\u00e9tico. <em>\u201cEles apreciam v\u00e1rios estilos, do cl\u00e1ssico ao moderno, ficam fora a trabalho o dia todo e gostam de receber, mas tamb\u00e9m desejam muito bons momentos de sossego<\/em>\u201d, conta Fernanda, que projetou o im\u00f3vel.<\/p>\n<p>Com 258m\u00b2, ele consiste em uma casa t\u00e9rrea contempor\u00e2nea, com uma volumetria determinada pelas diferentes alturas de p\u00e9 direito, e tamb\u00e9m com um paisagismo bastante presente, com intuito de se integrar \u00e0 casa. <em>\u201cEles queriam uma casa confort\u00e1vel, n\u00e3o muito grande, funcional, integrada e t\u00e9rrea. Uma casa que fosse imponente, marcante. Acredito que o ponto de partida e a caracter\u00edstica mais marcante do projeto foi a volumetria, e por ser uma constru\u00e7\u00e3o de esquina\u201d<\/em>, conta a profissional.<\/p>\n<h3>E o muro virou atrativo especial<\/h3>\n<p><img loading=\"lazy\" decoding=\"async\" class=\"alignleft wp-image-1226 size-medium\" src=\"http:\/\/blog.ninamartinelli.com.br\/wp-content\/uploads\/2020\/10\/madeira-vecchio1-300x300.jpg\" alt=\"\" width=\"300\" height=\"300\" srcset=\"https:\/\/ninamartinelli.com.br\/blog2\/wp-content\/uploads\/2020\/10\/madeira-vecchio1-300x300.jpg 300w, https:\/\/ninamartinelli.com.br\/blog2\/wp-content\/uploads\/2020\/10\/madeira-vecchio1-150x150.jpg 150w, https:\/\/ninamartinelli.com.br\/blog2\/wp-content\/uploads\/2020\/10\/madeira-vecchio1-50x50.jpg 50w, https:\/\/ninamartinelli.com.br\/blog2\/wp-content\/uploads\/2020\/10\/madeira-vecchio1.jpg 600w\" sizes=\"auto, (max-width: 300px) 100vw, 300px\" \/>Como o projeto segue um estilo moderno por conta da integra\u00e7\u00e3o dos ambientes, com toques cl\u00e1ssicos na escolha da paleta de cores e ambienta\u00e7\u00f5es, Fernanda optou pelo revestimento<strong> Madeira Vecchio<\/strong>, da Nina Martinelli, para agregar ao muro que \u00e9 visto da varanda gourmet, um toque r\u00fastico, reservado para alguns detalhes muito bem definidos.<br \/>\nFeito em concreto arquitet\u00f4nico, o Madeira Vecchio \u00e9 apresentado nas dimens\u00f5es 100 X 20 X 2,5 cm, e resulta de v\u00e1rios anos de pesquisas da empresa, que chegou a produtos como esse, que impressiona pelo realismo.<\/p>\n<p>Dispon\u00edvel nas cores Mogno, Tabaco, Am\u00eandoa e Canela, esta \u00faltima a que Fernanda escolheu para o projeto, o revestimento \u00e9 inspirado em texturas naturais, como a dos peda\u00e7os de madeira de demoli\u00e7\u00e3o lindamente esculpidos pelo tempo. E garante um efeito surpreendente nos ambientes onde \u00e9 aplicado, seja na parede ou no ch\u00e3o.<\/p>\n<p><em>\u201cFoi amor \u00e0 primeira vista, quando os clientes conheceram o produto\u201d<\/em>, conta Fernanda, que o aplicou em se\u00e7\u00f5es do muro, na pagina\u00e7\u00e3o de amarra\u00e7\u00e3o.<em> \u201cAssentamos exatamente conforme as instru\u00e7\u00f5es e o pintor finalizou com a resina que acompanha o produto. Ficou maravilhoso\u201d<\/em>, comenta a profissional. <em>\u201cOs clientes tamb\u00e9m amaram. Amigos e conhecidos tamb\u00e9m gostaram muito e sempre perguntam qual \u00e9 o revestimento ali utilizado, ficando surpresos quando percebem que n\u00e3o \u00e9 madeira, j\u00e1 que imita perfeitamente esse material\u201d<\/em>, finaliza.<\/p>\n<hr \/>\n<p>&nbsp;<\/p>\n<p><img loading=\"lazy\" decoding=\"async\" class=\"size-full wp-image-1230 aligncenter\" src=\"http:\/\/blog.ninamartinelli.com.br\/wp-content\/uploads\/2020\/10\/madeira-vecchio4.jpg\" alt=\"\" width=\"1000\" height=\"600\" srcset=\"https:\/\/ninamartinelli.com.br\/blog2\/wp-content\/uploads\/2020\/10\/madeira-vecchio4.jpg 1000w, https:\/\/ninamartinelli.com.br\/blog2\/wp-content\/uploads\/2020\/10\/madeira-vecchio4-300x180.jpg 300w, https:\/\/ninamartinelli.com.br\/blog2\/wp-content\/uploads\/2020\/10\/madeira-vecchio4-768x461.jpg 768w\" sizes=\"auto, (max-width: 1000px) 100vw, 1000px\" \/><\/p>\n<hr \/>\n<h4>Varanda gourmet integrada ao espa\u00e7o externo \u2013 Casa em Ira\u00ed\/MG<br \/>\nRevestimento Madeira Vecchio<br \/>\nProjeto: Fernanda Lohmann &#8211; <a href=\"https:\/\/www.instagram.com\/lohmanndesignarquitetura\/\" target=\"_blank\" rel=\"noopener noreferrer\">@lohmanndesignarquitetura<\/a><br \/>\nFotos: Elisa Nakaguma\u00a0 &#8211; <a href=\"https:\/\/www.instagram.com\/elisa.nakaguma\/\" target=\"_blank\" rel=\"noopener noreferrer\">@elisa.nakaguma<\/a><\/h4>\n","protected":false},"excerpt":{"rendered":"<p>Revestimento ciment\u00edcio reproduz com perfei\u00e7\u00e3o o aspecto da madeira de demoli\u00e7\u00e3o, dando aconchego a espa\u00e7o<\/p>\n","protected":false},"author":1,"featured_media":1229,"comment_status":"open","ping_status":"open","sticky":false,"template":"","format":"standard","meta":{"footnotes":""},"categories":[60,8,26],"tags":[],"class_list":["post-1223","post","type-post","status-publish","format-standard","has-post-thumbnail","hentry","category-cimento","category-colezione-cemento","category-revestimentos"],"yoast_head":"<!-- This site is optimized with the Yoast SEO plugin v26.8 - https:\/\/yoast.com\/product\/yoast-seo-wordpress\/ -->\n<title>Madeira Vecchio, o toque sutil de rusticidade numa casa moderna em Minas - Blog Nina<\/title>\n<meta name=\"robots\" content=\"index, follow, max-snippet:-1, max-image-preview:large, max-video-preview:-1\" \/>\n<link rel=\"canonical\" href=\"https:\/\/ninamartinelli.com.br\/blog2\/madeira-vecchio-o-toque-sutil-de-rusticidade-numa-casa-moderna-em-minas\/\" \/>\n<meta property=\"og:locale\" content=\"pt_BR\" \/>\n<meta property=\"og:type\" content=\"article\" \/>\n<meta property=\"og:title\" content=\"Madeira Vecchio, o toque sutil de rusticidade numa casa moderna em Minas - Blog Nina\" \/>\n<meta property=\"og:description\" content=\"Revestimento ciment\u00edcio reproduz com perfei\u00e7\u00e3o o aspecto da madeira de demoli\u00e7\u00e3o, dando aconchego a espa\u00e7o\" \/>\n<meta property=\"og:url\" content=\"https:\/\/ninamartinelli.com.br\/blog2\/madeira-vecchio-o-toque-sutil-de-rusticidade-numa-casa-moderna-em-minas\/\" \/>\n<meta property=\"og:site_name\" content=\"Blog Nina\" \/>\n<meta property=\"article:author\" content=\"http:\/\/facebook.com.br\/ninamartinellioficial\" \/>\n<meta property=\"article:published_time\" content=\"2020-10-16T17:49:21+00:00\" \/>\n<meta property=\"article:modified_time\" content=\"2020-10-16T18:01:36+00:00\" \/>\n<meta property=\"og:image\" content=\"https:\/\/ninamartinelli.com.br\/blog2\/wp-content\/uploads\/2020\/10\/madeira-vecchio3.jpg\" \/>\n\t<meta property=\"og:image:width\" content=\"900\" \/>\n\t<meta property=\"og:image:height\" content=\"900\" \/>\n\t<meta property=\"og:image:type\" content=\"image\/jpeg\" \/>\n<meta name=\"author\" content=\"Comunica\u00e7\u00e3o Nina\" \/>\n<meta name=\"twitter:card\" content=\"summary_large_image\" \/>\n<meta name=\"twitter:label1\" content=\"Escrito por\" \/>\n\t<meta name=\"twitter:data1\" content=\"Comunica\u00e7\u00e3o Nina\" \/>\n\t<meta name=\"twitter:label2\" content=\"Est. tempo de leitura\" \/>\n\t<meta name=\"twitter:data2\" content=\"3 minutos\" \/>\n<script type=\"application\/ld+json\" class=\"yoast-schema-graph\">{\"@context\":\"https:\/\/schema.org\",\"@graph\":[{\"@type\":\"Article\",\"@id\":\"https:\/\/ninamartinelli.com.br\/blog2\/madeira-vecchio-o-toque-sutil-de-rusticidade-numa-casa-moderna-em-minas\/#article\",\"isPartOf\":{\"@id\":\"https:\/\/ninamartinelli.com.br\/blog2\/madeira-vecchio-o-toque-sutil-de-rusticidade-numa-casa-moderna-em-minas\/\"},\"author\":{\"name\":\"Comunica\u00e7\u00e3o Nina\",\"@id\":\"https:\/\/ninamartinelli.com.br\/blog2\/#\/schema\/person\/880a2cdee0a047e9b55254085d24f922\"},\"headline\":\"Madeira Vecchio, o toque sutil de rusticidade numa casa moderna em Minas\",\"datePublished\":\"2020-10-16T17:49:21+00:00\",\"dateModified\":\"2020-10-16T18:01:36+00:00\",\"mainEntityOfPage\":{\"@id\":\"https:\/\/ninamartinelli.com.br\/blog2\/madeira-vecchio-o-toque-sutil-de-rusticidade-numa-casa-moderna-em-minas\/\"},\"wordCount\":550,\"commentCount\":0,\"publisher\":{\"@id\":\"https:\/\/ninamartinelli.com.br\/blog2\/#organization\"},\"image\":{\"@id\":\"https:\/\/ninamartinelli.com.br\/blog2\/madeira-vecchio-o-toque-sutil-de-rusticidade-numa-casa-moderna-em-minas\/#primaryimage\"},\"thumbnailUrl\":\"https:\/\/ninamartinelli.com.br\/blog2\/wp-content\/uploads\/2020\/10\/madeira-vecchio3.jpg\",\"articleSection\":[\"Cimento\",\"Colezione Cemento\",\"Revestimentos\"],\"inLanguage\":\"pt-BR\",\"potentialAction\":[{\"@type\":\"CommentAction\",\"name\":\"Comment\",\"target\":[\"https:\/\/ninamartinelli.com.br\/blog2\/madeira-vecchio-o-toque-sutil-de-rusticidade-numa-casa-moderna-em-minas\/#respond\"]}]},{\"@type\":\"WebPage\",\"@id\":\"https:\/\/ninamartinelli.com.br\/blog2\/madeira-vecchio-o-toque-sutil-de-rusticidade-numa-casa-moderna-em-minas\/\",\"url\":\"https:\/\/ninamartinelli.com.br\/blog2\/madeira-vecchio-o-toque-sutil-de-rusticidade-numa-casa-moderna-em-minas\/\",\"name\":\"Madeira Vecchio, o toque sutil de rusticidade numa casa moderna em Minas - Blog Nina\",\"isPartOf\":{\"@id\":\"https:\/\/ninamartinelli.com.br\/blog2\/#website\"},\"primaryImageOfPage\":{\"@id\":\"https:\/\/ninamartinelli.com.br\/blog2\/madeira-vecchio-o-toque-sutil-de-rusticidade-numa-casa-moderna-em-minas\/#primaryimage\"},\"image\":{\"@id\":\"https:\/\/ninamartinelli.com.br\/blog2\/madeira-vecchio-o-toque-sutil-de-rusticidade-numa-casa-moderna-em-minas\/#primaryimage\"},\"thumbnailUrl\":\"https:\/\/ninamartinelli.com.br\/blog2\/wp-content\/uploads\/2020\/10\/madeira-vecchio3.jpg\",\"datePublished\":\"2020-10-16T17:49:21+00:00\",\"dateModified\":\"2020-10-16T18:01:36+00:00\",\"breadcrumb\":{\"@id\":\"https:\/\/ninamartinelli.com.br\/blog2\/madeira-vecchio-o-toque-sutil-de-rusticidade-numa-casa-moderna-em-minas\/#breadcrumb\"},\"inLanguage\":\"pt-BR\",\"potentialAction\":[{\"@type\":\"ReadAction\",\"target\":[\"https:\/\/ninamartinelli.com.br\/blog2\/madeira-vecchio-o-toque-sutil-de-rusticidade-numa-casa-moderna-em-minas\/\"]}]},{\"@type\":\"ImageObject\",\"inLanguage\":\"pt-BR\",\"@id\":\"https:\/\/ninamartinelli.com.br\/blog2\/madeira-vecchio-o-toque-sutil-de-rusticidade-numa-casa-moderna-em-minas\/#primaryimage\",\"url\":\"https:\/\/ninamartinelli.com.br\/blog2\/wp-content\/uploads\/2020\/10\/madeira-vecchio3.jpg\",\"contentUrl\":\"https:\/\/ninamartinelli.com.br\/blog2\/wp-content\/uploads\/2020\/10\/madeira-vecchio3.jpg\",\"width\":900,\"height\":900},{\"@type\":\"BreadcrumbList\",\"@id\":\"https:\/\/ninamartinelli.com.br\/blog2\/madeira-vecchio-o-toque-sutil-de-rusticidade-numa-casa-moderna-em-minas\/#breadcrumb\",\"itemListElement\":[{\"@type\":\"ListItem\",\"position\":1,\"name\":\"In\u00edcio\",\"item\":\"https:\/\/ninamartinelli.com.br\/blog2\/\"},{\"@type\":\"ListItem\",\"position\":2,\"name\":\"Madeira Vecchio, o toque sutil de rusticidade numa casa moderna em Minas\"}]},{\"@type\":\"WebSite\",\"@id\":\"https:\/\/ninamartinelli.com.br\/blog2\/#website\",\"url\":\"https:\/\/ninamartinelli.com.br\/blog2\/\",\"name\":\"Nina Martinelli\",\"description\":\"#Nina_Martinelli\",\"publisher\":{\"@id\":\"https:\/\/ninamartinelli.com.br\/blog2\/#organization\"},\"potentialAction\":[{\"@type\":\"SearchAction\",\"target\":{\"@type\":\"EntryPoint\",\"urlTemplate\":\"https:\/\/ninamartinelli.com.br\/blog2\/?s={search_term_string}\"},\"query-input\":{\"@type\":\"PropertyValueSpecification\",\"valueRequired\":true,\"valueName\":\"search_term_string\"}}],\"inLanguage\":\"pt-BR\"},{\"@type\":\"Organization\",\"@id\":\"https:\/\/ninamartinelli.com.br\/blog2\/#organization\",\"name\":\"Blog Novidades\",\"url\":\"https:\/\/ninamartinelli.com.br\/blog2\/\",\"logo\":{\"@type\":\"ImageObject\",\"inLanguage\":\"pt-BR\",\"@id\":\"https:\/\/ninamartinelli.com.br\/blog2\/#\/schema\/logo\/image\/\",\"url\":\"http:\/\/blog.ninamartinelli.com.br\/wp-content\/uploads\/2022\/03\/logo_nina_blog.png\",\"contentUrl\":\"http:\/\/blog.ninamartinelli.com.br\/wp-content\/uploads\/2022\/03\/logo_nina_blog.png\",\"width\":500,\"height\":104,\"caption\":\"Blog Novidades\"},\"image\":{\"@id\":\"https:\/\/ninamartinelli.com.br\/blog2\/#\/schema\/logo\/image\/\"}},{\"@type\":\"Person\",\"@id\":\"https:\/\/ninamartinelli.com.br\/blog2\/#\/schema\/person\/880a2cdee0a047e9b55254085d24f922\",\"name\":\"Comunica\u00e7\u00e3o Nina\",\"image\":{\"@type\":\"ImageObject\",\"inLanguage\":\"pt-BR\",\"@id\":\"https:\/\/ninamartinelli.com.br\/blog2\/#\/schema\/person\/image\/\",\"url\":\"https:\/\/secure.gravatar.com\/avatar\/0d3d763fb83768dd001497d074d4c4f6?s=96&d=mm&r=g\",\"contentUrl\":\"https:\/\/secure.gravatar.com\/avatar\/0d3d763fb83768dd001497d074d4c4f6?s=96&d=mm&r=g\",\"caption\":\"Comunica\u00e7\u00e3o Nina\"},\"sameAs\":[\"http:\/\/ninamartinelli.com.br\",\"http:\/\/facebook.com.br\/ninamartinellioficial\",\"http:\/\/instagram.com\/ninamartinellioficial\"],\"url\":\"https:\/\/ninamartinelli.com.br\/blog2\/author\/nina\/\"}]}<\/script>\n<!-- \/ Yoast SEO plugin. -->","yoast_head_json":{"title":"Madeira Vecchio, o toque sutil de rusticidade numa casa moderna em Minas - Blog Nina","robots":{"index":"index","follow":"follow","max-snippet":"max-snippet:-1","max-image-preview":"max-image-preview:large","max-video-preview":"max-video-preview:-1"},"canonical":"https:\/\/ninamartinelli.com.br\/blog2\/madeira-vecchio-o-toque-sutil-de-rusticidade-numa-casa-moderna-em-minas\/","og_locale":"pt_BR","og_type":"article","og_title":"Madeira Vecchio, o toque sutil de rusticidade numa casa moderna em Minas - Blog Nina","og_description":"Revestimento ciment\u00edcio reproduz com perfei\u00e7\u00e3o o aspecto da madeira de demoli\u00e7\u00e3o, dando aconchego a espa\u00e7o","og_url":"https:\/\/ninamartinelli.com.br\/blog2\/madeira-vecchio-o-toque-sutil-de-rusticidade-numa-casa-moderna-em-minas\/","og_site_name":"Blog Nina","article_author":"http:\/\/facebook.com.br\/ninamartinellioficial","article_published_time":"2020-10-16T17:49:21+00:00","article_modified_time":"2020-10-16T18:01:36+00:00","og_image":[{"width":900,"height":900,"url":"https:\/\/ninamartinelli.com.br\/blog2\/wp-content\/uploads\/2020\/10\/madeira-vecchio3.jpg","type":"image\/jpeg"}],"author":"Comunica\u00e7\u00e3o Nina","twitter_card":"summary_large_image","twitter_misc":{"Escrito por":"Comunica\u00e7\u00e3o Nina","Est. tempo de leitura":"3 minutos"},"schema":{"@context":"https:\/\/schema.org","@graph":[{"@type":"Article","@id":"https:\/\/ninamartinelli.com.br\/blog2\/madeira-vecchio-o-toque-sutil-de-rusticidade-numa-casa-moderna-em-minas\/#article","isPartOf":{"@id":"https:\/\/ninamartinelli.com.br\/blog2\/madeira-vecchio-o-toque-sutil-de-rusticidade-numa-casa-moderna-em-minas\/"},"author":{"name":"Comunica\u00e7\u00e3o Nina","@id":"https:\/\/ninamartinelli.com.br\/blog2\/#\/schema\/person\/880a2cdee0a047e9b55254085d24f922"},"headline":"Madeira Vecchio, o toque sutil de rusticidade numa casa moderna em Minas","datePublished":"2020-10-16T17:49:21+00:00","dateModified":"2020-10-16T18:01:36+00:00","mainEntityOfPage":{"@id":"https:\/\/ninamartinelli.com.br\/blog2\/madeira-vecchio-o-toque-sutil-de-rusticidade-numa-casa-moderna-em-minas\/"},"wordCount":550,"commentCount":0,"publisher":{"@id":"https:\/\/ninamartinelli.com.br\/blog2\/#organization"},"image":{"@id":"https:\/\/ninamartinelli.com.br\/blog2\/madeira-vecchio-o-toque-sutil-de-rusticidade-numa-casa-moderna-em-minas\/#primaryimage"},"thumbnailUrl":"https:\/\/ninamartinelli.com.br\/blog2\/wp-content\/uploads\/2020\/10\/madeira-vecchio3.jpg","articleSection":["Cimento","Colezione Cemento","Revestimentos"],"inLanguage":"pt-BR","potentialAction":[{"@type":"CommentAction","name":"Comment","target":["https:\/\/ninamartinelli.com.br\/blog2\/madeira-vecchio-o-toque-sutil-de-rusticidade-numa-casa-moderna-em-minas\/#respond"]}]},{"@type":"WebPage","@id":"https:\/\/ninamartinelli.com.br\/blog2\/madeira-vecchio-o-toque-sutil-de-rusticidade-numa-casa-moderna-em-minas\/","url":"https:\/\/ninamartinelli.com.br\/blog2\/madeira-vecchio-o-toque-sutil-de-rusticidade-numa-casa-moderna-em-minas\/","name":"Madeira Vecchio, o toque sutil de rusticidade numa casa moderna em Minas - Blog Nina","isPartOf":{"@id":"https:\/\/ninamartinelli.com.br\/blog2\/#website"},"primaryImageOfPage":{"@id":"https:\/\/ninamartinelli.com.br\/blog2\/madeira-vecchio-o-toque-sutil-de-rusticidade-numa-casa-moderna-em-minas\/#primaryimage"},"image":{"@id":"https:\/\/ninamartinelli.com.br\/blog2\/madeira-vecchio-o-toque-sutil-de-rusticidade-numa-casa-moderna-em-minas\/#primaryimage"},"thumbnailUrl":"https:\/\/ninamartinelli.com.br\/blog2\/wp-content\/uploads\/2020\/10\/madeira-vecchio3.jpg","datePublished":"2020-10-16T17:49:21+00:00","dateModified":"2020-10-16T18:01:36+00:00","breadcrumb":{"@id":"https:\/\/ninamartinelli.com.br\/blog2\/madeira-vecchio-o-toque-sutil-de-rusticidade-numa-casa-moderna-em-minas\/#breadcrumb"},"inLanguage":"pt-BR","potentialAction":[{"@type":"ReadAction","target":["https:\/\/ninamartinelli.com.br\/blog2\/madeira-vecchio-o-toque-sutil-de-rusticidade-numa-casa-moderna-em-minas\/"]}]},{"@type":"ImageObject","inLanguage":"pt-BR","@id":"https:\/\/ninamartinelli.com.br\/blog2\/madeira-vecchio-o-toque-sutil-de-rusticidade-numa-casa-moderna-em-minas\/#primaryimage","url":"https:\/\/ninamartinelli.com.br\/blog2\/wp-content\/uploads\/2020\/10\/madeira-vecchio3.jpg","contentUrl":"https:\/\/ninamartinelli.com.br\/blog2\/wp-content\/uploads\/2020\/10\/madeira-vecchio3.jpg","width":900,"height":900},{"@type":"BreadcrumbList","@id":"https:\/\/ninamartinelli.com.br\/blog2\/madeira-vecchio-o-toque-sutil-de-rusticidade-numa-casa-moderna-em-minas\/#breadcrumb","itemListElement":[{"@type":"ListItem","position":1,"name":"In\u00edcio","item":"https:\/\/ninamartinelli.com.br\/blog2\/"},{"@type":"ListItem","position":2,"name":"Madeira Vecchio, o toque sutil de rusticidade numa casa moderna em Minas"}]},{"@type":"WebSite","@id":"https:\/\/ninamartinelli.com.br\/blog2\/#website","url":"https:\/\/ninamartinelli.com.br\/blog2\/","name":"Nina Martinelli","description":"#Nina_Martinelli","publisher":{"@id":"https:\/\/ninamartinelli.com.br\/blog2\/#organization"},"potentialAction":[{"@type":"SearchAction","target":{"@type":"EntryPoint","urlTemplate":"https:\/\/ninamartinelli.com.br\/blog2\/?s={search_term_string}"},"query-input":{"@type":"PropertyValueSpecification","valueRequired":true,"valueName":"search_term_string"}}],"inLanguage":"pt-BR"},{"@type":"Organization","@id":"https:\/\/ninamartinelli.com.br\/blog2\/#organization","name":"Blog Novidades","url":"https:\/\/ninamartinelli.com.br\/blog2\/","logo":{"@type":"ImageObject","inLanguage":"pt-BR","@id":"https:\/\/ninamartinelli.com.br\/blog2\/#\/schema\/logo\/image\/","url":"http:\/\/blog.ninamartinelli.com.br\/wp-content\/uploads\/2022\/03\/logo_nina_blog.png","contentUrl":"http:\/\/blog.ninamartinelli.com.br\/wp-content\/uploads\/2022\/03\/logo_nina_blog.png","width":500,"height":104,"caption":"Blog Novidades"},"image":{"@id":"https:\/\/ninamartinelli.com.br\/blog2\/#\/schema\/logo\/image\/"}},{"@type":"Person","@id":"https:\/\/ninamartinelli.com.br\/blog2\/#\/schema\/person\/880a2cdee0a047e9b55254085d24f922","name":"Comunica\u00e7\u00e3o Nina","image":{"@type":"ImageObject","inLanguage":"pt-BR","@id":"https:\/\/ninamartinelli.com.br\/blog2\/#\/schema\/person\/image\/","url":"https:\/\/secure.gravatar.com\/avatar\/0d3d763fb83768dd001497d074d4c4f6?s=96&d=mm&r=g","contentUrl":"https:\/\/secure.gravatar.com\/avatar\/0d3d763fb83768dd001497d074d4c4f6?s=96&d=mm&r=g","caption":"Comunica\u00e7\u00e3o Nina"},"sameAs":["http:\/\/ninamartinelli.com.br","http:\/\/facebook.com.br\/ninamartinellioficial","http:\/\/instagram.com\/ninamartinellioficial"],"url":"https:\/\/ninamartinelli.com.br\/blog2\/author\/nina\/"}]}},"_links":{"self":[{"href":"https:\/\/ninamartinelli.com.br\/blog2\/wp-json\/wp\/v2\/posts\/1223","targetHints":{"allow":["GET"]}}],"collection":[{"href":"https:\/\/ninamartinelli.com.br\/blog2\/wp-json\/wp\/v2\/posts"}],"about":[{"href":"https:\/\/ninamartinelli.com.br\/blog2\/wp-json\/wp\/v2\/types\/post"}],"author":[{"embeddable":true,"href":"https:\/\/ninamartinelli.com.br\/blog2\/wp-json\/wp\/v2\/users\/1"}],"replies":[{"embeddable":true,"href":"https:\/\/ninamartinelli.com.br\/blog2\/wp-json\/wp\/v2\/comments?post=1223"}],"version-history":[{"count":7,"href":"https:\/\/ninamartinelli.com.br\/blog2\/wp-json\/wp\/v2\/posts\/1223\/revisions"}],"predecessor-version":[{"id":1234,"href":"https:\/\/ninamartinelli.com.br\/blog2\/wp-json\/wp\/v2\/posts\/1223\/revisions\/1234"}],"wp:featuredmedia":[{"embeddable":true,"href":"https:\/\/ninamartinelli.com.br\/blog2\/wp-json\/wp\/v2\/media\/1229"}],"wp:attachment":[{"href":"https:\/\/ninamartinelli.com.br\/blog2\/wp-json\/wp\/v2\/media?parent=1223"}],"wp:term":[{"taxonomy":"category","embeddable":true,"href":"https:\/\/ninamartinelli.com.br\/blog2\/wp-json\/wp\/v2\/categories?post=1223"},{"taxonomy":"post_tag","embeddable":true,"href":"https:\/\/ninamartinelli.com.br\/blog2\/wp-json\/wp\/v2\/tags?post=1223"}],"curies":[{"name":"wp","href":"https:\/\/api.w.org\/{rel}","templated":true}]}}