{"id":1211,"date":"2020-10-01T17:19:03","date_gmt":"2020-10-01T20:19:03","guid":{"rendered":"http:\/\/blog.ninamartinelli.com.br\/?p=1211"},"modified":"2021-02-22T10:50:39","modified_gmt":"2021-02-22T13:50:39","slug":"edificio-iconico-ganha-area-de-convivio-revitalizada-com-cotto-vecchio-nero","status":"publish","type":"post","link":"https:\/\/ninamartinelli.com.br\/blog2\/edificio-iconico-ganha-area-de-convivio-revitalizada-com-cotto-vecchio-nero\/","title":{"rendered":"Edif\u00edcio ic\u00f4nico ganha \u00e1rea de conv\u00edvio revitalizada com Cotto Vecchio Nero"},"content":{"rendered":"<p><em><strong>Constru\u00eddo nos anos 1980, o primeiro pr\u00e9dio de apartamentos de alto padr\u00e3o da cidade recebeu interven\u00e7\u00e3o que modernizou espa\u00e7os comuns, sem agredir seu estilo caracter\u00edstico<\/strong><\/em><\/p>\n<p>Nos anos 1980, quando o Edif\u00edcio Francisco Assis Moura come\u00e7ou a ser erguido em Bauru &#8211; j\u00e1 na \u00e9poca uma important\u00edssima cidade no centro do Estado de S\u00e3o Paulo, a obra deu o que falar.<br \/>\nTamb\u00e9m, pudera, tratava-se de um im\u00f3vel que representava o divisor de \u00e1guas no mercado local, pois era o primeiro pr\u00e9dio de apartamentos de alto padr\u00e3o a ser lan\u00e7ado na cidade. Al\u00e9m disso, as caracter\u00edsticas impressionavam: apartamentos com at\u00e9 390 m\u00b2, 4 dormit\u00f3rios, sendo duas su\u00edtes, linhas contempor\u00e2neas, sacadas espa\u00e7osas, amplas \u00e1reas de conv\u00edvio, tudo numa \u00fanica torre, com localiza\u00e7\u00e3o privilegiada \u2013 o Jardim Paulista, pr\u00f3ximo \u00e0 famosa avenida Na\u00e7\u00f5es Unidas e tamb\u00e9m n\u00e3o distante do Centro.<\/p>\n<p>Batizado com o nome do engenheiro que o projetou, o edif\u00edcio logo foi carinhosamente apelidado de \u201cChic\u00e3o\u201d e seus primeiros moradores eram jovens fam\u00edlias de classe m\u00e9dia-alta que buscavam conforto, seguran\u00e7a e a tranquilidade de um im\u00f3vel bem constru\u00eddo. O tempo passou, muitas fam\u00edlias continuaram a viver no pr\u00e9dio, onde tiveram e criaram seus filhos, que por sua vez, se casaram e passaram a frequentar o local com nova gera\u00e7\u00f5es \u2013 muitos netos dos moradores originais.<\/p>\n<p>A necessidade de revitalizar alguns espa\u00e7os do pr\u00e9dio se tornou inquestion\u00e1vel. Uma primeira etapa da obra j\u00e1 havia sido feita, mas n\u00e3o contemplara \u00e1reas de conv\u00edvio.<br \/>\nPara esses espa\u00e7os, numa segunda etapa de trabalhos, foi acionada a equipe da arquiteta<strong> Joice Pretel<\/strong>, do escrit\u00f3rio Joice Pretel Arquitetura, tamb\u00e9m de Bauru.\u00a0 Priorizando materiais com aspecto e texturas naturais, a profissional deu cara nova a \u00e1reas de conv\u00edvio do \u201cChic\u00e3o\u201d, criando ambientes leves, convidativos e repousantes.<\/p>\n<p>Um dos resultados mais impressionantes, pela harmonia e aconchego, fica sob um grande pergolado de madeira, em que um muro de pedras e uma divis\u00f3ria verde comp\u00f5em muito bem com mobili\u00e1rio de design limpo e arrojado, mas com muita leveza. Um terra\u00e7o externo com espa\u00e7o fogo acomodado num volume de destaque, recebeu bancos em madeira, cercamento natural que d\u00e1 privacidade e confere frescor aos dias mais quentes, que s\u00e3o comuns em Bauru.<\/p>\n<h3>Base natural<\/h3>\n<p><img loading=\"lazy\" decoding=\"async\" class=\"alignleft wp-image-1028 size-medium\" src=\"http:\/\/blog.ninamartinelli.com.br\/wp-content\/uploads\/2020\/05\/piso-cotto-vecchio-nero-300x300.jpg\" alt=\"\" width=\"300\" height=\"300\" srcset=\"https:\/\/ninamartinelli.com.br\/blog2\/wp-content\/uploads\/2020\/05\/piso-cotto-vecchio-nero-300x300.jpg 300w, https:\/\/ninamartinelli.com.br\/blog2\/wp-content\/uploads\/2020\/05\/piso-cotto-vecchio-nero-150x150.jpg 150w, https:\/\/ninamartinelli.com.br\/blog2\/wp-content\/uploads\/2020\/05\/piso-cotto-vecchio-nero-50x50.jpg 50w, https:\/\/ninamartinelli.com.br\/blog2\/wp-content\/uploads\/2020\/05\/piso-cotto-vecchio-nero.jpg 500w\" sizes=\"auto, (max-width: 300px) 100vw, 300px\" \/>Para harmonizar todas essas interven\u00e7\u00f5es com uma base bem org\u00e2nica, Joice Pretel escolheu o piso Cotto Vecchio Compose Nero, da Nina Martinelli. Foram utilizados cerca de 300 m\u00b2 do produto.<br \/>\nOferecido nas dimens\u00f5es desde 5&#215;5 at\u00e9 24 x 24 cm, o <strong>Cotto Vecchio Nero<\/strong> \u00e9 feito em cer\u00e2mica natural, com varia\u00e7\u00f5es na tonalidade t\u00edpicas de materiais cer\u00e2micos.<br \/>\nAssim como os demais pisos da Colezione Eleganza, o Cotto Vecchio\u00a0 Nero confere sofistica\u00e7\u00e3o aos ambientes, sejam eles internos ou externos. A pagina\u00e7\u00e3o com as dimens\u00f5es dispon\u00edveis eleva o grau de diferencia\u00e7\u00e3o, tornando o ambiente inigual\u00e1vel.<\/p>\n<p>Essas caracter\u00edsticas levaram Joice Pretel a escolher o produto. <em>\u201cEssa obra era um desafio pra n\u00f3s, porque trata-se de um pr\u00e9dio com hist\u00f3ria, simb\u00f3lico na cidade. Quer\u00edamos materiais naturais, que renovassem os ambientes de conv\u00edvio, mas sem serem agressivos, intrusos. Da\u00ed a escolha do <strong>Cotto Vecchio Nero<\/strong>, que al\u00e9m de trazer toda essa naturalidade, nos permitiu, com seus formatos variados, fazer uma pagina\u00e7\u00e3o diferenciada, com resultado muito bonito e agrad\u00e1vel\u201d<\/em>, diz ela.<\/p>\n<p>O piso foi adquirido na loja <strong>Ecoportinari<\/strong>, loja de uma rede que s\u00f3 inclui em seu portif\u00f3lio as mais celebradas marcas em pisos e revestimentos.<\/p>\n<hr \/>\n<p><img loading=\"lazy\" decoding=\"async\" class=\"size-full wp-image-1214 aligncenter\" src=\"http:\/\/blog.ninamartinelli.com.br\/wp-content\/uploads\/2020\/10\/cotto2.jpg\" alt=\"\" width=\"1000\" height=\"500\" srcset=\"https:\/\/ninamartinelli.com.br\/blog2\/wp-content\/uploads\/2020\/10\/cotto2.jpg 1000w, https:\/\/ninamartinelli.com.br\/blog2\/wp-content\/uploads\/2020\/10\/cotto2-300x150.jpg 300w, https:\/\/ninamartinelli.com.br\/blog2\/wp-content\/uploads\/2020\/10\/cotto2-768x384.jpg 768w\" sizes=\"auto, (max-width: 1000px) 100vw, 1000px\" \/><\/p>\n<p><img loading=\"lazy\" decoding=\"async\" class=\"size-full wp-image-1215 aligncenter\" src=\"http:\/\/blog.ninamartinelli.com.br\/wp-content\/uploads\/2020\/10\/cotto3.jpg\" alt=\"\" width=\"1000\" height=\"500\" srcset=\"https:\/\/ninamartinelli.com.br\/blog2\/wp-content\/uploads\/2020\/10\/cotto3.jpg 1000w, https:\/\/ninamartinelli.com.br\/blog2\/wp-content\/uploads\/2020\/10\/cotto3-300x150.jpg 300w, https:\/\/ninamartinelli.com.br\/blog2\/wp-content\/uploads\/2020\/10\/cotto3-768x384.jpg 768w\" sizes=\"auto, (max-width: 1000px) 100vw, 1000px\" \/><\/p>\n<p>&nbsp;<\/p>\n<hr \/>\n<h4>Edif\u00edcio Residencial Francisco Assis Moura \u2013 Chic\u00e3o \u2013 Bauru SP<br \/>\nRevitaliza\u00e7\u00e3o de \u00e1reas de conviv\u00eancia<br \/>\nCotto Vecchio Nero<br \/>\nProjeto: Joice Pretel Arquitetura <a href=\"https:\/\/www.instagram.com\/joicepretelarquitetura\/\" target=\"_blank\" rel=\"noopener noreferrer\">@joicepretelarquitetura<\/a><br \/>\nFotos: Mar\u00edlia Piotto &#8211; <a href=\"https:\/\/www.instagram.com\/marilia.piotto\/\" target=\"_blank\" rel=\"noopener noreferrer\">@marilia.piotto<\/a> para <a href=\"https:\/\/www.instagram.com\/ecoportinari\/\" target=\"_blank\" rel=\"noopener noreferrer\">@ecoportinari<\/a><\/h4>\n","protected":false},"excerpt":{"rendered":"<p>Constru\u00eddo nos anos 1980, o primeiro pr\u00e9dio de apartamentos de alto padr\u00e3o da cidade recebeu<\/p>\n","protected":false},"author":1,"featured_media":1213,"comment_status":"open","ping_status":"open","sticky":false,"template":"","format":"standard","meta":{"footnotes":""},"categories":[59,20,21,26],"tags":[38,24,85],"class_list":["post-1211","post","type-post","status-publish","format-standard","has-post-thumbnail","hentry","category-ceramica","category-colezione-eleganza","category-pisos","category-revestimentos","tag-cotto-vecchio","tag-piso","tag-piso-rustico"],"yoast_head":"<!-- This site is optimized with the Yoast SEO plugin v26.8 - https:\/\/yoast.com\/product\/yoast-seo-wordpress\/ -->\n<title>Edif\u00edcio ic\u00f4nico ganha \u00e1rea de conv\u00edvio revitalizada com Cotto Vecchio Nero - Blog Nina<\/title>\n<meta name=\"robots\" content=\"index, follow, max-snippet:-1, max-image-preview:large, max-video-preview:-1\" \/>\n<link rel=\"canonical\" href=\"https:\/\/ninamartinelli.com.br\/blog2\/edificio-iconico-ganha-area-de-convivio-revitalizada-com-cotto-vecchio-nero\/\" \/>\n<meta property=\"og:locale\" content=\"pt_BR\" \/>\n<meta property=\"og:type\" content=\"article\" \/>\n<meta property=\"og:title\" content=\"Edif\u00edcio ic\u00f4nico ganha \u00e1rea de conv\u00edvio revitalizada com Cotto Vecchio Nero - Blog Nina\" \/>\n<meta property=\"og:description\" content=\"Constru\u00eddo nos anos 1980, o primeiro pr\u00e9dio de apartamentos de alto padr\u00e3o da cidade recebeu\" \/>\n<meta property=\"og:url\" content=\"https:\/\/ninamartinelli.com.br\/blog2\/edificio-iconico-ganha-area-de-convivio-revitalizada-com-cotto-vecchio-nero\/\" \/>\n<meta property=\"og:site_name\" content=\"Blog Nina\" \/>\n<meta property=\"article:author\" content=\"http:\/\/facebook.com.br\/ninamartinellioficial\" \/>\n<meta property=\"article:published_time\" content=\"2020-10-01T20:19:03+00:00\" \/>\n<meta property=\"article:modified_time\" content=\"2021-02-22T13:50:39+00:00\" \/>\n<meta property=\"og:image\" content=\"https:\/\/ninamartinelli.com.br\/blog2\/wp-content\/uploads\/2020\/10\/cotto1.jpg\" \/>\n\t<meta property=\"og:image:width\" content=\"900\" \/>\n\t<meta property=\"og:image:height\" content=\"900\" \/>\n\t<meta property=\"og:image:type\" content=\"image\/jpeg\" \/>\n<meta name=\"author\" content=\"Comunica\u00e7\u00e3o Nina\" \/>\n<meta name=\"twitter:card\" content=\"summary_large_image\" \/>\n<meta name=\"twitter:label1\" content=\"Escrito por\" \/>\n\t<meta name=\"twitter:data1\" content=\"Comunica\u00e7\u00e3o Nina\" \/>\n\t<meta name=\"twitter:label2\" content=\"Est. tempo de leitura\" \/>\n\t<meta name=\"twitter:data2\" content=\"3 minutos\" \/>\n<script type=\"application\/ld+json\" class=\"yoast-schema-graph\">{\"@context\":\"https:\/\/schema.org\",\"@graph\":[{\"@type\":\"Article\",\"@id\":\"https:\/\/ninamartinelli.com.br\/blog2\/edificio-iconico-ganha-area-de-convivio-revitalizada-com-cotto-vecchio-nero\/#article\",\"isPartOf\":{\"@id\":\"https:\/\/ninamartinelli.com.br\/blog2\/edificio-iconico-ganha-area-de-convivio-revitalizada-com-cotto-vecchio-nero\/\"},\"author\":{\"name\":\"Comunica\u00e7\u00e3o Nina\",\"@id\":\"https:\/\/ninamartinelli.com.br\/blog2\/#\/schema\/person\/880a2cdee0a047e9b55254085d24f922\"},\"headline\":\"Edif\u00edcio ic\u00f4nico ganha \u00e1rea de conv\u00edvio revitalizada com Cotto Vecchio Nero\",\"datePublished\":\"2020-10-01T20:19:03+00:00\",\"dateModified\":\"2021-02-22T13:50:39+00:00\",\"mainEntityOfPage\":{\"@id\":\"https:\/\/ninamartinelli.com.br\/blog2\/edificio-iconico-ganha-area-de-convivio-revitalizada-com-cotto-vecchio-nero\/\"},\"wordCount\":665,\"commentCount\":0,\"publisher\":{\"@id\":\"https:\/\/ninamartinelli.com.br\/blog2\/#organization\"},\"image\":{\"@id\":\"https:\/\/ninamartinelli.com.br\/blog2\/edificio-iconico-ganha-area-de-convivio-revitalizada-com-cotto-vecchio-nero\/#primaryimage\"},\"thumbnailUrl\":\"https:\/\/ninamartinelli.com.br\/blog2\/wp-content\/uploads\/2020\/10\/cotto1.jpg\",\"keywords\":[\"cotto vecchio\",\"piso\",\"piso rustico\"],\"articleSection\":[\"Cer\u00e2mica\",\"Colezione Eleganza\",\"Pisos\",\"Revestimentos\"],\"inLanguage\":\"pt-BR\",\"potentialAction\":[{\"@type\":\"CommentAction\",\"name\":\"Comment\",\"target\":[\"https:\/\/ninamartinelli.com.br\/blog2\/edificio-iconico-ganha-area-de-convivio-revitalizada-com-cotto-vecchio-nero\/#respond\"]}]},{\"@type\":\"WebPage\",\"@id\":\"https:\/\/ninamartinelli.com.br\/blog2\/edificio-iconico-ganha-area-de-convivio-revitalizada-com-cotto-vecchio-nero\/\",\"url\":\"https:\/\/ninamartinelli.com.br\/blog2\/edificio-iconico-ganha-area-de-convivio-revitalizada-com-cotto-vecchio-nero\/\",\"name\":\"Edif\u00edcio ic\u00f4nico ganha \u00e1rea de conv\u00edvio revitalizada com Cotto Vecchio Nero - Blog Nina\",\"isPartOf\":{\"@id\":\"https:\/\/ninamartinelli.com.br\/blog2\/#website\"},\"primaryImageOfPage\":{\"@id\":\"https:\/\/ninamartinelli.com.br\/blog2\/edificio-iconico-ganha-area-de-convivio-revitalizada-com-cotto-vecchio-nero\/#primaryimage\"},\"image\":{\"@id\":\"https:\/\/ninamartinelli.com.br\/blog2\/edificio-iconico-ganha-area-de-convivio-revitalizada-com-cotto-vecchio-nero\/#primaryimage\"},\"thumbnailUrl\":\"https:\/\/ninamartinelli.com.br\/blog2\/wp-content\/uploads\/2020\/10\/cotto1.jpg\",\"datePublished\":\"2020-10-01T20:19:03+00:00\",\"dateModified\":\"2021-02-22T13:50:39+00:00\",\"breadcrumb\":{\"@id\":\"https:\/\/ninamartinelli.com.br\/blog2\/edificio-iconico-ganha-area-de-convivio-revitalizada-com-cotto-vecchio-nero\/#breadcrumb\"},\"inLanguage\":\"pt-BR\",\"potentialAction\":[{\"@type\":\"ReadAction\",\"target\":[\"https:\/\/ninamartinelli.com.br\/blog2\/edificio-iconico-ganha-area-de-convivio-revitalizada-com-cotto-vecchio-nero\/\"]}]},{\"@type\":\"ImageObject\",\"inLanguage\":\"pt-BR\",\"@id\":\"https:\/\/ninamartinelli.com.br\/blog2\/edificio-iconico-ganha-area-de-convivio-revitalizada-com-cotto-vecchio-nero\/#primaryimage\",\"url\":\"https:\/\/ninamartinelli.com.br\/blog2\/wp-content\/uploads\/2020\/10\/cotto1.jpg\",\"contentUrl\":\"https:\/\/ninamartinelli.com.br\/blog2\/wp-content\/uploads\/2020\/10\/cotto1.jpg\",\"width\":900,\"height\":900},{\"@type\":\"BreadcrumbList\",\"@id\":\"https:\/\/ninamartinelli.com.br\/blog2\/edificio-iconico-ganha-area-de-convivio-revitalizada-com-cotto-vecchio-nero\/#breadcrumb\",\"itemListElement\":[{\"@type\":\"ListItem\",\"position\":1,\"name\":\"In\u00edcio\",\"item\":\"https:\/\/ninamartinelli.com.br\/blog2\/\"},{\"@type\":\"ListItem\",\"position\":2,\"name\":\"Edif\u00edcio ic\u00f4nico ganha \u00e1rea de conv\u00edvio revitalizada com Cotto Vecchio Nero\"}]},{\"@type\":\"WebSite\",\"@id\":\"https:\/\/ninamartinelli.com.br\/blog2\/#website\",\"url\":\"https:\/\/ninamartinelli.com.br\/blog2\/\",\"name\":\"Nina Martinelli\",\"description\":\"#Nina_Martinelli\",\"publisher\":{\"@id\":\"https:\/\/ninamartinelli.com.br\/blog2\/#organization\"},\"potentialAction\":[{\"@type\":\"SearchAction\",\"target\":{\"@type\":\"EntryPoint\",\"urlTemplate\":\"https:\/\/ninamartinelli.com.br\/blog2\/?s={search_term_string}\"},\"query-input\":{\"@type\":\"PropertyValueSpecification\",\"valueRequired\":true,\"valueName\":\"search_term_string\"}}],\"inLanguage\":\"pt-BR\"},{\"@type\":\"Organization\",\"@id\":\"https:\/\/ninamartinelli.com.br\/blog2\/#organization\",\"name\":\"Blog Novidades\",\"url\":\"https:\/\/ninamartinelli.com.br\/blog2\/\",\"logo\":{\"@type\":\"ImageObject\",\"inLanguage\":\"pt-BR\",\"@id\":\"https:\/\/ninamartinelli.com.br\/blog2\/#\/schema\/logo\/image\/\",\"url\":\"http:\/\/blog.ninamartinelli.com.br\/wp-content\/uploads\/2022\/03\/logo_nina_blog.png\",\"contentUrl\":\"http:\/\/blog.ninamartinelli.com.br\/wp-content\/uploads\/2022\/03\/logo_nina_blog.png\",\"width\":500,\"height\":104,\"caption\":\"Blog Novidades\"},\"image\":{\"@id\":\"https:\/\/ninamartinelli.com.br\/blog2\/#\/schema\/logo\/image\/\"}},{\"@type\":\"Person\",\"@id\":\"https:\/\/ninamartinelli.com.br\/blog2\/#\/schema\/person\/880a2cdee0a047e9b55254085d24f922\",\"name\":\"Comunica\u00e7\u00e3o Nina\",\"image\":{\"@type\":\"ImageObject\",\"inLanguage\":\"pt-BR\",\"@id\":\"https:\/\/ninamartinelli.com.br\/blog2\/#\/schema\/person\/image\/\",\"url\":\"https:\/\/secure.gravatar.com\/avatar\/0d3d763fb83768dd001497d074d4c4f6?s=96&d=mm&r=g\",\"contentUrl\":\"https:\/\/secure.gravatar.com\/avatar\/0d3d763fb83768dd001497d074d4c4f6?s=96&d=mm&r=g\",\"caption\":\"Comunica\u00e7\u00e3o Nina\"},\"sameAs\":[\"http:\/\/ninamartinelli.com.br\",\"http:\/\/facebook.com.br\/ninamartinellioficial\",\"http:\/\/instagram.com\/ninamartinellioficial\"],\"url\":\"https:\/\/ninamartinelli.com.br\/blog2\/author\/nina\/\"}]}<\/script>\n<!-- \/ Yoast SEO plugin. -->","yoast_head_json":{"title":"Edif\u00edcio ic\u00f4nico ganha \u00e1rea de conv\u00edvio revitalizada com Cotto Vecchio Nero - Blog Nina","robots":{"index":"index","follow":"follow","max-snippet":"max-snippet:-1","max-image-preview":"max-image-preview:large","max-video-preview":"max-video-preview:-1"},"canonical":"https:\/\/ninamartinelli.com.br\/blog2\/edificio-iconico-ganha-area-de-convivio-revitalizada-com-cotto-vecchio-nero\/","og_locale":"pt_BR","og_type":"article","og_title":"Edif\u00edcio ic\u00f4nico ganha \u00e1rea de conv\u00edvio revitalizada com Cotto Vecchio Nero - Blog Nina","og_description":"Constru\u00eddo nos anos 1980, o primeiro pr\u00e9dio de apartamentos de alto padr\u00e3o da cidade recebeu","og_url":"https:\/\/ninamartinelli.com.br\/blog2\/edificio-iconico-ganha-area-de-convivio-revitalizada-com-cotto-vecchio-nero\/","og_site_name":"Blog Nina","article_author":"http:\/\/facebook.com.br\/ninamartinellioficial","article_published_time":"2020-10-01T20:19:03+00:00","article_modified_time":"2021-02-22T13:50:39+00:00","og_image":[{"width":900,"height":900,"url":"https:\/\/ninamartinelli.com.br\/blog2\/wp-content\/uploads\/2020\/10\/cotto1.jpg","type":"image\/jpeg"}],"author":"Comunica\u00e7\u00e3o Nina","twitter_card":"summary_large_image","twitter_misc":{"Escrito por":"Comunica\u00e7\u00e3o Nina","Est. tempo de leitura":"3 minutos"},"schema":{"@context":"https:\/\/schema.org","@graph":[{"@type":"Article","@id":"https:\/\/ninamartinelli.com.br\/blog2\/edificio-iconico-ganha-area-de-convivio-revitalizada-com-cotto-vecchio-nero\/#article","isPartOf":{"@id":"https:\/\/ninamartinelli.com.br\/blog2\/edificio-iconico-ganha-area-de-convivio-revitalizada-com-cotto-vecchio-nero\/"},"author":{"name":"Comunica\u00e7\u00e3o Nina","@id":"https:\/\/ninamartinelli.com.br\/blog2\/#\/schema\/person\/880a2cdee0a047e9b55254085d24f922"},"headline":"Edif\u00edcio ic\u00f4nico ganha \u00e1rea de conv\u00edvio revitalizada com Cotto Vecchio Nero","datePublished":"2020-10-01T20:19:03+00:00","dateModified":"2021-02-22T13:50:39+00:00","mainEntityOfPage":{"@id":"https:\/\/ninamartinelli.com.br\/blog2\/edificio-iconico-ganha-area-de-convivio-revitalizada-com-cotto-vecchio-nero\/"},"wordCount":665,"commentCount":0,"publisher":{"@id":"https:\/\/ninamartinelli.com.br\/blog2\/#organization"},"image":{"@id":"https:\/\/ninamartinelli.com.br\/blog2\/edificio-iconico-ganha-area-de-convivio-revitalizada-com-cotto-vecchio-nero\/#primaryimage"},"thumbnailUrl":"https:\/\/ninamartinelli.com.br\/blog2\/wp-content\/uploads\/2020\/10\/cotto1.jpg","keywords":["cotto vecchio","piso","piso rustico"],"articleSection":["Cer\u00e2mica","Colezione Eleganza","Pisos","Revestimentos"],"inLanguage":"pt-BR","potentialAction":[{"@type":"CommentAction","name":"Comment","target":["https:\/\/ninamartinelli.com.br\/blog2\/edificio-iconico-ganha-area-de-convivio-revitalizada-com-cotto-vecchio-nero\/#respond"]}]},{"@type":"WebPage","@id":"https:\/\/ninamartinelli.com.br\/blog2\/edificio-iconico-ganha-area-de-convivio-revitalizada-com-cotto-vecchio-nero\/","url":"https:\/\/ninamartinelli.com.br\/blog2\/edificio-iconico-ganha-area-de-convivio-revitalizada-com-cotto-vecchio-nero\/","name":"Edif\u00edcio ic\u00f4nico ganha \u00e1rea de conv\u00edvio revitalizada com Cotto Vecchio Nero - Blog Nina","isPartOf":{"@id":"https:\/\/ninamartinelli.com.br\/blog2\/#website"},"primaryImageOfPage":{"@id":"https:\/\/ninamartinelli.com.br\/blog2\/edificio-iconico-ganha-area-de-convivio-revitalizada-com-cotto-vecchio-nero\/#primaryimage"},"image":{"@id":"https:\/\/ninamartinelli.com.br\/blog2\/edificio-iconico-ganha-area-de-convivio-revitalizada-com-cotto-vecchio-nero\/#primaryimage"},"thumbnailUrl":"https:\/\/ninamartinelli.com.br\/blog2\/wp-content\/uploads\/2020\/10\/cotto1.jpg","datePublished":"2020-10-01T20:19:03+00:00","dateModified":"2021-02-22T13:50:39+00:00","breadcrumb":{"@id":"https:\/\/ninamartinelli.com.br\/blog2\/edificio-iconico-ganha-area-de-convivio-revitalizada-com-cotto-vecchio-nero\/#breadcrumb"},"inLanguage":"pt-BR","potentialAction":[{"@type":"ReadAction","target":["https:\/\/ninamartinelli.com.br\/blog2\/edificio-iconico-ganha-area-de-convivio-revitalizada-com-cotto-vecchio-nero\/"]}]},{"@type":"ImageObject","inLanguage":"pt-BR","@id":"https:\/\/ninamartinelli.com.br\/blog2\/edificio-iconico-ganha-area-de-convivio-revitalizada-com-cotto-vecchio-nero\/#primaryimage","url":"https:\/\/ninamartinelli.com.br\/blog2\/wp-content\/uploads\/2020\/10\/cotto1.jpg","contentUrl":"https:\/\/ninamartinelli.com.br\/blog2\/wp-content\/uploads\/2020\/10\/cotto1.jpg","width":900,"height":900},{"@type":"BreadcrumbList","@id":"https:\/\/ninamartinelli.com.br\/blog2\/edificio-iconico-ganha-area-de-convivio-revitalizada-com-cotto-vecchio-nero\/#breadcrumb","itemListElement":[{"@type":"ListItem","position":1,"name":"In\u00edcio","item":"https:\/\/ninamartinelli.com.br\/blog2\/"},{"@type":"ListItem","position":2,"name":"Edif\u00edcio ic\u00f4nico ganha \u00e1rea de conv\u00edvio revitalizada com Cotto Vecchio Nero"}]},{"@type":"WebSite","@id":"https:\/\/ninamartinelli.com.br\/blog2\/#website","url":"https:\/\/ninamartinelli.com.br\/blog2\/","name":"Nina Martinelli","description":"#Nina_Martinelli","publisher":{"@id":"https:\/\/ninamartinelli.com.br\/blog2\/#organization"},"potentialAction":[{"@type":"SearchAction","target":{"@type":"EntryPoint","urlTemplate":"https:\/\/ninamartinelli.com.br\/blog2\/?s={search_term_string}"},"query-input":{"@type":"PropertyValueSpecification","valueRequired":true,"valueName":"search_term_string"}}],"inLanguage":"pt-BR"},{"@type":"Organization","@id":"https:\/\/ninamartinelli.com.br\/blog2\/#organization","name":"Blog Novidades","url":"https:\/\/ninamartinelli.com.br\/blog2\/","logo":{"@type":"ImageObject","inLanguage":"pt-BR","@id":"https:\/\/ninamartinelli.com.br\/blog2\/#\/schema\/logo\/image\/","url":"http:\/\/blog.ninamartinelli.com.br\/wp-content\/uploads\/2022\/03\/logo_nina_blog.png","contentUrl":"http:\/\/blog.ninamartinelli.com.br\/wp-content\/uploads\/2022\/03\/logo_nina_blog.png","width":500,"height":104,"caption":"Blog Novidades"},"image":{"@id":"https:\/\/ninamartinelli.com.br\/blog2\/#\/schema\/logo\/image\/"}},{"@type":"Person","@id":"https:\/\/ninamartinelli.com.br\/blog2\/#\/schema\/person\/880a2cdee0a047e9b55254085d24f922","name":"Comunica\u00e7\u00e3o Nina","image":{"@type":"ImageObject","inLanguage":"pt-BR","@id":"https:\/\/ninamartinelli.com.br\/blog2\/#\/schema\/person\/image\/","url":"https:\/\/secure.gravatar.com\/avatar\/0d3d763fb83768dd001497d074d4c4f6?s=96&d=mm&r=g","contentUrl":"https:\/\/secure.gravatar.com\/avatar\/0d3d763fb83768dd001497d074d4c4f6?s=96&d=mm&r=g","caption":"Comunica\u00e7\u00e3o Nina"},"sameAs":["http:\/\/ninamartinelli.com.br","http:\/\/facebook.com.br\/ninamartinellioficial","http:\/\/instagram.com\/ninamartinellioficial"],"url":"https:\/\/ninamartinelli.com.br\/blog2\/author\/nina\/"}]}},"_links":{"self":[{"href":"https:\/\/ninamartinelli.com.br\/blog2\/wp-json\/wp\/v2\/posts\/1211","targetHints":{"allow":["GET"]}}],"collection":[{"href":"https:\/\/ninamartinelli.com.br\/blog2\/wp-json\/wp\/v2\/posts"}],"about":[{"href":"https:\/\/ninamartinelli.com.br\/blog2\/wp-json\/wp\/v2\/types\/post"}],"author":[{"embeddable":true,"href":"https:\/\/ninamartinelli.com.br\/blog2\/wp-json\/wp\/v2\/users\/1"}],"replies":[{"embeddable":true,"href":"https:\/\/ninamartinelli.com.br\/blog2\/wp-json\/wp\/v2\/comments?post=1211"}],"version-history":[{"count":7,"href":"https:\/\/ninamartinelli.com.br\/blog2\/wp-json\/wp\/v2\/posts\/1211\/revisions"}],"predecessor-version":[{"id":1323,"href":"https:\/\/ninamartinelli.com.br\/blog2\/wp-json\/wp\/v2\/posts\/1211\/revisions\/1323"}],"wp:featuredmedia":[{"embeddable":true,"href":"https:\/\/ninamartinelli.com.br\/blog2\/wp-json\/wp\/v2\/media\/1213"}],"wp:attachment":[{"href":"https:\/\/ninamartinelli.com.br\/blog2\/wp-json\/wp\/v2\/media?parent=1211"}],"wp:term":[{"taxonomy":"category","embeddable":true,"href":"https:\/\/ninamartinelli.com.br\/blog2\/wp-json\/wp\/v2\/categories?post=1211"},{"taxonomy":"post_tag","embeddable":true,"href":"https:\/\/ninamartinelli.com.br\/blog2\/wp-json\/wp\/v2\/tags?post=1211"}],"curies":[{"name":"wp","href":"https:\/\/api.w.org\/{rel}","templated":true}]}}