{"id":1196,"date":"2020-09-15T15:11:52","date_gmt":"2020-09-15T18:11:52","guid":{"rendered":"http:\/\/blog.ninamartinelli.com.br\/?p=1196"},"modified":"2020-09-21T09:54:37","modified_gmt":"2020-09-21T12:54:37","slug":"esagonale-compoe-ambiente-intimista-e-elegante-integrado-a-varanda-gourmet","status":"publish","type":"post","link":"https:\/\/ninamartinelli.com.br\/blog2\/esagonale-compoe-ambiente-intimista-e-elegante-integrado-a-varanda-gourmet\/","title":{"rendered":"Esagonale comp\u00f5e ambiente intimista e elegante integrado \u00e0 varanda gourmet"},"content":{"rendered":"<p><em><strong>Revestimento se tornou um pano de fundo inspirador para a sala de jantar, com toques requintados e acolhedores<\/strong><\/em><\/p>\n<p>As varandas s\u00e3o os grandes destaques nos projetos de interiores dos Edif\u00edcios Residenciais em terras capixabas. Entender sua melhor funcionalidade em garantir espa\u00e7os utilit\u00e1rios como home office, extens\u00e3o de um closet e at\u00e9 mesmo o de receber os amigos, sempre na sua maioria interligados com o conceito de integra\u00e7\u00e3o. Varanda Gourmet \u2013 foi esse o pedido desse jovem casal que queria transformar a sua varanda em um ambiente ideal para reunir os amigos e familiares no seu apartamento de 110m\u00b2 em Vila Velha\/ES.<\/p>\n<p>O escrit\u00f3rio <strong>Fernanda Fernandes Arquitetura e Urbanismo<\/strong> literalmente \u201cabra\u00e7ou\u201d essa miss\u00e3o criando um espa\u00e7o aconchegante e ao mesmo tempo sofisticado com o uso da madeira e da ilumina\u00e7\u00e3o que cria v\u00e1rias cenas. Clientes especiais que apreciam uma boa comida e adoram beber um bom vinho! Adoram reunir e confraternizar com amigos e fam\u00edlia!<br \/>\nA arquiteta Fernanda Fernandes criou o projeto com o conceito de uma parede \u00fanica que faz a integra\u00e7\u00e3o dos espa\u00e7os, utilizando de elementos e recursos que cria um visual harm\u00f4nico e convidativo no olhar.<\/p>\n<p>As ripas de madeira no teto que surgem coladas com a cristaleira da varanda e abra\u00e7am o conjunto do painel da TV comp\u00f5em o principal elemento de integra\u00e7\u00e3o, fazendo da varanda uma extens\u00e3o das salas de TV e de jantar e vice versa. Al\u00e9m do uso da madeira, o projeto foi composto por materiais nobres, porcelanato marmorizado, revestimento ciment\u00edcio, e tons de dourado nos perfis embutidos na marcenaria e na cristaleira de vidro reflecta bronze.<\/p>\n<p>Com tons neutros e compostos linearmente, os materiais se repetem e criam uma atmosfera harm\u00f4nica fazendo com que os espa\u00e7os se conversem.<br \/>\nA ilumina\u00e7\u00e3o c\u00eanica tamb\u00e9m destaca e valoriza os detalhes de cada ambiente. <em>\u201cDo gourmet passando pela sala de TV, emoldurada pelo uso dos espelhos e das ripas de madeira no teto, chegamos ao ambiente mais intimista e elegante do apartamento, a sala de jantar<\/em>\u201d, detalha ela.<\/p>\n<p><em>\u201cEsse espa\u00e7o a pedido dos clientes tinha que ser um ambiente pequeno, por\u00e9m acolhedor! Pensada com todo o cuidado e principalmente por fazer parte do primeiro visual de entrada do apartamento, a sala de jantar triunfa a abertura de toda a parede conceitual do projeto\u201d<\/em>, descreve.<\/p>\n<h3>Pano de fundo inspirador e elegante<\/h3>\n<p><img loading=\"lazy\" decoding=\"async\" class=\"alignleft wp-image-907 size-medium\" src=\"http:\/\/blog.ninamartinelli.com.br\/wp-content\/uploads\/2020\/02\/esagonale_nina_4-300x300.jpg\" alt=\"\" width=\"300\" height=\"300\" srcset=\"https:\/\/ninamartinelli.com.br\/blog2\/wp-content\/uploads\/2020\/02\/esagonale_nina_4-300x300.jpg 300w, https:\/\/ninamartinelli.com.br\/blog2\/wp-content\/uploads\/2020\/02\/esagonale_nina_4-150x150.jpg 150w, https:\/\/ninamartinelli.com.br\/blog2\/wp-content\/uploads\/2020\/02\/esagonale_nina_4-50x50.jpg 50w, https:\/\/ninamartinelli.com.br\/blog2\/wp-content\/uploads\/2020\/02\/esagonale_nina_4.jpg 500w\" sizes=\"auto, (max-width: 300px) 100vw, 300px\" \/>Para demarcar esse espa\u00e7o mais intimista dentro de todo o conjunto, a arquiteta criou como pano de fundo da mesa de jantar uma parede inspiradora e elegante com o revestimento<strong> Esagonale<\/strong> Nina Martinelli.<br \/>\nCom suas formas geom\u00e9tricas que produzem uma composi\u00e7\u00e3o marcante, o Esagonale \u00e9 perfeito para quem busca design e sofistica\u00e7\u00e3o. \u00c9 fabricado em corpo \u00fanico, sem emendas, o que garante aplica\u00e7\u00e3o com acabamento refinado e perfeito. As pe\u00e7as s\u00e3o disponibilizadas nas cores Bianco, Beige, Concreto e Grigio. Esta \u00faltima, foi a escolha da arquiteta para o caprichado espa\u00e7o.<br \/>\nO revestimento ciment\u00edcio utilizado no quadro de 2,35 m X 140 m, foi emoldurado por dois pain\u00e9is de laca com ilumina\u00e7\u00e3o embutida criando um cantinho acolhedor e prazeroso para o momento das refei\u00e7\u00f5es em fam\u00edlia.<\/p>\n<p><strong><em>\u201cA parede com o revestimento Esagonale vem completar o estilo requintado e aconchegante do espa\u00e7o. Ele comp\u00f5e os detalhes pensado em cada cantinho pela arquiteta, na composi\u00e7\u00e3o harm\u00f4nica dos elementos, cores e texturas\u201d<\/em><\/strong>, conclui a profissional.<\/p>\n<hr \/>\n<p>&nbsp;<\/p>\n<p>&nbsp;<\/p>\n<p><img loading=\"lazy\" decoding=\"async\" class=\"size-full wp-image-1203 aligncenter\" src=\"http:\/\/blog.ninamartinelli.com.br\/wp-content\/uploads\/2020\/09\/esagonale44.jpg\" alt=\"\" width=\"1000\" height=\"500\" srcset=\"https:\/\/ninamartinelli.com.br\/blog2\/wp-content\/uploads\/2020\/09\/esagonale44.jpg 1000w, https:\/\/ninamartinelli.com.br\/blog2\/wp-content\/uploads\/2020\/09\/esagonale44-300x150.jpg 300w, https:\/\/ninamartinelli.com.br\/blog2\/wp-content\/uploads\/2020\/09\/esagonale44-768x384.jpg 768w\" sizes=\"auto, (max-width: 1000px) 100vw, 1000px\" \/><\/p>\n<p><img loading=\"lazy\" decoding=\"async\" class=\"size-full wp-image-1202 aligncenter\" src=\"http:\/\/blog.ninamartinelli.com.br\/wp-content\/uploads\/2020\/09\/esagonale33.jpg\" alt=\"\" width=\"1000\" height=\"500\" srcset=\"https:\/\/ninamartinelli.com.br\/blog2\/wp-content\/uploads\/2020\/09\/esagonale33.jpg 1000w, https:\/\/ninamartinelli.com.br\/blog2\/wp-content\/uploads\/2020\/09\/esagonale33-300x150.jpg 300w, https:\/\/ninamartinelli.com.br\/blog2\/wp-content\/uploads\/2020\/09\/esagonale33-768x384.jpg 768w\" sizes=\"auto, (max-width: 1000px) 100vw, 1000px\" \/><\/p>\n<p><img loading=\"lazy\" decoding=\"async\" class=\"size-full wp-image-1201 aligncenter\" src=\"http:\/\/blog.ninamartinelli.com.br\/wp-content\/uploads\/2020\/09\/esagonale22.jpg\" alt=\"\" width=\"1000\" height=\"500\" srcset=\"https:\/\/ninamartinelli.com.br\/blog2\/wp-content\/uploads\/2020\/09\/esagonale22.jpg 1000w, https:\/\/ninamartinelli.com.br\/blog2\/wp-content\/uploads\/2020\/09\/esagonale22-300x150.jpg 300w, https:\/\/ninamartinelli.com.br\/blog2\/wp-content\/uploads\/2020\/09\/esagonale22-768x384.jpg 768w\" sizes=\"auto, (max-width: 1000px) 100vw, 1000px\" \/><\/p>\n<hr \/>\n<h4>Sala de Jantar integrada \u00e0 varanda gourmet em apartamento em Vila Velha\/ES<br \/>\nRevestimento Esagonale Bianco<br \/>\nProjeto: Fernanda Fernandes Arquitetura e Urbanismo &#8211; <a href=\"https:\/\/www.instagram.com\/fernandafernandesarquitetura\/\" target=\"_blank\" rel=\"noopener noreferrer\">@fernandafernandesarquitetura<\/a><br \/>\nFotos: Giovana Gon\u00e7alves &#8211; <a href=\"https:\/\/www.instagram.com\/giogoncalves.fotoarq\/\" target=\"_blank\" rel=\"noopener noreferrer\">@giogoncalves.fotoarq<\/a><\/h4>\n","protected":false},"excerpt":{"rendered":"<p>Revestimento se tornou um pano de fundo inspirador para a sala de jantar, com toques<\/p>\n","protected":false},"author":1,"featured_media":1200,"comment_status":"open","ping_status":"open","sticky":false,"template":"","format":"standard","meta":{"footnotes":""},"categories":[60,8,26],"tags":[],"class_list":["post-1196","post","type-post","status-publish","format-standard","has-post-thumbnail","hentry","category-cimento","category-colezione-cemento","category-revestimentos"],"yoast_head":"<!-- This site is optimized with the Yoast SEO plugin v26.8 - https:\/\/yoast.com\/product\/yoast-seo-wordpress\/ -->\n<title>Esagonale comp\u00f5e ambiente intimista e elegante integrado \u00e0 varanda gourmet - Blog Nina<\/title>\n<meta name=\"robots\" content=\"index, follow, max-snippet:-1, max-image-preview:large, max-video-preview:-1\" \/>\n<link rel=\"canonical\" href=\"https:\/\/ninamartinelli.com.br\/blog2\/esagonale-compoe-ambiente-intimista-e-elegante-integrado-a-varanda-gourmet\/\" \/>\n<meta property=\"og:locale\" content=\"pt_BR\" \/>\n<meta property=\"og:type\" content=\"article\" \/>\n<meta property=\"og:title\" content=\"Esagonale comp\u00f5e ambiente intimista e elegante integrado \u00e0 varanda gourmet - Blog Nina\" \/>\n<meta property=\"og:description\" content=\"Revestimento se tornou um pano de fundo inspirador para a sala de jantar, com toques\" \/>\n<meta property=\"og:url\" content=\"https:\/\/ninamartinelli.com.br\/blog2\/esagonale-compoe-ambiente-intimista-e-elegante-integrado-a-varanda-gourmet\/\" \/>\n<meta property=\"og:site_name\" content=\"Blog Nina\" \/>\n<meta property=\"article:author\" content=\"http:\/\/facebook.com.br\/ninamartinellioficial\" \/>\n<meta property=\"article:published_time\" content=\"2020-09-15T18:11:52+00:00\" \/>\n<meta property=\"article:modified_time\" content=\"2020-09-21T12:54:37+00:00\" \/>\n<meta property=\"og:image\" content=\"https:\/\/ninamartinelli.com.br\/blog2\/wp-content\/uploads\/2020\/09\/esagonale11.jpg\" \/>\n\t<meta property=\"og:image:width\" content=\"1000\" \/>\n\t<meta property=\"og:image:height\" content=\"1000\" \/>\n\t<meta property=\"og:image:type\" content=\"image\/jpeg\" \/>\n<meta name=\"author\" content=\"Comunica\u00e7\u00e3o Nina\" \/>\n<meta name=\"twitter:card\" content=\"summary_large_image\" \/>\n<meta name=\"twitter:label1\" content=\"Escrito por\" \/>\n\t<meta name=\"twitter:data1\" content=\"Comunica\u00e7\u00e3o Nina\" \/>\n\t<meta name=\"twitter:label2\" content=\"Est. tempo de leitura\" \/>\n\t<meta name=\"twitter:data2\" content=\"3 minutos\" \/>\n<script type=\"application\/ld+json\" class=\"yoast-schema-graph\">{\"@context\":\"https:\/\/schema.org\",\"@graph\":[{\"@type\":\"Article\",\"@id\":\"https:\/\/ninamartinelli.com.br\/blog2\/esagonale-compoe-ambiente-intimista-e-elegante-integrado-a-varanda-gourmet\/#article\",\"isPartOf\":{\"@id\":\"https:\/\/ninamartinelli.com.br\/blog2\/esagonale-compoe-ambiente-intimista-e-elegante-integrado-a-varanda-gourmet\/\"},\"author\":{\"name\":\"Comunica\u00e7\u00e3o Nina\",\"@id\":\"https:\/\/ninamartinelli.com.br\/blog2\/#\/schema\/person\/880a2cdee0a047e9b55254085d24f922\"},\"headline\":\"Esagonale comp\u00f5e ambiente intimista e elegante integrado \u00e0 varanda gourmet\",\"datePublished\":\"2020-09-15T18:11:52+00:00\",\"dateModified\":\"2020-09-21T12:54:37+00:00\",\"mainEntityOfPage\":{\"@id\":\"https:\/\/ninamartinelli.com.br\/blog2\/esagonale-compoe-ambiente-intimista-e-elegante-integrado-a-varanda-gourmet\/\"},\"wordCount\":628,\"commentCount\":0,\"publisher\":{\"@id\":\"https:\/\/ninamartinelli.com.br\/blog2\/#organization\"},\"image\":{\"@id\":\"https:\/\/ninamartinelli.com.br\/blog2\/esagonale-compoe-ambiente-intimista-e-elegante-integrado-a-varanda-gourmet\/#primaryimage\"},\"thumbnailUrl\":\"https:\/\/ninamartinelli.com.br\/blog2\/wp-content\/uploads\/2020\/09\/esagonale11.jpg\",\"articleSection\":[\"Cimento\",\"Colezione Cemento\",\"Revestimentos\"],\"inLanguage\":\"pt-BR\",\"potentialAction\":[{\"@type\":\"CommentAction\",\"name\":\"Comment\",\"target\":[\"https:\/\/ninamartinelli.com.br\/blog2\/esagonale-compoe-ambiente-intimista-e-elegante-integrado-a-varanda-gourmet\/#respond\"]}]},{\"@type\":\"WebPage\",\"@id\":\"https:\/\/ninamartinelli.com.br\/blog2\/esagonale-compoe-ambiente-intimista-e-elegante-integrado-a-varanda-gourmet\/\",\"url\":\"https:\/\/ninamartinelli.com.br\/blog2\/esagonale-compoe-ambiente-intimista-e-elegante-integrado-a-varanda-gourmet\/\",\"name\":\"Esagonale comp\u00f5e ambiente intimista e elegante integrado \u00e0 varanda gourmet - Blog Nina\",\"isPartOf\":{\"@id\":\"https:\/\/ninamartinelli.com.br\/blog2\/#website\"},\"primaryImageOfPage\":{\"@id\":\"https:\/\/ninamartinelli.com.br\/blog2\/esagonale-compoe-ambiente-intimista-e-elegante-integrado-a-varanda-gourmet\/#primaryimage\"},\"image\":{\"@id\":\"https:\/\/ninamartinelli.com.br\/blog2\/esagonale-compoe-ambiente-intimista-e-elegante-integrado-a-varanda-gourmet\/#primaryimage\"},\"thumbnailUrl\":\"https:\/\/ninamartinelli.com.br\/blog2\/wp-content\/uploads\/2020\/09\/esagonale11.jpg\",\"datePublished\":\"2020-09-15T18:11:52+00:00\",\"dateModified\":\"2020-09-21T12:54:37+00:00\",\"breadcrumb\":{\"@id\":\"https:\/\/ninamartinelli.com.br\/blog2\/esagonale-compoe-ambiente-intimista-e-elegante-integrado-a-varanda-gourmet\/#breadcrumb\"},\"inLanguage\":\"pt-BR\",\"potentialAction\":[{\"@type\":\"ReadAction\",\"target\":[\"https:\/\/ninamartinelli.com.br\/blog2\/esagonale-compoe-ambiente-intimista-e-elegante-integrado-a-varanda-gourmet\/\"]}]},{\"@type\":\"ImageObject\",\"inLanguage\":\"pt-BR\",\"@id\":\"https:\/\/ninamartinelli.com.br\/blog2\/esagonale-compoe-ambiente-intimista-e-elegante-integrado-a-varanda-gourmet\/#primaryimage\",\"url\":\"https:\/\/ninamartinelli.com.br\/blog2\/wp-content\/uploads\/2020\/09\/esagonale11.jpg\",\"contentUrl\":\"https:\/\/ninamartinelli.com.br\/blog2\/wp-content\/uploads\/2020\/09\/esagonale11.jpg\",\"width\":1000,\"height\":1000},{\"@type\":\"BreadcrumbList\",\"@id\":\"https:\/\/ninamartinelli.com.br\/blog2\/esagonale-compoe-ambiente-intimista-e-elegante-integrado-a-varanda-gourmet\/#breadcrumb\",\"itemListElement\":[{\"@type\":\"ListItem\",\"position\":1,\"name\":\"In\u00edcio\",\"item\":\"https:\/\/ninamartinelli.com.br\/blog2\/\"},{\"@type\":\"ListItem\",\"position\":2,\"name\":\"Esagonale comp\u00f5e ambiente intimista e elegante integrado \u00e0 varanda gourmet\"}]},{\"@type\":\"WebSite\",\"@id\":\"https:\/\/ninamartinelli.com.br\/blog2\/#website\",\"url\":\"https:\/\/ninamartinelli.com.br\/blog2\/\",\"name\":\"Nina Martinelli\",\"description\":\"#Nina_Martinelli\",\"publisher\":{\"@id\":\"https:\/\/ninamartinelli.com.br\/blog2\/#organization\"},\"potentialAction\":[{\"@type\":\"SearchAction\",\"target\":{\"@type\":\"EntryPoint\",\"urlTemplate\":\"https:\/\/ninamartinelli.com.br\/blog2\/?s={search_term_string}\"},\"query-input\":{\"@type\":\"PropertyValueSpecification\",\"valueRequired\":true,\"valueName\":\"search_term_string\"}}],\"inLanguage\":\"pt-BR\"},{\"@type\":\"Organization\",\"@id\":\"https:\/\/ninamartinelli.com.br\/blog2\/#organization\",\"name\":\"Blog Novidades\",\"url\":\"https:\/\/ninamartinelli.com.br\/blog2\/\",\"logo\":{\"@type\":\"ImageObject\",\"inLanguage\":\"pt-BR\",\"@id\":\"https:\/\/ninamartinelli.com.br\/blog2\/#\/schema\/logo\/image\/\",\"url\":\"http:\/\/blog.ninamartinelli.com.br\/wp-content\/uploads\/2022\/03\/logo_nina_blog.png\",\"contentUrl\":\"http:\/\/blog.ninamartinelli.com.br\/wp-content\/uploads\/2022\/03\/logo_nina_blog.png\",\"width\":500,\"height\":104,\"caption\":\"Blog Novidades\"},\"image\":{\"@id\":\"https:\/\/ninamartinelli.com.br\/blog2\/#\/schema\/logo\/image\/\"}},{\"@type\":\"Person\",\"@id\":\"https:\/\/ninamartinelli.com.br\/blog2\/#\/schema\/person\/880a2cdee0a047e9b55254085d24f922\",\"name\":\"Comunica\u00e7\u00e3o Nina\",\"image\":{\"@type\":\"ImageObject\",\"inLanguage\":\"pt-BR\",\"@id\":\"https:\/\/ninamartinelli.com.br\/blog2\/#\/schema\/person\/image\/\",\"url\":\"https:\/\/secure.gravatar.com\/avatar\/0d3d763fb83768dd001497d074d4c4f6?s=96&d=mm&r=g\",\"contentUrl\":\"https:\/\/secure.gravatar.com\/avatar\/0d3d763fb83768dd001497d074d4c4f6?s=96&d=mm&r=g\",\"caption\":\"Comunica\u00e7\u00e3o Nina\"},\"sameAs\":[\"http:\/\/ninamartinelli.com.br\",\"http:\/\/facebook.com.br\/ninamartinellioficial\",\"http:\/\/instagram.com\/ninamartinellioficial\"],\"url\":\"https:\/\/ninamartinelli.com.br\/blog2\/author\/nina\/\"}]}<\/script>\n<!-- \/ Yoast SEO plugin. -->","yoast_head_json":{"title":"Esagonale comp\u00f5e ambiente intimista e elegante integrado \u00e0 varanda gourmet - Blog Nina","robots":{"index":"index","follow":"follow","max-snippet":"max-snippet:-1","max-image-preview":"max-image-preview:large","max-video-preview":"max-video-preview:-1"},"canonical":"https:\/\/ninamartinelli.com.br\/blog2\/esagonale-compoe-ambiente-intimista-e-elegante-integrado-a-varanda-gourmet\/","og_locale":"pt_BR","og_type":"article","og_title":"Esagonale comp\u00f5e ambiente intimista e elegante integrado \u00e0 varanda gourmet - Blog Nina","og_description":"Revestimento se tornou um pano de fundo inspirador para a sala de jantar, com toques","og_url":"https:\/\/ninamartinelli.com.br\/blog2\/esagonale-compoe-ambiente-intimista-e-elegante-integrado-a-varanda-gourmet\/","og_site_name":"Blog Nina","article_author":"http:\/\/facebook.com.br\/ninamartinellioficial","article_published_time":"2020-09-15T18:11:52+00:00","article_modified_time":"2020-09-21T12:54:37+00:00","og_image":[{"width":1000,"height":1000,"url":"https:\/\/ninamartinelli.com.br\/blog2\/wp-content\/uploads\/2020\/09\/esagonale11.jpg","type":"image\/jpeg"}],"author":"Comunica\u00e7\u00e3o Nina","twitter_card":"summary_large_image","twitter_misc":{"Escrito por":"Comunica\u00e7\u00e3o Nina","Est. tempo de leitura":"3 minutos"},"schema":{"@context":"https:\/\/schema.org","@graph":[{"@type":"Article","@id":"https:\/\/ninamartinelli.com.br\/blog2\/esagonale-compoe-ambiente-intimista-e-elegante-integrado-a-varanda-gourmet\/#article","isPartOf":{"@id":"https:\/\/ninamartinelli.com.br\/blog2\/esagonale-compoe-ambiente-intimista-e-elegante-integrado-a-varanda-gourmet\/"},"author":{"name":"Comunica\u00e7\u00e3o Nina","@id":"https:\/\/ninamartinelli.com.br\/blog2\/#\/schema\/person\/880a2cdee0a047e9b55254085d24f922"},"headline":"Esagonale comp\u00f5e ambiente intimista e elegante integrado \u00e0 varanda gourmet","datePublished":"2020-09-15T18:11:52+00:00","dateModified":"2020-09-21T12:54:37+00:00","mainEntityOfPage":{"@id":"https:\/\/ninamartinelli.com.br\/blog2\/esagonale-compoe-ambiente-intimista-e-elegante-integrado-a-varanda-gourmet\/"},"wordCount":628,"commentCount":0,"publisher":{"@id":"https:\/\/ninamartinelli.com.br\/blog2\/#organization"},"image":{"@id":"https:\/\/ninamartinelli.com.br\/blog2\/esagonale-compoe-ambiente-intimista-e-elegante-integrado-a-varanda-gourmet\/#primaryimage"},"thumbnailUrl":"https:\/\/ninamartinelli.com.br\/blog2\/wp-content\/uploads\/2020\/09\/esagonale11.jpg","articleSection":["Cimento","Colezione Cemento","Revestimentos"],"inLanguage":"pt-BR","potentialAction":[{"@type":"CommentAction","name":"Comment","target":["https:\/\/ninamartinelli.com.br\/blog2\/esagonale-compoe-ambiente-intimista-e-elegante-integrado-a-varanda-gourmet\/#respond"]}]},{"@type":"WebPage","@id":"https:\/\/ninamartinelli.com.br\/blog2\/esagonale-compoe-ambiente-intimista-e-elegante-integrado-a-varanda-gourmet\/","url":"https:\/\/ninamartinelli.com.br\/blog2\/esagonale-compoe-ambiente-intimista-e-elegante-integrado-a-varanda-gourmet\/","name":"Esagonale comp\u00f5e ambiente intimista e elegante integrado \u00e0 varanda gourmet - Blog Nina","isPartOf":{"@id":"https:\/\/ninamartinelli.com.br\/blog2\/#website"},"primaryImageOfPage":{"@id":"https:\/\/ninamartinelli.com.br\/blog2\/esagonale-compoe-ambiente-intimista-e-elegante-integrado-a-varanda-gourmet\/#primaryimage"},"image":{"@id":"https:\/\/ninamartinelli.com.br\/blog2\/esagonale-compoe-ambiente-intimista-e-elegante-integrado-a-varanda-gourmet\/#primaryimage"},"thumbnailUrl":"https:\/\/ninamartinelli.com.br\/blog2\/wp-content\/uploads\/2020\/09\/esagonale11.jpg","datePublished":"2020-09-15T18:11:52+00:00","dateModified":"2020-09-21T12:54:37+00:00","breadcrumb":{"@id":"https:\/\/ninamartinelli.com.br\/blog2\/esagonale-compoe-ambiente-intimista-e-elegante-integrado-a-varanda-gourmet\/#breadcrumb"},"inLanguage":"pt-BR","potentialAction":[{"@type":"ReadAction","target":["https:\/\/ninamartinelli.com.br\/blog2\/esagonale-compoe-ambiente-intimista-e-elegante-integrado-a-varanda-gourmet\/"]}]},{"@type":"ImageObject","inLanguage":"pt-BR","@id":"https:\/\/ninamartinelli.com.br\/blog2\/esagonale-compoe-ambiente-intimista-e-elegante-integrado-a-varanda-gourmet\/#primaryimage","url":"https:\/\/ninamartinelli.com.br\/blog2\/wp-content\/uploads\/2020\/09\/esagonale11.jpg","contentUrl":"https:\/\/ninamartinelli.com.br\/blog2\/wp-content\/uploads\/2020\/09\/esagonale11.jpg","width":1000,"height":1000},{"@type":"BreadcrumbList","@id":"https:\/\/ninamartinelli.com.br\/blog2\/esagonale-compoe-ambiente-intimista-e-elegante-integrado-a-varanda-gourmet\/#breadcrumb","itemListElement":[{"@type":"ListItem","position":1,"name":"In\u00edcio","item":"https:\/\/ninamartinelli.com.br\/blog2\/"},{"@type":"ListItem","position":2,"name":"Esagonale comp\u00f5e ambiente intimista e elegante integrado \u00e0 varanda gourmet"}]},{"@type":"WebSite","@id":"https:\/\/ninamartinelli.com.br\/blog2\/#website","url":"https:\/\/ninamartinelli.com.br\/blog2\/","name":"Nina Martinelli","description":"#Nina_Martinelli","publisher":{"@id":"https:\/\/ninamartinelli.com.br\/blog2\/#organization"},"potentialAction":[{"@type":"SearchAction","target":{"@type":"EntryPoint","urlTemplate":"https:\/\/ninamartinelli.com.br\/blog2\/?s={search_term_string}"},"query-input":{"@type":"PropertyValueSpecification","valueRequired":true,"valueName":"search_term_string"}}],"inLanguage":"pt-BR"},{"@type":"Organization","@id":"https:\/\/ninamartinelli.com.br\/blog2\/#organization","name":"Blog Novidades","url":"https:\/\/ninamartinelli.com.br\/blog2\/","logo":{"@type":"ImageObject","inLanguage":"pt-BR","@id":"https:\/\/ninamartinelli.com.br\/blog2\/#\/schema\/logo\/image\/","url":"http:\/\/blog.ninamartinelli.com.br\/wp-content\/uploads\/2022\/03\/logo_nina_blog.png","contentUrl":"http:\/\/blog.ninamartinelli.com.br\/wp-content\/uploads\/2022\/03\/logo_nina_blog.png","width":500,"height":104,"caption":"Blog Novidades"},"image":{"@id":"https:\/\/ninamartinelli.com.br\/blog2\/#\/schema\/logo\/image\/"}},{"@type":"Person","@id":"https:\/\/ninamartinelli.com.br\/blog2\/#\/schema\/person\/880a2cdee0a047e9b55254085d24f922","name":"Comunica\u00e7\u00e3o Nina","image":{"@type":"ImageObject","inLanguage":"pt-BR","@id":"https:\/\/ninamartinelli.com.br\/blog2\/#\/schema\/person\/image\/","url":"https:\/\/secure.gravatar.com\/avatar\/0d3d763fb83768dd001497d074d4c4f6?s=96&d=mm&r=g","contentUrl":"https:\/\/secure.gravatar.com\/avatar\/0d3d763fb83768dd001497d074d4c4f6?s=96&d=mm&r=g","caption":"Comunica\u00e7\u00e3o Nina"},"sameAs":["http:\/\/ninamartinelli.com.br","http:\/\/facebook.com.br\/ninamartinellioficial","http:\/\/instagram.com\/ninamartinellioficial"],"url":"https:\/\/ninamartinelli.com.br\/blog2\/author\/nina\/"}]}},"_links":{"self":[{"href":"https:\/\/ninamartinelli.com.br\/blog2\/wp-json\/wp\/v2\/posts\/1196","targetHints":{"allow":["GET"]}}],"collection":[{"href":"https:\/\/ninamartinelli.com.br\/blog2\/wp-json\/wp\/v2\/posts"}],"about":[{"href":"https:\/\/ninamartinelli.com.br\/blog2\/wp-json\/wp\/v2\/types\/post"}],"author":[{"embeddable":true,"href":"https:\/\/ninamartinelli.com.br\/blog2\/wp-json\/wp\/v2\/users\/1"}],"replies":[{"embeddable":true,"href":"https:\/\/ninamartinelli.com.br\/blog2\/wp-json\/wp\/v2\/comments?post=1196"}],"version-history":[{"count":9,"href":"https:\/\/ninamartinelli.com.br\/blog2\/wp-json\/wp\/v2\/posts\/1196\/revisions"}],"predecessor-version":[{"id":1209,"href":"https:\/\/ninamartinelli.com.br\/blog2\/wp-json\/wp\/v2\/posts\/1196\/revisions\/1209"}],"wp:featuredmedia":[{"embeddable":true,"href":"https:\/\/ninamartinelli.com.br\/blog2\/wp-json\/wp\/v2\/media\/1200"}],"wp:attachment":[{"href":"https:\/\/ninamartinelli.com.br\/blog2\/wp-json\/wp\/v2\/media?parent=1196"}],"wp:term":[{"taxonomy":"category","embeddable":true,"href":"https:\/\/ninamartinelli.com.br\/blog2\/wp-json\/wp\/v2\/categories?post=1196"},{"taxonomy":"post_tag","embeddable":true,"href":"https:\/\/ninamartinelli.com.br\/blog2\/wp-json\/wp\/v2\/tags?post=1196"}],"curies":[{"name":"wp","href":"https:\/\/api.w.org\/{rel}","templated":true}]}}