{"id":1181,"date":"2020-08-28T11:01:26","date_gmt":"2020-08-28T14:01:26","guid":{"rendered":"http:\/\/blog.ninamartinelli.com.br\/?p=1181"},"modified":"2020-08-28T11:11:07","modified_gmt":"2020-08-28T14:11:07","slug":"escada-que-brinca-com-a-luz-flerta-com-o-revestimento","status":"publish","type":"post","link":"https:\/\/ninamartinelli.com.br\/blog2\/escada-que-brinca-com-a-luz-flerta-com-o-revestimento\/","title":{"rendered":"Escada que brinca com a luz, flerta com o revestimento e surpreende o olhar"},"content":{"rendered":"<p><em><strong>Numa linda casa de 350 m\u00b2, o ciment\u00edcio Immagine, da Nina Martinelli, somou personalidade ao elemento que conecta dois pavimentos e convida \u00e0 contempla\u00e7\u00e3o.<\/strong><\/em><\/p>\n<p>Um dos elementos mais importantes da arquitetura, al\u00e9m de conectar diferentes pavimentos de uma edifica\u00e7\u00e3o, a escada, muitas vezes, se torna protagonista de um projeto, influenciando e modificando a nossa percep\u00e7\u00e3o dos espa\u00e7os.\u00a0 Foi exatamente o que aconteceu nessa lind\u00edssima casa de 350 m\u00b2, idealizada do zero \u2013 ou antes mesmo do zero, pelo arquiteto e Lighting Designer <strong>Danilo Borges<\/strong>, do Studio Arquitetura, de Ribeir\u00e3o Preto.<\/p>\n<p>Atendendo a um cliente de Uberl\u00e2ndia, Danilo orientou desde a escolha do terreno, num bairro residencial dessa important\u00edssima cidade do Tri\u00e2ngulo Mineiro, onde um jovem m\u00e9dico queria construir uma casa que se destacasse na regi\u00e3o.<em> \u201cOs principais desejos do meu cliente eram de que a casa fosse no estilo contempor\u00e2neo, sobressa\u00edsse na rua e tivesse um certo grau de monumentalidade\u201d<\/em>, explica o profissional.<\/p>\n<p>O ponto de partida para realizar tais desejos foi justamente a escada, cuja loca\u00e7\u00e3o no terreno antecedeu ao pr\u00f3prio projeto em si, que \u00e9 composto por volumetria reta e v\u00e1rios blocos que se encaixam, criando \u00e2ngulos e recortes que s\u00e3o, ao mesmo tempo, robustos e leves. A\u00a0partir da defini\u00e7\u00e3o da posi\u00e7\u00e3o e da forma da escada, em dois confort\u00e1veis lances com boa largura, Danilo criou tamb\u00e9m uma passarela ligando os dois blocos que comp\u00f5em o segundo pavimento. E \u201crasgou\u201d na parede de fundo da escada duas grandes aberturas, transformadas em janelas verticalizadas que v\u00e3o do piso ao teto e, l\u00e1 em cima, se convertem em peda\u00e7os do pr\u00f3prio teto, transl\u00facido.<\/p>\n<p><img loading=\"lazy\" decoding=\"async\" class=\"alignleft wp-image-1191 size-medium\" src=\"http:\/\/blog.ninamartinelli.com.br\/wp-content\/uploads\/2020\/08\/REVESTIMENTO-IMMAGINE-300x300.jpg\" alt=\"\" width=\"300\" height=\"300\" srcset=\"https:\/\/ninamartinelli.com.br\/blog2\/wp-content\/uploads\/2020\/08\/REVESTIMENTO-IMMAGINE-300x300.jpg 300w, https:\/\/ninamartinelli.com.br\/blog2\/wp-content\/uploads\/2020\/08\/REVESTIMENTO-IMMAGINE-150x150.jpg 150w, https:\/\/ninamartinelli.com.br\/blog2\/wp-content\/uploads\/2020\/08\/REVESTIMENTO-IMMAGINE-50x50.jpg 50w, https:\/\/ninamartinelli.com.br\/blog2\/wp-content\/uploads\/2020\/08\/REVESTIMENTO-IMMAGINE.jpg 500w\" sizes=\"auto, (max-width: 300px) 100vw, 300px\" \/>Essas duas grandes aberturas e as claraboias que se formaram fazem fluir de maneira intensa a luminosidade natural para dentro do im\u00f3vel. Mas, sobre luz, falaremos mais adiante.<br \/>\nVoltemos \u00e0 composi\u00e7\u00e3o desse grande conjunto da escada, revestida em porcelanato branco e com a parede de fundo \u2013 de novo, ela, al\u00e7ada \u00e0 condi\u00e7\u00e3o de cen\u00e1rio, recoberta com o revestimento ciment\u00edcio <strong>Immagine<\/strong>, da Nina Martinelli. Integrante da Colezione Cemento, o Immagine tem como principais caracter\u00edsticas o jogo de relevos e o acabamento cuidadosamente heterog\u00eaneo, ou seja, com varia\u00e7\u00f5es de ondula\u00e7\u00e3o e arestas que tornam sua apar\u00eancia extremamente natural.<br \/>\nO revestimento \u00e9 disponibilizado com segmentos nas dimens\u00f5es 37,5 x 37,5 cm \/18,75 x 18,75 cm \/ 9,38 x 18,75 cm \/9,38 x 9,38 cm e nas cores bianco, beige, grigio e concreto, esta \u00faltima a cor escolhida por Danilo para a parede, que deu \u00e0 escada naturalmente o aspecto emblem\u00e1tico e monumental que cliente e arquiteto buscavam.<\/p>\n<p><em>\u201cO Immagine comp\u00f4s muito bem com outros elementos com essa pegada, que n\u00f3s tamb\u00e9m utilizamos no projeto, como a pedra madeira. Eu n\u00e3o queria nada muito certinho, muito uniforme. Queria alguma padroniza\u00e7\u00e3o, mas ainda assim algo mais solto\u201d,<\/em> explica Danilo. <em>\u201cFoi impressionante o efeito que fomos notando j\u00e1 durante o assentamento das pe\u00e7as na parede. A escada foi \u2018aparecendo\u2019 e se transformando realmente naquele elemento suntuoso que quer\u00edamos\u201d<\/em>, descreve ele.<\/p>\n<h3>Ilumina\u00e7\u00e3o, um cap\u00edtulo \u00e0 parte<\/h3>\n<p>Destaque importante \u00e9 o projeto luminot\u00e9cnico criado por Danilo, e que se revela de forma muito impactante \u00e0 noite, quando tr\u00eas pontos de luz posicionados no teto, bem pr\u00f3ximos \u00e0 parede, produzem o efeito chamado \u201cwall grazing\u201d, ressaltando o relevo do revestimento, num sedutor jogo de luz e sombras. Para que todo o conjunto possa ser admirado e tamb\u00e9m permita a contempla\u00e7\u00e3o da pr\u00f3pria sala de onde brota a escada, Danilo escolheu um corrim\u00e3o de vidro, mesmo material com o qual fechou o grande v\u00e3o da passarela, deixando a vis\u00e3o livre para apreciar todas as nuances dos ambientes.<\/p>\n<p>Como resultado, a escada, sua moldura e complementos adquiriram um aspecto grandioso, escultural e muito personalizado.<br \/>\nO cliente ficou mais do que satisfeito, e Danilo afirma que a escolha do Immagine n\u00e3o poderia ter sido mais acertada. \u201c<em>O resultado \u00e9 magn\u00edfico. E eu que sempre gostei muito dos produtos Nina Martinelli, consolidei ainda mais essa minha percep\u00e7\u00e3o da sua beleza, qualidade e funcionalidade\u201d<\/em>, finaliza.<\/p>\n<hr \/>\n<p><img loading=\"lazy\" decoding=\"async\" class=\"size-full wp-image-1187 aligncenter\" src=\"http:\/\/blog.ninamartinelli.com.br\/wp-content\/uploads\/2020\/08\/immagine2.jpg\" alt=\"\" width=\"1000\" height=\"500\" srcset=\"https:\/\/ninamartinelli.com.br\/blog2\/wp-content\/uploads\/2020\/08\/immagine2.jpg 1000w, https:\/\/ninamartinelli.com.br\/blog2\/wp-content\/uploads\/2020\/08\/immagine2-300x150.jpg 300w, https:\/\/ninamartinelli.com.br\/blog2\/wp-content\/uploads\/2020\/08\/immagine2-768x384.jpg 768w\" sizes=\"auto, (max-width: 1000px) 100vw, 1000px\" \/><\/p>\n<p><img loading=\"lazy\" decoding=\"async\" class=\"size-full wp-image-1188 aligncenter\" src=\"http:\/\/blog.ninamartinelli.com.br\/wp-content\/uploads\/2020\/08\/immagine3.jpg\" alt=\"\" width=\"1000\" height=\"500\" srcset=\"https:\/\/ninamartinelli.com.br\/blog2\/wp-content\/uploads\/2020\/08\/immagine3.jpg 1000w, https:\/\/ninamartinelli.com.br\/blog2\/wp-content\/uploads\/2020\/08\/immagine3-300x150.jpg 300w, https:\/\/ninamartinelli.com.br\/blog2\/wp-content\/uploads\/2020\/08\/immagine3-768x384.jpg 768w\" sizes=\"auto, (max-width: 1000px) 100vw, 1000px\" \/><\/p>\n<p><img loading=\"lazy\" decoding=\"async\" class=\"size-full wp-image-1189 aligncenter\" src=\"http:\/\/blog.ninamartinelli.com.br\/wp-content\/uploads\/2020\/08\/immagine4.jpg\" alt=\"\" width=\"1000\" height=\"500\" srcset=\"https:\/\/ninamartinelli.com.br\/blog2\/wp-content\/uploads\/2020\/08\/immagine4.jpg 1000w, https:\/\/ninamartinelli.com.br\/blog2\/wp-content\/uploads\/2020\/08\/immagine4-300x150.jpg 300w, https:\/\/ninamartinelli.com.br\/blog2\/wp-content\/uploads\/2020\/08\/immagine4-768x384.jpg 768w\" sizes=\"auto, (max-width: 1000px) 100vw, 1000px\" \/><\/p>\n<hr \/>\n<h4>Revestimento Immagine<br \/>\nProjeto: Danilo Borges \u2013 Studio Arquitetura \u2013 <a href=\"https:\/\/www.instagram.com\/studio.daniloborges\/\" target=\"_blank\" rel=\"noopener noreferrer\">@studio.daniloborges<\/a><br \/>\nFotos: Murilo Gharrber &#8211; <a href=\"https:\/\/www.instagram.com\/gharrber\/\" target=\"_blank\" rel=\"noopener noreferrer\">@gharrber<\/a><\/h4>\n","protected":false},"excerpt":{"rendered":"<p>Numa linda casa de 350 m\u00b2, o ciment\u00edcio Immagine, da Nina Martinelli, somou personalidade ao<\/p>\n","protected":false},"author":1,"featured_media":1186,"comment_status":"open","ping_status":"open","sticky":false,"template":"","format":"standard","meta":{"footnotes":""},"categories":[60,8,26],"tags":[84,46],"class_list":["post-1181","post","type-post","status-publish","format-standard","has-post-thumbnail","hentry","category-cimento","category-colezione-cemento","category-revestimentos","tag-escada","tag-revestimento"],"yoast_head":"<!-- This site is optimized with the Yoast SEO plugin v26.8 - https:\/\/yoast.com\/product\/yoast-seo-wordpress\/ -->\n<title>Escada que brinca com a luz, flerta com o revestimento e surpreende o olhar - Blog Nina<\/title>\n<meta name=\"robots\" content=\"index, follow, max-snippet:-1, max-image-preview:large, max-video-preview:-1\" \/>\n<link rel=\"canonical\" href=\"https:\/\/ninamartinelli.com.br\/blog2\/escada-que-brinca-com-a-luz-flerta-com-o-revestimento\/\" \/>\n<meta property=\"og:locale\" content=\"pt_BR\" \/>\n<meta property=\"og:type\" content=\"article\" \/>\n<meta property=\"og:title\" content=\"Escada que brinca com a luz, flerta com o revestimento e surpreende o olhar - Blog Nina\" \/>\n<meta property=\"og:description\" content=\"Numa linda casa de 350 m\u00b2, o ciment\u00edcio Immagine, da Nina Martinelli, somou personalidade ao\" \/>\n<meta property=\"og:url\" content=\"https:\/\/ninamartinelli.com.br\/blog2\/escada-que-brinca-com-a-luz-flerta-com-o-revestimento\/\" \/>\n<meta property=\"og:site_name\" content=\"Blog Nina\" \/>\n<meta property=\"article:author\" content=\"http:\/\/facebook.com.br\/ninamartinellioficial\" \/>\n<meta property=\"article:published_time\" content=\"2020-08-28T14:01:26+00:00\" \/>\n<meta property=\"article:modified_time\" content=\"2020-08-28T14:11:07+00:00\" \/>\n<meta property=\"og:image\" content=\"https:\/\/ninamartinelli.com.br\/blog2\/wp-content\/uploads\/2020\/08\/immagine1.jpg\" \/>\n\t<meta property=\"og:image:width\" content=\"1000\" \/>\n\t<meta property=\"og:image:height\" content=\"1000\" \/>\n\t<meta property=\"og:image:type\" content=\"image\/jpeg\" \/>\n<meta name=\"author\" content=\"Comunica\u00e7\u00e3o Nina\" \/>\n<meta name=\"twitter:card\" content=\"summary_large_image\" \/>\n<meta name=\"twitter:label1\" content=\"Escrito por\" \/>\n\t<meta name=\"twitter:data1\" content=\"Comunica\u00e7\u00e3o Nina\" \/>\n\t<meta name=\"twitter:label2\" content=\"Est. tempo de leitura\" \/>\n\t<meta name=\"twitter:data2\" content=\"4 minutos\" \/>\n<script type=\"application\/ld+json\" class=\"yoast-schema-graph\">{\"@context\":\"https:\/\/schema.org\",\"@graph\":[{\"@type\":\"Article\",\"@id\":\"https:\/\/ninamartinelli.com.br\/blog2\/escada-que-brinca-com-a-luz-flerta-com-o-revestimento\/#article\",\"isPartOf\":{\"@id\":\"https:\/\/ninamartinelli.com.br\/blog2\/escada-que-brinca-com-a-luz-flerta-com-o-revestimento\/\"},\"author\":{\"name\":\"Comunica\u00e7\u00e3o Nina\",\"@id\":\"https:\/\/ninamartinelli.com.br\/blog2\/#\/schema\/person\/880a2cdee0a047e9b55254085d24f922\"},\"headline\":\"Escada que brinca com a luz, flerta com o revestimento e surpreende o olhar\",\"datePublished\":\"2020-08-28T14:01:26+00:00\",\"dateModified\":\"2020-08-28T14:11:07+00:00\",\"mainEntityOfPage\":{\"@id\":\"https:\/\/ninamartinelli.com.br\/blog2\/escada-que-brinca-com-a-luz-flerta-com-o-revestimento\/\"},\"wordCount\":722,\"commentCount\":0,\"publisher\":{\"@id\":\"https:\/\/ninamartinelli.com.br\/blog2\/#organization\"},\"image\":{\"@id\":\"https:\/\/ninamartinelli.com.br\/blog2\/escada-que-brinca-com-a-luz-flerta-com-o-revestimento\/#primaryimage\"},\"thumbnailUrl\":\"https:\/\/ninamartinelli.com.br\/blog2\/wp-content\/uploads\/2020\/08\/immagine1.jpg\",\"keywords\":[\"escada\",\"revestimento\"],\"articleSection\":[\"Cimento\",\"Colezione Cemento\",\"Revestimentos\"],\"inLanguage\":\"pt-BR\",\"potentialAction\":[{\"@type\":\"CommentAction\",\"name\":\"Comment\",\"target\":[\"https:\/\/ninamartinelli.com.br\/blog2\/escada-que-brinca-com-a-luz-flerta-com-o-revestimento\/#respond\"]}]},{\"@type\":\"WebPage\",\"@id\":\"https:\/\/ninamartinelli.com.br\/blog2\/escada-que-brinca-com-a-luz-flerta-com-o-revestimento\/\",\"url\":\"https:\/\/ninamartinelli.com.br\/blog2\/escada-que-brinca-com-a-luz-flerta-com-o-revestimento\/\",\"name\":\"Escada que brinca com a luz, flerta com o revestimento e surpreende o olhar - Blog Nina\",\"isPartOf\":{\"@id\":\"https:\/\/ninamartinelli.com.br\/blog2\/#website\"},\"primaryImageOfPage\":{\"@id\":\"https:\/\/ninamartinelli.com.br\/blog2\/escada-que-brinca-com-a-luz-flerta-com-o-revestimento\/#primaryimage\"},\"image\":{\"@id\":\"https:\/\/ninamartinelli.com.br\/blog2\/escada-que-brinca-com-a-luz-flerta-com-o-revestimento\/#primaryimage\"},\"thumbnailUrl\":\"https:\/\/ninamartinelli.com.br\/blog2\/wp-content\/uploads\/2020\/08\/immagine1.jpg\",\"datePublished\":\"2020-08-28T14:01:26+00:00\",\"dateModified\":\"2020-08-28T14:11:07+00:00\",\"breadcrumb\":{\"@id\":\"https:\/\/ninamartinelli.com.br\/blog2\/escada-que-brinca-com-a-luz-flerta-com-o-revestimento\/#breadcrumb\"},\"inLanguage\":\"pt-BR\",\"potentialAction\":[{\"@type\":\"ReadAction\",\"target\":[\"https:\/\/ninamartinelli.com.br\/blog2\/escada-que-brinca-com-a-luz-flerta-com-o-revestimento\/\"]}]},{\"@type\":\"ImageObject\",\"inLanguage\":\"pt-BR\",\"@id\":\"https:\/\/ninamartinelli.com.br\/blog2\/escada-que-brinca-com-a-luz-flerta-com-o-revestimento\/#primaryimage\",\"url\":\"https:\/\/ninamartinelli.com.br\/blog2\/wp-content\/uploads\/2020\/08\/immagine1.jpg\",\"contentUrl\":\"https:\/\/ninamartinelli.com.br\/blog2\/wp-content\/uploads\/2020\/08\/immagine1.jpg\",\"width\":1000,\"height\":1000},{\"@type\":\"BreadcrumbList\",\"@id\":\"https:\/\/ninamartinelli.com.br\/blog2\/escada-que-brinca-com-a-luz-flerta-com-o-revestimento\/#breadcrumb\",\"itemListElement\":[{\"@type\":\"ListItem\",\"position\":1,\"name\":\"In\u00edcio\",\"item\":\"https:\/\/ninamartinelli.com.br\/blog2\/\"},{\"@type\":\"ListItem\",\"position\":2,\"name\":\"Escada que brinca com a luz, flerta com o revestimento e surpreende o olhar\"}]},{\"@type\":\"WebSite\",\"@id\":\"https:\/\/ninamartinelli.com.br\/blog2\/#website\",\"url\":\"https:\/\/ninamartinelli.com.br\/blog2\/\",\"name\":\"Nina Martinelli\",\"description\":\"#Nina_Martinelli\",\"publisher\":{\"@id\":\"https:\/\/ninamartinelli.com.br\/blog2\/#organization\"},\"potentialAction\":[{\"@type\":\"SearchAction\",\"target\":{\"@type\":\"EntryPoint\",\"urlTemplate\":\"https:\/\/ninamartinelli.com.br\/blog2\/?s={search_term_string}\"},\"query-input\":{\"@type\":\"PropertyValueSpecification\",\"valueRequired\":true,\"valueName\":\"search_term_string\"}}],\"inLanguage\":\"pt-BR\"},{\"@type\":\"Organization\",\"@id\":\"https:\/\/ninamartinelli.com.br\/blog2\/#organization\",\"name\":\"Blog Novidades\",\"url\":\"https:\/\/ninamartinelli.com.br\/blog2\/\",\"logo\":{\"@type\":\"ImageObject\",\"inLanguage\":\"pt-BR\",\"@id\":\"https:\/\/ninamartinelli.com.br\/blog2\/#\/schema\/logo\/image\/\",\"url\":\"http:\/\/blog.ninamartinelli.com.br\/wp-content\/uploads\/2022\/03\/logo_nina_blog.png\",\"contentUrl\":\"http:\/\/blog.ninamartinelli.com.br\/wp-content\/uploads\/2022\/03\/logo_nina_blog.png\",\"width\":500,\"height\":104,\"caption\":\"Blog Novidades\"},\"image\":{\"@id\":\"https:\/\/ninamartinelli.com.br\/blog2\/#\/schema\/logo\/image\/\"}},{\"@type\":\"Person\",\"@id\":\"https:\/\/ninamartinelli.com.br\/blog2\/#\/schema\/person\/880a2cdee0a047e9b55254085d24f922\",\"name\":\"Comunica\u00e7\u00e3o Nina\",\"image\":{\"@type\":\"ImageObject\",\"inLanguage\":\"pt-BR\",\"@id\":\"https:\/\/ninamartinelli.com.br\/blog2\/#\/schema\/person\/image\/\",\"url\":\"https:\/\/secure.gravatar.com\/avatar\/0d3d763fb83768dd001497d074d4c4f6?s=96&d=mm&r=g\",\"contentUrl\":\"https:\/\/secure.gravatar.com\/avatar\/0d3d763fb83768dd001497d074d4c4f6?s=96&d=mm&r=g\",\"caption\":\"Comunica\u00e7\u00e3o Nina\"},\"sameAs\":[\"http:\/\/ninamartinelli.com.br\",\"http:\/\/facebook.com.br\/ninamartinellioficial\",\"http:\/\/instagram.com\/ninamartinellioficial\"],\"url\":\"https:\/\/ninamartinelli.com.br\/blog2\/author\/nina\/\"}]}<\/script>\n<!-- \/ Yoast SEO plugin. -->","yoast_head_json":{"title":"Escada que brinca com a luz, flerta com o revestimento e surpreende o olhar - Blog Nina","robots":{"index":"index","follow":"follow","max-snippet":"max-snippet:-1","max-image-preview":"max-image-preview:large","max-video-preview":"max-video-preview:-1"},"canonical":"https:\/\/ninamartinelli.com.br\/blog2\/escada-que-brinca-com-a-luz-flerta-com-o-revestimento\/","og_locale":"pt_BR","og_type":"article","og_title":"Escada que brinca com a luz, flerta com o revestimento e surpreende o olhar - Blog Nina","og_description":"Numa linda casa de 350 m\u00b2, o ciment\u00edcio Immagine, da Nina Martinelli, somou personalidade ao","og_url":"https:\/\/ninamartinelli.com.br\/blog2\/escada-que-brinca-com-a-luz-flerta-com-o-revestimento\/","og_site_name":"Blog Nina","article_author":"http:\/\/facebook.com.br\/ninamartinellioficial","article_published_time":"2020-08-28T14:01:26+00:00","article_modified_time":"2020-08-28T14:11:07+00:00","og_image":[{"width":1000,"height":1000,"url":"https:\/\/ninamartinelli.com.br\/blog2\/wp-content\/uploads\/2020\/08\/immagine1.jpg","type":"image\/jpeg"}],"author":"Comunica\u00e7\u00e3o Nina","twitter_card":"summary_large_image","twitter_misc":{"Escrito por":"Comunica\u00e7\u00e3o Nina","Est. tempo de leitura":"4 minutos"},"schema":{"@context":"https:\/\/schema.org","@graph":[{"@type":"Article","@id":"https:\/\/ninamartinelli.com.br\/blog2\/escada-que-brinca-com-a-luz-flerta-com-o-revestimento\/#article","isPartOf":{"@id":"https:\/\/ninamartinelli.com.br\/blog2\/escada-que-brinca-com-a-luz-flerta-com-o-revestimento\/"},"author":{"name":"Comunica\u00e7\u00e3o Nina","@id":"https:\/\/ninamartinelli.com.br\/blog2\/#\/schema\/person\/880a2cdee0a047e9b55254085d24f922"},"headline":"Escada que brinca com a luz, flerta com o revestimento e surpreende o olhar","datePublished":"2020-08-28T14:01:26+00:00","dateModified":"2020-08-28T14:11:07+00:00","mainEntityOfPage":{"@id":"https:\/\/ninamartinelli.com.br\/blog2\/escada-que-brinca-com-a-luz-flerta-com-o-revestimento\/"},"wordCount":722,"commentCount":0,"publisher":{"@id":"https:\/\/ninamartinelli.com.br\/blog2\/#organization"},"image":{"@id":"https:\/\/ninamartinelli.com.br\/blog2\/escada-que-brinca-com-a-luz-flerta-com-o-revestimento\/#primaryimage"},"thumbnailUrl":"https:\/\/ninamartinelli.com.br\/blog2\/wp-content\/uploads\/2020\/08\/immagine1.jpg","keywords":["escada","revestimento"],"articleSection":["Cimento","Colezione Cemento","Revestimentos"],"inLanguage":"pt-BR","potentialAction":[{"@type":"CommentAction","name":"Comment","target":["https:\/\/ninamartinelli.com.br\/blog2\/escada-que-brinca-com-a-luz-flerta-com-o-revestimento\/#respond"]}]},{"@type":"WebPage","@id":"https:\/\/ninamartinelli.com.br\/blog2\/escada-que-brinca-com-a-luz-flerta-com-o-revestimento\/","url":"https:\/\/ninamartinelli.com.br\/blog2\/escada-que-brinca-com-a-luz-flerta-com-o-revestimento\/","name":"Escada que brinca com a luz, flerta com o revestimento e surpreende o olhar - Blog Nina","isPartOf":{"@id":"https:\/\/ninamartinelli.com.br\/blog2\/#website"},"primaryImageOfPage":{"@id":"https:\/\/ninamartinelli.com.br\/blog2\/escada-que-brinca-com-a-luz-flerta-com-o-revestimento\/#primaryimage"},"image":{"@id":"https:\/\/ninamartinelli.com.br\/blog2\/escada-que-brinca-com-a-luz-flerta-com-o-revestimento\/#primaryimage"},"thumbnailUrl":"https:\/\/ninamartinelli.com.br\/blog2\/wp-content\/uploads\/2020\/08\/immagine1.jpg","datePublished":"2020-08-28T14:01:26+00:00","dateModified":"2020-08-28T14:11:07+00:00","breadcrumb":{"@id":"https:\/\/ninamartinelli.com.br\/blog2\/escada-que-brinca-com-a-luz-flerta-com-o-revestimento\/#breadcrumb"},"inLanguage":"pt-BR","potentialAction":[{"@type":"ReadAction","target":["https:\/\/ninamartinelli.com.br\/blog2\/escada-que-brinca-com-a-luz-flerta-com-o-revestimento\/"]}]},{"@type":"ImageObject","inLanguage":"pt-BR","@id":"https:\/\/ninamartinelli.com.br\/blog2\/escada-que-brinca-com-a-luz-flerta-com-o-revestimento\/#primaryimage","url":"https:\/\/ninamartinelli.com.br\/blog2\/wp-content\/uploads\/2020\/08\/immagine1.jpg","contentUrl":"https:\/\/ninamartinelli.com.br\/blog2\/wp-content\/uploads\/2020\/08\/immagine1.jpg","width":1000,"height":1000},{"@type":"BreadcrumbList","@id":"https:\/\/ninamartinelli.com.br\/blog2\/escada-que-brinca-com-a-luz-flerta-com-o-revestimento\/#breadcrumb","itemListElement":[{"@type":"ListItem","position":1,"name":"In\u00edcio","item":"https:\/\/ninamartinelli.com.br\/blog2\/"},{"@type":"ListItem","position":2,"name":"Escada que brinca com a luz, flerta com o revestimento e surpreende o olhar"}]},{"@type":"WebSite","@id":"https:\/\/ninamartinelli.com.br\/blog2\/#website","url":"https:\/\/ninamartinelli.com.br\/blog2\/","name":"Nina Martinelli","description":"#Nina_Martinelli","publisher":{"@id":"https:\/\/ninamartinelli.com.br\/blog2\/#organization"},"potentialAction":[{"@type":"SearchAction","target":{"@type":"EntryPoint","urlTemplate":"https:\/\/ninamartinelli.com.br\/blog2\/?s={search_term_string}"},"query-input":{"@type":"PropertyValueSpecification","valueRequired":true,"valueName":"search_term_string"}}],"inLanguage":"pt-BR"},{"@type":"Organization","@id":"https:\/\/ninamartinelli.com.br\/blog2\/#organization","name":"Blog Novidades","url":"https:\/\/ninamartinelli.com.br\/blog2\/","logo":{"@type":"ImageObject","inLanguage":"pt-BR","@id":"https:\/\/ninamartinelli.com.br\/blog2\/#\/schema\/logo\/image\/","url":"http:\/\/blog.ninamartinelli.com.br\/wp-content\/uploads\/2022\/03\/logo_nina_blog.png","contentUrl":"http:\/\/blog.ninamartinelli.com.br\/wp-content\/uploads\/2022\/03\/logo_nina_blog.png","width":500,"height":104,"caption":"Blog Novidades"},"image":{"@id":"https:\/\/ninamartinelli.com.br\/blog2\/#\/schema\/logo\/image\/"}},{"@type":"Person","@id":"https:\/\/ninamartinelli.com.br\/blog2\/#\/schema\/person\/880a2cdee0a047e9b55254085d24f922","name":"Comunica\u00e7\u00e3o Nina","image":{"@type":"ImageObject","inLanguage":"pt-BR","@id":"https:\/\/ninamartinelli.com.br\/blog2\/#\/schema\/person\/image\/","url":"https:\/\/secure.gravatar.com\/avatar\/0d3d763fb83768dd001497d074d4c4f6?s=96&d=mm&r=g","contentUrl":"https:\/\/secure.gravatar.com\/avatar\/0d3d763fb83768dd001497d074d4c4f6?s=96&d=mm&r=g","caption":"Comunica\u00e7\u00e3o Nina"},"sameAs":["http:\/\/ninamartinelli.com.br","http:\/\/facebook.com.br\/ninamartinellioficial","http:\/\/instagram.com\/ninamartinellioficial"],"url":"https:\/\/ninamartinelli.com.br\/blog2\/author\/nina\/"}]}},"_links":{"self":[{"href":"https:\/\/ninamartinelli.com.br\/blog2\/wp-json\/wp\/v2\/posts\/1181","targetHints":{"allow":["GET"]}}],"collection":[{"href":"https:\/\/ninamartinelli.com.br\/blog2\/wp-json\/wp\/v2\/posts"}],"about":[{"href":"https:\/\/ninamartinelli.com.br\/blog2\/wp-json\/wp\/v2\/types\/post"}],"author":[{"embeddable":true,"href":"https:\/\/ninamartinelli.com.br\/blog2\/wp-json\/wp\/v2\/users\/1"}],"replies":[{"embeddable":true,"href":"https:\/\/ninamartinelli.com.br\/blog2\/wp-json\/wp\/v2\/comments?post=1181"}],"version-history":[{"count":8,"href":"https:\/\/ninamartinelli.com.br\/blog2\/wp-json\/wp\/v2\/posts\/1181\/revisions"}],"predecessor-version":[{"id":1194,"href":"https:\/\/ninamartinelli.com.br\/blog2\/wp-json\/wp\/v2\/posts\/1181\/revisions\/1194"}],"wp:featuredmedia":[{"embeddable":true,"href":"https:\/\/ninamartinelli.com.br\/blog2\/wp-json\/wp\/v2\/media\/1186"}],"wp:attachment":[{"href":"https:\/\/ninamartinelli.com.br\/blog2\/wp-json\/wp\/v2\/media?parent=1181"}],"wp:term":[{"taxonomy":"category","embeddable":true,"href":"https:\/\/ninamartinelli.com.br\/blog2\/wp-json\/wp\/v2\/categories?post=1181"},{"taxonomy":"post_tag","embeddable":true,"href":"https:\/\/ninamartinelli.com.br\/blog2\/wp-json\/wp\/v2\/tags?post=1181"}],"curies":[{"name":"wp","href":"https:\/\/api.w.org\/{rel}","templated":true}]}}