{"id":1167,"date":"2020-08-19T08:00:01","date_gmt":"2020-08-19T11:00:01","guid":{"rendered":"http:\/\/blog.ninamartinelli.com.br\/?p=1167"},"modified":"2020-08-19T15:38:23","modified_gmt":"2020-08-19T18:38:23","slug":"privacidade-e-personalidade-na-fachada-com-cobogo-brise","status":"publish","type":"post","link":"https:\/\/ninamartinelli.com.br\/blog2\/privacidade-e-personalidade-na-fachada-com-cobogo-brise\/","title":{"rendered":"Privacidade e personalidade na fachada com Cobog\u00f3 Brise"},"content":{"rendered":"<p><em><strong>Arquiteta apaixonada pelos elementos vazados da Nina Martinelli confessa: escolheu o produto antes mesmo de elaborar o projeto de sua nova casa<\/strong><\/em><\/p>\n<p>Em 1929, quando o Cobog\u00f3 foi criado e patenteado, os respons\u00e1veis \u2013 o comerciante portugu\u00eas Amadeu Oliveira Coimbra, o alem\u00e3o Ernst August Boeckmann e o engenheiro pernambucano Ant\u00f4nio de G\u00f3es, estavam apenas em busca de um elemento construtivo que possibilitasse a constru\u00e7\u00e3o de paredes, sem bloquear a entrada de ar nos ambientes. Assim, resolveram parte de um s\u00e9rio problema da cidade onde moravam, Recife, onde o calor \u00e9 intenso o ano todo.<\/p>\n<p>Mal poderiam imaginar que o item se tornaria popular no Brasil inteiro e mais, nos anos 1940 e 1950, cairia nas gra\u00e7as dos arquitetos modernistas, sendo promovido a componente para elegantes e ousadas divis\u00f3rias de ambientes.\u00a0Quase um s\u00e9culo depois, jovens profissionais de arquitetura continuam seduzidos pelo bloco vazado que, a prop\u00f3sito, ganhou o nome de Cobog\u00f3 por essa ser a palavra resultante da jun\u00e7\u00e3o das siglas dos sobrenomes de seus criadores.<\/p>\n<p><img loading=\"lazy\" decoding=\"async\" class=\"alignleft wp-image-625 size-medium\" src=\"http:\/\/blog.ninamartinelli.com.br\/wp-content\/uploads\/2019\/04\/cobogo-brise-1-300x300.png\" alt=\"\" width=\"300\" height=\"300\" srcset=\"https:\/\/ninamartinelli.com.br\/blog2\/wp-content\/uploads\/2019\/04\/cobogo-brise-1-300x300.png 300w, https:\/\/ninamartinelli.com.br\/blog2\/wp-content\/uploads\/2019\/04\/cobogo-brise-1-150x150.png 150w, https:\/\/ninamartinelli.com.br\/blog2\/wp-content\/uploads\/2019\/04\/cobogo-brise-1-768x768.png 768w, https:\/\/ninamartinelli.com.br\/blog2\/wp-content\/uploads\/2019\/04\/cobogo-brise-1-50x50.png 50w, https:\/\/ninamartinelli.com.br\/blog2\/wp-content\/uploads\/2019\/04\/cobogo-brise-1.png 800w\" sizes=\"auto, (max-width: 300px) 100vw, 300px\" \/>A arquiteta <strong>Samira Rahal<\/strong> \u00e9 uma das admiradoras dessa pe\u00e7a, mais especificamente, uma f\u00e3 dos cobog\u00f3s da Nina Martinelli \u2013 <strong>o Brise Clair e o Brise Sombre<\/strong>, que a profissional escolheu para dar um toque muito personalizado e especial \u00e0 fachada de sua nova casa, num belo condom\u00ednio em Campo Mour\u00e3o, no Paran\u00e1. Segundo Samira, a casa foi projetada para ser resid\u00eancia da fam\u00edlia, que tem um casal de filhos pequenos. O im\u00f3vel conta com 4 su\u00edtes, sala de estar, sala de jantar, cozinha e \u00e1rea gourmet integradas com a varanda, al\u00e9m de uma deliciosa sala de TV, perfazendo um total de 390 m\u00b2.<\/p>\n<p>&nbsp;<\/p>\n<p>&nbsp;<\/p>\n<h3>Hall externo protegido com eleg\u00e2ncia<\/h3>\n<p>De linhas contempor\u00e2neas e leves, o projeto tem cores claras e cl\u00e1ssicas.<\/p>\n<p>Uma volumetria imponente cria uma caixa robusta em balan\u00e7o sobre a garagem, contrastando com a parede de cobog\u00f3s, que foram escolhidos para criar um hall externo \u00e0 porta de entrada, atendendo um desejo da fam\u00edlia por privacidade. A sala de estar localizada na entrada na casa recebeu uma parede de vidro estrutural glazing espelhado na cor champanhe, criando uma moldura para a caixa de cobog\u00f3s.<\/p>\n<p><em><strong>\u201cA escolha do cobog\u00f3 para fazer a fachada foi de amor \u00e0 primeira vista. Quando vi o lan\u00e7amento deste modelo, j\u00e1 tinha certeza que o usaria em minha fachada. E eu ainda nem havia come\u00e7ado o projeto, mas tinha escolhido o acabamento principal!\u201d<\/strong><\/em>, revela Samira. Neste projeto foram usados 11 m\u00b2 dos modelos Brise Clair e Brise Sombre, numa pagina\u00e7\u00e3o exclusiva criada pela arquiteta, que n\u00e3o poupa elogios aos produtos. <em>\u201cAs pe\u00e7as s\u00e3o impec\u00e1veis, de um acabamento perfeito, e toda a execu\u00e7\u00e3o foi feita seguindo as instru\u00e7\u00f5es da empresa que d\u00e1 todo suporte para isso\u201d<\/em>, conclui. Medindo 30x30x7,5cm, as pe\u00e7as que integram a Colezione Cobog\u00f3 apresentam elementos vazados com formas geom\u00e9tricas, feitas em concreto arquitet\u00f4nico, seguindo tend\u00eancia em estilo industrial. As pe\u00e7as s\u00e3o cria\u00e7\u00f5es feitas com exclusividade pela designer <a href=\"http:\/\/www.instagram.com\/estudiorosapinc\" target=\"_blank\" rel=\"noopener noreferrer\"><strong>Rosa Pinc.<\/strong><\/a><\/p>\n<p>Al\u00e9m do efeito est\u00e9tico, impactante e ao mesmo tempo suave, contribuem para a sustentabilidade, como aliados na economia de energia, filtrando a radia\u00e7\u00e3o solar e permitindo a ventila\u00e7\u00e3o cruzada. Est\u00e3o dispon\u00edveis nas cores Bianco, a escolhida por Samira, e tamb\u00e9m Concreto.<\/p>\n<hr \/>\n<p><img loading=\"lazy\" decoding=\"async\" class=\"size-full wp-image-1170 aligncenter\" src=\"http:\/\/blog.ninamartinelli.com.br\/wp-content\/uploads\/2020\/08\/cobogo-brise-2.jpg\" alt=\"\" width=\"1000\" height=\"500\" srcset=\"https:\/\/ninamartinelli.com.br\/blog2\/wp-content\/uploads\/2020\/08\/cobogo-brise-2.jpg 1000w, https:\/\/ninamartinelli.com.br\/blog2\/wp-content\/uploads\/2020\/08\/cobogo-brise-2-300x150.jpg 300w, https:\/\/ninamartinelli.com.br\/blog2\/wp-content\/uploads\/2020\/08\/cobogo-brise-2-768x384.jpg 768w\" sizes=\"auto, (max-width: 1000px) 100vw, 1000px\" \/><\/p>\n<p><img loading=\"lazy\" decoding=\"async\" class=\"size-full wp-image-1171 aligncenter\" src=\"http:\/\/blog.ninamartinelli.com.br\/wp-content\/uploads\/2020\/08\/cobogo-brise-3.jpg\" alt=\"\" width=\"1000\" height=\"500\" srcset=\"https:\/\/ninamartinelli.com.br\/blog2\/wp-content\/uploads\/2020\/08\/cobogo-brise-3.jpg 1000w, https:\/\/ninamartinelli.com.br\/blog2\/wp-content\/uploads\/2020\/08\/cobogo-brise-3-300x150.jpg 300w, https:\/\/ninamartinelli.com.br\/blog2\/wp-content\/uploads\/2020\/08\/cobogo-brise-3-768x384.jpg 768w\" sizes=\"auto, (max-width: 1000px) 100vw, 1000px\" \/><\/p>\n<hr \/>\n<p>&nbsp;<\/p>\n<h3>Resid\u00eancia em Campo Mour\u00e3o\/PR &#8211; Fachada<br \/>\nCobog\u00f3 Brise Clair e Brise Sombre<br \/>\nProjeto: Samira Rahal &#8211; @<a href=\"http:\/\/www.instagram.com\/samira.arq.rahal\" target=\"_blank\" rel=\"noopener noreferrer\">samira.arq.rahal<\/a><br \/>\nFotos: Marcelo Gimenes Fotografia &#8211; <a href=\"http:\/\/www.instagram.com\/marcelogimenes.fotografia\" target=\"_blank\" rel=\"noopener noreferrer\">@marcelogimenes.fotografia<\/a><\/h3>\n","protected":false},"excerpt":{"rendered":"<p>Arquiteta apaixonada pelos elementos vazados da Nina Martinelli confessa: escolheu o produto antes mesmo de<\/p>\n","protected":false},"author":1,"featured_media":1169,"comment_status":"open","ping_status":"open","sticky":false,"template":"","format":"standard","meta":{"footnotes":""},"categories":[60,42,26],"tags":[43,69,66],"class_list":["post-1167","post","type-post","status-publish","format-standard","has-post-thumbnail","hentry","category-cimento","category-colezione-cobogo","category-revestimentos","tag-cobogo","tag-condominio","tag-fachada"],"yoast_head":"<!-- This site is optimized with the Yoast SEO plugin v26.8 - https:\/\/yoast.com\/product\/yoast-seo-wordpress\/ -->\n<title>Privacidade e personalidade na fachada com Cobog\u00f3 Brise - Blog Nina<\/title>\n<meta name=\"robots\" content=\"index, follow, max-snippet:-1, max-image-preview:large, max-video-preview:-1\" \/>\n<link rel=\"canonical\" href=\"https:\/\/ninamartinelli.com.br\/blog2\/privacidade-e-personalidade-na-fachada-com-cobogo-brise\/\" \/>\n<meta property=\"og:locale\" content=\"pt_BR\" \/>\n<meta property=\"og:type\" content=\"article\" \/>\n<meta property=\"og:title\" content=\"Privacidade e personalidade na fachada com Cobog\u00f3 Brise - Blog Nina\" \/>\n<meta property=\"og:description\" content=\"Arquiteta apaixonada pelos elementos vazados da Nina Martinelli confessa: escolheu o produto antes mesmo de\" \/>\n<meta property=\"og:url\" content=\"https:\/\/ninamartinelli.com.br\/blog2\/privacidade-e-personalidade-na-fachada-com-cobogo-brise\/\" \/>\n<meta property=\"og:site_name\" content=\"Blog Nina\" \/>\n<meta property=\"article:author\" content=\"http:\/\/facebook.com.br\/ninamartinellioficial\" \/>\n<meta property=\"article:published_time\" content=\"2020-08-19T11:00:01+00:00\" \/>\n<meta property=\"article:modified_time\" content=\"2020-08-19T18:38:23+00:00\" \/>\n<meta property=\"og:image\" content=\"https:\/\/ninamartinelli.com.br\/blog2\/wp-content\/uploads\/2020\/08\/cobogo-brise-1.jpg\" \/>\n\t<meta property=\"og:image:width\" content=\"1000\" \/>\n\t<meta property=\"og:image:height\" content=\"1000\" \/>\n\t<meta property=\"og:image:type\" content=\"image\/jpeg\" \/>\n<meta name=\"author\" content=\"Comunica\u00e7\u00e3o Nina\" \/>\n<meta name=\"twitter:card\" content=\"summary_large_image\" \/>\n<meta name=\"twitter:label1\" content=\"Escrito por\" \/>\n\t<meta name=\"twitter:data1\" content=\"Comunica\u00e7\u00e3o Nina\" \/>\n\t<meta name=\"twitter:label2\" content=\"Est. tempo de leitura\" \/>\n\t<meta name=\"twitter:data2\" content=\"3 minutos\" \/>\n<script type=\"application\/ld+json\" class=\"yoast-schema-graph\">{\"@context\":\"https:\/\/schema.org\",\"@graph\":[{\"@type\":\"Article\",\"@id\":\"https:\/\/ninamartinelli.com.br\/blog2\/privacidade-e-personalidade-na-fachada-com-cobogo-brise\/#article\",\"isPartOf\":{\"@id\":\"https:\/\/ninamartinelli.com.br\/blog2\/privacidade-e-personalidade-na-fachada-com-cobogo-brise\/\"},\"author\":{\"name\":\"Comunica\u00e7\u00e3o Nina\",\"@id\":\"https:\/\/ninamartinelli.com.br\/blog2\/#\/schema\/person\/880a2cdee0a047e9b55254085d24f922\"},\"headline\":\"Privacidade e personalidade na fachada com Cobog\u00f3 Brise\",\"datePublished\":\"2020-08-19T11:00:01+00:00\",\"dateModified\":\"2020-08-19T18:38:23+00:00\",\"mainEntityOfPage\":{\"@id\":\"https:\/\/ninamartinelli.com.br\/blog2\/privacidade-e-personalidade-na-fachada-com-cobogo-brise\/\"},\"wordCount\":604,\"commentCount\":0,\"publisher\":{\"@id\":\"https:\/\/ninamartinelli.com.br\/blog2\/#organization\"},\"image\":{\"@id\":\"https:\/\/ninamartinelli.com.br\/blog2\/privacidade-e-personalidade-na-fachada-com-cobogo-brise\/#primaryimage\"},\"thumbnailUrl\":\"https:\/\/ninamartinelli.com.br\/blog2\/wp-content\/uploads\/2020\/08\/cobogo-brise-1.jpg\",\"keywords\":[\"cobogo\",\"condominio\",\"fachada\"],\"articleSection\":[\"Cimento\",\"Colezione Cobog\u00f3\",\"Revestimentos\"],\"inLanguage\":\"pt-BR\",\"potentialAction\":[{\"@type\":\"CommentAction\",\"name\":\"Comment\",\"target\":[\"https:\/\/ninamartinelli.com.br\/blog2\/privacidade-e-personalidade-na-fachada-com-cobogo-brise\/#respond\"]}]},{\"@type\":\"WebPage\",\"@id\":\"https:\/\/ninamartinelli.com.br\/blog2\/privacidade-e-personalidade-na-fachada-com-cobogo-brise\/\",\"url\":\"https:\/\/ninamartinelli.com.br\/blog2\/privacidade-e-personalidade-na-fachada-com-cobogo-brise\/\",\"name\":\"Privacidade e personalidade na fachada com Cobog\u00f3 Brise - Blog Nina\",\"isPartOf\":{\"@id\":\"https:\/\/ninamartinelli.com.br\/blog2\/#website\"},\"primaryImageOfPage\":{\"@id\":\"https:\/\/ninamartinelli.com.br\/blog2\/privacidade-e-personalidade-na-fachada-com-cobogo-brise\/#primaryimage\"},\"image\":{\"@id\":\"https:\/\/ninamartinelli.com.br\/blog2\/privacidade-e-personalidade-na-fachada-com-cobogo-brise\/#primaryimage\"},\"thumbnailUrl\":\"https:\/\/ninamartinelli.com.br\/blog2\/wp-content\/uploads\/2020\/08\/cobogo-brise-1.jpg\",\"datePublished\":\"2020-08-19T11:00:01+00:00\",\"dateModified\":\"2020-08-19T18:38:23+00:00\",\"breadcrumb\":{\"@id\":\"https:\/\/ninamartinelli.com.br\/blog2\/privacidade-e-personalidade-na-fachada-com-cobogo-brise\/#breadcrumb\"},\"inLanguage\":\"pt-BR\",\"potentialAction\":[{\"@type\":\"ReadAction\",\"target\":[\"https:\/\/ninamartinelli.com.br\/blog2\/privacidade-e-personalidade-na-fachada-com-cobogo-brise\/\"]}]},{\"@type\":\"ImageObject\",\"inLanguage\":\"pt-BR\",\"@id\":\"https:\/\/ninamartinelli.com.br\/blog2\/privacidade-e-personalidade-na-fachada-com-cobogo-brise\/#primaryimage\",\"url\":\"https:\/\/ninamartinelli.com.br\/blog2\/wp-content\/uploads\/2020\/08\/cobogo-brise-1.jpg\",\"contentUrl\":\"https:\/\/ninamartinelli.com.br\/blog2\/wp-content\/uploads\/2020\/08\/cobogo-brise-1.jpg\",\"width\":1000,\"height\":1000},{\"@type\":\"BreadcrumbList\",\"@id\":\"https:\/\/ninamartinelli.com.br\/blog2\/privacidade-e-personalidade-na-fachada-com-cobogo-brise\/#breadcrumb\",\"itemListElement\":[{\"@type\":\"ListItem\",\"position\":1,\"name\":\"In\u00edcio\",\"item\":\"https:\/\/ninamartinelli.com.br\/blog2\/\"},{\"@type\":\"ListItem\",\"position\":2,\"name\":\"Privacidade e personalidade na fachada com Cobog\u00f3 Brise\"}]},{\"@type\":\"WebSite\",\"@id\":\"https:\/\/ninamartinelli.com.br\/blog2\/#website\",\"url\":\"https:\/\/ninamartinelli.com.br\/blog2\/\",\"name\":\"Nina Martinelli\",\"description\":\"#Nina_Martinelli\",\"publisher\":{\"@id\":\"https:\/\/ninamartinelli.com.br\/blog2\/#organization\"},\"potentialAction\":[{\"@type\":\"SearchAction\",\"target\":{\"@type\":\"EntryPoint\",\"urlTemplate\":\"https:\/\/ninamartinelli.com.br\/blog2\/?s={search_term_string}\"},\"query-input\":{\"@type\":\"PropertyValueSpecification\",\"valueRequired\":true,\"valueName\":\"search_term_string\"}}],\"inLanguage\":\"pt-BR\"},{\"@type\":\"Organization\",\"@id\":\"https:\/\/ninamartinelli.com.br\/blog2\/#organization\",\"name\":\"Blog Novidades\",\"url\":\"https:\/\/ninamartinelli.com.br\/blog2\/\",\"logo\":{\"@type\":\"ImageObject\",\"inLanguage\":\"pt-BR\",\"@id\":\"https:\/\/ninamartinelli.com.br\/blog2\/#\/schema\/logo\/image\/\",\"url\":\"http:\/\/blog.ninamartinelli.com.br\/wp-content\/uploads\/2022\/03\/logo_nina_blog.png\",\"contentUrl\":\"http:\/\/blog.ninamartinelli.com.br\/wp-content\/uploads\/2022\/03\/logo_nina_blog.png\",\"width\":500,\"height\":104,\"caption\":\"Blog Novidades\"},\"image\":{\"@id\":\"https:\/\/ninamartinelli.com.br\/blog2\/#\/schema\/logo\/image\/\"}},{\"@type\":\"Person\",\"@id\":\"https:\/\/ninamartinelli.com.br\/blog2\/#\/schema\/person\/880a2cdee0a047e9b55254085d24f922\",\"name\":\"Comunica\u00e7\u00e3o Nina\",\"image\":{\"@type\":\"ImageObject\",\"inLanguage\":\"pt-BR\",\"@id\":\"https:\/\/ninamartinelli.com.br\/blog2\/#\/schema\/person\/image\/\",\"url\":\"https:\/\/secure.gravatar.com\/avatar\/0d3d763fb83768dd001497d074d4c4f6?s=96&d=mm&r=g\",\"contentUrl\":\"https:\/\/secure.gravatar.com\/avatar\/0d3d763fb83768dd001497d074d4c4f6?s=96&d=mm&r=g\",\"caption\":\"Comunica\u00e7\u00e3o Nina\"},\"sameAs\":[\"http:\/\/ninamartinelli.com.br\",\"http:\/\/facebook.com.br\/ninamartinellioficial\",\"http:\/\/instagram.com\/ninamartinellioficial\"],\"url\":\"https:\/\/ninamartinelli.com.br\/blog2\/author\/nina\/\"}]}<\/script>\n<!-- \/ Yoast SEO plugin. -->","yoast_head_json":{"title":"Privacidade e personalidade na fachada com Cobog\u00f3 Brise - Blog Nina","robots":{"index":"index","follow":"follow","max-snippet":"max-snippet:-1","max-image-preview":"max-image-preview:large","max-video-preview":"max-video-preview:-1"},"canonical":"https:\/\/ninamartinelli.com.br\/blog2\/privacidade-e-personalidade-na-fachada-com-cobogo-brise\/","og_locale":"pt_BR","og_type":"article","og_title":"Privacidade e personalidade na fachada com Cobog\u00f3 Brise - Blog Nina","og_description":"Arquiteta apaixonada pelos elementos vazados da Nina Martinelli confessa: escolheu o produto antes mesmo de","og_url":"https:\/\/ninamartinelli.com.br\/blog2\/privacidade-e-personalidade-na-fachada-com-cobogo-brise\/","og_site_name":"Blog Nina","article_author":"http:\/\/facebook.com.br\/ninamartinellioficial","article_published_time":"2020-08-19T11:00:01+00:00","article_modified_time":"2020-08-19T18:38:23+00:00","og_image":[{"width":1000,"height":1000,"url":"https:\/\/ninamartinelli.com.br\/blog2\/wp-content\/uploads\/2020\/08\/cobogo-brise-1.jpg","type":"image\/jpeg"}],"author":"Comunica\u00e7\u00e3o Nina","twitter_card":"summary_large_image","twitter_misc":{"Escrito por":"Comunica\u00e7\u00e3o Nina","Est. tempo de leitura":"3 minutos"},"schema":{"@context":"https:\/\/schema.org","@graph":[{"@type":"Article","@id":"https:\/\/ninamartinelli.com.br\/blog2\/privacidade-e-personalidade-na-fachada-com-cobogo-brise\/#article","isPartOf":{"@id":"https:\/\/ninamartinelli.com.br\/blog2\/privacidade-e-personalidade-na-fachada-com-cobogo-brise\/"},"author":{"name":"Comunica\u00e7\u00e3o Nina","@id":"https:\/\/ninamartinelli.com.br\/blog2\/#\/schema\/person\/880a2cdee0a047e9b55254085d24f922"},"headline":"Privacidade e personalidade na fachada com Cobog\u00f3 Brise","datePublished":"2020-08-19T11:00:01+00:00","dateModified":"2020-08-19T18:38:23+00:00","mainEntityOfPage":{"@id":"https:\/\/ninamartinelli.com.br\/blog2\/privacidade-e-personalidade-na-fachada-com-cobogo-brise\/"},"wordCount":604,"commentCount":0,"publisher":{"@id":"https:\/\/ninamartinelli.com.br\/blog2\/#organization"},"image":{"@id":"https:\/\/ninamartinelli.com.br\/blog2\/privacidade-e-personalidade-na-fachada-com-cobogo-brise\/#primaryimage"},"thumbnailUrl":"https:\/\/ninamartinelli.com.br\/blog2\/wp-content\/uploads\/2020\/08\/cobogo-brise-1.jpg","keywords":["cobogo","condominio","fachada"],"articleSection":["Cimento","Colezione Cobog\u00f3","Revestimentos"],"inLanguage":"pt-BR","potentialAction":[{"@type":"CommentAction","name":"Comment","target":["https:\/\/ninamartinelli.com.br\/blog2\/privacidade-e-personalidade-na-fachada-com-cobogo-brise\/#respond"]}]},{"@type":"WebPage","@id":"https:\/\/ninamartinelli.com.br\/blog2\/privacidade-e-personalidade-na-fachada-com-cobogo-brise\/","url":"https:\/\/ninamartinelli.com.br\/blog2\/privacidade-e-personalidade-na-fachada-com-cobogo-brise\/","name":"Privacidade e personalidade na fachada com Cobog\u00f3 Brise - Blog Nina","isPartOf":{"@id":"https:\/\/ninamartinelli.com.br\/blog2\/#website"},"primaryImageOfPage":{"@id":"https:\/\/ninamartinelli.com.br\/blog2\/privacidade-e-personalidade-na-fachada-com-cobogo-brise\/#primaryimage"},"image":{"@id":"https:\/\/ninamartinelli.com.br\/blog2\/privacidade-e-personalidade-na-fachada-com-cobogo-brise\/#primaryimage"},"thumbnailUrl":"https:\/\/ninamartinelli.com.br\/blog2\/wp-content\/uploads\/2020\/08\/cobogo-brise-1.jpg","datePublished":"2020-08-19T11:00:01+00:00","dateModified":"2020-08-19T18:38:23+00:00","breadcrumb":{"@id":"https:\/\/ninamartinelli.com.br\/blog2\/privacidade-e-personalidade-na-fachada-com-cobogo-brise\/#breadcrumb"},"inLanguage":"pt-BR","potentialAction":[{"@type":"ReadAction","target":["https:\/\/ninamartinelli.com.br\/blog2\/privacidade-e-personalidade-na-fachada-com-cobogo-brise\/"]}]},{"@type":"ImageObject","inLanguage":"pt-BR","@id":"https:\/\/ninamartinelli.com.br\/blog2\/privacidade-e-personalidade-na-fachada-com-cobogo-brise\/#primaryimage","url":"https:\/\/ninamartinelli.com.br\/blog2\/wp-content\/uploads\/2020\/08\/cobogo-brise-1.jpg","contentUrl":"https:\/\/ninamartinelli.com.br\/blog2\/wp-content\/uploads\/2020\/08\/cobogo-brise-1.jpg","width":1000,"height":1000},{"@type":"BreadcrumbList","@id":"https:\/\/ninamartinelli.com.br\/blog2\/privacidade-e-personalidade-na-fachada-com-cobogo-brise\/#breadcrumb","itemListElement":[{"@type":"ListItem","position":1,"name":"In\u00edcio","item":"https:\/\/ninamartinelli.com.br\/blog2\/"},{"@type":"ListItem","position":2,"name":"Privacidade e personalidade na fachada com Cobog\u00f3 Brise"}]},{"@type":"WebSite","@id":"https:\/\/ninamartinelli.com.br\/blog2\/#website","url":"https:\/\/ninamartinelli.com.br\/blog2\/","name":"Nina Martinelli","description":"#Nina_Martinelli","publisher":{"@id":"https:\/\/ninamartinelli.com.br\/blog2\/#organization"},"potentialAction":[{"@type":"SearchAction","target":{"@type":"EntryPoint","urlTemplate":"https:\/\/ninamartinelli.com.br\/blog2\/?s={search_term_string}"},"query-input":{"@type":"PropertyValueSpecification","valueRequired":true,"valueName":"search_term_string"}}],"inLanguage":"pt-BR"},{"@type":"Organization","@id":"https:\/\/ninamartinelli.com.br\/blog2\/#organization","name":"Blog Novidades","url":"https:\/\/ninamartinelli.com.br\/blog2\/","logo":{"@type":"ImageObject","inLanguage":"pt-BR","@id":"https:\/\/ninamartinelli.com.br\/blog2\/#\/schema\/logo\/image\/","url":"http:\/\/blog.ninamartinelli.com.br\/wp-content\/uploads\/2022\/03\/logo_nina_blog.png","contentUrl":"http:\/\/blog.ninamartinelli.com.br\/wp-content\/uploads\/2022\/03\/logo_nina_blog.png","width":500,"height":104,"caption":"Blog Novidades"},"image":{"@id":"https:\/\/ninamartinelli.com.br\/blog2\/#\/schema\/logo\/image\/"}},{"@type":"Person","@id":"https:\/\/ninamartinelli.com.br\/blog2\/#\/schema\/person\/880a2cdee0a047e9b55254085d24f922","name":"Comunica\u00e7\u00e3o Nina","image":{"@type":"ImageObject","inLanguage":"pt-BR","@id":"https:\/\/ninamartinelli.com.br\/blog2\/#\/schema\/person\/image\/","url":"https:\/\/secure.gravatar.com\/avatar\/0d3d763fb83768dd001497d074d4c4f6?s=96&d=mm&r=g","contentUrl":"https:\/\/secure.gravatar.com\/avatar\/0d3d763fb83768dd001497d074d4c4f6?s=96&d=mm&r=g","caption":"Comunica\u00e7\u00e3o Nina"},"sameAs":["http:\/\/ninamartinelli.com.br","http:\/\/facebook.com.br\/ninamartinellioficial","http:\/\/instagram.com\/ninamartinellioficial"],"url":"https:\/\/ninamartinelli.com.br\/blog2\/author\/nina\/"}]}},"_links":{"self":[{"href":"https:\/\/ninamartinelli.com.br\/blog2\/wp-json\/wp\/v2\/posts\/1167","targetHints":{"allow":["GET"]}}],"collection":[{"href":"https:\/\/ninamartinelli.com.br\/blog2\/wp-json\/wp\/v2\/posts"}],"about":[{"href":"https:\/\/ninamartinelli.com.br\/blog2\/wp-json\/wp\/v2\/types\/post"}],"author":[{"embeddable":true,"href":"https:\/\/ninamartinelli.com.br\/blog2\/wp-json\/wp\/v2\/users\/1"}],"replies":[{"embeddable":true,"href":"https:\/\/ninamartinelli.com.br\/blog2\/wp-json\/wp\/v2\/comments?post=1167"}],"version-history":[{"count":7,"href":"https:\/\/ninamartinelli.com.br\/blog2\/wp-json\/wp\/v2\/posts\/1167\/revisions"}],"predecessor-version":[{"id":1178,"href":"https:\/\/ninamartinelli.com.br\/blog2\/wp-json\/wp\/v2\/posts\/1167\/revisions\/1178"}],"wp:featuredmedia":[{"embeddable":true,"href":"https:\/\/ninamartinelli.com.br\/blog2\/wp-json\/wp\/v2\/media\/1169"}],"wp:attachment":[{"href":"https:\/\/ninamartinelli.com.br\/blog2\/wp-json\/wp\/v2\/media?parent=1167"}],"wp:term":[{"taxonomy":"category","embeddable":true,"href":"https:\/\/ninamartinelli.com.br\/blog2\/wp-json\/wp\/v2\/categories?post=1167"},{"taxonomy":"post_tag","embeddable":true,"href":"https:\/\/ninamartinelli.com.br\/blog2\/wp-json\/wp\/v2\/tags?post=1167"}],"curies":[{"name":"wp","href":"https:\/\/api.w.org\/{rel}","templated":true}]}}