{"id":1158,"date":"2020-08-10T14:33:28","date_gmt":"2020-08-10T17:33:28","guid":{"rendered":"http:\/\/blog.ninamartinelli.com.br\/?p=1158"},"modified":"2020-08-10T14:33:28","modified_gmt":"2020-08-10T17:33:28","slug":"tenis-country-clube-de-ribeirao-preto-renova-area-social","status":"publish","type":"post","link":"https:\/\/ninamartinelli.com.br\/blog2\/tenis-country-clube-de-ribeirao-preto-renova-area-social\/","title":{"rendered":"Tenis Country Clube de Ribeir\u00e3o Preto renova \u00e1rea social"},"content":{"rendered":"<p><em><strong>Restaurante e \u00e1rea de conv\u00edvio do tradicional\u00edssimo clube ribeir\u00e3o-pretano ganharam rusticidade e sofistica\u00e7\u00e3o com os \u2018tijolinhos\u2019, mobili\u00e1rio moderno e projetos ac\u00fastico e luminot\u00e9cnico especiais.<\/strong><\/em><\/p>\n<p>Fundado nos anos 1980, o Tenis Country Clube de Ribeir\u00e3o Preto logo se firmou como tradicional espa\u00e7o de lazer e vida social para pessoas de bom gosto e que buscam qualidade de vida.<br \/>\nEntre seus amplos e bem movimentados espa\u00e7os, o restaurante, que funciona como \u00e1rea de conv\u00edvio e integra\u00e7\u00e3o para os associados, tinha um visual datado e que, com o passar dos anos, deixou de fazer jus \u00e0 import\u00e2ncia do clube na vida dos frequentadores.<br \/>\nRecentemente, a dire\u00e7\u00e3o do Tenis Country Clube resolveu dar vida nova a esses ambientes, e contou, para esse trabalho, com o talento da arquiteta <strong>Ana Karina Abud<\/strong> e com as solu\u00e7\u00f5es de acabamento da Casa Rara, tamb\u00e9m de Ribeir\u00e3o Preto.<\/p>\n<p>Ana Karina preocupou-se em dar uma est\u00e9tica requintada ao local, mas sem que os espa\u00e7os ficassem com ar sisudo, formal demais. \u201c<em>Procur\u00e1vamos um conceito que aliasse eleg\u00e2ncia e sofistica\u00e7\u00e3o, sem abrir m\u00e3o do aconchego, da rusticidade e da descontra\u00e7\u00e3o. Afinal, trata-se de um clube recreativo\u201d<\/em>, argumenta. Num trabalho amplo e com interven\u00e7\u00f5es radicais, por\u00e9m de f\u00e1cil assimila\u00e7\u00e3o e execu\u00e7\u00e3o pr\u00e1tica, Ana Karina optou por trocar o piso vitrificado comum por porcelanato que reproduz fielmente os assoalhos de madeira de demoli\u00e7\u00e3o. No forro, lan\u00e7ou m\u00e3o de um projeto ac\u00fastico cuidadoso, feito com a consultoria de uma empresa especializada, que indicou a utiliza\u00e7\u00e3o de madeira, gesso e placas ac\u00fasticas.<\/p>\n<p>Para que as placas ac\u00fasticas n\u00e3o ficassem como intrusas no conjunto, Ana Karina optou por pint\u00e1-las em marrom caf\u00e9, assim como as partes arquitet\u00f4nicas e as sancas de gesso. M\u00f3veis em madeira, com design elegante e ergon\u00f4mico preenchem os espa\u00e7os com suavidade e muito conforto.<\/p>\n<h3>Paredes com despojamento e beleza atemporais<\/h3>\n<p><img loading=\"lazy\" decoding=\"async\" class=\"alignleft wp-image-928\" src=\"http:\/\/blog.ninamartinelli.com.br\/wp-content\/uploads\/2020\/02\/brick-terracota_4.jpg\" alt=\"\" width=\"300\" height=\"300\" srcset=\"https:\/\/ninamartinelli.com.br\/blog2\/wp-content\/uploads\/2020\/02\/brick-terracota_4.jpg 500w, https:\/\/ninamartinelli.com.br\/blog2\/wp-content\/uploads\/2020\/02\/brick-terracota_4-300x300.jpg 300w, https:\/\/ninamartinelli.com.br\/blog2\/wp-content\/uploads\/2020\/02\/brick-terracota_4-150x150.jpg 150w, https:\/\/ninamartinelli.com.br\/blog2\/wp-content\/uploads\/2020\/02\/brick-terracota_4-50x50.jpg 50w\" sizes=\"auto, (max-width: 300px) 100vw, 300px\" \/>Nas principais e maiores paredes do restaurante, Ana Karina optou pelo revestimento <strong>Brick Terracota<\/strong>, da Nina Martinelli.<br \/>\nMedindo 7 x 26cm, o Terracota encaixou-se perfeitamente ao conceito do projeto, pois al\u00e9m de ter pe\u00e7as feitas artesanalmente, uma a uma, o revestimento leva material reciclado na sua composi\u00e7\u00e3o, o que lhe confere um toque diferenciado e \u00fanico.<\/p>\n<p>Ana Karina optou por assent\u00e1-los em amarra\u00e7\u00e3o 50\/50 com juntas secas, ou seja, sem que a argamassa de ades\u00e3o ficasse aparente nos rejuntes. <em>\u201cAl\u00e9m disso, decidimos assentar as facetas de levemente desniveladas, pra que n\u00e3o ficassem \u2018certinhas\u2019 e sim com certo relevo, o que deixou tudo ainda mais bonito e despojado\u201d<\/em>, comenta ela.\u00a0Ana Karina ressalta a customiza\u00e7\u00e3o dos brick\u2019s para que se adequassem ainda mais naturalmente em seu projeto. <em>\u201cA queima dos tijolinhos foi feita especialmente a nosso pedido. Isso faz muita diferen\u00e7a, pois o resultado ficou ainda mais harm\u00f4nico&#8221;.<\/em><br \/>\nO projeto luminot\u00e9cnico \u00e9 atra\u00e7\u00e3o a parte, com luzes embutidas, arandelas de faixo duplo \u2013 superior e inferior \u2013 e lind\u00edssimos pendentes com globos em vidro transparente e l\u00e2mpadas de filamento exposto.<\/p>\n<p>O jogo de luz e sombras dialoga perfeitamente com os tons terrosos e d\u00e1 a sensa\u00e7\u00e3o de conforto, acolhimento e frescor, para aplacar o clima quente da cidade. Os cerca de 150 m\u00b2 de Brick Terracota foram adquiridos na <strong>Casa Rara Acabamentos<\/strong>, sin\u00f4nimo de variedade em produtos diferenciados, com um showroom inovador, amplo e pensado para atender a todos os conceitos desenvolvidos pelos melhores profissionais de arquitetura e designers de Ribeir\u00e3o Preto.<\/p>\n<hr \/>\n<p><img loading=\"lazy\" decoding=\"async\" class=\"size-full wp-image-1161 aligncenter\" src=\"http:\/\/blog.ninamartinelli.com.br\/wp-content\/uploads\/2020\/08\/terracota-tenis-clube1.jpg\" alt=\"\" width=\"1000\" height=\"500\" srcset=\"https:\/\/ninamartinelli.com.br\/blog2\/wp-content\/uploads\/2020\/08\/terracota-tenis-clube1.jpg 1000w, https:\/\/ninamartinelli.com.br\/blog2\/wp-content\/uploads\/2020\/08\/terracota-tenis-clube1-300x150.jpg 300w, https:\/\/ninamartinelli.com.br\/blog2\/wp-content\/uploads\/2020\/08\/terracota-tenis-clube1-768x384.jpg 768w\" sizes=\"auto, (max-width: 1000px) 100vw, 1000px\" \/><\/p>\n<p><img loading=\"lazy\" decoding=\"async\" class=\"size-full wp-image-1162 aligncenter\" src=\"http:\/\/blog.ninamartinelli.com.br\/wp-content\/uploads\/2020\/08\/terracota-tenis-clube2.jpg\" alt=\"\" width=\"1000\" height=\"500\" srcset=\"https:\/\/ninamartinelli.com.br\/blog2\/wp-content\/uploads\/2020\/08\/terracota-tenis-clube2.jpg 1000w, https:\/\/ninamartinelli.com.br\/blog2\/wp-content\/uploads\/2020\/08\/terracota-tenis-clube2-300x150.jpg 300w, https:\/\/ninamartinelli.com.br\/blog2\/wp-content\/uploads\/2020\/08\/terracota-tenis-clube2-768x384.jpg 768w\" sizes=\"auto, (max-width: 1000px) 100vw, 1000px\" \/><\/p>\n<hr \/>\n<h4>Reforma do restaurante e \u00e1rea social do Tenis Country Clube de Ribeir\u00e3o Preto<br \/>\nBrick Terracota \u2013 7 x 26 cm, queima personalizada<br \/>\nRevenda: Casa Rara Acabamentos- Ribeir\u00e3o Preto<br \/>\nProjeto: Ana Karina Abud Arquitetura <a href=\"https:\/\/www.instagram.com\/arquiteta_ana_karina_abud\/\" target=\"_blank\" rel=\"noopener noreferrer\">@anakarinaabudarquitetura<\/a><br \/>\nFotos: Ana Karina Abud<\/h4>\n","protected":false},"excerpt":{"rendered":"<p>Restaurante e \u00e1rea de conv\u00edvio do tradicional\u00edssimo clube ribeir\u00e3o-pretano ganharam rusticidade e sofistica\u00e7\u00e3o com os<\/p>\n","protected":false},"author":1,"featured_media":1164,"comment_status":"open","ping_status":"open","sticky":false,"template":"","format":"standard","meta":{"footnotes":""},"categories":[59,16,26],"tags":[36,83],"class_list":["post-1158","post","type-post","status-publish","format-standard","has-post-thumbnail","hentry","category-ceramica","category-colezione-brick","category-revestimentos","tag-brick","tag-terracota"],"yoast_head":"<!-- This site is optimized with the Yoast SEO plugin v26.8 - https:\/\/yoast.com\/product\/yoast-seo-wordpress\/ -->\n<title>Tenis Country Clube de Ribeir\u00e3o Preto renova \u00e1rea social - Blog Nina<\/title>\n<meta name=\"robots\" content=\"index, follow, max-snippet:-1, max-image-preview:large, max-video-preview:-1\" \/>\n<link rel=\"canonical\" href=\"https:\/\/ninamartinelli.com.br\/blog2\/tenis-country-clube-de-ribeirao-preto-renova-area-social\/\" \/>\n<meta property=\"og:locale\" content=\"pt_BR\" \/>\n<meta property=\"og:type\" content=\"article\" \/>\n<meta property=\"og:title\" content=\"Tenis Country Clube de Ribeir\u00e3o Preto renova \u00e1rea social - Blog Nina\" \/>\n<meta property=\"og:description\" content=\"Restaurante e \u00e1rea de conv\u00edvio do tradicional\u00edssimo clube ribeir\u00e3o-pretano ganharam rusticidade e sofistica\u00e7\u00e3o com os\" \/>\n<meta property=\"og:url\" content=\"https:\/\/ninamartinelli.com.br\/blog2\/tenis-country-clube-de-ribeirao-preto-renova-area-social\/\" \/>\n<meta property=\"og:site_name\" content=\"Blog Nina\" \/>\n<meta property=\"article:author\" content=\"http:\/\/facebook.com.br\/ninamartinellioficial\" \/>\n<meta property=\"article:published_time\" content=\"2020-08-10T17:33:28+00:00\" \/>\n<meta property=\"og:image\" content=\"https:\/\/ninamartinelli.com.br\/blog2\/wp-content\/uploads\/2020\/08\/terracota-tenis-clube3.jpg\" \/>\n\t<meta property=\"og:image:width\" content=\"900\" \/>\n\t<meta property=\"og:image:height\" content=\"900\" \/>\n\t<meta property=\"og:image:type\" content=\"image\/jpeg\" \/>\n<meta name=\"author\" content=\"Comunica\u00e7\u00e3o Nina\" \/>\n<meta name=\"twitter:card\" content=\"summary_large_image\" \/>\n<meta name=\"twitter:label1\" content=\"Escrito por\" \/>\n\t<meta name=\"twitter:data1\" content=\"Comunica\u00e7\u00e3o Nina\" \/>\n\t<meta name=\"twitter:label2\" content=\"Est. tempo de leitura\" \/>\n\t<meta name=\"twitter:data2\" content=\"3 minutos\" \/>\n<script type=\"application\/ld+json\" class=\"yoast-schema-graph\">{\"@context\":\"https:\/\/schema.org\",\"@graph\":[{\"@type\":\"Article\",\"@id\":\"https:\/\/ninamartinelli.com.br\/blog2\/tenis-country-clube-de-ribeirao-preto-renova-area-social\/#article\",\"isPartOf\":{\"@id\":\"https:\/\/ninamartinelli.com.br\/blog2\/tenis-country-clube-de-ribeirao-preto-renova-area-social\/\"},\"author\":{\"name\":\"Comunica\u00e7\u00e3o Nina\",\"@id\":\"https:\/\/ninamartinelli.com.br\/blog2\/#\/schema\/person\/880a2cdee0a047e9b55254085d24f922\"},\"headline\":\"Tenis Country Clube de Ribeir\u00e3o Preto renova \u00e1rea social\",\"datePublished\":\"2020-08-10T17:33:28+00:00\",\"mainEntityOfPage\":{\"@id\":\"https:\/\/ninamartinelli.com.br\/blog2\/tenis-country-clube-de-ribeirao-preto-renova-area-social\/\"},\"wordCount\":650,\"commentCount\":0,\"publisher\":{\"@id\":\"https:\/\/ninamartinelli.com.br\/blog2\/#organization\"},\"image\":{\"@id\":\"https:\/\/ninamartinelli.com.br\/blog2\/tenis-country-clube-de-ribeirao-preto-renova-area-social\/#primaryimage\"},\"thumbnailUrl\":\"https:\/\/ninamartinelli.com.br\/blog2\/wp-content\/uploads\/2020\/08\/terracota-tenis-clube3.jpg\",\"keywords\":[\"brick\",\"terracota\"],\"articleSection\":[\"Cer\u00e2mica\",\"Colezione Brick\",\"Revestimentos\"],\"inLanguage\":\"pt-BR\",\"potentialAction\":[{\"@type\":\"CommentAction\",\"name\":\"Comment\",\"target\":[\"https:\/\/ninamartinelli.com.br\/blog2\/tenis-country-clube-de-ribeirao-preto-renova-area-social\/#respond\"]}]},{\"@type\":\"WebPage\",\"@id\":\"https:\/\/ninamartinelli.com.br\/blog2\/tenis-country-clube-de-ribeirao-preto-renova-area-social\/\",\"url\":\"https:\/\/ninamartinelli.com.br\/blog2\/tenis-country-clube-de-ribeirao-preto-renova-area-social\/\",\"name\":\"Tenis Country Clube de Ribeir\u00e3o Preto renova \u00e1rea social - Blog Nina\",\"isPartOf\":{\"@id\":\"https:\/\/ninamartinelli.com.br\/blog2\/#website\"},\"primaryImageOfPage\":{\"@id\":\"https:\/\/ninamartinelli.com.br\/blog2\/tenis-country-clube-de-ribeirao-preto-renova-area-social\/#primaryimage\"},\"image\":{\"@id\":\"https:\/\/ninamartinelli.com.br\/blog2\/tenis-country-clube-de-ribeirao-preto-renova-area-social\/#primaryimage\"},\"thumbnailUrl\":\"https:\/\/ninamartinelli.com.br\/blog2\/wp-content\/uploads\/2020\/08\/terracota-tenis-clube3.jpg\",\"datePublished\":\"2020-08-10T17:33:28+00:00\",\"breadcrumb\":{\"@id\":\"https:\/\/ninamartinelli.com.br\/blog2\/tenis-country-clube-de-ribeirao-preto-renova-area-social\/#breadcrumb\"},\"inLanguage\":\"pt-BR\",\"potentialAction\":[{\"@type\":\"ReadAction\",\"target\":[\"https:\/\/ninamartinelli.com.br\/blog2\/tenis-country-clube-de-ribeirao-preto-renova-area-social\/\"]}]},{\"@type\":\"ImageObject\",\"inLanguage\":\"pt-BR\",\"@id\":\"https:\/\/ninamartinelli.com.br\/blog2\/tenis-country-clube-de-ribeirao-preto-renova-area-social\/#primaryimage\",\"url\":\"https:\/\/ninamartinelli.com.br\/blog2\/wp-content\/uploads\/2020\/08\/terracota-tenis-clube3.jpg\",\"contentUrl\":\"https:\/\/ninamartinelli.com.br\/blog2\/wp-content\/uploads\/2020\/08\/terracota-tenis-clube3.jpg\",\"width\":900,\"height\":900},{\"@type\":\"BreadcrumbList\",\"@id\":\"https:\/\/ninamartinelli.com.br\/blog2\/tenis-country-clube-de-ribeirao-preto-renova-area-social\/#breadcrumb\",\"itemListElement\":[{\"@type\":\"ListItem\",\"position\":1,\"name\":\"In\u00edcio\",\"item\":\"https:\/\/ninamartinelli.com.br\/blog2\/\"},{\"@type\":\"ListItem\",\"position\":2,\"name\":\"Tenis Country Clube de Ribeir\u00e3o Preto renova \u00e1rea social\"}]},{\"@type\":\"WebSite\",\"@id\":\"https:\/\/ninamartinelli.com.br\/blog2\/#website\",\"url\":\"https:\/\/ninamartinelli.com.br\/blog2\/\",\"name\":\"Nina Martinelli\",\"description\":\"#Nina_Martinelli\",\"publisher\":{\"@id\":\"https:\/\/ninamartinelli.com.br\/blog2\/#organization\"},\"potentialAction\":[{\"@type\":\"SearchAction\",\"target\":{\"@type\":\"EntryPoint\",\"urlTemplate\":\"https:\/\/ninamartinelli.com.br\/blog2\/?s={search_term_string}\"},\"query-input\":{\"@type\":\"PropertyValueSpecification\",\"valueRequired\":true,\"valueName\":\"search_term_string\"}}],\"inLanguage\":\"pt-BR\"},{\"@type\":\"Organization\",\"@id\":\"https:\/\/ninamartinelli.com.br\/blog2\/#organization\",\"name\":\"Blog Novidades\",\"url\":\"https:\/\/ninamartinelli.com.br\/blog2\/\",\"logo\":{\"@type\":\"ImageObject\",\"inLanguage\":\"pt-BR\",\"@id\":\"https:\/\/ninamartinelli.com.br\/blog2\/#\/schema\/logo\/image\/\",\"url\":\"http:\/\/blog.ninamartinelli.com.br\/wp-content\/uploads\/2022\/03\/logo_nina_blog.png\",\"contentUrl\":\"http:\/\/blog.ninamartinelli.com.br\/wp-content\/uploads\/2022\/03\/logo_nina_blog.png\",\"width\":500,\"height\":104,\"caption\":\"Blog Novidades\"},\"image\":{\"@id\":\"https:\/\/ninamartinelli.com.br\/blog2\/#\/schema\/logo\/image\/\"}},{\"@type\":\"Person\",\"@id\":\"https:\/\/ninamartinelli.com.br\/blog2\/#\/schema\/person\/880a2cdee0a047e9b55254085d24f922\",\"name\":\"Comunica\u00e7\u00e3o Nina\",\"image\":{\"@type\":\"ImageObject\",\"inLanguage\":\"pt-BR\",\"@id\":\"https:\/\/ninamartinelli.com.br\/blog2\/#\/schema\/person\/image\/\",\"url\":\"https:\/\/secure.gravatar.com\/avatar\/0d3d763fb83768dd001497d074d4c4f6?s=96&d=mm&r=g\",\"contentUrl\":\"https:\/\/secure.gravatar.com\/avatar\/0d3d763fb83768dd001497d074d4c4f6?s=96&d=mm&r=g\",\"caption\":\"Comunica\u00e7\u00e3o Nina\"},\"sameAs\":[\"http:\/\/ninamartinelli.com.br\",\"http:\/\/facebook.com.br\/ninamartinellioficial\",\"http:\/\/instagram.com\/ninamartinellioficial\"],\"url\":\"https:\/\/ninamartinelli.com.br\/blog2\/author\/nina\/\"}]}<\/script>\n<!-- \/ Yoast SEO plugin. -->","yoast_head_json":{"title":"Tenis Country Clube de Ribeir\u00e3o Preto renova \u00e1rea social - Blog Nina","robots":{"index":"index","follow":"follow","max-snippet":"max-snippet:-1","max-image-preview":"max-image-preview:large","max-video-preview":"max-video-preview:-1"},"canonical":"https:\/\/ninamartinelli.com.br\/blog2\/tenis-country-clube-de-ribeirao-preto-renova-area-social\/","og_locale":"pt_BR","og_type":"article","og_title":"Tenis Country Clube de Ribeir\u00e3o Preto renova \u00e1rea social - Blog Nina","og_description":"Restaurante e \u00e1rea de conv\u00edvio do tradicional\u00edssimo clube ribeir\u00e3o-pretano ganharam rusticidade e sofistica\u00e7\u00e3o com os","og_url":"https:\/\/ninamartinelli.com.br\/blog2\/tenis-country-clube-de-ribeirao-preto-renova-area-social\/","og_site_name":"Blog Nina","article_author":"http:\/\/facebook.com.br\/ninamartinellioficial","article_published_time":"2020-08-10T17:33:28+00:00","og_image":[{"width":900,"height":900,"url":"https:\/\/ninamartinelli.com.br\/blog2\/wp-content\/uploads\/2020\/08\/terracota-tenis-clube3.jpg","type":"image\/jpeg"}],"author":"Comunica\u00e7\u00e3o Nina","twitter_card":"summary_large_image","twitter_misc":{"Escrito por":"Comunica\u00e7\u00e3o Nina","Est. tempo de leitura":"3 minutos"},"schema":{"@context":"https:\/\/schema.org","@graph":[{"@type":"Article","@id":"https:\/\/ninamartinelli.com.br\/blog2\/tenis-country-clube-de-ribeirao-preto-renova-area-social\/#article","isPartOf":{"@id":"https:\/\/ninamartinelli.com.br\/blog2\/tenis-country-clube-de-ribeirao-preto-renova-area-social\/"},"author":{"name":"Comunica\u00e7\u00e3o Nina","@id":"https:\/\/ninamartinelli.com.br\/blog2\/#\/schema\/person\/880a2cdee0a047e9b55254085d24f922"},"headline":"Tenis Country Clube de Ribeir\u00e3o Preto renova \u00e1rea social","datePublished":"2020-08-10T17:33:28+00:00","mainEntityOfPage":{"@id":"https:\/\/ninamartinelli.com.br\/blog2\/tenis-country-clube-de-ribeirao-preto-renova-area-social\/"},"wordCount":650,"commentCount":0,"publisher":{"@id":"https:\/\/ninamartinelli.com.br\/blog2\/#organization"},"image":{"@id":"https:\/\/ninamartinelli.com.br\/blog2\/tenis-country-clube-de-ribeirao-preto-renova-area-social\/#primaryimage"},"thumbnailUrl":"https:\/\/ninamartinelli.com.br\/blog2\/wp-content\/uploads\/2020\/08\/terracota-tenis-clube3.jpg","keywords":["brick","terracota"],"articleSection":["Cer\u00e2mica","Colezione Brick","Revestimentos"],"inLanguage":"pt-BR","potentialAction":[{"@type":"CommentAction","name":"Comment","target":["https:\/\/ninamartinelli.com.br\/blog2\/tenis-country-clube-de-ribeirao-preto-renova-area-social\/#respond"]}]},{"@type":"WebPage","@id":"https:\/\/ninamartinelli.com.br\/blog2\/tenis-country-clube-de-ribeirao-preto-renova-area-social\/","url":"https:\/\/ninamartinelli.com.br\/blog2\/tenis-country-clube-de-ribeirao-preto-renova-area-social\/","name":"Tenis Country Clube de Ribeir\u00e3o Preto renova \u00e1rea social - Blog Nina","isPartOf":{"@id":"https:\/\/ninamartinelli.com.br\/blog2\/#website"},"primaryImageOfPage":{"@id":"https:\/\/ninamartinelli.com.br\/blog2\/tenis-country-clube-de-ribeirao-preto-renova-area-social\/#primaryimage"},"image":{"@id":"https:\/\/ninamartinelli.com.br\/blog2\/tenis-country-clube-de-ribeirao-preto-renova-area-social\/#primaryimage"},"thumbnailUrl":"https:\/\/ninamartinelli.com.br\/blog2\/wp-content\/uploads\/2020\/08\/terracota-tenis-clube3.jpg","datePublished":"2020-08-10T17:33:28+00:00","breadcrumb":{"@id":"https:\/\/ninamartinelli.com.br\/blog2\/tenis-country-clube-de-ribeirao-preto-renova-area-social\/#breadcrumb"},"inLanguage":"pt-BR","potentialAction":[{"@type":"ReadAction","target":["https:\/\/ninamartinelli.com.br\/blog2\/tenis-country-clube-de-ribeirao-preto-renova-area-social\/"]}]},{"@type":"ImageObject","inLanguage":"pt-BR","@id":"https:\/\/ninamartinelli.com.br\/blog2\/tenis-country-clube-de-ribeirao-preto-renova-area-social\/#primaryimage","url":"https:\/\/ninamartinelli.com.br\/blog2\/wp-content\/uploads\/2020\/08\/terracota-tenis-clube3.jpg","contentUrl":"https:\/\/ninamartinelli.com.br\/blog2\/wp-content\/uploads\/2020\/08\/terracota-tenis-clube3.jpg","width":900,"height":900},{"@type":"BreadcrumbList","@id":"https:\/\/ninamartinelli.com.br\/blog2\/tenis-country-clube-de-ribeirao-preto-renova-area-social\/#breadcrumb","itemListElement":[{"@type":"ListItem","position":1,"name":"In\u00edcio","item":"https:\/\/ninamartinelli.com.br\/blog2\/"},{"@type":"ListItem","position":2,"name":"Tenis Country Clube de Ribeir\u00e3o Preto renova \u00e1rea social"}]},{"@type":"WebSite","@id":"https:\/\/ninamartinelli.com.br\/blog2\/#website","url":"https:\/\/ninamartinelli.com.br\/blog2\/","name":"Nina Martinelli","description":"#Nina_Martinelli","publisher":{"@id":"https:\/\/ninamartinelli.com.br\/blog2\/#organization"},"potentialAction":[{"@type":"SearchAction","target":{"@type":"EntryPoint","urlTemplate":"https:\/\/ninamartinelli.com.br\/blog2\/?s={search_term_string}"},"query-input":{"@type":"PropertyValueSpecification","valueRequired":true,"valueName":"search_term_string"}}],"inLanguage":"pt-BR"},{"@type":"Organization","@id":"https:\/\/ninamartinelli.com.br\/blog2\/#organization","name":"Blog Novidades","url":"https:\/\/ninamartinelli.com.br\/blog2\/","logo":{"@type":"ImageObject","inLanguage":"pt-BR","@id":"https:\/\/ninamartinelli.com.br\/blog2\/#\/schema\/logo\/image\/","url":"http:\/\/blog.ninamartinelli.com.br\/wp-content\/uploads\/2022\/03\/logo_nina_blog.png","contentUrl":"http:\/\/blog.ninamartinelli.com.br\/wp-content\/uploads\/2022\/03\/logo_nina_blog.png","width":500,"height":104,"caption":"Blog Novidades"},"image":{"@id":"https:\/\/ninamartinelli.com.br\/blog2\/#\/schema\/logo\/image\/"}},{"@type":"Person","@id":"https:\/\/ninamartinelli.com.br\/blog2\/#\/schema\/person\/880a2cdee0a047e9b55254085d24f922","name":"Comunica\u00e7\u00e3o Nina","image":{"@type":"ImageObject","inLanguage":"pt-BR","@id":"https:\/\/ninamartinelli.com.br\/blog2\/#\/schema\/person\/image\/","url":"https:\/\/secure.gravatar.com\/avatar\/0d3d763fb83768dd001497d074d4c4f6?s=96&d=mm&r=g","contentUrl":"https:\/\/secure.gravatar.com\/avatar\/0d3d763fb83768dd001497d074d4c4f6?s=96&d=mm&r=g","caption":"Comunica\u00e7\u00e3o Nina"},"sameAs":["http:\/\/ninamartinelli.com.br","http:\/\/facebook.com.br\/ninamartinellioficial","http:\/\/instagram.com\/ninamartinellioficial"],"url":"https:\/\/ninamartinelli.com.br\/blog2\/author\/nina\/"}]}},"_links":{"self":[{"href":"https:\/\/ninamartinelli.com.br\/blog2\/wp-json\/wp\/v2\/posts\/1158","targetHints":{"allow":["GET"]}}],"collection":[{"href":"https:\/\/ninamartinelli.com.br\/blog2\/wp-json\/wp\/v2\/posts"}],"about":[{"href":"https:\/\/ninamartinelli.com.br\/blog2\/wp-json\/wp\/v2\/types\/post"}],"author":[{"embeddable":true,"href":"https:\/\/ninamartinelli.com.br\/blog2\/wp-json\/wp\/v2\/users\/1"}],"replies":[{"embeddable":true,"href":"https:\/\/ninamartinelli.com.br\/blog2\/wp-json\/wp\/v2\/comments?post=1158"}],"version-history":[{"count":4,"href":"https:\/\/ninamartinelli.com.br\/blog2\/wp-json\/wp\/v2\/posts\/1158\/revisions"}],"predecessor-version":[{"id":1165,"href":"https:\/\/ninamartinelli.com.br\/blog2\/wp-json\/wp\/v2\/posts\/1158\/revisions\/1165"}],"wp:featuredmedia":[{"embeddable":true,"href":"https:\/\/ninamartinelli.com.br\/blog2\/wp-json\/wp\/v2\/media\/1164"}],"wp:attachment":[{"href":"https:\/\/ninamartinelli.com.br\/blog2\/wp-json\/wp\/v2\/media?parent=1158"}],"wp:term":[{"taxonomy":"category","embeddable":true,"href":"https:\/\/ninamartinelli.com.br\/blog2\/wp-json\/wp\/v2\/categories?post=1158"},{"taxonomy":"post_tag","embeddable":true,"href":"https:\/\/ninamartinelli.com.br\/blog2\/wp-json\/wp\/v2\/tags?post=1158"}],"curies":[{"name":"wp","href":"https:\/\/api.w.org\/{rel}","templated":true}]}}