{"id":1135,"date":"2020-08-03T17:04:18","date_gmt":"2020-08-03T20:04:18","guid":{"rendered":"http:\/\/blog.ninamartinelli.com.br\/?p=1135"},"modified":"2020-08-03T17:04:18","modified_gmt":"2020-08-03T20:04:18","slug":"ferri-amplia-conexao-com-a-natureza-em-casa-de-veraneio-em-maresias","status":"publish","type":"post","link":"https:\/\/ninamartinelli.com.br\/blog2\/ferri-amplia-conexao-com-a-natureza-em-casa-de-veraneio-em-maresias\/","title":{"rendered":"Ferri amplia conex\u00e3o com a natureza em casa de veraneio em Maresias"},"content":{"rendered":"<p><em><strong>Amplo e confort\u00e1vel, o im\u00f3vel precisava dialogar com a exuber\u00e2ncia das praias da Costa Verde, e ganhou elementos org\u00e2nicos e harmoniosos<\/strong><\/em><\/p>\n<p>Quem investe numa casa de veraneio, em geral, \u00e9 quem d\u00e1 o devido valor ao descanso, \u00e0 proximidade com a natureza e \u00e0 possibilidade de contemplar o belo e sentir o tempo passar em outro ritmo, bem menos acelerado do que o dos centros urbanos.<\/p>\n<p>Aposentados, mas cheios de vida e de vontade de curtir bons momentos, um casal de clientes do arquiteto <strong>Silvio Coelho<\/strong>, de S\u00e3o Sebasti\u00e3o-SP pediu ao profissional que reformasse sua ampla casa de praia, num lindo condom\u00ednio em Maresias, uma das mais valorizadas e badaladas praias do litoral norte. Com 320 m\u00b2, a casa \u00e9 voltada principalmente \u00e0s necessidades de bem estar da fam\u00edlia e dos amigos mais chegados, tanto que vive sempre cheia de gente querida.<\/p>\n<p>Faltava ao im\u00f3vel, no entanto, o essencial: um \u201car de praia\u201d, uma conex\u00e3o com a natureza da regi\u00e3o, que guarda nada menos do que as belezas da Costa Verde, onde a Mata Atl\u00e2ntica emoldura um litoral que apaixona turistas e moradores. Silvio, que nasceu em S\u00e3o Paulo mas mudou-se h\u00e1 muitos anos para S\u00e3o Sebasti\u00e3o, onde escolheu viver e trabalhar, lan\u00e7ou m\u00e3o de materiais org\u00e2nicos e de texturas generosas e de personalidade, como bambu, tijolinhos aparentes e tamb\u00e9m uma cer\u00e2mica pra l\u00e1 de especial: <strong>o revestimento Ferri<\/strong>, da Nina Martinelli.<\/p>\n<p><img loading=\"lazy\" decoding=\"async\" class=\"alignleft wp-image-445 size-medium\" src=\"http:\/\/blog.ninamartinelli.com.br\/wp-content\/uploads\/2019\/05\/FERRI--300x200.jpg\" alt=\"\" width=\"300\" height=\"200\" srcset=\"https:\/\/ninamartinelli.com.br\/blog2\/wp-content\/uploads\/2019\/05\/FERRI--300x200.jpg 300w, https:\/\/ninamartinelli.com.br\/blog2\/wp-content\/uploads\/2019\/05\/FERRI--768x511.jpg 768w, https:\/\/ninamartinelli.com.br\/blog2\/wp-content\/uploads\/2019\/05\/FERRI-.jpg 1000w\" sizes=\"auto, (max-width: 300px) 100vw, 300px\" \/>Integrante da linha Eleganza, o Ferri tem um toque r\u00fastico e original, mas sem perder a sofistica\u00e7\u00e3o, e foi justamente essa caracter\u00edstica que cativou o arquiteto, que utilizou o revestimento para ajudar a dar cara nova tr\u00eas ambientes \u2013 lavabo, hall de entrada e fachada da casa. <em>\u201cRusticidade e eleg\u00e2ncia, exatamente o que eu buscava e encontrei na cer\u00e2mica Ferri\u201d<\/em>, atesta o profissional, que encontrou na <strong>De Huber<\/strong>, refer\u00eancia em acabamentos de bom gosto na vizinha Caraguatatuba, essa solu\u00e7\u00e3o perfeita para o conceito que desenvolveu.<\/p>\n<p>Dispon\u00edvel nas dimens\u00f5es 28,5 X 28,5 cm, o Ferri tem se\u00e7\u00f5es em relevo e sentido alternados, o que, no assentamento, cria uma textura impressionante, que lembra aqueles tran\u00e7ados de pe\u00e7as em junco, t\u00e3o presentes em ambientes r\u00fasticos e costeiros. Oferecida na cor Nero, Ferri no entanto tem varia\u00e7\u00f5es de tonalidade que d\u00e3o \u00e0s pe\u00e7as e \u00e0s superf\u00edcies um ar s\u00f3brio, mas nada mon\u00f3tono, com movimento e efeito de profundidade na medida certa. Ousado, Silvio tamb\u00e9m utilizou estrutura e elementos met\u00e1licos na reforma, para lembrar quem contempla a bel\u00edssima casa, que um ou outro tra\u00e7o de urbanidade tamb\u00e9m s\u00e3o bem vindos, e formam um conjunto impressionante, relaxante e harmonioso.<\/p>\n<hr \/>\n<p><img loading=\"lazy\" decoding=\"async\" class=\"size-full wp-image-1139 aligncenter\" src=\"http:\/\/blog.ninamartinelli.com.br\/wp-content\/uploads\/2020\/08\/ferri2.jpg\" alt=\"\" width=\"1000\" height=\"500\" srcset=\"https:\/\/ninamartinelli.com.br\/blog2\/wp-content\/uploads\/2020\/08\/ferri2.jpg 1000w, https:\/\/ninamartinelli.com.br\/blog2\/wp-content\/uploads\/2020\/08\/ferri2-300x150.jpg 300w, https:\/\/ninamartinelli.com.br\/blog2\/wp-content\/uploads\/2020\/08\/ferri2-768x384.jpg 768w\" sizes=\"auto, (max-width: 1000px) 100vw, 1000px\" \/><\/p>\n<p><img loading=\"lazy\" decoding=\"async\" class=\"size-full wp-image-1140 aligncenter\" src=\"http:\/\/blog.ninamartinelli.com.br\/wp-content\/uploads\/2020\/08\/ferri3.jpg\" alt=\"\" width=\"1000\" height=\"500\" srcset=\"https:\/\/ninamartinelli.com.br\/blog2\/wp-content\/uploads\/2020\/08\/ferri3.jpg 1000w, https:\/\/ninamartinelli.com.br\/blog2\/wp-content\/uploads\/2020\/08\/ferri3-300x150.jpg 300w, https:\/\/ninamartinelli.com.br\/blog2\/wp-content\/uploads\/2020\/08\/ferri3-768x384.jpg 768w\" sizes=\"auto, (max-width: 1000px) 100vw, 1000px\" \/><\/p>\n<hr \/>\n<h4>Reforma de Casa em Maresias \u2013 S\u00e3o Sebasti\u00e3o\/SP<br \/>\nCer\u00e2mica Ferri, 28,5X28,5, cor Nero<br \/>\nLavabo, hall de entrada, fachada<br \/>\nRevenda \u2013 De Huber \u2013 Caraguatatuba<br \/>\nProjeto: Silvio Coelho &#8211;<a href=\"https:\/\/www.instagram.com\/silviocoelhoarquiteto\/\" target=\"_blank\" rel=\"noopener noreferrer\">@silviocoelhoarquiteto<\/a><\/h4>\n<h4>Fotos: Silvio Coelho<\/h4>\n","protected":false},"excerpt":{"rendered":"<p>Amplo e confort\u00e1vel, o im\u00f3vel precisava dialogar com a exuber\u00e2ncia das praias da Costa Verde,<\/p>\n","protected":false},"author":1,"featured_media":1137,"comment_status":"open","ping_status":"open","sticky":false,"template":"","format":"standard","meta":{"footnotes":""},"categories":[59,20,26],"tags":[],"class_list":["post-1135","post","type-post","status-publish","format-standard","has-post-thumbnail","hentry","category-ceramica","category-colezione-eleganza","category-revestimentos"],"yoast_head":"<!-- This site is optimized with the Yoast SEO plugin v26.8 - https:\/\/yoast.com\/product\/yoast-seo-wordpress\/ -->\n<title>Ferri amplia conex\u00e3o com a natureza em casa de veraneio em Maresias - Blog Nina<\/title>\n<meta name=\"robots\" content=\"index, follow, max-snippet:-1, max-image-preview:large, max-video-preview:-1\" \/>\n<link rel=\"canonical\" href=\"https:\/\/ninamartinelli.com.br\/blog2\/ferri-amplia-conexao-com-a-natureza-em-casa-de-veraneio-em-maresias\/\" \/>\n<meta property=\"og:locale\" content=\"pt_BR\" \/>\n<meta property=\"og:type\" content=\"article\" \/>\n<meta property=\"og:title\" content=\"Ferri amplia conex\u00e3o com a natureza em casa de veraneio em Maresias - Blog Nina\" \/>\n<meta property=\"og:description\" content=\"Amplo e confort\u00e1vel, o im\u00f3vel precisava dialogar com a exuber\u00e2ncia das praias da Costa Verde,\" \/>\n<meta property=\"og:url\" content=\"https:\/\/ninamartinelli.com.br\/blog2\/ferri-amplia-conexao-com-a-natureza-em-casa-de-veraneio-em-maresias\/\" \/>\n<meta property=\"og:site_name\" content=\"Blog Nina\" \/>\n<meta property=\"article:author\" content=\"http:\/\/facebook.com.br\/ninamartinellioficial\" \/>\n<meta property=\"article:published_time\" content=\"2020-08-03T20:04:18+00:00\" \/>\n<meta property=\"og:image\" content=\"https:\/\/ninamartinelli.com.br\/blog2\/wp-content\/uploads\/2020\/08\/ferri1.jpg\" \/>\n\t<meta property=\"og:image:width\" content=\"1000\" \/>\n\t<meta property=\"og:image:height\" content=\"1000\" \/>\n\t<meta property=\"og:image:type\" content=\"image\/jpeg\" \/>\n<meta name=\"author\" content=\"Comunica\u00e7\u00e3o Nina\" \/>\n<meta name=\"twitter:card\" content=\"summary_large_image\" \/>\n<meta name=\"twitter:label1\" content=\"Escrito por\" \/>\n\t<meta name=\"twitter:data1\" content=\"Comunica\u00e7\u00e3o Nina\" \/>\n\t<meta name=\"twitter:label2\" content=\"Est. tempo de leitura\" \/>\n\t<meta name=\"twitter:data2\" content=\"2 minutos\" \/>\n<script type=\"application\/ld+json\" class=\"yoast-schema-graph\">{\"@context\":\"https:\/\/schema.org\",\"@graph\":[{\"@type\":\"Article\",\"@id\":\"https:\/\/ninamartinelli.com.br\/blog2\/ferri-amplia-conexao-com-a-natureza-em-casa-de-veraneio-em-maresias\/#article\",\"isPartOf\":{\"@id\":\"https:\/\/ninamartinelli.com.br\/blog2\/ferri-amplia-conexao-com-a-natureza-em-casa-de-veraneio-em-maresias\/\"},\"author\":{\"name\":\"Comunica\u00e7\u00e3o Nina\",\"@id\":\"https:\/\/ninamartinelli.com.br\/blog2\/#\/schema\/person\/880a2cdee0a047e9b55254085d24f922\"},\"headline\":\"Ferri amplia conex\u00e3o com a natureza em casa de veraneio em Maresias\",\"datePublished\":\"2020-08-03T20:04:18+00:00\",\"mainEntityOfPage\":{\"@id\":\"https:\/\/ninamartinelli.com.br\/blog2\/ferri-amplia-conexao-com-a-natureza-em-casa-de-veraneio-em-maresias\/\"},\"wordCount\":510,\"commentCount\":0,\"publisher\":{\"@id\":\"https:\/\/ninamartinelli.com.br\/blog2\/#organization\"},\"image\":{\"@id\":\"https:\/\/ninamartinelli.com.br\/blog2\/ferri-amplia-conexao-com-a-natureza-em-casa-de-veraneio-em-maresias\/#primaryimage\"},\"thumbnailUrl\":\"https:\/\/ninamartinelli.com.br\/blog2\/wp-content\/uploads\/2020\/08\/ferri1.jpg\",\"articleSection\":[\"Cer\u00e2mica\",\"Colezione Eleganza\",\"Revestimentos\"],\"inLanguage\":\"pt-BR\",\"potentialAction\":[{\"@type\":\"CommentAction\",\"name\":\"Comment\",\"target\":[\"https:\/\/ninamartinelli.com.br\/blog2\/ferri-amplia-conexao-com-a-natureza-em-casa-de-veraneio-em-maresias\/#respond\"]}]},{\"@type\":\"WebPage\",\"@id\":\"https:\/\/ninamartinelli.com.br\/blog2\/ferri-amplia-conexao-com-a-natureza-em-casa-de-veraneio-em-maresias\/\",\"url\":\"https:\/\/ninamartinelli.com.br\/blog2\/ferri-amplia-conexao-com-a-natureza-em-casa-de-veraneio-em-maresias\/\",\"name\":\"Ferri amplia conex\u00e3o com a natureza em casa de veraneio em Maresias - Blog Nina\",\"isPartOf\":{\"@id\":\"https:\/\/ninamartinelli.com.br\/blog2\/#website\"},\"primaryImageOfPage\":{\"@id\":\"https:\/\/ninamartinelli.com.br\/blog2\/ferri-amplia-conexao-com-a-natureza-em-casa-de-veraneio-em-maresias\/#primaryimage\"},\"image\":{\"@id\":\"https:\/\/ninamartinelli.com.br\/blog2\/ferri-amplia-conexao-com-a-natureza-em-casa-de-veraneio-em-maresias\/#primaryimage\"},\"thumbnailUrl\":\"https:\/\/ninamartinelli.com.br\/blog2\/wp-content\/uploads\/2020\/08\/ferri1.jpg\",\"datePublished\":\"2020-08-03T20:04:18+00:00\",\"breadcrumb\":{\"@id\":\"https:\/\/ninamartinelli.com.br\/blog2\/ferri-amplia-conexao-com-a-natureza-em-casa-de-veraneio-em-maresias\/#breadcrumb\"},\"inLanguage\":\"pt-BR\",\"potentialAction\":[{\"@type\":\"ReadAction\",\"target\":[\"https:\/\/ninamartinelli.com.br\/blog2\/ferri-amplia-conexao-com-a-natureza-em-casa-de-veraneio-em-maresias\/\"]}]},{\"@type\":\"ImageObject\",\"inLanguage\":\"pt-BR\",\"@id\":\"https:\/\/ninamartinelli.com.br\/blog2\/ferri-amplia-conexao-com-a-natureza-em-casa-de-veraneio-em-maresias\/#primaryimage\",\"url\":\"https:\/\/ninamartinelli.com.br\/blog2\/wp-content\/uploads\/2020\/08\/ferri1.jpg\",\"contentUrl\":\"https:\/\/ninamartinelli.com.br\/blog2\/wp-content\/uploads\/2020\/08\/ferri1.jpg\",\"width\":1000,\"height\":1000},{\"@type\":\"BreadcrumbList\",\"@id\":\"https:\/\/ninamartinelli.com.br\/blog2\/ferri-amplia-conexao-com-a-natureza-em-casa-de-veraneio-em-maresias\/#breadcrumb\",\"itemListElement\":[{\"@type\":\"ListItem\",\"position\":1,\"name\":\"In\u00edcio\",\"item\":\"https:\/\/ninamartinelli.com.br\/blog2\/\"},{\"@type\":\"ListItem\",\"position\":2,\"name\":\"Ferri amplia conex\u00e3o com a natureza em casa de veraneio em Maresias\"}]},{\"@type\":\"WebSite\",\"@id\":\"https:\/\/ninamartinelli.com.br\/blog2\/#website\",\"url\":\"https:\/\/ninamartinelli.com.br\/blog2\/\",\"name\":\"Nina Martinelli\",\"description\":\"#Nina_Martinelli\",\"publisher\":{\"@id\":\"https:\/\/ninamartinelli.com.br\/blog2\/#organization\"},\"potentialAction\":[{\"@type\":\"SearchAction\",\"target\":{\"@type\":\"EntryPoint\",\"urlTemplate\":\"https:\/\/ninamartinelli.com.br\/blog2\/?s={search_term_string}\"},\"query-input\":{\"@type\":\"PropertyValueSpecification\",\"valueRequired\":true,\"valueName\":\"search_term_string\"}}],\"inLanguage\":\"pt-BR\"},{\"@type\":\"Organization\",\"@id\":\"https:\/\/ninamartinelli.com.br\/blog2\/#organization\",\"name\":\"Blog Novidades\",\"url\":\"https:\/\/ninamartinelli.com.br\/blog2\/\",\"logo\":{\"@type\":\"ImageObject\",\"inLanguage\":\"pt-BR\",\"@id\":\"https:\/\/ninamartinelli.com.br\/blog2\/#\/schema\/logo\/image\/\",\"url\":\"http:\/\/blog.ninamartinelli.com.br\/wp-content\/uploads\/2022\/03\/logo_nina_blog.png\",\"contentUrl\":\"http:\/\/blog.ninamartinelli.com.br\/wp-content\/uploads\/2022\/03\/logo_nina_blog.png\",\"width\":500,\"height\":104,\"caption\":\"Blog Novidades\"},\"image\":{\"@id\":\"https:\/\/ninamartinelli.com.br\/blog2\/#\/schema\/logo\/image\/\"}},{\"@type\":\"Person\",\"@id\":\"https:\/\/ninamartinelli.com.br\/blog2\/#\/schema\/person\/880a2cdee0a047e9b55254085d24f922\",\"name\":\"Comunica\u00e7\u00e3o Nina\",\"image\":{\"@type\":\"ImageObject\",\"inLanguage\":\"pt-BR\",\"@id\":\"https:\/\/ninamartinelli.com.br\/blog2\/#\/schema\/person\/image\/\",\"url\":\"https:\/\/secure.gravatar.com\/avatar\/0d3d763fb83768dd001497d074d4c4f6?s=96&d=mm&r=g\",\"contentUrl\":\"https:\/\/secure.gravatar.com\/avatar\/0d3d763fb83768dd001497d074d4c4f6?s=96&d=mm&r=g\",\"caption\":\"Comunica\u00e7\u00e3o Nina\"},\"sameAs\":[\"http:\/\/ninamartinelli.com.br\",\"http:\/\/facebook.com.br\/ninamartinellioficial\",\"http:\/\/instagram.com\/ninamartinellioficial\"],\"url\":\"https:\/\/ninamartinelli.com.br\/blog2\/author\/nina\/\"}]}<\/script>\n<!-- \/ Yoast SEO plugin. -->","yoast_head_json":{"title":"Ferri amplia conex\u00e3o com a natureza em casa de veraneio em Maresias - Blog Nina","robots":{"index":"index","follow":"follow","max-snippet":"max-snippet:-1","max-image-preview":"max-image-preview:large","max-video-preview":"max-video-preview:-1"},"canonical":"https:\/\/ninamartinelli.com.br\/blog2\/ferri-amplia-conexao-com-a-natureza-em-casa-de-veraneio-em-maresias\/","og_locale":"pt_BR","og_type":"article","og_title":"Ferri amplia conex\u00e3o com a natureza em casa de veraneio em Maresias - Blog Nina","og_description":"Amplo e confort\u00e1vel, o im\u00f3vel precisava dialogar com a exuber\u00e2ncia das praias da Costa Verde,","og_url":"https:\/\/ninamartinelli.com.br\/blog2\/ferri-amplia-conexao-com-a-natureza-em-casa-de-veraneio-em-maresias\/","og_site_name":"Blog Nina","article_author":"http:\/\/facebook.com.br\/ninamartinellioficial","article_published_time":"2020-08-03T20:04:18+00:00","og_image":[{"width":1000,"height":1000,"url":"https:\/\/ninamartinelli.com.br\/blog2\/wp-content\/uploads\/2020\/08\/ferri1.jpg","type":"image\/jpeg"}],"author":"Comunica\u00e7\u00e3o Nina","twitter_card":"summary_large_image","twitter_misc":{"Escrito por":"Comunica\u00e7\u00e3o Nina","Est. tempo de leitura":"2 minutos"},"schema":{"@context":"https:\/\/schema.org","@graph":[{"@type":"Article","@id":"https:\/\/ninamartinelli.com.br\/blog2\/ferri-amplia-conexao-com-a-natureza-em-casa-de-veraneio-em-maresias\/#article","isPartOf":{"@id":"https:\/\/ninamartinelli.com.br\/blog2\/ferri-amplia-conexao-com-a-natureza-em-casa-de-veraneio-em-maresias\/"},"author":{"name":"Comunica\u00e7\u00e3o Nina","@id":"https:\/\/ninamartinelli.com.br\/blog2\/#\/schema\/person\/880a2cdee0a047e9b55254085d24f922"},"headline":"Ferri amplia conex\u00e3o com a natureza em casa de veraneio em Maresias","datePublished":"2020-08-03T20:04:18+00:00","mainEntityOfPage":{"@id":"https:\/\/ninamartinelli.com.br\/blog2\/ferri-amplia-conexao-com-a-natureza-em-casa-de-veraneio-em-maresias\/"},"wordCount":510,"commentCount":0,"publisher":{"@id":"https:\/\/ninamartinelli.com.br\/blog2\/#organization"},"image":{"@id":"https:\/\/ninamartinelli.com.br\/blog2\/ferri-amplia-conexao-com-a-natureza-em-casa-de-veraneio-em-maresias\/#primaryimage"},"thumbnailUrl":"https:\/\/ninamartinelli.com.br\/blog2\/wp-content\/uploads\/2020\/08\/ferri1.jpg","articleSection":["Cer\u00e2mica","Colezione Eleganza","Revestimentos"],"inLanguage":"pt-BR","potentialAction":[{"@type":"CommentAction","name":"Comment","target":["https:\/\/ninamartinelli.com.br\/blog2\/ferri-amplia-conexao-com-a-natureza-em-casa-de-veraneio-em-maresias\/#respond"]}]},{"@type":"WebPage","@id":"https:\/\/ninamartinelli.com.br\/blog2\/ferri-amplia-conexao-com-a-natureza-em-casa-de-veraneio-em-maresias\/","url":"https:\/\/ninamartinelli.com.br\/blog2\/ferri-amplia-conexao-com-a-natureza-em-casa-de-veraneio-em-maresias\/","name":"Ferri amplia conex\u00e3o com a natureza em casa de veraneio em Maresias - Blog Nina","isPartOf":{"@id":"https:\/\/ninamartinelli.com.br\/blog2\/#website"},"primaryImageOfPage":{"@id":"https:\/\/ninamartinelli.com.br\/blog2\/ferri-amplia-conexao-com-a-natureza-em-casa-de-veraneio-em-maresias\/#primaryimage"},"image":{"@id":"https:\/\/ninamartinelli.com.br\/blog2\/ferri-amplia-conexao-com-a-natureza-em-casa-de-veraneio-em-maresias\/#primaryimage"},"thumbnailUrl":"https:\/\/ninamartinelli.com.br\/blog2\/wp-content\/uploads\/2020\/08\/ferri1.jpg","datePublished":"2020-08-03T20:04:18+00:00","breadcrumb":{"@id":"https:\/\/ninamartinelli.com.br\/blog2\/ferri-amplia-conexao-com-a-natureza-em-casa-de-veraneio-em-maresias\/#breadcrumb"},"inLanguage":"pt-BR","potentialAction":[{"@type":"ReadAction","target":["https:\/\/ninamartinelli.com.br\/blog2\/ferri-amplia-conexao-com-a-natureza-em-casa-de-veraneio-em-maresias\/"]}]},{"@type":"ImageObject","inLanguage":"pt-BR","@id":"https:\/\/ninamartinelli.com.br\/blog2\/ferri-amplia-conexao-com-a-natureza-em-casa-de-veraneio-em-maresias\/#primaryimage","url":"https:\/\/ninamartinelli.com.br\/blog2\/wp-content\/uploads\/2020\/08\/ferri1.jpg","contentUrl":"https:\/\/ninamartinelli.com.br\/blog2\/wp-content\/uploads\/2020\/08\/ferri1.jpg","width":1000,"height":1000},{"@type":"BreadcrumbList","@id":"https:\/\/ninamartinelli.com.br\/blog2\/ferri-amplia-conexao-com-a-natureza-em-casa-de-veraneio-em-maresias\/#breadcrumb","itemListElement":[{"@type":"ListItem","position":1,"name":"In\u00edcio","item":"https:\/\/ninamartinelli.com.br\/blog2\/"},{"@type":"ListItem","position":2,"name":"Ferri amplia conex\u00e3o com a natureza em casa de veraneio em Maresias"}]},{"@type":"WebSite","@id":"https:\/\/ninamartinelli.com.br\/blog2\/#website","url":"https:\/\/ninamartinelli.com.br\/blog2\/","name":"Nina Martinelli","description":"#Nina_Martinelli","publisher":{"@id":"https:\/\/ninamartinelli.com.br\/blog2\/#organization"},"potentialAction":[{"@type":"SearchAction","target":{"@type":"EntryPoint","urlTemplate":"https:\/\/ninamartinelli.com.br\/blog2\/?s={search_term_string}"},"query-input":{"@type":"PropertyValueSpecification","valueRequired":true,"valueName":"search_term_string"}}],"inLanguage":"pt-BR"},{"@type":"Organization","@id":"https:\/\/ninamartinelli.com.br\/blog2\/#organization","name":"Blog Novidades","url":"https:\/\/ninamartinelli.com.br\/blog2\/","logo":{"@type":"ImageObject","inLanguage":"pt-BR","@id":"https:\/\/ninamartinelli.com.br\/blog2\/#\/schema\/logo\/image\/","url":"http:\/\/blog.ninamartinelli.com.br\/wp-content\/uploads\/2022\/03\/logo_nina_blog.png","contentUrl":"http:\/\/blog.ninamartinelli.com.br\/wp-content\/uploads\/2022\/03\/logo_nina_blog.png","width":500,"height":104,"caption":"Blog Novidades"},"image":{"@id":"https:\/\/ninamartinelli.com.br\/blog2\/#\/schema\/logo\/image\/"}},{"@type":"Person","@id":"https:\/\/ninamartinelli.com.br\/blog2\/#\/schema\/person\/880a2cdee0a047e9b55254085d24f922","name":"Comunica\u00e7\u00e3o Nina","image":{"@type":"ImageObject","inLanguage":"pt-BR","@id":"https:\/\/ninamartinelli.com.br\/blog2\/#\/schema\/person\/image\/","url":"https:\/\/secure.gravatar.com\/avatar\/0d3d763fb83768dd001497d074d4c4f6?s=96&d=mm&r=g","contentUrl":"https:\/\/secure.gravatar.com\/avatar\/0d3d763fb83768dd001497d074d4c4f6?s=96&d=mm&r=g","caption":"Comunica\u00e7\u00e3o Nina"},"sameAs":["http:\/\/ninamartinelli.com.br","http:\/\/facebook.com.br\/ninamartinellioficial","http:\/\/instagram.com\/ninamartinellioficial"],"url":"https:\/\/ninamartinelli.com.br\/blog2\/author\/nina\/"}]}},"_links":{"self":[{"href":"https:\/\/ninamartinelli.com.br\/blog2\/wp-json\/wp\/v2\/posts\/1135","targetHints":{"allow":["GET"]}}],"collection":[{"href":"https:\/\/ninamartinelli.com.br\/blog2\/wp-json\/wp\/v2\/posts"}],"about":[{"href":"https:\/\/ninamartinelli.com.br\/blog2\/wp-json\/wp\/v2\/types\/post"}],"author":[{"embeddable":true,"href":"https:\/\/ninamartinelli.com.br\/blog2\/wp-json\/wp\/v2\/users\/1"}],"replies":[{"embeddable":true,"href":"https:\/\/ninamartinelli.com.br\/blog2\/wp-json\/wp\/v2\/comments?post=1135"}],"version-history":[{"count":5,"href":"https:\/\/ninamartinelli.com.br\/blog2\/wp-json\/wp\/v2\/posts\/1135\/revisions"}],"predecessor-version":[{"id":1143,"href":"https:\/\/ninamartinelli.com.br\/blog2\/wp-json\/wp\/v2\/posts\/1135\/revisions\/1143"}],"wp:featuredmedia":[{"embeddable":true,"href":"https:\/\/ninamartinelli.com.br\/blog2\/wp-json\/wp\/v2\/media\/1137"}],"wp:attachment":[{"href":"https:\/\/ninamartinelli.com.br\/blog2\/wp-json\/wp\/v2\/media?parent=1135"}],"wp:term":[{"taxonomy":"category","embeddable":true,"href":"https:\/\/ninamartinelli.com.br\/blog2\/wp-json\/wp\/v2\/categories?post=1135"},{"taxonomy":"post_tag","embeddable":true,"href":"https:\/\/ninamartinelli.com.br\/blog2\/wp-json\/wp\/v2\/tags?post=1135"}],"curies":[{"name":"wp","href":"https:\/\/api.w.org\/{rel}","templated":true}]}}