{"id":1062,"date":"2020-06-11T12:22:11","date_gmt":"2020-06-11T15:22:11","guid":{"rendered":"http:\/\/blog.ninamartinelli.com.br\/?p=1062"},"modified":"2020-06-11T12:22:11","modified_gmt":"2020-06-11T15:22:11","slug":"fiusa-center-em-ribeirao-preto-de-cara-nova-com-o-brick-fendi","status":"publish","type":"post","link":"https:\/\/ninamartinelli.com.br\/blog2\/fiusa-center-em-ribeirao-preto-de-cara-nova-com-o-brick-fendi\/","title":{"rendered":"Fiusa Center, em Ribeir\u00e3o Preto, de cara nova com o brick Fendi"},"content":{"rendered":"<p><em><strong>Pra\u00e7a de alimenta\u00e7\u00e3o, com badalados points de gastronomia e concorrida agenda de eventos, e tamb\u00e9m a fachada do centro comercial, receberam o revestimento<\/strong><\/em><\/p>\n<p>Localizada numa das \u00e1reas mais valorizadas da zona sul de Ribeir\u00e3o Preto\/SP, o Jardim Bot\u00e2nico, a galeria <strong>Fi\u00fasa Center<\/strong> \u00e9 ponto de encontro de milhares de pessoas, que encontram no local as comodidades de um complexo comercial, com o aconchego e a praticidade que lembram um boulevard de vizinhan\u00e7a.<\/p>\n<p>Com mais de 20 lojas, oferta de servi\u00e7os variados e uma pra\u00e7a de alimenta\u00e7\u00e3o com capacidade para 150 pessoas, o Fiusa Center passou por uma revitaliza\u00e7\u00e3o que teve por objetivo modernizar a fachada, as \u00e1reas de conv\u00edvio, e fazer justi\u00e7a \u00e0 valoriza\u00e7\u00e3o dos espa\u00e7os, cada vez mais concorridos.<br \/>\nA tarefa coube \u00e0 arquiteta Camila Strang, tamb\u00e9m de Ribeir\u00e3o, que usou como ponto inicial do projeto justamente as necessidades da pra\u00e7a de alimenta\u00e7\u00e3o, visando transform\u00e1-la numa \u00e1rea mais agrad\u00e1vel e convidativa.<\/p>\n<p><img loading=\"lazy\" decoding=\"async\" class=\"alignleft wp-image-1066\" src=\"http:\/\/blog.ninamartinelli.com.br\/wp-content\/uploads\/2020\/06\/brick-fendi-fiusa-5.jpg\" alt=\"\" width=\"250\" height=\"250\" srcset=\"https:\/\/ninamartinelli.com.br\/blog2\/wp-content\/uploads\/2020\/06\/brick-fendi-fiusa-5.jpg 500w, https:\/\/ninamartinelli.com.br\/blog2\/wp-content\/uploads\/2020\/06\/brick-fendi-fiusa-5-300x300.jpg 300w, https:\/\/ninamartinelli.com.br\/blog2\/wp-content\/uploads\/2020\/06\/brick-fendi-fiusa-5-150x150.jpg 150w, https:\/\/ninamartinelli.com.br\/blog2\/wp-content\/uploads\/2020\/06\/brick-fendi-fiusa-5-50x50.jpg 50w\" sizes=\"auto, (max-width: 250px) 100vw, 250px\" \/>Mobili\u00e1rio com design sofisticado, paisagismo caprichado, conjunto luminot\u00e9cnico elegante e moderno, foram alguns dos elementos que a profissional priorizou para dar forma ao arrojado projeto, que surpreendeu a todos. A fachada recebeu aten\u00e7\u00e3o especial, ganhando visual igualmente renovado, acessibilidade, ergonomia e beleza. E para unir todos esses elementos e espa\u00e7os, Camila escolheu o revestimento <strong>Brick Fendi<\/strong>, da Nina Martinelli. Mais de 800 m\u00b2 do produto foram utilizados no total.<\/p>\n<p>Integrante da Colezione Brick, que conta com mais de 60 diferentes modelos, o Brick Fendi \u00e9 apresentado nas dimens\u00f5es 7&#215;23,5 cm, com pe\u00e7as feitas uma a muda, em modo de produ\u00e7\u00e3o sustent\u00e1vel. Sua composi\u00e7\u00e3o leva material reciclado, o que confere ao revestimento um toque diferenciado e \u00fanico, produzindo um efeito de rusticidade, despojamento e, ao mesmo tempo, extrema eleg\u00e2ncia e harmonia visual, sem datar ou tornar o ambiente mon\u00f3tono.<\/p>\n<p>Caracter\u00edsticas perfeitas para o uso din\u00e2mico dos espa\u00e7os do Fiusa Center, onde al\u00e9m das lojas, tamb\u00e9m os points de gastronomia fazem imenso sucesso, embalados por uma agenda de eventos ecl\u00e9tica e que re\u00fane muita gente bonita. O resultado final \u00e9 t\u00e3o harm\u00f4nico, leve e equilibrado, que o complexo parece ter sido constru\u00eddo n\u00e3o h\u00e1 mais de duas d\u00e9cadas, mas sim, recentemente, com seus espa\u00e7os requalificados, renovados e em condi\u00e7\u00f5es de se consolidarem ainda mais como refer\u00eancia para os moradores, visitantes e consumidores.<\/p>\n<hr \/>\n<p><img loading=\"lazy\" decoding=\"async\" class=\"size-full wp-image-1068 aligncenter\" src=\"http:\/\/blog.ninamartinelli.com.br\/wp-content\/uploads\/2020\/06\/brick-fendi-fiusa-2.jpg\" alt=\"\" width=\"1000\" height=\"500\" srcset=\"https:\/\/ninamartinelli.com.br\/blog2\/wp-content\/uploads\/2020\/06\/brick-fendi-fiusa-2.jpg 1000w, https:\/\/ninamartinelli.com.br\/blog2\/wp-content\/uploads\/2020\/06\/brick-fendi-fiusa-2-300x150.jpg 300w, https:\/\/ninamartinelli.com.br\/blog2\/wp-content\/uploads\/2020\/06\/brick-fendi-fiusa-2-768x384.jpg 768w\" sizes=\"auto, (max-width: 1000px) 100vw, 1000px\" \/><\/p>\n<p><img loading=\"lazy\" decoding=\"async\" class=\"size-full wp-image-1069 aligncenter\" src=\"http:\/\/blog.ninamartinelli.com.br\/wp-content\/uploads\/2020\/06\/brick-fendi-fiusa-3.jpg\" alt=\"\" width=\"1000\" height=\"500\" srcset=\"https:\/\/ninamartinelli.com.br\/blog2\/wp-content\/uploads\/2020\/06\/brick-fendi-fiusa-3.jpg 1000w, https:\/\/ninamartinelli.com.br\/blog2\/wp-content\/uploads\/2020\/06\/brick-fendi-fiusa-3-300x150.jpg 300w, https:\/\/ninamartinelli.com.br\/blog2\/wp-content\/uploads\/2020\/06\/brick-fendi-fiusa-3-768x384.jpg 768w\" sizes=\"auto, (max-width: 1000px) 100vw, 1000px\" \/><\/p>\n<p><img loading=\"lazy\" decoding=\"async\" class=\"size-full wp-image-1070 aligncenter\" src=\"http:\/\/blog.ninamartinelli.com.br\/wp-content\/uploads\/2020\/06\/brick-fendi-fiusa-4.jpg\" alt=\"\" width=\"1000\" height=\"500\" srcset=\"https:\/\/ninamartinelli.com.br\/blog2\/wp-content\/uploads\/2020\/06\/brick-fendi-fiusa-4.jpg 1000w, https:\/\/ninamartinelli.com.br\/blog2\/wp-content\/uploads\/2020\/06\/brick-fendi-fiusa-4-300x150.jpg 300w, https:\/\/ninamartinelli.com.br\/blog2\/wp-content\/uploads\/2020\/06\/brick-fendi-fiusa-4-768x384.jpg 768w\" sizes=\"auto, (max-width: 1000px) 100vw, 1000px\" \/><\/p>\n<hr \/>\n<h4>Fiusa Center \u2013 centro comercial, zona sul de Ribeir\u00e3o Preto \u2013 SP<br \/>\nRevitaliza\u00e7\u00e3o de pra\u00e7a de alimenta\u00e7\u00e3o e fachada<br \/>\nProjeto: Camila Strang <a href=\"https:\/\/www.instagram.com\/camistrang\/\" target=\"_blank\" rel=\"noopener noreferrer\">@camistrang<\/a><br \/>\nFotos: Gian Claudio Biancuzzi &#8211; <a href=\"https:\/\/www.instagram.com\/biancuzzi\/\" target=\"_blank\" rel=\"noopener noreferrer\">@biancuzzi<\/a><\/h4>\n","protected":false},"excerpt":{"rendered":"<p>Pra\u00e7a de alimenta\u00e7\u00e3o, com badalados points de gastronomia e concorrida agenda de eventos, e tamb\u00e9m<\/p>\n","protected":false},"author":1,"featured_media":1065,"comment_status":"open","ping_status":"open","sticky":false,"template":"","format":"standard","meta":{"footnotes":""},"categories":[59,16,26],"tags":[36,79],"class_list":["post-1062","post","type-post","status-publish","format-standard","has-post-thumbnail","hentry","category-ceramica","category-colezione-brick","category-revestimentos","tag-brick","tag-entretenimento"],"yoast_head":"<!-- This site is optimized with the Yoast SEO plugin v26.8 - https:\/\/yoast.com\/product\/yoast-seo-wordpress\/ -->\n<title>Fiusa Center, em Ribeir\u00e3o Preto, de cara nova com o brick Fendi - Blog Nina<\/title>\n<meta name=\"robots\" content=\"index, follow, max-snippet:-1, max-image-preview:large, max-video-preview:-1\" \/>\n<link rel=\"canonical\" href=\"https:\/\/ninamartinelli.com.br\/blog2\/fiusa-center-em-ribeirao-preto-de-cara-nova-com-o-brick-fendi\/\" \/>\n<meta property=\"og:locale\" content=\"pt_BR\" \/>\n<meta property=\"og:type\" content=\"article\" \/>\n<meta property=\"og:title\" content=\"Fiusa Center, em Ribeir\u00e3o Preto, de cara nova com o brick Fendi - Blog Nina\" \/>\n<meta property=\"og:description\" content=\"Pra\u00e7a de alimenta\u00e7\u00e3o, com badalados points de gastronomia e concorrida agenda de eventos, e tamb\u00e9m\" \/>\n<meta property=\"og:url\" content=\"https:\/\/ninamartinelli.com.br\/blog2\/fiusa-center-em-ribeirao-preto-de-cara-nova-com-o-brick-fendi\/\" \/>\n<meta property=\"og:site_name\" content=\"Blog Nina\" \/>\n<meta property=\"article:author\" content=\"http:\/\/facebook.com.br\/ninamartinellioficial\" \/>\n<meta property=\"article:published_time\" content=\"2020-06-11T15:22:11+00:00\" \/>\n<meta property=\"og:image\" content=\"https:\/\/ninamartinelli.com.br\/blog2\/wp-content\/uploads\/2020\/06\/brick-fendi-fiusa-1.jpg\" \/>\n\t<meta property=\"og:image:width\" content=\"900\" \/>\n\t<meta property=\"og:image:height\" content=\"900\" \/>\n\t<meta property=\"og:image:type\" content=\"image\/jpeg\" \/>\n<meta name=\"author\" content=\"Comunica\u00e7\u00e3o Nina\" \/>\n<meta name=\"twitter:card\" content=\"summary_large_image\" \/>\n<meta name=\"twitter:label1\" content=\"Escrito por\" \/>\n\t<meta name=\"twitter:data1\" content=\"Comunica\u00e7\u00e3o Nina\" \/>\n\t<meta name=\"twitter:label2\" content=\"Est. tempo de leitura\" \/>\n\t<meta name=\"twitter:data2\" content=\"2 minutos\" \/>\n<script type=\"application\/ld+json\" class=\"yoast-schema-graph\">{\"@context\":\"https:\/\/schema.org\",\"@graph\":[{\"@type\":\"Article\",\"@id\":\"https:\/\/ninamartinelli.com.br\/blog2\/fiusa-center-em-ribeirao-preto-de-cara-nova-com-o-brick-fendi\/#article\",\"isPartOf\":{\"@id\":\"https:\/\/ninamartinelli.com.br\/blog2\/fiusa-center-em-ribeirao-preto-de-cara-nova-com-o-brick-fendi\/\"},\"author\":{\"name\":\"Comunica\u00e7\u00e3o Nina\",\"@id\":\"https:\/\/ninamartinelli.com.br\/blog2\/#\/schema\/person\/880a2cdee0a047e9b55254085d24f922\"},\"headline\":\"Fiusa Center, em Ribeir\u00e3o Preto, de cara nova com o brick Fendi\",\"datePublished\":\"2020-06-11T15:22:11+00:00\",\"mainEntityOfPage\":{\"@id\":\"https:\/\/ninamartinelli.com.br\/blog2\/fiusa-center-em-ribeirao-preto-de-cara-nova-com-o-brick-fendi\/\"},\"wordCount\":455,\"commentCount\":0,\"publisher\":{\"@id\":\"https:\/\/ninamartinelli.com.br\/blog2\/#organization\"},\"image\":{\"@id\":\"https:\/\/ninamartinelli.com.br\/blog2\/fiusa-center-em-ribeirao-preto-de-cara-nova-com-o-brick-fendi\/#primaryimage\"},\"thumbnailUrl\":\"https:\/\/ninamartinelli.com.br\/blog2\/wp-content\/uploads\/2020\/06\/brick-fendi-fiusa-1.jpg\",\"keywords\":[\"brick\",\"entretenimento\"],\"articleSection\":[\"Cer\u00e2mica\",\"Colezione Brick\",\"Revestimentos\"],\"inLanguage\":\"pt-BR\",\"potentialAction\":[{\"@type\":\"CommentAction\",\"name\":\"Comment\",\"target\":[\"https:\/\/ninamartinelli.com.br\/blog2\/fiusa-center-em-ribeirao-preto-de-cara-nova-com-o-brick-fendi\/#respond\"]}]},{\"@type\":\"WebPage\",\"@id\":\"https:\/\/ninamartinelli.com.br\/blog2\/fiusa-center-em-ribeirao-preto-de-cara-nova-com-o-brick-fendi\/\",\"url\":\"https:\/\/ninamartinelli.com.br\/blog2\/fiusa-center-em-ribeirao-preto-de-cara-nova-com-o-brick-fendi\/\",\"name\":\"Fiusa Center, em Ribeir\u00e3o Preto, de cara nova com o brick Fendi - Blog Nina\",\"isPartOf\":{\"@id\":\"https:\/\/ninamartinelli.com.br\/blog2\/#website\"},\"primaryImageOfPage\":{\"@id\":\"https:\/\/ninamartinelli.com.br\/blog2\/fiusa-center-em-ribeirao-preto-de-cara-nova-com-o-brick-fendi\/#primaryimage\"},\"image\":{\"@id\":\"https:\/\/ninamartinelli.com.br\/blog2\/fiusa-center-em-ribeirao-preto-de-cara-nova-com-o-brick-fendi\/#primaryimage\"},\"thumbnailUrl\":\"https:\/\/ninamartinelli.com.br\/blog2\/wp-content\/uploads\/2020\/06\/brick-fendi-fiusa-1.jpg\",\"datePublished\":\"2020-06-11T15:22:11+00:00\",\"breadcrumb\":{\"@id\":\"https:\/\/ninamartinelli.com.br\/blog2\/fiusa-center-em-ribeirao-preto-de-cara-nova-com-o-brick-fendi\/#breadcrumb\"},\"inLanguage\":\"pt-BR\",\"potentialAction\":[{\"@type\":\"ReadAction\",\"target\":[\"https:\/\/ninamartinelli.com.br\/blog2\/fiusa-center-em-ribeirao-preto-de-cara-nova-com-o-brick-fendi\/\"]}]},{\"@type\":\"ImageObject\",\"inLanguage\":\"pt-BR\",\"@id\":\"https:\/\/ninamartinelli.com.br\/blog2\/fiusa-center-em-ribeirao-preto-de-cara-nova-com-o-brick-fendi\/#primaryimage\",\"url\":\"https:\/\/ninamartinelli.com.br\/blog2\/wp-content\/uploads\/2020\/06\/brick-fendi-fiusa-1.jpg\",\"contentUrl\":\"https:\/\/ninamartinelli.com.br\/blog2\/wp-content\/uploads\/2020\/06\/brick-fendi-fiusa-1.jpg\",\"width\":900,\"height\":900},{\"@type\":\"BreadcrumbList\",\"@id\":\"https:\/\/ninamartinelli.com.br\/blog2\/fiusa-center-em-ribeirao-preto-de-cara-nova-com-o-brick-fendi\/#breadcrumb\",\"itemListElement\":[{\"@type\":\"ListItem\",\"position\":1,\"name\":\"In\u00edcio\",\"item\":\"https:\/\/ninamartinelli.com.br\/blog2\/\"},{\"@type\":\"ListItem\",\"position\":2,\"name\":\"Fiusa Center, em Ribeir\u00e3o Preto, de cara nova com o brick Fendi\"}]},{\"@type\":\"WebSite\",\"@id\":\"https:\/\/ninamartinelli.com.br\/blog2\/#website\",\"url\":\"https:\/\/ninamartinelli.com.br\/blog2\/\",\"name\":\"Nina Martinelli\",\"description\":\"#Nina_Martinelli\",\"publisher\":{\"@id\":\"https:\/\/ninamartinelli.com.br\/blog2\/#organization\"},\"potentialAction\":[{\"@type\":\"SearchAction\",\"target\":{\"@type\":\"EntryPoint\",\"urlTemplate\":\"https:\/\/ninamartinelli.com.br\/blog2\/?s={search_term_string}\"},\"query-input\":{\"@type\":\"PropertyValueSpecification\",\"valueRequired\":true,\"valueName\":\"search_term_string\"}}],\"inLanguage\":\"pt-BR\"},{\"@type\":\"Organization\",\"@id\":\"https:\/\/ninamartinelli.com.br\/blog2\/#organization\",\"name\":\"Blog Novidades\",\"url\":\"https:\/\/ninamartinelli.com.br\/blog2\/\",\"logo\":{\"@type\":\"ImageObject\",\"inLanguage\":\"pt-BR\",\"@id\":\"https:\/\/ninamartinelli.com.br\/blog2\/#\/schema\/logo\/image\/\",\"url\":\"http:\/\/blog.ninamartinelli.com.br\/wp-content\/uploads\/2022\/03\/logo_nina_blog.png\",\"contentUrl\":\"http:\/\/blog.ninamartinelli.com.br\/wp-content\/uploads\/2022\/03\/logo_nina_blog.png\",\"width\":500,\"height\":104,\"caption\":\"Blog Novidades\"},\"image\":{\"@id\":\"https:\/\/ninamartinelli.com.br\/blog2\/#\/schema\/logo\/image\/\"}},{\"@type\":\"Person\",\"@id\":\"https:\/\/ninamartinelli.com.br\/blog2\/#\/schema\/person\/880a2cdee0a047e9b55254085d24f922\",\"name\":\"Comunica\u00e7\u00e3o Nina\",\"image\":{\"@type\":\"ImageObject\",\"inLanguage\":\"pt-BR\",\"@id\":\"https:\/\/ninamartinelli.com.br\/blog2\/#\/schema\/person\/image\/\",\"url\":\"https:\/\/secure.gravatar.com\/avatar\/0d3d763fb83768dd001497d074d4c4f6?s=96&d=mm&r=g\",\"contentUrl\":\"https:\/\/secure.gravatar.com\/avatar\/0d3d763fb83768dd001497d074d4c4f6?s=96&d=mm&r=g\",\"caption\":\"Comunica\u00e7\u00e3o Nina\"},\"sameAs\":[\"http:\/\/ninamartinelli.com.br\",\"http:\/\/facebook.com.br\/ninamartinellioficial\",\"http:\/\/instagram.com\/ninamartinellioficial\"],\"url\":\"https:\/\/ninamartinelli.com.br\/blog2\/author\/nina\/\"}]}<\/script>\n<!-- \/ Yoast SEO plugin. -->","yoast_head_json":{"title":"Fiusa Center, em Ribeir\u00e3o Preto, de cara nova com o brick Fendi - Blog Nina","robots":{"index":"index","follow":"follow","max-snippet":"max-snippet:-1","max-image-preview":"max-image-preview:large","max-video-preview":"max-video-preview:-1"},"canonical":"https:\/\/ninamartinelli.com.br\/blog2\/fiusa-center-em-ribeirao-preto-de-cara-nova-com-o-brick-fendi\/","og_locale":"pt_BR","og_type":"article","og_title":"Fiusa Center, em Ribeir\u00e3o Preto, de cara nova com o brick Fendi - Blog Nina","og_description":"Pra\u00e7a de alimenta\u00e7\u00e3o, com badalados points de gastronomia e concorrida agenda de eventos, e tamb\u00e9m","og_url":"https:\/\/ninamartinelli.com.br\/blog2\/fiusa-center-em-ribeirao-preto-de-cara-nova-com-o-brick-fendi\/","og_site_name":"Blog Nina","article_author":"http:\/\/facebook.com.br\/ninamartinellioficial","article_published_time":"2020-06-11T15:22:11+00:00","og_image":[{"width":900,"height":900,"url":"https:\/\/ninamartinelli.com.br\/blog2\/wp-content\/uploads\/2020\/06\/brick-fendi-fiusa-1.jpg","type":"image\/jpeg"}],"author":"Comunica\u00e7\u00e3o Nina","twitter_card":"summary_large_image","twitter_misc":{"Escrito por":"Comunica\u00e7\u00e3o Nina","Est. tempo de leitura":"2 minutos"},"schema":{"@context":"https:\/\/schema.org","@graph":[{"@type":"Article","@id":"https:\/\/ninamartinelli.com.br\/blog2\/fiusa-center-em-ribeirao-preto-de-cara-nova-com-o-brick-fendi\/#article","isPartOf":{"@id":"https:\/\/ninamartinelli.com.br\/blog2\/fiusa-center-em-ribeirao-preto-de-cara-nova-com-o-brick-fendi\/"},"author":{"name":"Comunica\u00e7\u00e3o Nina","@id":"https:\/\/ninamartinelli.com.br\/blog2\/#\/schema\/person\/880a2cdee0a047e9b55254085d24f922"},"headline":"Fiusa Center, em Ribeir\u00e3o Preto, de cara nova com o brick Fendi","datePublished":"2020-06-11T15:22:11+00:00","mainEntityOfPage":{"@id":"https:\/\/ninamartinelli.com.br\/blog2\/fiusa-center-em-ribeirao-preto-de-cara-nova-com-o-brick-fendi\/"},"wordCount":455,"commentCount":0,"publisher":{"@id":"https:\/\/ninamartinelli.com.br\/blog2\/#organization"},"image":{"@id":"https:\/\/ninamartinelli.com.br\/blog2\/fiusa-center-em-ribeirao-preto-de-cara-nova-com-o-brick-fendi\/#primaryimage"},"thumbnailUrl":"https:\/\/ninamartinelli.com.br\/blog2\/wp-content\/uploads\/2020\/06\/brick-fendi-fiusa-1.jpg","keywords":["brick","entretenimento"],"articleSection":["Cer\u00e2mica","Colezione Brick","Revestimentos"],"inLanguage":"pt-BR","potentialAction":[{"@type":"CommentAction","name":"Comment","target":["https:\/\/ninamartinelli.com.br\/blog2\/fiusa-center-em-ribeirao-preto-de-cara-nova-com-o-brick-fendi\/#respond"]}]},{"@type":"WebPage","@id":"https:\/\/ninamartinelli.com.br\/blog2\/fiusa-center-em-ribeirao-preto-de-cara-nova-com-o-brick-fendi\/","url":"https:\/\/ninamartinelli.com.br\/blog2\/fiusa-center-em-ribeirao-preto-de-cara-nova-com-o-brick-fendi\/","name":"Fiusa Center, em Ribeir\u00e3o Preto, de cara nova com o brick Fendi - Blog Nina","isPartOf":{"@id":"https:\/\/ninamartinelli.com.br\/blog2\/#website"},"primaryImageOfPage":{"@id":"https:\/\/ninamartinelli.com.br\/blog2\/fiusa-center-em-ribeirao-preto-de-cara-nova-com-o-brick-fendi\/#primaryimage"},"image":{"@id":"https:\/\/ninamartinelli.com.br\/blog2\/fiusa-center-em-ribeirao-preto-de-cara-nova-com-o-brick-fendi\/#primaryimage"},"thumbnailUrl":"https:\/\/ninamartinelli.com.br\/blog2\/wp-content\/uploads\/2020\/06\/brick-fendi-fiusa-1.jpg","datePublished":"2020-06-11T15:22:11+00:00","breadcrumb":{"@id":"https:\/\/ninamartinelli.com.br\/blog2\/fiusa-center-em-ribeirao-preto-de-cara-nova-com-o-brick-fendi\/#breadcrumb"},"inLanguage":"pt-BR","potentialAction":[{"@type":"ReadAction","target":["https:\/\/ninamartinelli.com.br\/blog2\/fiusa-center-em-ribeirao-preto-de-cara-nova-com-o-brick-fendi\/"]}]},{"@type":"ImageObject","inLanguage":"pt-BR","@id":"https:\/\/ninamartinelli.com.br\/blog2\/fiusa-center-em-ribeirao-preto-de-cara-nova-com-o-brick-fendi\/#primaryimage","url":"https:\/\/ninamartinelli.com.br\/blog2\/wp-content\/uploads\/2020\/06\/brick-fendi-fiusa-1.jpg","contentUrl":"https:\/\/ninamartinelli.com.br\/blog2\/wp-content\/uploads\/2020\/06\/brick-fendi-fiusa-1.jpg","width":900,"height":900},{"@type":"BreadcrumbList","@id":"https:\/\/ninamartinelli.com.br\/blog2\/fiusa-center-em-ribeirao-preto-de-cara-nova-com-o-brick-fendi\/#breadcrumb","itemListElement":[{"@type":"ListItem","position":1,"name":"In\u00edcio","item":"https:\/\/ninamartinelli.com.br\/blog2\/"},{"@type":"ListItem","position":2,"name":"Fiusa Center, em Ribeir\u00e3o Preto, de cara nova com o brick Fendi"}]},{"@type":"WebSite","@id":"https:\/\/ninamartinelli.com.br\/blog2\/#website","url":"https:\/\/ninamartinelli.com.br\/blog2\/","name":"Nina Martinelli","description":"#Nina_Martinelli","publisher":{"@id":"https:\/\/ninamartinelli.com.br\/blog2\/#organization"},"potentialAction":[{"@type":"SearchAction","target":{"@type":"EntryPoint","urlTemplate":"https:\/\/ninamartinelli.com.br\/blog2\/?s={search_term_string}"},"query-input":{"@type":"PropertyValueSpecification","valueRequired":true,"valueName":"search_term_string"}}],"inLanguage":"pt-BR"},{"@type":"Organization","@id":"https:\/\/ninamartinelli.com.br\/blog2\/#organization","name":"Blog Novidades","url":"https:\/\/ninamartinelli.com.br\/blog2\/","logo":{"@type":"ImageObject","inLanguage":"pt-BR","@id":"https:\/\/ninamartinelli.com.br\/blog2\/#\/schema\/logo\/image\/","url":"http:\/\/blog.ninamartinelli.com.br\/wp-content\/uploads\/2022\/03\/logo_nina_blog.png","contentUrl":"http:\/\/blog.ninamartinelli.com.br\/wp-content\/uploads\/2022\/03\/logo_nina_blog.png","width":500,"height":104,"caption":"Blog Novidades"},"image":{"@id":"https:\/\/ninamartinelli.com.br\/blog2\/#\/schema\/logo\/image\/"}},{"@type":"Person","@id":"https:\/\/ninamartinelli.com.br\/blog2\/#\/schema\/person\/880a2cdee0a047e9b55254085d24f922","name":"Comunica\u00e7\u00e3o Nina","image":{"@type":"ImageObject","inLanguage":"pt-BR","@id":"https:\/\/ninamartinelli.com.br\/blog2\/#\/schema\/person\/image\/","url":"https:\/\/secure.gravatar.com\/avatar\/0d3d763fb83768dd001497d074d4c4f6?s=96&d=mm&r=g","contentUrl":"https:\/\/secure.gravatar.com\/avatar\/0d3d763fb83768dd001497d074d4c4f6?s=96&d=mm&r=g","caption":"Comunica\u00e7\u00e3o Nina"},"sameAs":["http:\/\/ninamartinelli.com.br","http:\/\/facebook.com.br\/ninamartinellioficial","http:\/\/instagram.com\/ninamartinellioficial"],"url":"https:\/\/ninamartinelli.com.br\/blog2\/author\/nina\/"}]}},"_links":{"self":[{"href":"https:\/\/ninamartinelli.com.br\/blog2\/wp-json\/wp\/v2\/posts\/1062","targetHints":{"allow":["GET"]}}],"collection":[{"href":"https:\/\/ninamartinelli.com.br\/blog2\/wp-json\/wp\/v2\/posts"}],"about":[{"href":"https:\/\/ninamartinelli.com.br\/blog2\/wp-json\/wp\/v2\/types\/post"}],"author":[{"embeddable":true,"href":"https:\/\/ninamartinelli.com.br\/blog2\/wp-json\/wp\/v2\/users\/1"}],"replies":[{"embeddable":true,"href":"https:\/\/ninamartinelli.com.br\/blog2\/wp-json\/wp\/v2\/comments?post=1062"}],"version-history":[{"count":4,"href":"https:\/\/ninamartinelli.com.br\/blog2\/wp-json\/wp\/v2\/posts\/1062\/revisions"}],"predecessor-version":[{"id":1071,"href":"https:\/\/ninamartinelli.com.br\/blog2\/wp-json\/wp\/v2\/posts\/1062\/revisions\/1071"}],"wp:featuredmedia":[{"embeddable":true,"href":"https:\/\/ninamartinelli.com.br\/blog2\/wp-json\/wp\/v2\/media\/1065"}],"wp:attachment":[{"href":"https:\/\/ninamartinelli.com.br\/blog2\/wp-json\/wp\/v2\/media?parent=1062"}],"wp:term":[{"taxonomy":"category","embeddable":true,"href":"https:\/\/ninamartinelli.com.br\/blog2\/wp-json\/wp\/v2\/categories?post=1062"},{"taxonomy":"post_tag","embeddable":true,"href":"https:\/\/ninamartinelli.com.br\/blog2\/wp-json\/wp\/v2\/tags?post=1062"}],"curies":[{"name":"wp","href":"https:\/\/api.w.org\/{rel}","templated":true}]}}