{"id":1036,"date":"2020-05-15T13:44:34","date_gmt":"2020-05-15T16:44:34","guid":{"rendered":"http:\/\/blog.ninamartinelli.com.br\/?p=1036"},"modified":"2020-05-15T13:44:34","modified_gmt":"2020-05-15T16:44:34","slug":"cotto-vecchio-nobile-emoldura-paixao-por-vinhos-e-bons-encontros","status":"publish","type":"post","link":"https:\/\/ninamartinelli.com.br\/blog2\/cotto-vecchio-nobile-emoldura-paixao-por-vinhos-e-bons-encontros\/","title":{"rendered":"Cotto Vecchio N\u00f3bile emoldura paix\u00e3o por vinhos e bons encontros"},"content":{"rendered":"<p><em><strong>Aspecto desgastado e varia\u00e7\u00e3o de tons obtida na queima do piso cer\u00e2mico dialoga com perfei\u00e7\u00e3o e personalidade com tijolos maci\u00e7os de acervo dos clientes<\/strong><\/em><\/p>\n<p>A paix\u00e3o pelos vinhos levou um casal de \u00c1guas de Lindoia\/SP a correr o mundo atr\u00e1s dos melhores varietais e r\u00f3tulos, visitando muitas vin\u00edcolas, ouvindo hist\u00f3rias e absorvendo influ\u00eancias. E o gosto por bons encontros entre amigos e fam\u00edlia fez com que, ao regressar das viagens, o casal decidisse que era hora de ter sua pr\u00f3pria adega, feita no capricho para armazenar as garrafas que trouxeram na bagagem, e para receber e degustar as preciosidades.<\/p>\n<p>A miss\u00e3o de materializar esse espa\u00e7o, numa bela casa de <strong>539 m\u00b2<\/strong>, coube ao escrit\u00f3rio <strong>Viviane de Almeida Arquitetura<\/strong>, onde a profissional, em pessoa, se encarregou de criar um conceito inspirado nas adegas mais tradicionais, s\u00f3 que com toques r\u00fasticos, aconchegantes e pr\u00e1ticos.<\/p>\n<p><em>\u201cMeus clientes queriam um lugar com conforto t\u00e9rmico, beleza e ao mesmo tempo praticidade, com espa\u00e7o para aproximadamente 200 garrafas, e que servisse tamb\u00e9m para pequenas reuni\u00f5es\u201d<\/em>, explica Viviane. A profissional idealizou uma adega que embora tenha menos de 30 m\u00b2, exibe muita personalidade e conta com bancada, cuba e espa\u00e7o confort\u00e1vel para se sentar e se degustar os vinhos sem pressa.<\/p>\n<h3>Tijolos antigos pediam um piso especial<\/h3>\n<p><img loading=\"lazy\" decoding=\"async\" class=\"alignleft wp-image-1052\" src=\"http:\/\/blog.ninamartinelli.com.br\/wp-content\/uploads\/2020\/05\/cotto-vecchio-sfumato5-300x300.jpg\" alt=\"\" width=\"250\" height=\"250\" srcset=\"https:\/\/ninamartinelli.com.br\/blog2\/wp-content\/uploads\/2020\/05\/cotto-vecchio-sfumato5-300x300.jpg 300w, https:\/\/ninamartinelli.com.br\/blog2\/wp-content\/uploads\/2020\/05\/cotto-vecchio-sfumato5-150x150.jpg 150w, https:\/\/ninamartinelli.com.br\/blog2\/wp-content\/uploads\/2020\/05\/cotto-vecchio-sfumato5-50x50.jpg 50w, https:\/\/ninamartinelli.com.br\/blog2\/wp-content\/uploads\/2020\/05\/cotto-vecchio-sfumato5.jpg 500w\" sizes=\"auto, (max-width: 250px) 100vw, 250px\" \/>Ocupando estrategicamente um espa\u00e7o no subsolo da casa, a adega projetada por Viviane mistura materiais e texturas para criar um ambiente despojado e convidativo.<\/p>\n<p>A marcenaria muito bem planejada assegurou compartimentos n\u00e3o s\u00f3 para perfeita acomoda\u00e7\u00e3o das garrafas, mas tamb\u00e9m garantiu funcionalidade com gavetas, portas e nichos estrat\u00e9gicos, para ta\u00e7as e acess\u00f3rios. Al\u00e9m de elegantes v\u00e3os livres que permitem enxergar, ao fundo, paredes de tijolos maci\u00e7os que j\u00e1 pertenciam a antigas constru\u00e7\u00f5es da fam\u00edlia, v\u00e3os que foram preenchidos com belos suportes de ferro, para expor mais r\u00f3tulos.<\/p>\n<p>Falando nos tijolos que j\u00e1 eram de um acervo dos clientes, Viviane decidiu que eles pediam um piso cuidadosamente escolhido, para dialogar bem com o aspecto r\u00fastico e vigoroso das paredes.<br \/>\nEscolheu, para isso, o piso <strong><a href=\"https:\/\/www.ninamartinelli.com.br\/#!\/pt\/produtos\/1.39.000.000-piso-cotto-vecchio-nobile\" target=\"_blank\" rel=\"noopener noreferrer\">Cotto Vecchio N\u00f3bile<\/a>,<\/strong> da Nina Martinelli, no tom Sfumato, que apresenta varia\u00e7\u00f5es de tonalidade t\u00edpicas, originadas no processo de queima. Viviane optou pela vers\u00e3o quadrada, 15X15cm.<\/p>\n<p>Feito em cer\u00e2mica natural, o <strong>Cotto Vecchio<\/strong> tem superf\u00edcie envelhecida, com arestas levemente desgastadas, o que confere um efeito extremamente elegante, sofisticado e natural aos ambientes. <em>\u201cComplementou perfeitamente o uso dos tijolos aparentes e n\u00f3s intercalamos tamb\u00e9m com cimento queimado\u201d<\/em>, explica a profissional, que utilizou o produto em pagina\u00e7\u00e3o alinhada, na escada de acesso \u00e0 adega e tamb\u00e9m em todo o seu interior.<\/p>\n<p>O veredicto tanto dos clientes quanto da arquiteta n\u00e3o poderia ser melhor. <em>\u201cOs clientes se surpreenderam e elogiaram muito. J\u00e1 eu, como uso h\u00e1 bastante tempo os revestimentos e pisos da Nina Martinelli, sempre chego ao final com muita satisfa\u00e7\u00e3o com os resultados\u201d<\/em>, comenta ela. Viviane n\u00e3o poupa elogios ao portif\u00f3lio Nina. <em>\u201cOs produtos s\u00e3o a minha cara. Eu cresci na fazenda e adoro dar aspecto r\u00fastico aos ambientes que projeto, valorizando minhas cria\u00e7\u00f5es e o trabalho que entrego aos clientes\u201d,<\/em> finaliza.<\/p>\n<hr \/>\n<p><img loading=\"lazy\" decoding=\"async\" class=\"size-full wp-image-1049 aligncenter\" src=\"http:\/\/blog.ninamartinelli.com.br\/wp-content\/uploads\/2020\/05\/cotto-vecchio-sfumato3.jpg\" alt=\"\" width=\"1000\" height=\"500\" srcset=\"https:\/\/ninamartinelli.com.br\/blog2\/wp-content\/uploads\/2020\/05\/cotto-vecchio-sfumato3.jpg 1000w, https:\/\/ninamartinelli.com.br\/blog2\/wp-content\/uploads\/2020\/05\/cotto-vecchio-sfumato3-300x150.jpg 300w, https:\/\/ninamartinelli.com.br\/blog2\/wp-content\/uploads\/2020\/05\/cotto-vecchio-sfumato3-768x384.jpg 768w\" sizes=\"auto, (max-width: 1000px) 100vw, 1000px\" \/><\/p>\n<p><img loading=\"lazy\" decoding=\"async\" class=\"size-full wp-image-1048 aligncenter\" src=\"http:\/\/blog.ninamartinelli.com.br\/wp-content\/uploads\/2020\/05\/cotto-vecchio-sfumato2.jpg\" alt=\"\" width=\"1000\" height=\"500\" srcset=\"https:\/\/ninamartinelli.com.br\/blog2\/wp-content\/uploads\/2020\/05\/cotto-vecchio-sfumato2.jpg 1000w, https:\/\/ninamartinelli.com.br\/blog2\/wp-content\/uploads\/2020\/05\/cotto-vecchio-sfumato2-300x150.jpg 300w, https:\/\/ninamartinelli.com.br\/blog2\/wp-content\/uploads\/2020\/05\/cotto-vecchio-sfumato2-768x384.jpg 768w\" sizes=\"auto, (max-width: 1000px) 100vw, 1000px\" \/><\/p>\n<p><img loading=\"lazy\" decoding=\"async\" class=\"size-full wp-image-1050 aligncenter\" src=\"http:\/\/blog.ninamartinelli.com.br\/wp-content\/uploads\/2020\/05\/cotto-vecchio-sfumato4.jpg\" alt=\"\" width=\"1000\" height=\"500\" srcset=\"https:\/\/ninamartinelli.com.br\/blog2\/wp-content\/uploads\/2020\/05\/cotto-vecchio-sfumato4.jpg 1000w, https:\/\/ninamartinelli.com.br\/blog2\/wp-content\/uploads\/2020\/05\/cotto-vecchio-sfumato4-300x150.jpg 300w, https:\/\/ninamartinelli.com.br\/blog2\/wp-content\/uploads\/2020\/05\/cotto-vecchio-sfumato4-768x384.jpg 768w\" sizes=\"auto, (max-width: 1000px) 100vw, 1000px\" \/><\/p>\n<p>&nbsp;<\/p>\n<hr \/>\n<h4>Adega residencial \u2013 \u00c1guas de Lind\u00f3ia \u2013 SP<br \/>\nViviane Almeida Arquitetura<br \/>\n\u00c1guas de Lind\u00f3ia \u2013 SP &#8211; <a href=\"https:\/\/www.instagram.com\/vva_arquitetura\/\" target=\"_blank\" rel=\"noopener noreferrer\">@vva_arquitetura\/<\/a><br \/>\nCotto Vecchio N\u00f3bile Sfumato \u2013 15x15cm<br \/>\nFotos: Viviane Almeida<\/h4>\n","protected":false},"excerpt":{"rendered":"<p>Aspecto desgastado e varia\u00e7\u00e3o de tons obtida na queima do piso cer\u00e2mico dialoga com perfei\u00e7\u00e3o<\/p>\n","protected":false},"author":1,"featured_media":1047,"comment_status":"open","ping_status":"open","sticky":false,"template":"","format":"standard","meta":{"footnotes":""},"categories":[59,20,21],"tags":[78,38,24],"class_list":["post-1036","post","type-post","status-publish","format-standard","has-post-thumbnail","hentry","category-ceramica","category-colezione-eleganza","category-pisos","tag-adega","tag-cotto-vecchio","tag-piso"],"yoast_head":"<!-- This site is optimized with the Yoast SEO plugin v26.8 - https:\/\/yoast.com\/product\/yoast-seo-wordpress\/ -->\n<title>Cotto Vecchio N\u00f3bile emoldura paix\u00e3o por vinhos e bons encontros - Blog Nina<\/title>\n<meta name=\"robots\" content=\"index, follow, max-snippet:-1, max-image-preview:large, max-video-preview:-1\" \/>\n<link rel=\"canonical\" href=\"https:\/\/ninamartinelli.com.br\/blog2\/cotto-vecchio-nobile-emoldura-paixao-por-vinhos-e-bons-encontros\/\" \/>\n<meta property=\"og:locale\" content=\"pt_BR\" \/>\n<meta property=\"og:type\" content=\"article\" \/>\n<meta property=\"og:title\" content=\"Cotto Vecchio N\u00f3bile emoldura paix\u00e3o por vinhos e bons encontros - Blog Nina\" \/>\n<meta property=\"og:description\" content=\"Aspecto desgastado e varia\u00e7\u00e3o de tons obtida na queima do piso cer\u00e2mico dialoga com perfei\u00e7\u00e3o\" \/>\n<meta property=\"og:url\" content=\"https:\/\/ninamartinelli.com.br\/blog2\/cotto-vecchio-nobile-emoldura-paixao-por-vinhos-e-bons-encontros\/\" \/>\n<meta property=\"og:site_name\" content=\"Blog Nina\" \/>\n<meta property=\"article:author\" content=\"http:\/\/facebook.com.br\/ninamartinellioficial\" \/>\n<meta property=\"article:published_time\" content=\"2020-05-15T16:44:34+00:00\" \/>\n<meta property=\"og:image\" content=\"https:\/\/ninamartinelli.com.br\/blog2\/wp-content\/uploads\/2020\/05\/cotto-vecchio-sfumato1-.jpg\" \/>\n\t<meta property=\"og:image:width\" content=\"1000\" \/>\n\t<meta property=\"og:image:height\" content=\"1000\" \/>\n\t<meta property=\"og:image:type\" content=\"image\/jpeg\" \/>\n<meta name=\"author\" content=\"Comunica\u00e7\u00e3o Nina\" \/>\n<meta name=\"twitter:card\" content=\"summary_large_image\" \/>\n<meta name=\"twitter:label1\" content=\"Escrito por\" \/>\n\t<meta name=\"twitter:data1\" content=\"Comunica\u00e7\u00e3o Nina\" \/>\n\t<meta name=\"twitter:label2\" content=\"Est. tempo de leitura\" \/>\n\t<meta name=\"twitter:data2\" content=\"3 minutos\" \/>\n<script type=\"application\/ld+json\" class=\"yoast-schema-graph\">{\"@context\":\"https:\/\/schema.org\",\"@graph\":[{\"@type\":\"Article\",\"@id\":\"https:\/\/ninamartinelli.com.br\/blog2\/cotto-vecchio-nobile-emoldura-paixao-por-vinhos-e-bons-encontros\/#article\",\"isPartOf\":{\"@id\":\"https:\/\/ninamartinelli.com.br\/blog2\/cotto-vecchio-nobile-emoldura-paixao-por-vinhos-e-bons-encontros\/\"},\"author\":{\"name\":\"Comunica\u00e7\u00e3o Nina\",\"@id\":\"https:\/\/ninamartinelli.com.br\/blog2\/#\/schema\/person\/880a2cdee0a047e9b55254085d24f922\"},\"headline\":\"Cotto Vecchio N\u00f3bile emoldura paix\u00e3o por vinhos e bons encontros\",\"datePublished\":\"2020-05-15T16:44:34+00:00\",\"mainEntityOfPage\":{\"@id\":\"https:\/\/ninamartinelli.com.br\/blog2\/cotto-vecchio-nobile-emoldura-paixao-por-vinhos-e-bons-encontros\/\"},\"wordCount\":598,\"commentCount\":0,\"publisher\":{\"@id\":\"https:\/\/ninamartinelli.com.br\/blog2\/#organization\"},\"image\":{\"@id\":\"https:\/\/ninamartinelli.com.br\/blog2\/cotto-vecchio-nobile-emoldura-paixao-por-vinhos-e-bons-encontros\/#primaryimage\"},\"thumbnailUrl\":\"https:\/\/ninamartinelli.com.br\/blog2\/wp-content\/uploads\/2020\/05\/cotto-vecchio-sfumato1-.jpg\",\"keywords\":[\"adega\",\"cotto vecchio\",\"piso\"],\"articleSection\":[\"Cer\u00e2mica\",\"Colezione Eleganza\",\"Pisos\"],\"inLanguage\":\"pt-BR\",\"potentialAction\":[{\"@type\":\"CommentAction\",\"name\":\"Comment\",\"target\":[\"https:\/\/ninamartinelli.com.br\/blog2\/cotto-vecchio-nobile-emoldura-paixao-por-vinhos-e-bons-encontros\/#respond\"]}]},{\"@type\":\"WebPage\",\"@id\":\"https:\/\/ninamartinelli.com.br\/blog2\/cotto-vecchio-nobile-emoldura-paixao-por-vinhos-e-bons-encontros\/\",\"url\":\"https:\/\/ninamartinelli.com.br\/blog2\/cotto-vecchio-nobile-emoldura-paixao-por-vinhos-e-bons-encontros\/\",\"name\":\"Cotto Vecchio N\u00f3bile emoldura paix\u00e3o por vinhos e bons encontros - Blog Nina\",\"isPartOf\":{\"@id\":\"https:\/\/ninamartinelli.com.br\/blog2\/#website\"},\"primaryImageOfPage\":{\"@id\":\"https:\/\/ninamartinelli.com.br\/blog2\/cotto-vecchio-nobile-emoldura-paixao-por-vinhos-e-bons-encontros\/#primaryimage\"},\"image\":{\"@id\":\"https:\/\/ninamartinelli.com.br\/blog2\/cotto-vecchio-nobile-emoldura-paixao-por-vinhos-e-bons-encontros\/#primaryimage\"},\"thumbnailUrl\":\"https:\/\/ninamartinelli.com.br\/blog2\/wp-content\/uploads\/2020\/05\/cotto-vecchio-sfumato1-.jpg\",\"datePublished\":\"2020-05-15T16:44:34+00:00\",\"breadcrumb\":{\"@id\":\"https:\/\/ninamartinelli.com.br\/blog2\/cotto-vecchio-nobile-emoldura-paixao-por-vinhos-e-bons-encontros\/#breadcrumb\"},\"inLanguage\":\"pt-BR\",\"potentialAction\":[{\"@type\":\"ReadAction\",\"target\":[\"https:\/\/ninamartinelli.com.br\/blog2\/cotto-vecchio-nobile-emoldura-paixao-por-vinhos-e-bons-encontros\/\"]}]},{\"@type\":\"ImageObject\",\"inLanguage\":\"pt-BR\",\"@id\":\"https:\/\/ninamartinelli.com.br\/blog2\/cotto-vecchio-nobile-emoldura-paixao-por-vinhos-e-bons-encontros\/#primaryimage\",\"url\":\"https:\/\/ninamartinelli.com.br\/blog2\/wp-content\/uploads\/2020\/05\/cotto-vecchio-sfumato1-.jpg\",\"contentUrl\":\"https:\/\/ninamartinelli.com.br\/blog2\/wp-content\/uploads\/2020\/05\/cotto-vecchio-sfumato1-.jpg\",\"width\":1000,\"height\":1000},{\"@type\":\"BreadcrumbList\",\"@id\":\"https:\/\/ninamartinelli.com.br\/blog2\/cotto-vecchio-nobile-emoldura-paixao-por-vinhos-e-bons-encontros\/#breadcrumb\",\"itemListElement\":[{\"@type\":\"ListItem\",\"position\":1,\"name\":\"In\u00edcio\",\"item\":\"https:\/\/ninamartinelli.com.br\/blog2\/\"},{\"@type\":\"ListItem\",\"position\":2,\"name\":\"Cotto Vecchio N\u00f3bile emoldura paix\u00e3o por vinhos e bons encontros\"}]},{\"@type\":\"WebSite\",\"@id\":\"https:\/\/ninamartinelli.com.br\/blog2\/#website\",\"url\":\"https:\/\/ninamartinelli.com.br\/blog2\/\",\"name\":\"Nina Martinelli\",\"description\":\"#Nina_Martinelli\",\"publisher\":{\"@id\":\"https:\/\/ninamartinelli.com.br\/blog2\/#organization\"},\"potentialAction\":[{\"@type\":\"SearchAction\",\"target\":{\"@type\":\"EntryPoint\",\"urlTemplate\":\"https:\/\/ninamartinelli.com.br\/blog2\/?s={search_term_string}\"},\"query-input\":{\"@type\":\"PropertyValueSpecification\",\"valueRequired\":true,\"valueName\":\"search_term_string\"}}],\"inLanguage\":\"pt-BR\"},{\"@type\":\"Organization\",\"@id\":\"https:\/\/ninamartinelli.com.br\/blog2\/#organization\",\"name\":\"Blog Novidades\",\"url\":\"https:\/\/ninamartinelli.com.br\/blog2\/\",\"logo\":{\"@type\":\"ImageObject\",\"inLanguage\":\"pt-BR\",\"@id\":\"https:\/\/ninamartinelli.com.br\/blog2\/#\/schema\/logo\/image\/\",\"url\":\"http:\/\/blog.ninamartinelli.com.br\/wp-content\/uploads\/2022\/03\/logo_nina_blog.png\",\"contentUrl\":\"http:\/\/blog.ninamartinelli.com.br\/wp-content\/uploads\/2022\/03\/logo_nina_blog.png\",\"width\":500,\"height\":104,\"caption\":\"Blog Novidades\"},\"image\":{\"@id\":\"https:\/\/ninamartinelli.com.br\/blog2\/#\/schema\/logo\/image\/\"}},{\"@type\":\"Person\",\"@id\":\"https:\/\/ninamartinelli.com.br\/blog2\/#\/schema\/person\/880a2cdee0a047e9b55254085d24f922\",\"name\":\"Comunica\u00e7\u00e3o Nina\",\"image\":{\"@type\":\"ImageObject\",\"inLanguage\":\"pt-BR\",\"@id\":\"https:\/\/ninamartinelli.com.br\/blog2\/#\/schema\/person\/image\/\",\"url\":\"https:\/\/secure.gravatar.com\/avatar\/0d3d763fb83768dd001497d074d4c4f6?s=96&d=mm&r=g\",\"contentUrl\":\"https:\/\/secure.gravatar.com\/avatar\/0d3d763fb83768dd001497d074d4c4f6?s=96&d=mm&r=g\",\"caption\":\"Comunica\u00e7\u00e3o Nina\"},\"sameAs\":[\"http:\/\/ninamartinelli.com.br\",\"http:\/\/facebook.com.br\/ninamartinellioficial\",\"http:\/\/instagram.com\/ninamartinellioficial\"],\"url\":\"https:\/\/ninamartinelli.com.br\/blog2\/author\/nina\/\"}]}<\/script>\n<!-- \/ Yoast SEO plugin. -->","yoast_head_json":{"title":"Cotto Vecchio N\u00f3bile emoldura paix\u00e3o por vinhos e bons encontros - Blog Nina","robots":{"index":"index","follow":"follow","max-snippet":"max-snippet:-1","max-image-preview":"max-image-preview:large","max-video-preview":"max-video-preview:-1"},"canonical":"https:\/\/ninamartinelli.com.br\/blog2\/cotto-vecchio-nobile-emoldura-paixao-por-vinhos-e-bons-encontros\/","og_locale":"pt_BR","og_type":"article","og_title":"Cotto Vecchio N\u00f3bile emoldura paix\u00e3o por vinhos e bons encontros - Blog Nina","og_description":"Aspecto desgastado e varia\u00e7\u00e3o de tons obtida na queima do piso cer\u00e2mico dialoga com perfei\u00e7\u00e3o","og_url":"https:\/\/ninamartinelli.com.br\/blog2\/cotto-vecchio-nobile-emoldura-paixao-por-vinhos-e-bons-encontros\/","og_site_name":"Blog Nina","article_author":"http:\/\/facebook.com.br\/ninamartinellioficial","article_published_time":"2020-05-15T16:44:34+00:00","og_image":[{"width":1000,"height":1000,"url":"https:\/\/ninamartinelli.com.br\/blog2\/wp-content\/uploads\/2020\/05\/cotto-vecchio-sfumato1-.jpg","type":"image\/jpeg"}],"author":"Comunica\u00e7\u00e3o Nina","twitter_card":"summary_large_image","twitter_misc":{"Escrito por":"Comunica\u00e7\u00e3o Nina","Est. tempo de leitura":"3 minutos"},"schema":{"@context":"https:\/\/schema.org","@graph":[{"@type":"Article","@id":"https:\/\/ninamartinelli.com.br\/blog2\/cotto-vecchio-nobile-emoldura-paixao-por-vinhos-e-bons-encontros\/#article","isPartOf":{"@id":"https:\/\/ninamartinelli.com.br\/blog2\/cotto-vecchio-nobile-emoldura-paixao-por-vinhos-e-bons-encontros\/"},"author":{"name":"Comunica\u00e7\u00e3o Nina","@id":"https:\/\/ninamartinelli.com.br\/blog2\/#\/schema\/person\/880a2cdee0a047e9b55254085d24f922"},"headline":"Cotto Vecchio N\u00f3bile emoldura paix\u00e3o por vinhos e bons encontros","datePublished":"2020-05-15T16:44:34+00:00","mainEntityOfPage":{"@id":"https:\/\/ninamartinelli.com.br\/blog2\/cotto-vecchio-nobile-emoldura-paixao-por-vinhos-e-bons-encontros\/"},"wordCount":598,"commentCount":0,"publisher":{"@id":"https:\/\/ninamartinelli.com.br\/blog2\/#organization"},"image":{"@id":"https:\/\/ninamartinelli.com.br\/blog2\/cotto-vecchio-nobile-emoldura-paixao-por-vinhos-e-bons-encontros\/#primaryimage"},"thumbnailUrl":"https:\/\/ninamartinelli.com.br\/blog2\/wp-content\/uploads\/2020\/05\/cotto-vecchio-sfumato1-.jpg","keywords":["adega","cotto vecchio","piso"],"articleSection":["Cer\u00e2mica","Colezione Eleganza","Pisos"],"inLanguage":"pt-BR","potentialAction":[{"@type":"CommentAction","name":"Comment","target":["https:\/\/ninamartinelli.com.br\/blog2\/cotto-vecchio-nobile-emoldura-paixao-por-vinhos-e-bons-encontros\/#respond"]}]},{"@type":"WebPage","@id":"https:\/\/ninamartinelli.com.br\/blog2\/cotto-vecchio-nobile-emoldura-paixao-por-vinhos-e-bons-encontros\/","url":"https:\/\/ninamartinelli.com.br\/blog2\/cotto-vecchio-nobile-emoldura-paixao-por-vinhos-e-bons-encontros\/","name":"Cotto Vecchio N\u00f3bile emoldura paix\u00e3o por vinhos e bons encontros - Blog Nina","isPartOf":{"@id":"https:\/\/ninamartinelli.com.br\/blog2\/#website"},"primaryImageOfPage":{"@id":"https:\/\/ninamartinelli.com.br\/blog2\/cotto-vecchio-nobile-emoldura-paixao-por-vinhos-e-bons-encontros\/#primaryimage"},"image":{"@id":"https:\/\/ninamartinelli.com.br\/blog2\/cotto-vecchio-nobile-emoldura-paixao-por-vinhos-e-bons-encontros\/#primaryimage"},"thumbnailUrl":"https:\/\/ninamartinelli.com.br\/blog2\/wp-content\/uploads\/2020\/05\/cotto-vecchio-sfumato1-.jpg","datePublished":"2020-05-15T16:44:34+00:00","breadcrumb":{"@id":"https:\/\/ninamartinelli.com.br\/blog2\/cotto-vecchio-nobile-emoldura-paixao-por-vinhos-e-bons-encontros\/#breadcrumb"},"inLanguage":"pt-BR","potentialAction":[{"@type":"ReadAction","target":["https:\/\/ninamartinelli.com.br\/blog2\/cotto-vecchio-nobile-emoldura-paixao-por-vinhos-e-bons-encontros\/"]}]},{"@type":"ImageObject","inLanguage":"pt-BR","@id":"https:\/\/ninamartinelli.com.br\/blog2\/cotto-vecchio-nobile-emoldura-paixao-por-vinhos-e-bons-encontros\/#primaryimage","url":"https:\/\/ninamartinelli.com.br\/blog2\/wp-content\/uploads\/2020\/05\/cotto-vecchio-sfumato1-.jpg","contentUrl":"https:\/\/ninamartinelli.com.br\/blog2\/wp-content\/uploads\/2020\/05\/cotto-vecchio-sfumato1-.jpg","width":1000,"height":1000},{"@type":"BreadcrumbList","@id":"https:\/\/ninamartinelli.com.br\/blog2\/cotto-vecchio-nobile-emoldura-paixao-por-vinhos-e-bons-encontros\/#breadcrumb","itemListElement":[{"@type":"ListItem","position":1,"name":"In\u00edcio","item":"https:\/\/ninamartinelli.com.br\/blog2\/"},{"@type":"ListItem","position":2,"name":"Cotto Vecchio N\u00f3bile emoldura paix\u00e3o por vinhos e bons encontros"}]},{"@type":"WebSite","@id":"https:\/\/ninamartinelli.com.br\/blog2\/#website","url":"https:\/\/ninamartinelli.com.br\/blog2\/","name":"Nina Martinelli","description":"#Nina_Martinelli","publisher":{"@id":"https:\/\/ninamartinelli.com.br\/blog2\/#organization"},"potentialAction":[{"@type":"SearchAction","target":{"@type":"EntryPoint","urlTemplate":"https:\/\/ninamartinelli.com.br\/blog2\/?s={search_term_string}"},"query-input":{"@type":"PropertyValueSpecification","valueRequired":true,"valueName":"search_term_string"}}],"inLanguage":"pt-BR"},{"@type":"Organization","@id":"https:\/\/ninamartinelli.com.br\/blog2\/#organization","name":"Blog Novidades","url":"https:\/\/ninamartinelli.com.br\/blog2\/","logo":{"@type":"ImageObject","inLanguage":"pt-BR","@id":"https:\/\/ninamartinelli.com.br\/blog2\/#\/schema\/logo\/image\/","url":"http:\/\/blog.ninamartinelli.com.br\/wp-content\/uploads\/2022\/03\/logo_nina_blog.png","contentUrl":"http:\/\/blog.ninamartinelli.com.br\/wp-content\/uploads\/2022\/03\/logo_nina_blog.png","width":500,"height":104,"caption":"Blog Novidades"},"image":{"@id":"https:\/\/ninamartinelli.com.br\/blog2\/#\/schema\/logo\/image\/"}},{"@type":"Person","@id":"https:\/\/ninamartinelli.com.br\/blog2\/#\/schema\/person\/880a2cdee0a047e9b55254085d24f922","name":"Comunica\u00e7\u00e3o Nina","image":{"@type":"ImageObject","inLanguage":"pt-BR","@id":"https:\/\/ninamartinelli.com.br\/blog2\/#\/schema\/person\/image\/","url":"https:\/\/secure.gravatar.com\/avatar\/0d3d763fb83768dd001497d074d4c4f6?s=96&d=mm&r=g","contentUrl":"https:\/\/secure.gravatar.com\/avatar\/0d3d763fb83768dd001497d074d4c4f6?s=96&d=mm&r=g","caption":"Comunica\u00e7\u00e3o Nina"},"sameAs":["http:\/\/ninamartinelli.com.br","http:\/\/facebook.com.br\/ninamartinellioficial","http:\/\/instagram.com\/ninamartinellioficial"],"url":"https:\/\/ninamartinelli.com.br\/blog2\/author\/nina\/"}]}},"_links":{"self":[{"href":"https:\/\/ninamartinelli.com.br\/blog2\/wp-json\/wp\/v2\/posts\/1036","targetHints":{"allow":["GET"]}}],"collection":[{"href":"https:\/\/ninamartinelli.com.br\/blog2\/wp-json\/wp\/v2\/posts"}],"about":[{"href":"https:\/\/ninamartinelli.com.br\/blog2\/wp-json\/wp\/v2\/types\/post"}],"author":[{"embeddable":true,"href":"https:\/\/ninamartinelli.com.br\/blog2\/wp-json\/wp\/v2\/users\/1"}],"replies":[{"embeddable":true,"href":"https:\/\/ninamartinelli.com.br\/blog2\/wp-json\/wp\/v2\/comments?post=1036"}],"version-history":[{"count":9,"href":"https:\/\/ninamartinelli.com.br\/blog2\/wp-json\/wp\/v2\/posts\/1036\/revisions"}],"predecessor-version":[{"id":1056,"href":"https:\/\/ninamartinelli.com.br\/blog2\/wp-json\/wp\/v2\/posts\/1036\/revisions\/1056"}],"wp:featuredmedia":[{"embeddable":true,"href":"https:\/\/ninamartinelli.com.br\/blog2\/wp-json\/wp\/v2\/media\/1047"}],"wp:attachment":[{"href":"https:\/\/ninamartinelli.com.br\/blog2\/wp-json\/wp\/v2\/media?parent=1036"}],"wp:term":[{"taxonomy":"category","embeddable":true,"href":"https:\/\/ninamartinelli.com.br\/blog2\/wp-json\/wp\/v2\/categories?post=1036"},{"taxonomy":"post_tag","embeddable":true,"href":"https:\/\/ninamartinelli.com.br\/blog2\/wp-json\/wp\/v2\/tags?post=1036"}],"curies":[{"name":"wp","href":"https:\/\/api.w.org\/{rel}","templated":true}]}}